{"id":28448,"date":"2022-09-28T17:01:39","date_gmt":"2022-09-28T20:01:39","guid":{"rendered":"https:\/\/verdadeon.com.br\/portal\/?p=28448"},"modified":"2022-09-28T16:50:04","modified_gmt":"2022-09-28T19:50:04","slug":"quero-voltar-a-colocar-franca-e-regiao-em-destaque-no-cenario-nacional-afirma-delegado-davi-candidato-a-federal","status":"publish","type":"post","link":"https:\/\/verdadeon.com.br\/portal\/2022\/09\/28\/quero-voltar-a-colocar-franca-e-regiao-em-destaque-no-cenario-nacional-afirma-delegado-davi-candidato-a-federal\/","title":{"rendered":"&#8216;Quero voltar a colocar Franca e regi\u00e3o em destaque no cen\u00e1rio nacional&#8217;, afirma Delegado Davi, candidato a federal"},"content":{"rendered":"<h2>Davi disputa as elei\u00e7\u00f5es para o Congresso neste ano. Nesta entrevista, ele destaca suas principais prosposta<\/h2>\n<p>&nbsp;<\/p>\n<p><span style=\"font-weight: 400;\">O Delegado Davi, de 54 anos, \u00e9 um dos candidatos a deputado federal em Franca. Ele j\u00e1 foi prefeito de Buritizal e nessas elei\u00e7\u00f5es disputa uma vaga no Congresso. Davi, candidato pelo PL, destaca nesta entrevista suas prioridades e propostas para \u00e1reas primordiais para a popula\u00e7\u00e3o, como Sa\u00fade, Educa\u00e7\u00e3o e Seguran\u00e7a P\u00fablica.<\/span><\/p>\n<p>&nbsp;<\/p>\n<p><b>O que motiva disputar uma vaga no Congresso Nacional?<\/b><\/p>\n<p><span style=\"font-weight: 400;\">O meu objetivo nessa disputa eleitoral \u00e9 buscar servir o nosso cidad\u00e3o da melhor forma poss\u00edvel, aproveitando a minha experi\u00eancia na \u00e1rea de seguran\u00e7a, al\u00e9m da experi\u00eancia de prefeito que fui (em Buritizal).\u00a0<\/span><\/p>\n<p>&nbsp;<\/p>\n<p><b>Quais ser\u00e3o as prioridades se eleito deputado?<\/b><\/p>\n<p><span style=\"font-weight: 400;\">S\u00e3o v\u00e1rias as prioridades que tenho como deputado federal. Quero voltar a colocar Franca e regi\u00e3o em destaque no cen\u00e1rio nacional de representatividade pol\u00edtica. A regi\u00e3o precisa e tem capacidade de eleger at\u00e9 dois deputados federais. \u00c9 importante para os nossos munic\u00edpios, para buscarem recursos e elevarem o desenvolvimento em todas as \u00e1reas como educa\u00e7\u00e3o, seguran\u00e7a, cultura, infraestrutura, educa\u00e7\u00e3o e outras.\u00a0<\/span><\/p>\n<p>&nbsp;<\/p>\n<p><b>O que destaca de suas experi\u00eancias pessoais e profissionais que podem contribuir para um eventual mandato como deputado?<\/b><\/p>\n<p><span style=\"font-weight: 400;\">As minhas experi\u00eancias profissionais e pessoais v\u00e3o contribuir para este meu trabalho em Bras\u00edlia. Sou defensor da popula\u00e7\u00e3o e lutarei por leis mais duras e buscarei a\u00e7\u00f5es de forma preventiva. Entre outras a\u00e7\u00f5es, defendo ainda penas mais rigorosas para o motorista que bebe e mata no tr\u00e2nsito; quero lutar pelo fortalecimento das ind\u00fastrias cal\u00e7adistas; para\u00a0 gera\u00e7\u00e3o de empregos; melhorias na sa\u00fade e outras propostas.\u00a0<\/span><\/p>\n<p>&nbsp;<\/p>\n<p><b>Franca tem quase 20 candidatos a deputado federal. Na sua opini\u00e3o, por que voc\u00ea deve ser o representante da cidade?<\/b><\/p>\n<p><span style=\"font-weight: 400;\">Considero um n\u00famero muito grande de candidatos e poucos deles com chances reais de serem eleitos. Al\u00e9m disso, temos a concorr\u00eancia de candidatos de fora da nossa regi\u00e3o. A nossa luta \u00e9 para que a regi\u00e3o tenha representa\u00e7\u00e3o na esfera federal, embora tenhamos pessoas com boas propostas. Mas, para chegar \u00e0 elei\u00e7\u00e3o \u00e9 preciso ter uma estrutura partid\u00e1ria. E n\u00f3s, junto com a deputada Delegada Graciela, constru\u00edmos um PL (Partido Liberal) s\u00f3lido. Crescemos de 4 vereadores para 46 na regi\u00e3o; fizemos 4 prefeitos e 3 vice-prefeitos. E estamos trabalhando com mais de 70 munic\u00edpios. Isso nos garante uma representatividade e parcerias coesas. Foram mais de R$ 20 milh\u00f5es de recursos liberados pela deputada estadual Delegada Graciela para esses munic\u00edpios. E estive todo tempo trabalhando com ela. E essa estrutura partid\u00e1ria trar\u00e1 bons resultados ao nosso trabalho que buscamos em Bras\u00edlia. Por isso, aposto em nossos parceiros e eleitores de toda a regi\u00e3o. E outro detalhe que me coloca como diferencial na minha candidatura \u00e9 a experi\u00eancia de ex-prefeito de Buritizal.<\/span><\/p>\n<p><b>Que propostas tem para \u00e1reas essenciais para a popula\u00e7\u00e3o como:<\/b><\/p>\n<p><b>Educa\u00e7\u00e3o<\/b><\/p>\n<p><span style=\"font-weight: 400;\">O deputado tem recursos das emendas impositivas e da intermedia\u00e7\u00e3o junto aos minist\u00e9rios (em busca de verbas para o setor). Vou trabalhar para mais investimentos no ensino t\u00e9cnico para formar m\u00e3o de obra especializada, al\u00e9m de buscar mais apoio aos educadores de nosso pa\u00eds. Incentivar a implanta\u00e7\u00e3o de mais creches nas cidades; estruturar as escolas em per\u00edodo integral; buscar a instala\u00e7\u00e3o em nossa regi\u00e3o de uma universidade federal (fortalece em todos os setores) s\u00e3o propostas que defendo.\u00a0<\/span><\/p>\n<p><b>Seguran\u00e7a P\u00fablica<\/b><\/p>\n<p><span style=\"font-weight: 400;\">Hoje existe uma total inseguran\u00e7a em Franca e nas cidades vizinhas e vemos pelo clamor p\u00fablico. A nossa comunidade n\u00e3o tem seguran\u00e7a de deixar seu autom\u00f3vel na rua, de visitar um parente e deixar a casa sozinha. Enfim, a quest\u00e3o de inseguran\u00e7a nos deixa presos em casa e incomoda a todos. Precisamos estar seguros em nossas vidas. \u00c9 preciso mais leis r\u00edgidas. A fragilidade nas leis nos imp\u00f5e a uma s\u00e9rie de problemas sociais e de a\u00e7\u00f5es dos chamados \u201ctribunais do crime\u201d. Vou lutar por essa proposta. E, al\u00e9m disso, defendo penas mais rigorosas para os motoristas que bebem e matam no tr\u00e2nsito.<\/span><\/p>\n<p><b>Sa\u00fade<\/b><\/p>\n<p><span style=\"font-weight: 400;\">\u00c9 outro setor sens\u00edvel em todos os munic\u00edpios e precisa de maior aten\u00e7\u00e3o de um deputado federal. A deputada Delegada Graciela, por exemplo, destinou a maior parte de suas emendas impositivas para a sa\u00fade. E um exemplo claro \u00e9 o aparelho de hemodin\u00e2mica (1\u00aa m\u00e1quina do g\u00eanero no Estado de S\u00e3o de alta resolu\u00e7\u00e3o) que est\u00e1 sendo instalada no Hospital do Cora\u00e7\u00e3o de Franca. Precisamos rever a tabela SUS (Sistema \u00danico de Sa\u00fade), j\u00e1 que a falta de reajuste tem ocasionado um grande preju\u00edzo \u00e0s institui\u00e7\u00f5es filantr\u00f3picas, que atende a popula\u00e7\u00e3o mais carente. O setor precisa de mais recursos urgentes.<\/span><\/p>\n<p><b>Infraestrutura urbana<\/b><\/p>\n<p><span style=\"font-weight: 400;\">No meu ponto de vista, a infraestrutura de Franca e de outros munic\u00edpios sofrem com a falta de recursos. E essa \u00e1rea demanda muito dinheiro e os munic\u00edpios n\u00e3o disp\u00f5em de verbas suficientes para realizar projetos. Por exemplo, na \u00e1rea de saneamento b\u00e1sico; \u00e1rea de preserva\u00e7\u00e3o permanente; \u00e1reas de riscos e de eros\u00f5es; ilumina\u00e7\u00e3o p\u00fablica; recapeamento urbano; abastecimento; dentre outros, s\u00e3o demandas necess\u00e1rias para que busquemos recursos em Bras\u00edlia. \u00c9 uma luta que precisa acontecer para atender na execu\u00e7\u00e3o dos projetos.\u00a0 Instalar mais ciclovias tanto na \u00e1rea urbana como na rural, em busca tamb\u00e9m de maior qualidade de vida das pessoas tamb\u00e9m s\u00e3o necess\u00e1rios.\u00a0<\/span><\/p>\n<p><b>Gera\u00e7\u00e3o de Emprego<\/b><\/p>\n<p><span style=\"font-weight: 400;\">Onde n\u00e3o existe emprego, teremos crises sociais graves. \u00c9 preciso maior atua\u00e7\u00e3o, j\u00e1 que um pai de fam\u00edlia n\u00e3o pode ficar sem trabalhar. O n\u00famero de desempregados no pa\u00eds \u00e9 muito grande e, para buscar uma aten\u00e7\u00e3o neste setor, vamos trabalhar com afinco. E para fomentar ainda mais o emprego, tenho como meta disponibilizar mais cursos t\u00e9cnicos, que elevam a qualifica\u00e7\u00e3o das pessoas. Esses cursos s\u00e3o dispon\u00edveis pelo governo federal em conv\u00eanio com o Estado e Munic\u00edpio e precisam ser disponibilizados. O emprego \u00e9 nossa prioridade.\u00a0<\/span><\/p>\n<p>&nbsp;<\/p>\n<p><b>O senhor gostaria de fazer mais alguma considera\u00e7\u00e3o?<\/b><\/p>\n<p><span style=\"font-weight: 400;\">Agrade\u00e7o a este importante ve\u00edculo de comunica\u00e7\u00e3o, o Jornal Verdade, que tem sido um canal da democracia em Franca e regi\u00e3o, j\u00e1 que abre um espa\u00e7o para que possamos mostrar de maneira sucinta alguns pontos importantes sobre a nossa proposta de trabalho para a esfera federal. E claro, a dobradinha com a deputada estadual Delegada Graciela nos fortalece muito. Posso dizer que em Franca e regi\u00e3o sou o fiel representante do partido 22. Pe\u00e7o o seu apoio para defender Franca e regi\u00e3o. O meu nome est\u00e1 \u00e0 disposi\u00e7\u00e3o para isso, e sei que o cidad\u00e3o de bem vai nos prestigiar votando 2278 para deputado federal. Delegado Davi. Vote e confirme.\u00a0<\/span><\/p>\n","protected":false},"excerpt":{"rendered":"<p>Davi disputa as elei\u00e7\u00f5es para o Congresso neste ano. Nesta entrevista, ele destaca suas principais prosposta &nbsp; O Delegado Davi, de 54 anos, \u00e9 um dos<span class=\"excerpt-hellip\"> [\u2026]<\/span><\/p>\n","protected":false},"author":10,"featured_media":28449,"comment_status":"open","ping_status":"open","sticky":false,"template":"","format":"standard","meta":{"_jetpack_memberships_contains_paid_content":false,"footnotes":"","jetpack_publicize_message":"","jetpack_publicize_feature_enabled":true,"jetpack_social_post_already_shared":false,"jetpack_social_options":{"image_generator_settings":{"template":"highway","default_image_id":0,"enabled":false},"version":2}},"categories":[28,44],"tags":[],"class_list":["post-28448","post","type-post","status-publish","format-standard","has-post-thumbnail","hentry","category-cotidiano","category-noticias"],"yoast_head":"<!-- This site is optimized with the Yoast SEO plugin v25.6 - https:\/\/yoast.com\/wordpress\/plugins\/seo\/ -->\n<title>&#039;Quero voltar a colocar Franca e regi\u00e3o em destaque no cen\u00e1rio nacional&#039;, afirma Delegado Davi, candidato a federal - VerdadeOn<\/title>\n<meta name=\"robots\" content=\"index, follow, max-snippet:-1, max-image-preview:large, max-video-preview:-1\" \/>\n<link rel=\"canonical\" href=\"https:\/\/verdadeon.com.br\/portal\/2022\/09\/28\/quero-voltar-a-colocar-franca-e-regiao-em-destaque-no-cenario-nacional-afirma-delegado-davi-candidato-a-federal\/\" \/>\n<meta property=\"og:locale\" content=\"pt_BR\" \/>\n<meta property=\"og:type\" content=\"article\" \/>\n<meta property=\"og:title\" content=\"&#039;Quero voltar a colocar Franca e regi\u00e3o em destaque no cen\u00e1rio nacional&#039;, afirma Delegado Davi, candidato a federal - VerdadeOn\" \/>\n<meta property=\"og:description\" content=\"Davi disputa as elei\u00e7\u00f5es para o Congresso neste ano. Nesta entrevista, ele destaca suas principais prosposta &nbsp; O Delegado Davi, de 54 anos, \u00e9 um dos [\u2026]\" \/>\n<meta property=\"og:url\" content=\"https:\/\/verdadeon.com.br\/portal\/2022\/09\/28\/quero-voltar-a-colocar-franca-e-regiao-em-destaque-no-cenario-nacional-afirma-delegado-davi-candidato-a-federal\/\" \/>\n<meta property=\"og:site_name\" content=\"VerdadeOn\" \/>\n<meta property=\"article:published_time\" content=\"2022-09-28T20:01:39+00:00\" \/>\n<meta property=\"og:image\" content=\"https:\/\/verdadeon.com.br\/portal\/wp-content\/uploads\/2022\/09\/DELEGADO-DAVI-CANDIDATO-A-DEPUTADO-FEDERAL-2022-e1664394246586.jpeg\" \/>\n\t<meta property=\"og:image:width\" content=\"1001\" \/>\n\t<meta property=\"og:image:height\" content=\"668\" \/>\n\t<meta property=\"og:image:type\" content=\"image\/jpeg\" \/>\n<meta name=\"author\" content=\"Redacao VerdadeOn\" \/>\n<meta name=\"twitter:card\" content=\"summary_large_image\" \/>\n<meta name=\"twitter:label1\" content=\"Escrito por\" \/>\n\t<meta name=\"twitter:data1\" content=\"Redacao VerdadeOn\" \/>\n\t<meta name=\"twitter:label2\" content=\"Est. tempo de leitura\" \/>\n\t<meta name=\"twitter:data2\" content=\"6 minutos\" \/>\n<script type=\"application\/ld+json\" class=\"yoast-schema-graph\">{\"@context\":\"https:\/\/schema.org\",\"@graph\":[{\"@type\":\"WebPage\",\"@id\":\"https:\/\/verdadeon.com.br\/portal\/2022\/09\/28\/quero-voltar-a-colocar-franca-e-regiao-em-destaque-no-cenario-nacional-afirma-delegado-davi-candidato-a-federal\/\",\"url\":\"https:\/\/verdadeon.com.br\/portal\/2022\/09\/28\/quero-voltar-a-colocar-franca-e-regiao-em-destaque-no-cenario-nacional-afirma-delegado-davi-candidato-a-federal\/\",\"name\":\"'Quero voltar a colocar Franca e regi\u00e3o em destaque no cen\u00e1rio nacional', afirma Delegado Davi, candidato a federal - VerdadeOn\",\"isPartOf\":{\"@id\":\"https:\/\/verdadeon.com.br\/portal\/#website\"},\"primaryImageOfPage\":{\"@id\":\"https:\/\/verdadeon.com.br\/portal\/2022\/09\/28\/quero-voltar-a-colocar-franca-e-regiao-em-destaque-no-cenario-nacional-afirma-delegado-davi-candidato-a-federal\/#primaryimage\"},\"image\":{\"@id\":\"https:\/\/verdadeon.com.br\/portal\/2022\/09\/28\/quero-voltar-a-colocar-franca-e-regiao-em-destaque-no-cenario-nacional-afirma-delegado-davi-candidato-a-federal\/#primaryimage\"},\"thumbnailUrl\":\"https:\/\/i0.wp.com\/verdadeon.com.br\/portal\/wp-content\/uploads\/2022\/09\/DELEGADO-DAVI-CANDIDATO-A-DEPUTADO-FEDERAL-2022-e1664394246586.jpeg?fit=1001%2C668&ssl=1\",\"datePublished\":\"2022-09-28T20:01:39+00:00\",\"author\":{\"@id\":\"https:\/\/verdadeon.com.br\/portal\/#\/schema\/person\/a5060ad1e9ea3df545188fc93ce43d2f\"},\"breadcrumb\":{\"@id\":\"https:\/\/verdadeon.com.br\/portal\/2022\/09\/28\/quero-voltar-a-colocar-franca-e-regiao-em-destaque-no-cenario-nacional-afirma-delegado-davi-candidato-a-federal\/#breadcrumb\"},\"inLanguage\":\"pt-BR\",\"potentialAction\":[{\"@type\":\"ReadAction\",\"target\":[\"https:\/\/verdadeon.com.br\/portal\/2022\/09\/28\/quero-voltar-a-colocar-franca-e-regiao-em-destaque-no-cenario-nacional-afirma-delegado-davi-candidato-a-federal\/\"]}]},{\"@type\":\"ImageObject\",\"inLanguage\":\"pt-BR\",\"@id\":\"https:\/\/verdadeon.com.br\/portal\/2022\/09\/28\/quero-voltar-a-colocar-franca-e-regiao-em-destaque-no-cenario-nacional-afirma-delegado-davi-candidato-a-federal\/#primaryimage\",\"url\":\"https:\/\/i0.wp.com\/verdadeon.com.br\/portal\/wp-content\/uploads\/2022\/09\/DELEGADO-DAVI-CANDIDATO-A-DEPUTADO-FEDERAL-2022-e1664394246586.jpeg?fit=1001%2C668&ssl=1\",\"contentUrl\":\"https:\/\/i0.wp.com\/verdadeon.com.br\/portal\/wp-content\/uploads\/2022\/09\/DELEGADO-DAVI-CANDIDATO-A-DEPUTADO-FEDERAL-2022-e1664394246586.jpeg?fit=1001%2C668&ssl=1\",\"width\":1001,\"height\":668,\"caption\":\"Delegado Davi \u00e9 candidato a deputado federal: \\\"A quest\u00e3o de inseguran\u00e7a nos deixa presos em casa e incomoda a todos. Precisamos estar seguros em nossas vidas. \u00c9 preciso mais leis r\u00edgidas\\\"\"},{\"@type\":\"BreadcrumbList\",\"@id\":\"https:\/\/verdadeon.com.br\/portal\/2022\/09\/28\/quero-voltar-a-colocar-franca-e-regiao-em-destaque-no-cenario-nacional-afirma-delegado-davi-candidato-a-federal\/#breadcrumb\",\"itemListElement\":[{\"@type\":\"ListItem\",\"position\":1,\"name\":\"In\u00edcio\",\"item\":\"https:\/\/verdadeon.com.br\/portal\/\"},{\"@type\":\"ListItem\",\"position\":2,\"name\":\"&#8216;Quero voltar a colocar Franca e regi\u00e3o em destaque no cen\u00e1rio nacional&#8217;, afirma Delegado Davi, candidato a federal\"}]},{\"@type\":\"WebSite\",\"@id\":\"https:\/\/verdadeon.com.br\/portal\/#website\",\"url\":\"https:\/\/verdadeon.com.br\/portal\/\",\"name\":\"VerdadeOn\",\"description\":\"Not\u00edcias di\u00e1rias sobre Franca, Regi\u00e3o, Esporte, Cultura, Cotidiano, Colunas. Cobertura nos principais eventos da cidade \u00e9 aqui - Verdadeon Franca\",\"potentialAction\":[{\"@type\":\"SearchAction\",\"target\":{\"@type\":\"EntryPoint\",\"urlTemplate\":\"https:\/\/verdadeon.com.br\/portal\/?s={search_term_string}\"},\"query-input\":{\"@type\":\"PropertyValueSpecification\",\"valueRequired\":true,\"valueName\":\"search_term_string\"}}],\"inLanguage\":\"pt-BR\"},{\"@type\":\"Person\",\"@id\":\"https:\/\/verdadeon.com.br\/portal\/#\/schema\/person\/a5060ad1e9ea3df545188fc93ce43d2f\",\"name\":\"Redacao VerdadeOn\",\"image\":{\"@type\":\"ImageObject\",\"inLanguage\":\"pt-BR\",\"@id\":\"https:\/\/verdadeon.com.br\/portal\/#\/schema\/person\/image\/\",\"url\":\"https:\/\/secure.gravatar.com\/avatar\/459a9613caaaf07f582c3d0841eea68bdd66f533e465e6ba8b9cb45619572cf4?s=96&d=mm&r=g\",\"contentUrl\":\"https:\/\/secure.gravatar.com\/avatar\/459a9613caaaf07f582c3d0841eea68bdd66f533e465e6ba8b9cb45619572cf4?s=96&d=mm&r=g\",\"caption\":\"Redacao VerdadeOn\"},\"url\":\"https:\/\/verdadeon.com.br\/portal\/author\/redacao\/\"}]}<\/script>\n<!-- \/ Yoast SEO plugin. -->","yoast_head_json":{"title":"'Quero voltar a colocar Franca e regi\u00e3o em destaque no cen\u00e1rio nacional', afirma Delegado Davi, candidato a federal - VerdadeOn","robots":{"index":"index","follow":"follow","max-snippet":"max-snippet:-1","max-image-preview":"max-image-preview:large","max-video-preview":"max-video-preview:-1"},"canonical":"https:\/\/verdadeon.com.br\/portal\/2022\/09\/28\/quero-voltar-a-colocar-franca-e-regiao-em-destaque-no-cenario-nacional-afirma-delegado-davi-candidato-a-federal\/","og_locale":"pt_BR","og_type":"article","og_title":"'Quero voltar a colocar Franca e regi\u00e3o em destaque no cen\u00e1rio nacional', afirma Delegado Davi, candidato a federal - VerdadeOn","og_description":"Davi disputa as elei\u00e7\u00f5es para o Congresso neste ano. Nesta entrevista, ele destaca suas principais prosposta &nbsp; O Delegado Davi, de 54 anos, \u00e9 um dos [\u2026]","og_url":"https:\/\/verdadeon.com.br\/portal\/2022\/09\/28\/quero-voltar-a-colocar-franca-e-regiao-em-destaque-no-cenario-nacional-afirma-delegado-davi-candidato-a-federal\/","og_site_name":"VerdadeOn","article_published_time":"2022-09-28T20:01:39+00:00","og_image":[{"width":1001,"height":668,"url":"https:\/\/verdadeon.com.br\/portal\/wp-content\/uploads\/2022\/09\/DELEGADO-DAVI-CANDIDATO-A-DEPUTADO-FEDERAL-2022-e1664394246586.jpeg","type":"image\/jpeg"}],"author":"Redacao VerdadeOn","twitter_card":"summary_large_image","twitter_misc":{"Escrito por":"Redacao VerdadeOn","Est. tempo de leitura":"6 minutos"},"schema":{"@context":"https:\/\/schema.org","@graph":[{"@type":"WebPage","@id":"https:\/\/verdadeon.com.br\/portal\/2022\/09\/28\/quero-voltar-a-colocar-franca-e-regiao-em-destaque-no-cenario-nacional-afirma-delegado-davi-candidato-a-federal\/","url":"https:\/\/verdadeon.com.br\/portal\/2022\/09\/28\/quero-voltar-a-colocar-franca-e-regiao-em-destaque-no-cenario-nacional-afirma-delegado-davi-candidato-a-federal\/","name":"'Quero voltar a colocar Franca e regi\u00e3o em destaque no cen\u00e1rio nacional', afirma Delegado Davi, candidato a federal - VerdadeOn","isPartOf":{"@id":"https:\/\/verdadeon.com.br\/portal\/#website"},"primaryImageOfPage":{"@id":"https:\/\/verdadeon.com.br\/portal\/2022\/09\/28\/quero-voltar-a-colocar-franca-e-regiao-em-destaque-no-cenario-nacional-afirma-delegado-davi-candidato-a-federal\/#primaryimage"},"image":{"@id":"https:\/\/verdadeon.com.br\/portal\/2022\/09\/28\/quero-voltar-a-colocar-franca-e-regiao-em-destaque-no-cenario-nacional-afirma-delegado-davi-candidato-a-federal\/#primaryimage"},"thumbnailUrl":"https:\/\/i0.wp.com\/verdadeon.com.br\/portal\/wp-content\/uploads\/2022\/09\/DELEGADO-DAVI-CANDIDATO-A-DEPUTADO-FEDERAL-2022-e1664394246586.jpeg?fit=1001%2C668&ssl=1","datePublished":"2022-09-28T20:01:39+00:00","author":{"@id":"https:\/\/verdadeon.com.br\/portal\/#\/schema\/person\/a5060ad1e9ea3df545188fc93ce43d2f"},"breadcrumb":{"@id":"https:\/\/verdadeon.com.br\/portal\/2022\/09\/28\/quero-voltar-a-colocar-franca-e-regiao-em-destaque-no-cenario-nacional-afirma-delegado-davi-candidato-a-federal\/#breadcrumb"},"inLanguage":"pt-BR","potentialAction":[{"@type":"ReadAction","target":["https:\/\/verdadeon.com.br\/portal\/2022\/09\/28\/quero-voltar-a-colocar-franca-e-regiao-em-destaque-no-cenario-nacional-afirma-delegado-davi-candidato-a-federal\/"]}]},{"@type":"ImageObject","inLanguage":"pt-BR","@id":"https:\/\/verdadeon.com.br\/portal\/2022\/09\/28\/quero-voltar-a-colocar-franca-e-regiao-em-destaque-no-cenario-nacional-afirma-delegado-davi-candidato-a-federal\/#primaryimage","url":"https:\/\/i0.wp.com\/verdadeon.com.br\/portal\/wp-content\/uploads\/2022\/09\/DELEGADO-DAVI-CANDIDATO-A-DEPUTADO-FEDERAL-2022-e1664394246586.jpeg?fit=1001%2C668&ssl=1","contentUrl":"https:\/\/i0.wp.com\/verdadeon.com.br\/portal\/wp-content\/uploads\/2022\/09\/DELEGADO-DAVI-CANDIDATO-A-DEPUTADO-FEDERAL-2022-e1664394246586.jpeg?fit=1001%2C668&ssl=1","width":1001,"height":668,"caption":"Delegado Davi \u00e9 candidato a deputado federal: \"A quest\u00e3o de inseguran\u00e7a nos deixa presos em casa e incomoda a todos. Precisamos estar seguros em nossas vidas. \u00c9 preciso mais leis r\u00edgidas\""},{"@type":"BreadcrumbList","@id":"https:\/\/verdadeon.com.br\/portal\/2022\/09\/28\/quero-voltar-a-colocar-franca-e-regiao-em-destaque-no-cenario-nacional-afirma-delegado-davi-candidato-a-federal\/#breadcrumb","itemListElement":[{"@type":"ListItem","position":1,"name":"In\u00edcio","item":"https:\/\/verdadeon.com.br\/portal\/"},{"@type":"ListItem","position":2,"name":"&#8216;Quero voltar a colocar Franca e regi\u00e3o em destaque no cen\u00e1rio nacional&#8217;, afirma Delegado Davi, candidato a federal"}]},{"@type":"WebSite","@id":"https:\/\/verdadeon.com.br\/portal\/#website","url":"https:\/\/verdadeon.com.br\/portal\/","name":"VerdadeOn","description":"Not\u00edcias di\u00e1rias sobre Franca, Regi\u00e3o, Esporte, Cultura, Cotidiano, Colunas. Cobertura nos principais eventos da cidade \u00e9 aqui - Verdadeon Franca","potentialAction":[{"@type":"SearchAction","target":{"@type":"EntryPoint","urlTemplate":"https:\/\/verdadeon.com.br\/portal\/?s={search_term_string}"},"query-input":{"@type":"PropertyValueSpecification","valueRequired":true,"valueName":"search_term_string"}}],"inLanguage":"pt-BR"},{"@type":"Person","@id":"https:\/\/verdadeon.com.br\/portal\/#\/schema\/person\/a5060ad1e9ea3df545188fc93ce43d2f","name":"Redacao VerdadeOn","image":{"@type":"ImageObject","inLanguage":"pt-BR","@id":"https:\/\/verdadeon.com.br\/portal\/#\/schema\/person\/image\/","url":"https:\/\/secure.gravatar.com\/avatar\/459a9613caaaf07f582c3d0841eea68bdd66f533e465e6ba8b9cb45619572cf4?s=96&d=mm&r=g","contentUrl":"https:\/\/secure.gravatar.com\/avatar\/459a9613caaaf07f582c3d0841eea68bdd66f533e465e6ba8b9cb45619572cf4?s=96&d=mm&r=g","caption":"Redacao VerdadeOn"},"url":"https:\/\/verdadeon.com.br\/portal\/author\/redacao\/"}]}},"jetpack_publicize_connections":[],"jetpack_featured_media_url":"https:\/\/i0.wp.com\/verdadeon.com.br\/portal\/wp-content\/uploads\/2022\/09\/DELEGADO-DAVI-CANDIDATO-A-DEPUTADO-FEDERAL-2022-e1664394246586.jpeg?fit=1001%2C668&ssl=1","jetpack_sharing_enabled":true,"_links":{"self":[{"href":"https:\/\/verdadeon.com.br\/portal\/wp-json\/wp\/v2\/posts\/28448","targetHints":{"allow":["GET"]}}],"collection":[{"href":"https:\/\/verdadeon.com.br\/portal\/wp-json\/wp\/v2\/posts"}],"about":[{"href":"https:\/\/verdadeon.com.br\/portal\/wp-json\/wp\/v2\/types\/post"}],"author":[{"embeddable":true,"href":"https:\/\/verdadeon.com.br\/portal\/wp-json\/wp\/v2\/users\/10"}],"replies":[{"embeddable":true,"href":"https:\/\/verdadeon.com.br\/portal\/wp-json\/wp\/v2\/comments?post=28448"}],"version-history":[{"count":1,"href":"https:\/\/verdadeon.com.br\/portal\/wp-json\/wp\/v2\/posts\/28448\/revisions"}],"predecessor-version":[{"id":28450,"href":"https:\/\/verdadeon.com.br\/portal\/wp-json\/wp\/v2\/posts\/28448\/revisions\/28450"}],"wp:featuredmedia":[{"embeddable":true,"href":"https:\/\/verdadeon.com.br\/portal\/wp-json\/wp\/v2\/media\/28449"}],"wp:attachment":[{"href":"https:\/\/verdadeon.com.br\/portal\/wp-json\/wp\/v2\/media?parent=28448"}],"wp:term":[{"taxonomy":"category","embeddable":true,"href":"https:\/\/verdadeon.com.br\/portal\/wp-json\/wp\/v2\/categories?post=28448"},{"taxonomy":"post_tag","embeddable":true,"href":"https:\/\/verdadeon.com.br\/portal\/wp-json\/wp\/v2\/tags?post=28448"}],"curies":[{"name":"wp","href":"https:\/\/api.w.org\/{rel}","templated":true}]}}