{"id":28446,"date":"2022-09-28T17:36:57","date_gmt":"2022-09-28T20:36:57","guid":{"rendered":"https:\/\/verdadeon.com.br\/portal\/?p=28446"},"modified":"2022-09-28T17:36:57","modified_gmt":"2022-09-28T20:36:57","slug":"com-lucas-dias-e-georginho-inspirados-sesi-franca-garante-vaga-na-semifinal-do-paulista","status":"publish","type":"post","link":"https:\/\/verdadeon.com.br\/portal\/2022\/09\/28\/com-lucas-dias-e-georginho-inspirados-sesi-franca-garante-vaga-na-semifinal-do-paulista\/","title":{"rendered":"Com Lucas Dias e Georginho inspirados, Sesi Franca garante vaga na semifinal do Paulista"},"content":{"rendered":"<h2>O advers\u00e1rio ser\u00e1 o Bauru, primeiro jogo acontece nesta sexta-feira no &#8220;Panela de Press\u00e3o&#8221;, casa do advers\u00e1rio<\/h2>\n<p>O Sesi Franca Basquete est\u00e1 na semifinal do Campeonato Paulista, a vaga veio ap\u00f3s a vit\u00f3ria contra o S\u00e3o Jos\u00e9 na noite de ter\u00e7a-feira (27), no Gin\u00e1sio do Pedroc\u00e3o, o placar ficou em 88 a 83 para os donos da casa.<\/p>\n<p>Lucas Dias fez grande partida e foi o destaque com 26 pontos, 11 rebotes e uma assist\u00eancia. Georginho tamb\u00e9m se destacou, ele anotou 24 pontos, al\u00e9m de nove rebotes e oito assist\u00eancias. Lucas Mariano fez 16 pontos, cinco rebotes e duas assist\u00eancias.<\/p>\n<p>Ainda se destacaram na partida DJ, Scala, ambos com oito pontos cada. Nathan, Zu J\u00fanior, Nascimento e Jhonatan, marcaram 2, 2, 2, e 4 pontos respectivamente.<\/p>\n<p>A partida come\u00e7ou com os francanos na frente, mesmo com o S\u00e3o Jos\u00e9 atuante no ataque, o primeiro per\u00edodo fechou em 29 a 20 para os donos da casa. No segundo per\u00edodo, o S\u00e3o Jos\u00e9 tamb\u00e9m partiu pra cima e diminuiu a diferen\u00e7a do placar, 45 a 39.<\/p>\n<p>Na volta do intervalo o time de Helinho fechou a defesa e conseguiu atacar de forma mais efetiva, abrindo vantagem de nove pontos, o per\u00edodo terminou em 68 a 59.<\/p>\n<p>No \u00faltimo e decisivo quarto, o S\u00e3o Jos\u00e9 surpreendeu, aproveitou dos erros da defesa francana e o placar chegou a ter apenas um ponto de diferen\u00e7a. Ap\u00f3s pedido de tempo de Helinho, os donos da casa administraram melhor, barraram o advers\u00e1rio garantindo a vit\u00f3ria e a vaga na semifinal, por 88 a 83.<\/p>\n<p>Os francanos j\u00e1 tinham vencido o S\u00e3o Jos\u00e9 no final de semana em S\u00e3o Jos\u00e9 do Rio Preto, por 99 a 85.<\/p>\n<h4>Bauru<\/h4>\n<p>O time de Helinho Garcia vai enfrentar o Bauru na semifinal do Paulista, o primeiro confronto acontece j\u00e1 na sexta-feira (30), no gin\u00e1sio Panela de Press\u00e3o, casa do advers\u00e1rio. O segundo duelo \u00e9 em Franca, no Pedroc\u00e3o na segunda-feira (3), caso seja necess\u00e1rio a terceira partida tamb\u00e9m acontece em Franca j\u00e1 na ter\u00e7a-feira (4). Quem vencer duas partidas garante a vaga para a grande final.<\/p>\n<p>Do outro lado da tabela est\u00e3o Paulistano e S\u00e3o Paulo, duas &#8220;pedreiras&#8221; dos francanos durante o campeonato. Al\u00e9m disso, o S\u00e3o Paulo \u00e9 o atual campe\u00e3o estadual justamente em cima do Franca Basquete.<\/p>\n","protected":false},"excerpt":{"rendered":"<p>O advers\u00e1rio ser\u00e1 o Bauru, primeiro jogo acontece nesta sexta-feira no &#8220;Panela de Press\u00e3o&#8221;, casa do advers\u00e1rio O Sesi Franca Basquete est\u00e1 na semifinal do Campeonato<span class=\"excerpt-hellip\"> [\u2026]<\/span><\/p>\n","protected":false},"author":7,"featured_media":28455,"comment_status":"open","ping_status":"open","sticky":false,"template":"","format":"standard","meta":{"_jetpack_memberships_contains_paid_content":false,"footnotes":"","jetpack_publicize_message":"","jetpack_publicize_feature_enabled":true,"jetpack_social_post_already_shared":false,"jetpack_social_options":{"image_generator_settings":{"template":"highway","default_image_id":0,"enabled":false},"version":2}},"categories":[28,81],"tags":[],"class_list":["post-28446","post","type-post","status-publish","format-standard","has-post-thumbnail","hentry","category-cotidiano","category-manchete"],"yoast_head":"<!-- This site is optimized with the Yoast SEO plugin v25.6 - https:\/\/yoast.com\/wordpress\/plugins\/seo\/ -->\n<title>Com Lucas Dias e Georginho inspirados, Sesi Franca garante vaga na semifinal do Paulista - VerdadeOn<\/title>\n<meta name=\"robots\" content=\"index, follow, max-snippet:-1, max-image-preview:large, max-video-preview:-1\" \/>\n<link rel=\"canonical\" href=\"https:\/\/verdadeon.com.br\/portal\/2022\/09\/28\/com-lucas-dias-e-georginho-inspirados-sesi-franca-garante-vaga-na-semifinal-do-paulista\/\" \/>\n<meta property=\"og:locale\" content=\"pt_BR\" \/>\n<meta property=\"og:type\" content=\"article\" \/>\n<meta property=\"og:title\" content=\"Com Lucas Dias e Georginho inspirados, Sesi Franca garante vaga na semifinal do Paulista - VerdadeOn\" \/>\n<meta property=\"og:description\" content=\"O advers\u00e1rio ser\u00e1 o Bauru, primeiro jogo acontece nesta sexta-feira no &#8220;Panela de Press\u00e3o&#8221;, casa do advers\u00e1rio O Sesi Franca Basquete est\u00e1 na semifinal do Campeonato [\u2026]\" \/>\n<meta property=\"og:url\" content=\"https:\/\/verdadeon.com.br\/portal\/2022\/09\/28\/com-lucas-dias-e-georginho-inspirados-sesi-franca-garante-vaga-na-semifinal-do-paulista\/\" \/>\n<meta property=\"og:site_name\" content=\"VerdadeOn\" \/>\n<meta property=\"article:published_time\" content=\"2022-09-28T20:36:57+00:00\" \/>\n<meta property=\"og:image\" content=\"https:\/\/verdadeon.com.br\/portal\/wp-content\/uploads\/2022\/09\/WhatsApp-Image-2022-09-27-at-21.45.45-e1664397336532.jpeg\" \/>\n\t<meta property=\"og:image:width\" content=\"1001\" \/>\n\t<meta property=\"og:image:height\" content=\"668\" \/>\n\t<meta property=\"og:image:type\" content=\"image\/jpeg\" \/>\n<meta name=\"author\" content=\"Fernando Lima\" \/>\n<meta name=\"twitter:card\" content=\"summary_large_image\" \/>\n<meta name=\"twitter:label1\" content=\"Escrito por\" \/>\n\t<meta name=\"twitter:data1\" content=\"Fernando Lima\" \/>\n\t<meta name=\"twitter:label2\" content=\"Est. tempo de leitura\" \/>\n\t<meta name=\"twitter:data2\" content=\"3 minutos\" \/>\n<script type=\"application\/ld+json\" class=\"yoast-schema-graph\">{\"@context\":\"https:\/\/schema.org\",\"@graph\":[{\"@type\":\"WebPage\",\"@id\":\"https:\/\/verdadeon.com.br\/portal\/2022\/09\/28\/com-lucas-dias-e-georginho-inspirados-sesi-franca-garante-vaga-na-semifinal-do-paulista\/\",\"url\":\"https:\/\/verdadeon.com.br\/portal\/2022\/09\/28\/com-lucas-dias-e-georginho-inspirados-sesi-franca-garante-vaga-na-semifinal-do-paulista\/\",\"name\":\"Com Lucas Dias e Georginho inspirados, Sesi Franca garante vaga na semifinal do Paulista - VerdadeOn\",\"isPartOf\":{\"@id\":\"https:\/\/verdadeon.com.br\/portal\/#website\"},\"primaryImageOfPage\":{\"@id\":\"https:\/\/verdadeon.com.br\/portal\/2022\/09\/28\/com-lucas-dias-e-georginho-inspirados-sesi-franca-garante-vaga-na-semifinal-do-paulista\/#primaryimage\"},\"image\":{\"@id\":\"https:\/\/verdadeon.com.br\/portal\/2022\/09\/28\/com-lucas-dias-e-georginho-inspirados-sesi-franca-garante-vaga-na-semifinal-do-paulista\/#primaryimage\"},\"thumbnailUrl\":\"https:\/\/i0.wp.com\/verdadeon.com.br\/portal\/wp-content\/uploads\/2022\/09\/WhatsApp-Image-2022-09-27-at-21.45.45-e1664397336532.jpeg?fit=1001%2C668&ssl=1\",\"datePublished\":\"2022-09-28T20:36:57+00:00\",\"author\":{\"@id\":\"https:\/\/verdadeon.com.br\/portal\/#\/schema\/person\/cc32be22b8e8599387c480bc83e1d11a\"},\"breadcrumb\":{\"@id\":\"https:\/\/verdadeon.com.br\/portal\/2022\/09\/28\/com-lucas-dias-e-georginho-inspirados-sesi-franca-garante-vaga-na-semifinal-do-paulista\/#breadcrumb\"},\"inLanguage\":\"pt-BR\",\"potentialAction\":[{\"@type\":\"ReadAction\",\"target\":[\"https:\/\/verdadeon.com.br\/portal\/2022\/09\/28\/com-lucas-dias-e-georginho-inspirados-sesi-franca-garante-vaga-na-semifinal-do-paulista\/\"]}]},{\"@type\":\"ImageObject\",\"inLanguage\":\"pt-BR\",\"@id\":\"https:\/\/verdadeon.com.br\/portal\/2022\/09\/28\/com-lucas-dias-e-georginho-inspirados-sesi-franca-garante-vaga-na-semifinal-do-paulista\/#primaryimage\",\"url\":\"https:\/\/i0.wp.com\/verdadeon.com.br\/portal\/wp-content\/uploads\/2022\/09\/WhatsApp-Image-2022-09-27-at-21.45.45-e1664397336532.jpeg?fit=1001%2C668&ssl=1\",\"contentUrl\":\"https:\/\/i0.wp.com\/verdadeon.com.br\/portal\/wp-content\/uploads\/2022\/09\/WhatsApp-Image-2022-09-27-at-21.45.45-e1664397336532.jpeg?fit=1001%2C668&ssl=1\",\"width\":1001,\"height\":668,\"caption\":\"Lucas Dias foi o grande destaque da partida, ao lado de Georginho. Com vit\u00f3ria francanos garantiram a vaga na semifinal do Paulista 2022 | Foto: Marcos Limonti \/SFB\"},{\"@type\":\"BreadcrumbList\",\"@id\":\"https:\/\/verdadeon.com.br\/portal\/2022\/09\/28\/com-lucas-dias-e-georginho-inspirados-sesi-franca-garante-vaga-na-semifinal-do-paulista\/#breadcrumb\",\"itemListElement\":[{\"@type\":\"ListItem\",\"position\":1,\"name\":\"In\u00edcio\",\"item\":\"https:\/\/verdadeon.com.br\/portal\/\"},{\"@type\":\"ListItem\",\"position\":2,\"name\":\"Com Lucas Dias e Georginho inspirados, Sesi Franca garante vaga na semifinal do Paulista\"}]},{\"@type\":\"WebSite\",\"@id\":\"https:\/\/verdadeon.com.br\/portal\/#website\",\"url\":\"https:\/\/verdadeon.com.br\/portal\/\",\"name\":\"VerdadeOn\",\"description\":\"Not\u00edcias di\u00e1rias sobre Franca, Regi\u00e3o, Esporte, Cultura, Cotidiano, Colunas. Cobertura nos principais eventos da cidade \u00e9 aqui - Verdadeon Franca\",\"potentialAction\":[{\"@type\":\"SearchAction\",\"target\":{\"@type\":\"EntryPoint\",\"urlTemplate\":\"https:\/\/verdadeon.com.br\/portal\/?s={search_term_string}\"},\"query-input\":{\"@type\":\"PropertyValueSpecification\",\"valueRequired\":true,\"valueName\":\"search_term_string\"}}],\"inLanguage\":\"pt-BR\"},{\"@type\":\"Person\",\"@id\":\"https:\/\/verdadeon.com.br\/portal\/#\/schema\/person\/cc32be22b8e8599387c480bc83e1d11a\",\"name\":\"Fernando Lima\",\"image\":{\"@type\":\"ImageObject\",\"inLanguage\":\"pt-BR\",\"@id\":\"https:\/\/verdadeon.com.br\/portal\/#\/schema\/person\/image\/\",\"url\":\"https:\/\/secure.gravatar.com\/avatar\/df4c8e132080d2b3a4841d5d232045464e0eed11a1d6e43115ca0843d48768d3?s=96&d=mm&r=g\",\"contentUrl\":\"https:\/\/secure.gravatar.com\/avatar\/df4c8e132080d2b3a4841d5d232045464e0eed11a1d6e43115ca0843d48768d3?s=96&d=mm&r=g\",\"caption\":\"Fernando Lima\"},\"sameAs\":[\"http:\/\/verdadeon.com.br\/\"],\"url\":\"https:\/\/verdadeon.com.br\/portal\/author\/fernando-lima\/\"}]}<\/script>\n<!-- \/ Yoast SEO plugin. -->","yoast_head_json":{"title":"Com Lucas Dias e Georginho inspirados, Sesi Franca garante vaga na semifinal do Paulista - VerdadeOn","robots":{"index":"index","follow":"follow","max-snippet":"max-snippet:-1","max-image-preview":"max-image-preview:large","max-video-preview":"max-video-preview:-1"},"canonical":"https:\/\/verdadeon.com.br\/portal\/2022\/09\/28\/com-lucas-dias-e-georginho-inspirados-sesi-franca-garante-vaga-na-semifinal-do-paulista\/","og_locale":"pt_BR","og_type":"article","og_title":"Com Lucas Dias e Georginho inspirados, Sesi Franca garante vaga na semifinal do Paulista - VerdadeOn","og_description":"O advers\u00e1rio ser\u00e1 o Bauru, primeiro jogo acontece nesta sexta-feira no &#8220;Panela de Press\u00e3o&#8221;, casa do advers\u00e1rio O Sesi Franca Basquete est\u00e1 na semifinal do Campeonato [\u2026]","og_url":"https:\/\/verdadeon.com.br\/portal\/2022\/09\/28\/com-lucas-dias-e-georginho-inspirados-sesi-franca-garante-vaga-na-semifinal-do-paulista\/","og_site_name":"VerdadeOn","article_published_time":"2022-09-28T20:36:57+00:00","og_image":[{"width":1001,"height":668,"url":"https:\/\/verdadeon.com.br\/portal\/wp-content\/uploads\/2022\/09\/WhatsApp-Image-2022-09-27-at-21.45.45-e1664397336532.jpeg","type":"image\/jpeg"}],"author":"Fernando Lima","twitter_card":"summary_large_image","twitter_misc":{"Escrito por":"Fernando Lima","Est. tempo de leitura":"3 minutos"},"schema":{"@context":"https:\/\/schema.org","@graph":[{"@type":"WebPage","@id":"https:\/\/verdadeon.com.br\/portal\/2022\/09\/28\/com-lucas-dias-e-georginho-inspirados-sesi-franca-garante-vaga-na-semifinal-do-paulista\/","url":"https:\/\/verdadeon.com.br\/portal\/2022\/09\/28\/com-lucas-dias-e-georginho-inspirados-sesi-franca-garante-vaga-na-semifinal-do-paulista\/","name":"Com Lucas Dias e Georginho inspirados, Sesi Franca garante vaga na semifinal do Paulista - VerdadeOn","isPartOf":{"@id":"https:\/\/verdadeon.com.br\/portal\/#website"},"primaryImageOfPage":{"@id":"https:\/\/verdadeon.com.br\/portal\/2022\/09\/28\/com-lucas-dias-e-georginho-inspirados-sesi-franca-garante-vaga-na-semifinal-do-paulista\/#primaryimage"},"image":{"@id":"https:\/\/verdadeon.com.br\/portal\/2022\/09\/28\/com-lucas-dias-e-georginho-inspirados-sesi-franca-garante-vaga-na-semifinal-do-paulista\/#primaryimage"},"thumbnailUrl":"https:\/\/i0.wp.com\/verdadeon.com.br\/portal\/wp-content\/uploads\/2022\/09\/WhatsApp-Image-2022-09-27-at-21.45.45-e1664397336532.jpeg?fit=1001%2C668&ssl=1","datePublished":"2022-09-28T20:36:57+00:00","author":{"@id":"https:\/\/verdadeon.com.br\/portal\/#\/schema\/person\/cc32be22b8e8599387c480bc83e1d11a"},"breadcrumb":{"@id":"https:\/\/verdadeon.com.br\/portal\/2022\/09\/28\/com-lucas-dias-e-georginho-inspirados-sesi-franca-garante-vaga-na-semifinal-do-paulista\/#breadcrumb"},"inLanguage":"pt-BR","potentialAction":[{"@type":"ReadAction","target":["https:\/\/verdadeon.com.br\/portal\/2022\/09\/28\/com-lucas-dias-e-georginho-inspirados-sesi-franca-garante-vaga-na-semifinal-do-paulista\/"]}]},{"@type":"ImageObject","inLanguage":"pt-BR","@id":"https:\/\/verdadeon.com.br\/portal\/2022\/09\/28\/com-lucas-dias-e-georginho-inspirados-sesi-franca-garante-vaga-na-semifinal-do-paulista\/#primaryimage","url":"https:\/\/i0.wp.com\/verdadeon.com.br\/portal\/wp-content\/uploads\/2022\/09\/WhatsApp-Image-2022-09-27-at-21.45.45-e1664397336532.jpeg?fit=1001%2C668&ssl=1","contentUrl":"https:\/\/i0.wp.com\/verdadeon.com.br\/portal\/wp-content\/uploads\/2022\/09\/WhatsApp-Image-2022-09-27-at-21.45.45-e1664397336532.jpeg?fit=1001%2C668&ssl=1","width":1001,"height":668,"caption":"Lucas Dias foi o grande destaque da partida, ao lado de Georginho. Com vit\u00f3ria francanos garantiram a vaga na semifinal do Paulista 2022 | Foto: Marcos Limonti \/SFB"},{"@type":"BreadcrumbList","@id":"https:\/\/verdadeon.com.br\/portal\/2022\/09\/28\/com-lucas-dias-e-georginho-inspirados-sesi-franca-garante-vaga-na-semifinal-do-paulista\/#breadcrumb","itemListElement":[{"@type":"ListItem","position":1,"name":"In\u00edcio","item":"https:\/\/verdadeon.com.br\/portal\/"},{"@type":"ListItem","position":2,"name":"Com Lucas Dias e Georginho inspirados, Sesi Franca garante vaga na semifinal do Paulista"}]},{"@type":"WebSite","@id":"https:\/\/verdadeon.com.br\/portal\/#website","url":"https:\/\/verdadeon.com.br\/portal\/","name":"VerdadeOn","description":"Not\u00edcias di\u00e1rias sobre Franca, Regi\u00e3o, Esporte, Cultura, Cotidiano, Colunas. Cobertura nos principais eventos da cidade \u00e9 aqui - Verdadeon Franca","potentialAction":[{"@type":"SearchAction","target":{"@type":"EntryPoint","urlTemplate":"https:\/\/verdadeon.com.br\/portal\/?s={search_term_string}"},"query-input":{"@type":"PropertyValueSpecification","valueRequired":true,"valueName":"search_term_string"}}],"inLanguage":"pt-BR"},{"@type":"Person","@id":"https:\/\/verdadeon.com.br\/portal\/#\/schema\/person\/cc32be22b8e8599387c480bc83e1d11a","name":"Fernando Lima","image":{"@type":"ImageObject","inLanguage":"pt-BR","@id":"https:\/\/verdadeon.com.br\/portal\/#\/schema\/person\/image\/","url":"https:\/\/secure.gravatar.com\/avatar\/df4c8e132080d2b3a4841d5d232045464e0eed11a1d6e43115ca0843d48768d3?s=96&d=mm&r=g","contentUrl":"https:\/\/secure.gravatar.com\/avatar\/df4c8e132080d2b3a4841d5d232045464e0eed11a1d6e43115ca0843d48768d3?s=96&d=mm&r=g","caption":"Fernando Lima"},"sameAs":["http:\/\/verdadeon.com.br\/"],"url":"https:\/\/verdadeon.com.br\/portal\/author\/fernando-lima\/"}]}},"jetpack_publicize_connections":[],"jetpack_featured_media_url":"https:\/\/i0.wp.com\/verdadeon.com.br\/portal\/wp-content\/uploads\/2022\/09\/WhatsApp-Image-2022-09-27-at-21.45.45-e1664397336532.jpeg?fit=1001%2C668&ssl=1","jetpack_sharing_enabled":true,"_links":{"self":[{"href":"https:\/\/verdadeon.com.br\/portal\/wp-json\/wp\/v2\/posts\/28446","targetHints":{"allow":["GET"]}}],"collection":[{"href":"https:\/\/verdadeon.com.br\/portal\/wp-json\/wp\/v2\/posts"}],"about":[{"href":"https:\/\/verdadeon.com.br\/portal\/wp-json\/wp\/v2\/types\/post"}],"author":[{"embeddable":true,"href":"https:\/\/verdadeon.com.br\/portal\/wp-json\/wp\/v2\/users\/7"}],"replies":[{"embeddable":true,"href":"https:\/\/verdadeon.com.br\/portal\/wp-json\/wp\/v2\/comments?post=28446"}],"version-history":[{"count":1,"href":"https:\/\/verdadeon.com.br\/portal\/wp-json\/wp\/v2\/posts\/28446\/revisions"}],"predecessor-version":[{"id":28456,"href":"https:\/\/verdadeon.com.br\/portal\/wp-json\/wp\/v2\/posts\/28446\/revisions\/28456"}],"wp:featuredmedia":[{"embeddable":true,"href":"https:\/\/verdadeon.com.br\/portal\/wp-json\/wp\/v2\/media\/28455"}],"wp:attachment":[{"href":"https:\/\/verdadeon.com.br\/portal\/wp-json\/wp\/v2\/media?parent=28446"}],"wp:term":[{"taxonomy":"category","embeddable":true,"href":"https:\/\/verdadeon.com.br\/portal\/wp-json\/wp\/v2\/categories?post=28446"},{"taxonomy":"post_tag","embeddable":true,"href":"https:\/\/verdadeon.com.br\/portal\/wp-json\/wp\/v2\/tags?post=28446"}],"curies":[{"name":"wp","href":"https:\/\/api.w.org\/{rel}","templated":true}]}}