{"id":28413,"date":"2022-09-27T13:30:43","date_gmt":"2022-09-27T16:30:43","guid":{"rendered":"https:\/\/verdadeon.com.br\/portal\/?p=28413"},"modified":"2022-09-27T17:31:43","modified_gmt":"2022-09-27T20:31:43","slug":"projeto-que-incentiva-uso-de-energia-fotovoltaica-e-termica-e-aprovado-na-camara","status":"publish","type":"post","link":"https:\/\/verdadeon.com.br\/portal\/2022\/09\/27\/projeto-que-incentiva-uso-de-energia-fotovoltaica-e-termica-e-aprovado-na-camara\/","title":{"rendered":"Projeto que incentiva uso de energia fotovoltaica e t\u00e9rmica \u00e9 aprovado na C\u00e2mara"},"content":{"rendered":"<h2>No per\u00edodo da manh\u00e3 aconteceu o Expediente com as leituras dos documentos e of\u00edcios, al\u00e9m de uso da Tribuna<\/h2>\n<p>Foi aprovado na C\u00e2mara Municipal de Franca, o projeto de lei que cria est\u00edmulos ao aproveitamento da energia solar fotovoltaica e t\u00e9rmica. \u201cConsiderando todo o potencial de nosso pa\u00eds, tanto em abund\u00e2ncia de \u00e1rea de incid\u00eancia bem como por possuir grandes reservas de sil\u00edcio, a energia solar \u00e9 uma alternativa energ\u00e9tica que deve ser explorada ao m\u00e1ximo em todo o territ\u00f3rio nacional\u201d, justificaram os autores Donizete da Farm\u00e1cia (MDB), Carlinho Petr\u00f3polis (PL), Daniel Bassi (PSDB), Gilson Pelizaro (PT), Ilton Ferreira (PL), Marcelo Tidy (Uni\u00e3o) e Zezinho Cabeleireiro (PP).<\/p>\n<p>Os autores justi\u00e7aram ainda que no mundo, os principais fatores que influenciam o sucesso de incentivos de programas de promo\u00e7\u00e3o de energias renov\u00e1veis est\u00e3o relacionados a quest\u00f5es de motiva\u00e7\u00e3o p\u00fablica, regulat\u00f3rios e legal, financeiro, fiscal, de capacita\u00e7\u00e3o tecnol\u00f3gica e de informa\u00e7\u00e3o, educa\u00e7\u00e3o e treinamento. \u201cPor isso a import\u00e2ncia deste projeto de lei que instituiu a pol\u00edtica municipal de incentivo \u00e0 gera\u00e7\u00e3o e ao aproveitamento da energia solar na cidade de Franca\u201d, finalizaram.<\/p>\n<h4><\/h4>\n<h4>Cargos<\/h4>\n<p>Foi aprovado em segunda vota\u00e7\u00e3o o\u00a0projeto\u00a0que disp\u00f5e sobre a cria\u00e7\u00e3o de cargos de servidores substitutos. No total ser\u00e3o 593 cargos criados e ou ampliados no quadro da Prefeitura em diversas \u00e1reas entre elas, educa\u00e7\u00e3o, sa\u00fade, seguran\u00e7a e outras.<\/p>\n<p>O prefeito justificou que a cria\u00e7\u00e3o e amplia\u00e7\u00e3o destas vagas decorre da necessidade de substitui\u00e7\u00e3o dos afastamentos dos servidores titulares, a fim de se evitar desassist\u00eancia \u00e0 comunidade. \u201cOs candidatos classificados no Concurso P\u00fablico para cargo de substituto, somente ser\u00e3o contratados se houver vaga e necessidade de substitui\u00e7\u00e3o, decorrente do afastamento de servidor titular, ocupante de cargo ou emprego p\u00fablico de car\u00e1ter permanente, em virtude de Licen\u00e7a Gestante, Licen\u00e7a Sa\u00fade, Suspens\u00e3o de Contrato de Trabalho, Seguro Acidente, Licen\u00e7a Judicial, afastamento para exerc\u00edcio de Cargo em Comiss\u00e3o e\/ou Fun\u00e7\u00e3o Gratificada, inclusive a de Diretor de Escola, ou por qualquer motivo de ordem legal, todos por per\u00edodo superior a (15) quinze dias\u201d, justificou.<\/p>\n<p>&nbsp;<\/p>\n<h4>Tombamento<\/h4>\n<p>Na mesma sess\u00e3o tamb\u00e9m foi aprovado o projeto\u00a0que disp\u00f5e sobre o tombamento e administra\u00e7\u00e3o do acervo do Museu do Cal\u00e7ado. \u201cNos termos da Lei Municipal 8930, de 2 de setembro de 2020, previu a celebra\u00e7\u00e3o de um comodato de bem m\u00f3vel, deixando de observar os procedimentos previstos na legisla\u00e7\u00e3o de licita\u00e7\u00f5es, tratando bens hist\u00f3ricos como comuns. Com essa nova proposta, a \u00f3tica jur\u00eddica ser\u00e1 alterada para solucionar a quest\u00e3o. Inicialmente ser\u00e1 realizado tombamento legal do acervo para imputar ao administrador do acervo, vencedor do certame, as obriga\u00e7\u00f5es legais e as respectivas responsabilidades c\u00edveis e penais e, na sequ\u00eancia, autoriza-se a celebra\u00e7\u00e3o de contrato\u201d, justificou a Prefeitura. O texto agora segue para ser sancionado.<\/p>\n","protected":false},"excerpt":{"rendered":"<p>No per\u00edodo da manh\u00e3 aconteceu o Expediente com as leituras dos documentos e of\u00edcios, al\u00e9m de uso da Tribuna Foi aprovado na C\u00e2mara Municipal de Franca,<span class=\"excerpt-hellip\"> [\u2026]<\/span><\/p>\n","protected":false},"author":7,"featured_media":26311,"comment_status":"open","ping_status":"open","sticky":false,"template":"","format":"standard","meta":{"_jetpack_memberships_contains_paid_content":false,"footnotes":"","jetpack_publicize_message":"","jetpack_publicize_feature_enabled":true,"jetpack_social_post_already_shared":false,"jetpack_social_options":{"image_generator_settings":{"template":"highway","default_image_id":0,"enabled":false},"version":2}},"categories":[28,81],"tags":[],"class_list":["post-28413","post","type-post","status-publish","format-standard","has-post-thumbnail","hentry","category-cotidiano","category-manchete"],"yoast_head":"<!-- This site is optimized with the Yoast SEO plugin v25.6 - https:\/\/yoast.com\/wordpress\/plugins\/seo\/ -->\n<title>Projeto que incentiva uso de energia fotovoltaica e t\u00e9rmica \u00e9 aprovado na C\u00e2mara - VerdadeOn<\/title>\n<meta name=\"robots\" content=\"index, follow, max-snippet:-1, max-image-preview:large, max-video-preview:-1\" \/>\n<link rel=\"canonical\" href=\"https:\/\/verdadeon.com.br\/portal\/2022\/09\/27\/projeto-que-incentiva-uso-de-energia-fotovoltaica-e-termica-e-aprovado-na-camara\/\" \/>\n<meta property=\"og:locale\" content=\"pt_BR\" \/>\n<meta property=\"og:type\" content=\"article\" \/>\n<meta property=\"og:title\" content=\"Projeto que incentiva uso de energia fotovoltaica e t\u00e9rmica \u00e9 aprovado na C\u00e2mara - VerdadeOn\" \/>\n<meta property=\"og:description\" content=\"No per\u00edodo da manh\u00e3 aconteceu o Expediente com as leituras dos documentos e of\u00edcios, al\u00e9m de uso da Tribuna Foi aprovado na C\u00e2mara Municipal de Franca, [\u2026]\" \/>\n<meta property=\"og:url\" content=\"https:\/\/verdadeon.com.br\/portal\/2022\/09\/27\/projeto-que-incentiva-uso-de-energia-fotovoltaica-e-termica-e-aprovado-na-camara\/\" \/>\n<meta property=\"og:site_name\" content=\"VerdadeOn\" \/>\n<meta property=\"article:published_time\" content=\"2022-09-27T16:30:43+00:00\" \/>\n<meta property=\"article:modified_time\" content=\"2022-09-27T20:31:43+00:00\" \/>\n<meta property=\"og:image\" content=\"https:\/\/verdadeon.com.br\/portal\/wp-content\/uploads\/2022\/07\/23SESSAO-1-e1657058914419.jpg\" \/>\n\t<meta property=\"og:image:width\" content=\"998\" \/>\n\t<meta property=\"og:image:height\" content=\"670\" \/>\n\t<meta property=\"og:image:type\" content=\"image\/jpeg\" \/>\n<meta name=\"author\" content=\"Fernando Lima\" \/>\n<meta name=\"twitter:card\" content=\"summary_large_image\" \/>\n<meta name=\"twitter:label1\" content=\"Escrito por\" \/>\n\t<meta name=\"twitter:data1\" content=\"Fernando Lima\" \/>\n\t<meta name=\"twitter:label2\" content=\"Est. tempo de leitura\" \/>\n\t<meta name=\"twitter:data2\" content=\"3 minutos\" \/>\n<script type=\"application\/ld+json\" class=\"yoast-schema-graph\">{\"@context\":\"https:\/\/schema.org\",\"@graph\":[{\"@type\":\"WebPage\",\"@id\":\"https:\/\/verdadeon.com.br\/portal\/2022\/09\/27\/projeto-que-incentiva-uso-de-energia-fotovoltaica-e-termica-e-aprovado-na-camara\/\",\"url\":\"https:\/\/verdadeon.com.br\/portal\/2022\/09\/27\/projeto-que-incentiva-uso-de-energia-fotovoltaica-e-termica-e-aprovado-na-camara\/\",\"name\":\"Projeto que incentiva uso de energia fotovoltaica e t\u00e9rmica \u00e9 aprovado na C\u00e2mara - VerdadeOn\",\"isPartOf\":{\"@id\":\"https:\/\/verdadeon.com.br\/portal\/#website\"},\"primaryImageOfPage\":{\"@id\":\"https:\/\/verdadeon.com.br\/portal\/2022\/09\/27\/projeto-que-incentiva-uso-de-energia-fotovoltaica-e-termica-e-aprovado-na-camara\/#primaryimage\"},\"image\":{\"@id\":\"https:\/\/verdadeon.com.br\/portal\/2022\/09\/27\/projeto-que-incentiva-uso-de-energia-fotovoltaica-e-termica-e-aprovado-na-camara\/#primaryimage\"},\"thumbnailUrl\":\"https:\/\/i0.wp.com\/verdadeon.com.br\/portal\/wp-content\/uploads\/2022\/07\/23SESSAO-1-e1657058914419.jpg?fit=998%2C670&ssl=1\",\"datePublished\":\"2022-09-27T16:30:43+00:00\",\"dateModified\":\"2022-09-27T20:31:43+00:00\",\"author\":{\"@id\":\"https:\/\/verdadeon.com.br\/portal\/#\/schema\/person\/cc32be22b8e8599387c480bc83e1d11a\"},\"breadcrumb\":{\"@id\":\"https:\/\/verdadeon.com.br\/portal\/2022\/09\/27\/projeto-que-incentiva-uso-de-energia-fotovoltaica-e-termica-e-aprovado-na-camara\/#breadcrumb\"},\"inLanguage\":\"pt-BR\",\"potentialAction\":[{\"@type\":\"ReadAction\",\"target\":[\"https:\/\/verdadeon.com.br\/portal\/2022\/09\/27\/projeto-que-incentiva-uso-de-energia-fotovoltaica-e-termica-e-aprovado-na-camara\/\"]}]},{\"@type\":\"ImageObject\",\"inLanguage\":\"pt-BR\",\"@id\":\"https:\/\/verdadeon.com.br\/portal\/2022\/09\/27\/projeto-que-incentiva-uso-de-energia-fotovoltaica-e-termica-e-aprovado-na-camara\/#primaryimage\",\"url\":\"https:\/\/i0.wp.com\/verdadeon.com.br\/portal\/wp-content\/uploads\/2022\/07\/23SESSAO-1-e1657058914419.jpg?fit=998%2C670&ssl=1\",\"contentUrl\":\"https:\/\/i0.wp.com\/verdadeon.com.br\/portal\/wp-content\/uploads\/2022\/07\/23SESSAO-1-e1657058914419.jpg?fit=998%2C670&ssl=1\",\"width\":998,\"height\":670,\"caption\":\"Sess\u00e3o pode ser acompanhada pela popula\u00e7\u00e3o no Plen\u00e1rio da Casa de Leis, al\u00e9m da TV C\u00e2mara e redes sociais | Foto: Divulga\u00e7\u00e3o\"},{\"@type\":\"BreadcrumbList\",\"@id\":\"https:\/\/verdadeon.com.br\/portal\/2022\/09\/27\/projeto-que-incentiva-uso-de-energia-fotovoltaica-e-termica-e-aprovado-na-camara\/#breadcrumb\",\"itemListElement\":[{\"@type\":\"ListItem\",\"position\":1,\"name\":\"In\u00edcio\",\"item\":\"https:\/\/verdadeon.com.br\/portal\/\"},{\"@type\":\"ListItem\",\"position\":2,\"name\":\"Projeto que incentiva uso de energia fotovoltaica e t\u00e9rmica \u00e9 aprovado na C\u00e2mara\"}]},{\"@type\":\"WebSite\",\"@id\":\"https:\/\/verdadeon.com.br\/portal\/#website\",\"url\":\"https:\/\/verdadeon.com.br\/portal\/\",\"name\":\"VerdadeOn\",\"description\":\"Not\u00edcias di\u00e1rias sobre Franca, Regi\u00e3o, Esporte, Cultura, Cotidiano, Colunas. Cobertura nos principais eventos da cidade \u00e9 aqui - Verdadeon Franca\",\"potentialAction\":[{\"@type\":\"SearchAction\",\"target\":{\"@type\":\"EntryPoint\",\"urlTemplate\":\"https:\/\/verdadeon.com.br\/portal\/?s={search_term_string}\"},\"query-input\":{\"@type\":\"PropertyValueSpecification\",\"valueRequired\":true,\"valueName\":\"search_term_string\"}}],\"inLanguage\":\"pt-BR\"},{\"@type\":\"Person\",\"@id\":\"https:\/\/verdadeon.com.br\/portal\/#\/schema\/person\/cc32be22b8e8599387c480bc83e1d11a\",\"name\":\"Fernando Lima\",\"image\":{\"@type\":\"ImageObject\",\"inLanguage\":\"pt-BR\",\"@id\":\"https:\/\/verdadeon.com.br\/portal\/#\/schema\/person\/image\/\",\"url\":\"https:\/\/secure.gravatar.com\/avatar\/df4c8e132080d2b3a4841d5d232045464e0eed11a1d6e43115ca0843d48768d3?s=96&d=mm&r=g\",\"contentUrl\":\"https:\/\/secure.gravatar.com\/avatar\/df4c8e132080d2b3a4841d5d232045464e0eed11a1d6e43115ca0843d48768d3?s=96&d=mm&r=g\",\"caption\":\"Fernando Lima\"},\"sameAs\":[\"http:\/\/verdadeon.com.br\/\"],\"url\":\"https:\/\/verdadeon.com.br\/portal\/author\/fernando-lima\/\"}]}<\/script>\n<!-- \/ Yoast SEO plugin. -->","yoast_head_json":{"title":"Projeto que incentiva uso de energia fotovoltaica e t\u00e9rmica \u00e9 aprovado na C\u00e2mara - VerdadeOn","robots":{"index":"index","follow":"follow","max-snippet":"max-snippet:-1","max-image-preview":"max-image-preview:large","max-video-preview":"max-video-preview:-1"},"canonical":"https:\/\/verdadeon.com.br\/portal\/2022\/09\/27\/projeto-que-incentiva-uso-de-energia-fotovoltaica-e-termica-e-aprovado-na-camara\/","og_locale":"pt_BR","og_type":"article","og_title":"Projeto que incentiva uso de energia fotovoltaica e t\u00e9rmica \u00e9 aprovado na C\u00e2mara - VerdadeOn","og_description":"No per\u00edodo da manh\u00e3 aconteceu o Expediente com as leituras dos documentos e of\u00edcios, al\u00e9m de uso da Tribuna Foi aprovado na C\u00e2mara Municipal de Franca, [\u2026]","og_url":"https:\/\/verdadeon.com.br\/portal\/2022\/09\/27\/projeto-que-incentiva-uso-de-energia-fotovoltaica-e-termica-e-aprovado-na-camara\/","og_site_name":"VerdadeOn","article_published_time":"2022-09-27T16:30:43+00:00","article_modified_time":"2022-09-27T20:31:43+00:00","og_image":[{"width":998,"height":670,"url":"https:\/\/verdadeon.com.br\/portal\/wp-content\/uploads\/2022\/07\/23SESSAO-1-e1657058914419.jpg","type":"image\/jpeg"}],"author":"Fernando Lima","twitter_card":"summary_large_image","twitter_misc":{"Escrito por":"Fernando Lima","Est. tempo de leitura":"3 minutos"},"schema":{"@context":"https:\/\/schema.org","@graph":[{"@type":"WebPage","@id":"https:\/\/verdadeon.com.br\/portal\/2022\/09\/27\/projeto-que-incentiva-uso-de-energia-fotovoltaica-e-termica-e-aprovado-na-camara\/","url":"https:\/\/verdadeon.com.br\/portal\/2022\/09\/27\/projeto-que-incentiva-uso-de-energia-fotovoltaica-e-termica-e-aprovado-na-camara\/","name":"Projeto que incentiva uso de energia fotovoltaica e t\u00e9rmica \u00e9 aprovado na C\u00e2mara - VerdadeOn","isPartOf":{"@id":"https:\/\/verdadeon.com.br\/portal\/#website"},"primaryImageOfPage":{"@id":"https:\/\/verdadeon.com.br\/portal\/2022\/09\/27\/projeto-que-incentiva-uso-de-energia-fotovoltaica-e-termica-e-aprovado-na-camara\/#primaryimage"},"image":{"@id":"https:\/\/verdadeon.com.br\/portal\/2022\/09\/27\/projeto-que-incentiva-uso-de-energia-fotovoltaica-e-termica-e-aprovado-na-camara\/#primaryimage"},"thumbnailUrl":"https:\/\/i0.wp.com\/verdadeon.com.br\/portal\/wp-content\/uploads\/2022\/07\/23SESSAO-1-e1657058914419.jpg?fit=998%2C670&ssl=1","datePublished":"2022-09-27T16:30:43+00:00","dateModified":"2022-09-27T20:31:43+00:00","author":{"@id":"https:\/\/verdadeon.com.br\/portal\/#\/schema\/person\/cc32be22b8e8599387c480bc83e1d11a"},"breadcrumb":{"@id":"https:\/\/verdadeon.com.br\/portal\/2022\/09\/27\/projeto-que-incentiva-uso-de-energia-fotovoltaica-e-termica-e-aprovado-na-camara\/#breadcrumb"},"inLanguage":"pt-BR","potentialAction":[{"@type":"ReadAction","target":["https:\/\/verdadeon.com.br\/portal\/2022\/09\/27\/projeto-que-incentiva-uso-de-energia-fotovoltaica-e-termica-e-aprovado-na-camara\/"]}]},{"@type":"ImageObject","inLanguage":"pt-BR","@id":"https:\/\/verdadeon.com.br\/portal\/2022\/09\/27\/projeto-que-incentiva-uso-de-energia-fotovoltaica-e-termica-e-aprovado-na-camara\/#primaryimage","url":"https:\/\/i0.wp.com\/verdadeon.com.br\/portal\/wp-content\/uploads\/2022\/07\/23SESSAO-1-e1657058914419.jpg?fit=998%2C670&ssl=1","contentUrl":"https:\/\/i0.wp.com\/verdadeon.com.br\/portal\/wp-content\/uploads\/2022\/07\/23SESSAO-1-e1657058914419.jpg?fit=998%2C670&ssl=1","width":998,"height":670,"caption":"Sess\u00e3o pode ser acompanhada pela popula\u00e7\u00e3o no Plen\u00e1rio da Casa de Leis, al\u00e9m da TV C\u00e2mara e redes sociais | Foto: Divulga\u00e7\u00e3o"},{"@type":"BreadcrumbList","@id":"https:\/\/verdadeon.com.br\/portal\/2022\/09\/27\/projeto-que-incentiva-uso-de-energia-fotovoltaica-e-termica-e-aprovado-na-camara\/#breadcrumb","itemListElement":[{"@type":"ListItem","position":1,"name":"In\u00edcio","item":"https:\/\/verdadeon.com.br\/portal\/"},{"@type":"ListItem","position":2,"name":"Projeto que incentiva uso de energia fotovoltaica e t\u00e9rmica \u00e9 aprovado na C\u00e2mara"}]},{"@type":"WebSite","@id":"https:\/\/verdadeon.com.br\/portal\/#website","url":"https:\/\/verdadeon.com.br\/portal\/","name":"VerdadeOn","description":"Not\u00edcias di\u00e1rias sobre Franca, Regi\u00e3o, Esporte, Cultura, Cotidiano, Colunas. Cobertura nos principais eventos da cidade \u00e9 aqui - Verdadeon Franca","potentialAction":[{"@type":"SearchAction","target":{"@type":"EntryPoint","urlTemplate":"https:\/\/verdadeon.com.br\/portal\/?s={search_term_string}"},"query-input":{"@type":"PropertyValueSpecification","valueRequired":true,"valueName":"search_term_string"}}],"inLanguage":"pt-BR"},{"@type":"Person","@id":"https:\/\/verdadeon.com.br\/portal\/#\/schema\/person\/cc32be22b8e8599387c480bc83e1d11a","name":"Fernando Lima","image":{"@type":"ImageObject","inLanguage":"pt-BR","@id":"https:\/\/verdadeon.com.br\/portal\/#\/schema\/person\/image\/","url":"https:\/\/secure.gravatar.com\/avatar\/df4c8e132080d2b3a4841d5d232045464e0eed11a1d6e43115ca0843d48768d3?s=96&d=mm&r=g","contentUrl":"https:\/\/secure.gravatar.com\/avatar\/df4c8e132080d2b3a4841d5d232045464e0eed11a1d6e43115ca0843d48768d3?s=96&d=mm&r=g","caption":"Fernando Lima"},"sameAs":["http:\/\/verdadeon.com.br\/"],"url":"https:\/\/verdadeon.com.br\/portal\/author\/fernando-lima\/"}]}},"jetpack_publicize_connections":[],"jetpack_featured_media_url":"https:\/\/i0.wp.com\/verdadeon.com.br\/portal\/wp-content\/uploads\/2022\/07\/23SESSAO-1-e1657058914419.jpg?fit=998%2C670&ssl=1","jetpack_sharing_enabled":true,"_links":{"self":[{"href":"https:\/\/verdadeon.com.br\/portal\/wp-json\/wp\/v2\/posts\/28413","targetHints":{"allow":["GET"]}}],"collection":[{"href":"https:\/\/verdadeon.com.br\/portal\/wp-json\/wp\/v2\/posts"}],"about":[{"href":"https:\/\/verdadeon.com.br\/portal\/wp-json\/wp\/v2\/types\/post"}],"author":[{"embeddable":true,"href":"https:\/\/verdadeon.com.br\/portal\/wp-json\/wp\/v2\/users\/7"}],"replies":[{"embeddable":true,"href":"https:\/\/verdadeon.com.br\/portal\/wp-json\/wp\/v2\/comments?post=28413"}],"version-history":[{"count":1,"href":"https:\/\/verdadeon.com.br\/portal\/wp-json\/wp\/v2\/posts\/28413\/revisions"}],"predecessor-version":[{"id":28418,"href":"https:\/\/verdadeon.com.br\/portal\/wp-json\/wp\/v2\/posts\/28413\/revisions\/28418"}],"wp:featuredmedia":[{"embeddable":true,"href":"https:\/\/verdadeon.com.br\/portal\/wp-json\/wp\/v2\/media\/26311"}],"wp:attachment":[{"href":"https:\/\/verdadeon.com.br\/portal\/wp-json\/wp\/v2\/media?parent=28413"}],"wp:term":[{"taxonomy":"category","embeddable":true,"href":"https:\/\/verdadeon.com.br\/portal\/wp-json\/wp\/v2\/categories?post=28413"},{"taxonomy":"post_tag","embeddable":true,"href":"https:\/\/verdadeon.com.br\/portal\/wp-json\/wp\/v2\/tags?post=28413"}],"curies":[{"name":"wp","href":"https:\/\/api.w.org\/{rel}","templated":true}]}}