{"id":28391,"date":"2022-09-27T15:38:36","date_gmt":"2022-09-27T18:38:36","guid":{"rendered":"https:\/\/verdadeon.com.br\/portal\/?p=28391"},"modified":"2022-09-27T16:31:48","modified_gmt":"2022-09-27T19:31:48","slug":"ha-um-ano-e-meio-peco-uma-lombofaixa-aqui-mas-a-prefeitura-nao-faz-nada-diz-amigo-de-motociclista-morto-em-acidente","status":"publish","type":"post","link":"https:\/\/verdadeon.com.br\/portal\/2022\/09\/27\/ha-um-ano-e-meio-peco-uma-lombofaixa-aqui-mas-a-prefeitura-nao-faz-nada-diz-amigo-de-motociclista-morto-em-acidente\/","title":{"rendered":"&#8216;H\u00e1 um ano e meio pe\u00e7o uma lombofaixa aqui, mas a Prefeitura n\u00e3o faz nada&#8217;, diz amigo de motociclista morto em acidente"},"content":{"rendered":"<h2>C\u00e2meras de seguran\u00e7a flagraram o momento em que a v\u00edtima \u00e9 atingida em cheio pelo condutor que invadiu a contram\u00e3o<\/h2>\n<p>O a\u00e7ougueiro Jos\u00e9 Orlando testemunhou o acidente que terminou em morte na avenida Geralda Rocha Silva, na zona norte da cidade, ele era amigo do motociclista morto, Jo\u00e3o Severino de 53 anos. Ele conta que possu\u00ed v\u00e1rios of\u00edcios pedindo melhorias na sinaliza\u00e7\u00e3o do local, que \u00e9 palco frequente de acidentes.<\/p>\n<p>&#8220;H\u00e1 um ano e meio a gente pede melhorias, j\u00e1 pedi lombofaixas para diminuir a velocidade, mas nada \u00e9 feito. Os carros descem em alta velocidade por aqui, n\u00e3o conseguem fazer a curva e invadem a contram\u00e3o, assim como aconteceu com o Jo\u00e3o. Ele era vendedor, eu inclusive comprava muito dele&#8221;, relatou o empres\u00e1rio.<\/p>\n<p>Ainda segundo Jos\u00e9, o motociclista morreu antes da chegada do socorro. &#8220;Foi um barulho muito alto, a gente assustou demais. Na hora j\u00e1 ligamos para o SAMU, mas pelo que vimos ele n\u00e3o resistiria mesmo, ele estava muito machucado. At\u00e9 deu vontade de socorrer, tirar o capacete, mas n\u00e3o pudemos fazer isso. Infelizmente mais uma morte. H\u00e1 um ano e meio pe\u00e7o uma lombofaixa aqui, mas a Prefeitura n\u00e3o faz nada. Essa morte poderia ser evitada, e outras tamb\u00e9m&#8221;, desabafou.<\/p>\n<p>O motociclista Marcos Oliveira passa pelo local todo dia. Para ele o problema tem in\u00edcio no alto da avenida, que \u00e9 muito estreito. &#8220;J\u00e1 disseram que iam duplicar a avenida, mas n\u00e3o tem espa\u00e7o pra isso. Tem que melhorar a sinaliza\u00e7\u00e3o, os carros passam por aqui voando e outros acidentes podem acontecer&#8221;, disse o motociclista.<\/p>\n<h4>O acidente<\/h4>\n<p>Foi na noite de segunda-feira (26), que o vendedor Jo\u00e3o Severino de 53 anos, perdeu a vida no acidente. Ele subia a Geralda Rocha Silva, no sentido Jo\u00e3o Liporoni ao Tropical, quando foi atingido por um carro que seguia no sentido oposto e invadiu a contram\u00e3o. Ele foi arremessado e com o impacto, morreu na hora, antes da chegada do socorro.<\/p>\n<p>A per\u00edcia esteve no local e as causas do acidente e da morte ser\u00e3o apuradas. O condutor do carro afirmou que n\u00e3o viu o motociclista e que por isso n\u00e3o p\u00f4de evitar o acidente, testemunhas disseram que ele estava em alta velocidade, e por isso n\u00e3o havia conseguido fazer a curva.<\/p>\n<p>O corpo dele foi levado para o Instituto M\u00e9dico Legal (IML) de Franca, e ap\u00f3s liberado para os familiares. O sepultamento acontece \u00e0s 16h desta ter\u00e7a-feira (27), no cemit\u00e9rio Santo Agostinho.<\/p>\n<h4>Retorno<\/h4>\n<p>O Jornal Verdade pediu um posicionamento para a Prefeitura sobre a falta de sinaliza\u00e7\u00e3o no local, confira a nota:<\/p>\n<p>&#8220;A Secretaria de Seguran\u00e7a informa que enviou uma equipe t\u00e9cnica na avenida Geralda Rocha Silva e, ap\u00f3s an\u00e1lise, foi constatado que no local do acidente existe uma curva, inviabilizando a instala\u00e7\u00e3o de lombada ou lombofaixa.\u00a0Comunica ainda que ir\u00e1 refor\u00e7ar a sinaliza\u00e7\u00e3o no local&#8221;.<\/p>\n<p>Confira as imagens do acidente:<\/p>\n<div style=\"width: 640px;\" class=\"wp-video\"><!--[if lt IE 9]><script>document.createElement('video');<\/script><![endif]-->\n<video class=\"wp-video-shortcode\" id=\"video-28391-1\" width=\"640\" height=\"352\" preload=\"metadata\" controls=\"controls\"><source type=\"video\/mp4\" src=\"https:\/\/verdadeon.com.br\/portal\/wp-content\/uploads\/2022\/09\/ACIDENTE.mp4?_=1\" \/><a href=\"https:\/\/verdadeon.com.br\/portal\/wp-content\/uploads\/2022\/09\/ACIDENTE.mp4\">https:\/\/verdadeon.com.br\/portal\/wp-content\/uploads\/2022\/09\/ACIDENTE.mp4<\/a><\/video><\/div>\n","protected":false},"excerpt":{"rendered":"<p>C\u00e2meras de seguran\u00e7a flagraram o momento em que a v\u00edtima \u00e9 atingida em cheio pelo condutor que invadiu a contram\u00e3o O a\u00e7ougueiro Jos\u00e9 Orlando testemunhou o<span class=\"excerpt-hellip\"> [\u2026]<\/span><\/p>\n","protected":false},"author":7,"featured_media":28400,"comment_status":"open","ping_status":"open","sticky":false,"template":"","format":"standard","meta":{"_jetpack_memberships_contains_paid_content":false,"footnotes":"","jetpack_publicize_message":"","jetpack_publicize_feature_enabled":true,"jetpack_social_post_already_shared":false,"jetpack_social_options":{"image_generator_settings":{"template":"highway","default_image_id":0,"enabled":false},"version":2}},"categories":[28,81],"tags":[],"class_list":["post-28391","post","type-post","status-publish","format-standard","has-post-thumbnail","hentry","category-cotidiano","category-manchete"],"yoast_head":"<!-- This site is optimized with the Yoast SEO plugin v25.6 - https:\/\/yoast.com\/wordpress\/plugins\/seo\/ -->\n<title>&#039;H\u00e1 um ano e meio pe\u00e7o uma lombofaixa aqui, mas a Prefeitura n\u00e3o faz nada&#039;, diz amigo de motociclista morto em acidente - VerdadeOn<\/title>\n<meta name=\"robots\" content=\"index, follow, max-snippet:-1, max-image-preview:large, max-video-preview:-1\" \/>\n<link rel=\"canonical\" href=\"https:\/\/verdadeon.com.br\/portal\/2022\/09\/27\/ha-um-ano-e-meio-peco-uma-lombofaixa-aqui-mas-a-prefeitura-nao-faz-nada-diz-amigo-de-motociclista-morto-em-acidente\/\" \/>\n<meta property=\"og:locale\" content=\"pt_BR\" \/>\n<meta property=\"og:type\" content=\"article\" \/>\n<meta property=\"og:title\" content=\"&#039;H\u00e1 um ano e meio pe\u00e7o uma lombofaixa aqui, mas a Prefeitura n\u00e3o faz nada&#039;, diz amigo de motociclista morto em acidente - VerdadeOn\" \/>\n<meta property=\"og:description\" content=\"C\u00e2meras de seguran\u00e7a flagraram o momento em que a v\u00edtima \u00e9 atingida em cheio pelo condutor que invadiu a contram\u00e3o O a\u00e7ougueiro Jos\u00e9 Orlando testemunhou o [\u2026]\" \/>\n<meta property=\"og:url\" content=\"https:\/\/verdadeon.com.br\/portal\/2022\/09\/27\/ha-um-ano-e-meio-peco-uma-lombofaixa-aqui-mas-a-prefeitura-nao-faz-nada-diz-amigo-de-motociclista-morto-em-acidente\/\" \/>\n<meta property=\"og:site_name\" content=\"VerdadeOn\" \/>\n<meta property=\"article:published_time\" content=\"2022-09-27T18:38:36+00:00\" \/>\n<meta property=\"article:modified_time\" content=\"2022-09-27T19:31:48+00:00\" \/>\n<meta property=\"og:image\" content=\"https:\/\/verdadeon.com.br\/portal\/wp-content\/uploads\/2022\/09\/ACIDENTE-22-e1664302270185.png\" \/>\n\t<meta property=\"og:image:width\" content=\"999\" \/>\n\t<meta property=\"og:image:height\" content=\"668\" \/>\n\t<meta property=\"og:image:type\" content=\"image\/png\" \/>\n<meta name=\"author\" content=\"Fernando Lima\" \/>\n<meta name=\"twitter:card\" content=\"summary_large_image\" \/>\n<meta name=\"twitter:label1\" content=\"Escrito por\" \/>\n\t<meta name=\"twitter:data1\" content=\"Fernando Lima\" \/>\n\t<meta name=\"twitter:label2\" content=\"Est. tempo de leitura\" \/>\n\t<meta name=\"twitter:data2\" content=\"3 minutos\" \/>\n<script type=\"application\/ld+json\" class=\"yoast-schema-graph\">{\"@context\":\"https:\/\/schema.org\",\"@graph\":[{\"@type\":\"WebPage\",\"@id\":\"https:\/\/verdadeon.com.br\/portal\/2022\/09\/27\/ha-um-ano-e-meio-peco-uma-lombofaixa-aqui-mas-a-prefeitura-nao-faz-nada-diz-amigo-de-motociclista-morto-em-acidente\/\",\"url\":\"https:\/\/verdadeon.com.br\/portal\/2022\/09\/27\/ha-um-ano-e-meio-peco-uma-lombofaixa-aqui-mas-a-prefeitura-nao-faz-nada-diz-amigo-de-motociclista-morto-em-acidente\/\",\"name\":\"'H\u00e1 um ano e meio pe\u00e7o uma lombofaixa aqui, mas a Prefeitura n\u00e3o faz nada', diz amigo de motociclista morto em acidente - VerdadeOn\",\"isPartOf\":{\"@id\":\"https:\/\/verdadeon.com.br\/portal\/#website\"},\"primaryImageOfPage\":{\"@id\":\"https:\/\/verdadeon.com.br\/portal\/2022\/09\/27\/ha-um-ano-e-meio-peco-uma-lombofaixa-aqui-mas-a-prefeitura-nao-faz-nada-diz-amigo-de-motociclista-morto-em-acidente\/#primaryimage\"},\"image\":{\"@id\":\"https:\/\/verdadeon.com.br\/portal\/2022\/09\/27\/ha-um-ano-e-meio-peco-uma-lombofaixa-aqui-mas-a-prefeitura-nao-faz-nada-diz-amigo-de-motociclista-morto-em-acidente\/#primaryimage\"},\"thumbnailUrl\":\"https:\/\/i0.wp.com\/verdadeon.com.br\/portal\/wp-content\/uploads\/2022\/09\/ACIDENTE-22-e1664302270185.png?fit=999%2C668&ssl=1\",\"datePublished\":\"2022-09-27T18:38:36+00:00\",\"dateModified\":\"2022-09-27T19:31:48+00:00\",\"author\":{\"@id\":\"https:\/\/verdadeon.com.br\/portal\/#\/schema\/person\/cc32be22b8e8599387c480bc83e1d11a\"},\"breadcrumb\":{\"@id\":\"https:\/\/verdadeon.com.br\/portal\/2022\/09\/27\/ha-um-ano-e-meio-peco-uma-lombofaixa-aqui-mas-a-prefeitura-nao-faz-nada-diz-amigo-de-motociclista-morto-em-acidente\/#breadcrumb\"},\"inLanguage\":\"pt-BR\",\"potentialAction\":[{\"@type\":\"ReadAction\",\"target\":[\"https:\/\/verdadeon.com.br\/portal\/2022\/09\/27\/ha-um-ano-e-meio-peco-uma-lombofaixa-aqui-mas-a-prefeitura-nao-faz-nada-diz-amigo-de-motociclista-morto-em-acidente\/\"]}]},{\"@type\":\"ImageObject\",\"inLanguage\":\"pt-BR\",\"@id\":\"https:\/\/verdadeon.com.br\/portal\/2022\/09\/27\/ha-um-ano-e-meio-peco-uma-lombofaixa-aqui-mas-a-prefeitura-nao-faz-nada-diz-amigo-de-motociclista-morto-em-acidente\/#primaryimage\",\"url\":\"https:\/\/i0.wp.com\/verdadeon.com.br\/portal\/wp-content\/uploads\/2022\/09\/ACIDENTE-22-e1664302270185.png?fit=999%2C668&ssl=1\",\"contentUrl\":\"https:\/\/i0.wp.com\/verdadeon.com.br\/portal\/wp-content\/uploads\/2022\/09\/ACIDENTE-22-e1664302270185.png?fit=999%2C668&ssl=1\",\"width\":999,\"height\":668,\"caption\":\"Acidente foi registrado por c\u00e2mera de seguran\u00e7a de resid\u00eancia na avenida Geralda Rocha Silva, na zona norte de Franca | Foto: Reprodu\u00e7\u00e3o\"},{\"@type\":\"BreadcrumbList\",\"@id\":\"https:\/\/verdadeon.com.br\/portal\/2022\/09\/27\/ha-um-ano-e-meio-peco-uma-lombofaixa-aqui-mas-a-prefeitura-nao-faz-nada-diz-amigo-de-motociclista-morto-em-acidente\/#breadcrumb\",\"itemListElement\":[{\"@type\":\"ListItem\",\"position\":1,\"name\":\"In\u00edcio\",\"item\":\"https:\/\/verdadeon.com.br\/portal\/\"},{\"@type\":\"ListItem\",\"position\":2,\"name\":\"&#8216;H\u00e1 um ano e meio pe\u00e7o uma lombofaixa aqui, mas a Prefeitura n\u00e3o faz nada&#8217;, diz amigo de motociclista morto em acidente\"}]},{\"@type\":\"WebSite\",\"@id\":\"https:\/\/verdadeon.com.br\/portal\/#website\",\"url\":\"https:\/\/verdadeon.com.br\/portal\/\",\"name\":\"VerdadeOn\",\"description\":\"Not\u00edcias di\u00e1rias sobre Franca, Regi\u00e3o, Esporte, Cultura, Cotidiano, Colunas. Cobertura nos principais eventos da cidade \u00e9 aqui - Verdadeon Franca\",\"potentialAction\":[{\"@type\":\"SearchAction\",\"target\":{\"@type\":\"EntryPoint\",\"urlTemplate\":\"https:\/\/verdadeon.com.br\/portal\/?s={search_term_string}\"},\"query-input\":{\"@type\":\"PropertyValueSpecification\",\"valueRequired\":true,\"valueName\":\"search_term_string\"}}],\"inLanguage\":\"pt-BR\"},{\"@type\":\"Person\",\"@id\":\"https:\/\/verdadeon.com.br\/portal\/#\/schema\/person\/cc32be22b8e8599387c480bc83e1d11a\",\"name\":\"Fernando Lima\",\"image\":{\"@type\":\"ImageObject\",\"inLanguage\":\"pt-BR\",\"@id\":\"https:\/\/verdadeon.com.br\/portal\/#\/schema\/person\/image\/\",\"url\":\"https:\/\/secure.gravatar.com\/avatar\/df4c8e132080d2b3a4841d5d232045464e0eed11a1d6e43115ca0843d48768d3?s=96&d=mm&r=g\",\"contentUrl\":\"https:\/\/secure.gravatar.com\/avatar\/df4c8e132080d2b3a4841d5d232045464e0eed11a1d6e43115ca0843d48768d3?s=96&d=mm&r=g\",\"caption\":\"Fernando Lima\"},\"sameAs\":[\"http:\/\/verdadeon.com.br\/\"],\"url\":\"https:\/\/verdadeon.com.br\/portal\/author\/fernando-lima\/\"}]}<\/script>\n<!-- \/ Yoast SEO plugin. -->","yoast_head_json":{"title":"'H\u00e1 um ano e meio pe\u00e7o uma lombofaixa aqui, mas a Prefeitura n\u00e3o faz nada', diz amigo de motociclista morto em acidente - VerdadeOn","robots":{"index":"index","follow":"follow","max-snippet":"max-snippet:-1","max-image-preview":"max-image-preview:large","max-video-preview":"max-video-preview:-1"},"canonical":"https:\/\/verdadeon.com.br\/portal\/2022\/09\/27\/ha-um-ano-e-meio-peco-uma-lombofaixa-aqui-mas-a-prefeitura-nao-faz-nada-diz-amigo-de-motociclista-morto-em-acidente\/","og_locale":"pt_BR","og_type":"article","og_title":"'H\u00e1 um ano e meio pe\u00e7o uma lombofaixa aqui, mas a Prefeitura n\u00e3o faz nada', diz amigo de motociclista morto em acidente - VerdadeOn","og_description":"C\u00e2meras de seguran\u00e7a flagraram o momento em que a v\u00edtima \u00e9 atingida em cheio pelo condutor que invadiu a contram\u00e3o O a\u00e7ougueiro Jos\u00e9 Orlando testemunhou o [\u2026]","og_url":"https:\/\/verdadeon.com.br\/portal\/2022\/09\/27\/ha-um-ano-e-meio-peco-uma-lombofaixa-aqui-mas-a-prefeitura-nao-faz-nada-diz-amigo-de-motociclista-morto-em-acidente\/","og_site_name":"VerdadeOn","article_published_time":"2022-09-27T18:38:36+00:00","article_modified_time":"2022-09-27T19:31:48+00:00","og_image":[{"width":999,"height":668,"url":"https:\/\/verdadeon.com.br\/portal\/wp-content\/uploads\/2022\/09\/ACIDENTE-22-e1664302270185.png","type":"image\/png"}],"author":"Fernando Lima","twitter_card":"summary_large_image","twitter_misc":{"Escrito por":"Fernando Lima","Est. tempo de leitura":"3 minutos"},"schema":{"@context":"https:\/\/schema.org","@graph":[{"@type":"WebPage","@id":"https:\/\/verdadeon.com.br\/portal\/2022\/09\/27\/ha-um-ano-e-meio-peco-uma-lombofaixa-aqui-mas-a-prefeitura-nao-faz-nada-diz-amigo-de-motociclista-morto-em-acidente\/","url":"https:\/\/verdadeon.com.br\/portal\/2022\/09\/27\/ha-um-ano-e-meio-peco-uma-lombofaixa-aqui-mas-a-prefeitura-nao-faz-nada-diz-amigo-de-motociclista-morto-em-acidente\/","name":"'H\u00e1 um ano e meio pe\u00e7o uma lombofaixa aqui, mas a Prefeitura n\u00e3o faz nada', diz amigo de motociclista morto em acidente - VerdadeOn","isPartOf":{"@id":"https:\/\/verdadeon.com.br\/portal\/#website"},"primaryImageOfPage":{"@id":"https:\/\/verdadeon.com.br\/portal\/2022\/09\/27\/ha-um-ano-e-meio-peco-uma-lombofaixa-aqui-mas-a-prefeitura-nao-faz-nada-diz-amigo-de-motociclista-morto-em-acidente\/#primaryimage"},"image":{"@id":"https:\/\/verdadeon.com.br\/portal\/2022\/09\/27\/ha-um-ano-e-meio-peco-uma-lombofaixa-aqui-mas-a-prefeitura-nao-faz-nada-diz-amigo-de-motociclista-morto-em-acidente\/#primaryimage"},"thumbnailUrl":"https:\/\/i0.wp.com\/verdadeon.com.br\/portal\/wp-content\/uploads\/2022\/09\/ACIDENTE-22-e1664302270185.png?fit=999%2C668&ssl=1","datePublished":"2022-09-27T18:38:36+00:00","dateModified":"2022-09-27T19:31:48+00:00","author":{"@id":"https:\/\/verdadeon.com.br\/portal\/#\/schema\/person\/cc32be22b8e8599387c480bc83e1d11a"},"breadcrumb":{"@id":"https:\/\/verdadeon.com.br\/portal\/2022\/09\/27\/ha-um-ano-e-meio-peco-uma-lombofaixa-aqui-mas-a-prefeitura-nao-faz-nada-diz-amigo-de-motociclista-morto-em-acidente\/#breadcrumb"},"inLanguage":"pt-BR","potentialAction":[{"@type":"ReadAction","target":["https:\/\/verdadeon.com.br\/portal\/2022\/09\/27\/ha-um-ano-e-meio-peco-uma-lombofaixa-aqui-mas-a-prefeitura-nao-faz-nada-diz-amigo-de-motociclista-morto-em-acidente\/"]}]},{"@type":"ImageObject","inLanguage":"pt-BR","@id":"https:\/\/verdadeon.com.br\/portal\/2022\/09\/27\/ha-um-ano-e-meio-peco-uma-lombofaixa-aqui-mas-a-prefeitura-nao-faz-nada-diz-amigo-de-motociclista-morto-em-acidente\/#primaryimage","url":"https:\/\/i0.wp.com\/verdadeon.com.br\/portal\/wp-content\/uploads\/2022\/09\/ACIDENTE-22-e1664302270185.png?fit=999%2C668&ssl=1","contentUrl":"https:\/\/i0.wp.com\/verdadeon.com.br\/portal\/wp-content\/uploads\/2022\/09\/ACIDENTE-22-e1664302270185.png?fit=999%2C668&ssl=1","width":999,"height":668,"caption":"Acidente foi registrado por c\u00e2mera de seguran\u00e7a de resid\u00eancia na avenida Geralda Rocha Silva, na zona norte de Franca | Foto: Reprodu\u00e7\u00e3o"},{"@type":"BreadcrumbList","@id":"https:\/\/verdadeon.com.br\/portal\/2022\/09\/27\/ha-um-ano-e-meio-peco-uma-lombofaixa-aqui-mas-a-prefeitura-nao-faz-nada-diz-amigo-de-motociclista-morto-em-acidente\/#breadcrumb","itemListElement":[{"@type":"ListItem","position":1,"name":"In\u00edcio","item":"https:\/\/verdadeon.com.br\/portal\/"},{"@type":"ListItem","position":2,"name":"&#8216;H\u00e1 um ano e meio pe\u00e7o uma lombofaixa aqui, mas a Prefeitura n\u00e3o faz nada&#8217;, diz amigo de motociclista morto em acidente"}]},{"@type":"WebSite","@id":"https:\/\/verdadeon.com.br\/portal\/#website","url":"https:\/\/verdadeon.com.br\/portal\/","name":"VerdadeOn","description":"Not\u00edcias di\u00e1rias sobre Franca, Regi\u00e3o, Esporte, Cultura, Cotidiano, Colunas. Cobertura nos principais eventos da cidade \u00e9 aqui - Verdadeon Franca","potentialAction":[{"@type":"SearchAction","target":{"@type":"EntryPoint","urlTemplate":"https:\/\/verdadeon.com.br\/portal\/?s={search_term_string}"},"query-input":{"@type":"PropertyValueSpecification","valueRequired":true,"valueName":"search_term_string"}}],"inLanguage":"pt-BR"},{"@type":"Person","@id":"https:\/\/verdadeon.com.br\/portal\/#\/schema\/person\/cc32be22b8e8599387c480bc83e1d11a","name":"Fernando Lima","image":{"@type":"ImageObject","inLanguage":"pt-BR","@id":"https:\/\/verdadeon.com.br\/portal\/#\/schema\/person\/image\/","url":"https:\/\/secure.gravatar.com\/avatar\/df4c8e132080d2b3a4841d5d232045464e0eed11a1d6e43115ca0843d48768d3?s=96&d=mm&r=g","contentUrl":"https:\/\/secure.gravatar.com\/avatar\/df4c8e132080d2b3a4841d5d232045464e0eed11a1d6e43115ca0843d48768d3?s=96&d=mm&r=g","caption":"Fernando Lima"},"sameAs":["http:\/\/verdadeon.com.br\/"],"url":"https:\/\/verdadeon.com.br\/portal\/author\/fernando-lima\/"}]}},"jetpack_publicize_connections":[],"jetpack_featured_media_url":"https:\/\/i0.wp.com\/verdadeon.com.br\/portal\/wp-content\/uploads\/2022\/09\/ACIDENTE-22-e1664302270185.png?fit=999%2C668&ssl=1","jetpack_sharing_enabled":true,"_links":{"self":[{"href":"https:\/\/verdadeon.com.br\/portal\/wp-json\/wp\/v2\/posts\/28391","targetHints":{"allow":["GET"]}}],"collection":[{"href":"https:\/\/verdadeon.com.br\/portal\/wp-json\/wp\/v2\/posts"}],"about":[{"href":"https:\/\/verdadeon.com.br\/portal\/wp-json\/wp\/v2\/types\/post"}],"author":[{"embeddable":true,"href":"https:\/\/verdadeon.com.br\/portal\/wp-json\/wp\/v2\/users\/7"}],"replies":[{"embeddable":true,"href":"https:\/\/verdadeon.com.br\/portal\/wp-json\/wp\/v2\/comments?post=28391"}],"version-history":[{"count":3,"href":"https:\/\/verdadeon.com.br\/portal\/wp-json\/wp\/v2\/posts\/28391\/revisions"}],"predecessor-version":[{"id":28412,"href":"https:\/\/verdadeon.com.br\/portal\/wp-json\/wp\/v2\/posts\/28391\/revisions\/28412"}],"wp:featuredmedia":[{"embeddable":true,"href":"https:\/\/verdadeon.com.br\/portal\/wp-json\/wp\/v2\/media\/28400"}],"wp:attachment":[{"href":"https:\/\/verdadeon.com.br\/portal\/wp-json\/wp\/v2\/media?parent=28391"}],"wp:term":[{"taxonomy":"category","embeddable":true,"href":"https:\/\/verdadeon.com.br\/portal\/wp-json\/wp\/v2\/categories?post=28391"},{"taxonomy":"post_tag","embeddable":true,"href":"https:\/\/verdadeon.com.br\/portal\/wp-json\/wp\/v2\/tags?post=28391"}],"curies":[{"name":"wp","href":"https:\/\/api.w.org\/{rel}","templated":true}]}}