{"id":28367,"date":"2022-09-26T14:00:01","date_gmt":"2022-09-26T17:00:01","guid":{"rendered":"https:\/\/verdadeon.com.br\/portal\/?p=28367"},"modified":"2022-09-26T17:06:17","modified_gmt":"2022-09-26T20:06:17","slug":"a-um-passo-de-garantir-a-classificacao-para-a-semifinal-sesi-franca-busca-corrigir-erros-contra-o-sao-jose","status":"publish","type":"post","link":"https:\/\/verdadeon.com.br\/portal\/2022\/09\/26\/a-um-passo-de-garantir-a-classificacao-para-a-semifinal-sesi-franca-busca-corrigir-erros-contra-o-sao-jose\/","title":{"rendered":"A um passo de garantir a classifica\u00e7\u00e3o para a semifinal, Sesi Franca busca corrigir erros contra o S\u00e3o Jos\u00e9"},"content":{"rendered":"<h2>Equipe de Helinho Garcia derrotou o S\u00e3o Jos\u00e9 sem grandes dificuldades, mas defesa de contra-ataque ainda \u00e9 desafio<\/h2>\n<p>O Sesi Franca Basquete est\u00e1 a uma vit\u00f3ria de garantir a vaga para a semifinal do Campeonato Paulista 2022, depois de garantir a vit\u00f3ria contra o S\u00e3o Jos\u00e9, na casa do advers\u00e1rio no domingo (25).<\/p>\n<p>\u201cA gente fez um grande jogo l\u00e1 em S\u00e3o Jos\u00e9, conseguimos conquistar uma vit\u00f3ria por 14 pontos, claro que a gente visualiza que temos que melhorar. O Franca Basquete tem que melhorar uma das caracter\u00edsticas mais importantes, que \u00e9 uma consist\u00eancia defensiva come\u00e7ando pelo balan\u00e7o defensivo, pela volta para n\u00e3o sofrer contra-ataque da equipe advers\u00e1ria\u201d, disse Helinho Garcia, t\u00e9cnico do Sesi Franca.<\/p>\n<p>Para ele essas mudan\u00e7as v\u00e3o garantir a vit\u00f3ria e consequentemente a classifica\u00e7\u00e3o para a pr\u00f3xima fase. \u201cA partir dessa defesa mais consistente a gente pode atrav\u00e9s de um rebote ou de uma bola recuperada, ditar o ritmo da partida, poder jogar com volume maior que a gente puder\u201d, disse.<\/p>\n<p>A vit\u00f3ria contra o S\u00e3o Jos\u00e9 foi na noite de domingo, os francanos n\u00e3o tiveram grandes dificuldades contra o advers\u00e1rio que jogava em casa.<\/p>\n<p>O grande destaque da partida foi David Jackson, com 24 pontos, dois rebotes e quatro assist\u00eancias. Lucas Mariano anotou 20 pontos, al\u00e9m de oito rebotes e uma assist\u00eancia.<\/p>\n<p>Lucas Dias tamb\u00e9m se destacou, foram 17 cestas, nove rebotes e cinco assist\u00eancias, enquanto que Georginho fez tamb\u00e9m 17 pontos, mas seis rebotes e quatro assist\u00eancias.<\/p>\n<p>O pr\u00f3ximo jogo \u00e9 nesta ter\u00e7a-feira (27), no Pedroc\u00e3o a partir das 20h, com transmiss\u00e3o ao vivo pelo Youtube do Sesi Franca.<\/p>\n<h4>Copa Basquete<\/h4>\n<div>A Copa de Basquete s\u00e9ries Ouro, Prata e Bronze, organizada pela Funda\u00e7\u00e3o Esporte, Arte e Cultura (FEAC) com a participa\u00e7\u00e3o de 20 agremia\u00e7\u00f5es da cidade e regi\u00e3o, foi encerrada com as partidas disputadas no Poliesportivo onde, primeiramente, na s\u00e9rie Prata, o The Bronx foi melhor, vencendo o Manoel Adulto pelo placar de 67 x 59.<\/div>\n<div>No outro confronto, pela s\u00e9rie Ouro, o Atlhletic Sun West mostrou o seu potencial, vencendo o Jussara por 87 x 73, conquistando o t\u00edtulo da temporada.<\/div>\n<div>O atleta Eduardo Marques, do Athletic Sun West, foi eleito o MVP do confronto, uma refer\u00eancia que o identificou como o jogador de melhor desempenho ao longo do campeonato. Como principal cestinha da Copa, Nikolas Cruz, da equipe do Blue Bear, conseguiu a marca de 210 pontos, em 7 jogos, m\u00e9dia de 31 pontos por confronto e Lu\u00eds Ricci, da Jussara, foi eleito o melhor atleta da competi\u00e7\u00e3o. A equipe eleita Fair Play, foi a Shinaider, aquela cuja postura foi diferenciada pela forma de comportamento leal e \u00e9tico durante a competi\u00e7\u00e3o.<\/div>\n<div>O \u00e1rbitro Fabiano Alves de Paula foi eleito o destaque do evento pela regularidade e postura ao longo da copa. Ao todo, foram 40 jogos na primeira fase, sendo os dois primeiros de cada grupo e at\u00e9 a final totalizou 76 confrontos, sob a coordena\u00e7\u00e3o do professor Aldo Rocha J\u00fanior.<\/div>\n<div>A classifica\u00e7\u00e3o final apontou na s\u00e9rie Bronze, em 1\u00ba lugar o Rafa\u2019s, na s\u00e9rie Prata, o The Bronx e na Ouro, o Athletic Sun West. A s\u00e9rie Bronze foi composta pelas 4 equipes \u00faltimas colocadas da primeira fase da Copa de Basquetebol.<\/div>\n","protected":false},"excerpt":{"rendered":"<p>Equipe de Helinho Garcia derrotou o S\u00e3o Jos\u00e9 sem grandes dificuldades, mas defesa de contra-ataque ainda \u00e9 desafio O Sesi Franca Basquete est\u00e1 a uma vit\u00f3ria<span class=\"excerpt-hellip\"> [\u2026]<\/span><\/p>\n","protected":false},"author":7,"featured_media":18185,"comment_status":"open","ping_status":"open","sticky":false,"template":"","format":"standard","meta":{"_jetpack_memberships_contains_paid_content":false,"footnotes":"","jetpack_publicize_message":"","jetpack_publicize_feature_enabled":true,"jetpack_social_post_already_shared":false,"jetpack_social_options":{"image_generator_settings":{"template":"highway","default_image_id":0,"enabled":false},"version":2}},"categories":[28,81],"tags":[],"class_list":["post-28367","post","type-post","status-publish","format-standard","has-post-thumbnail","hentry","category-cotidiano","category-manchete"],"yoast_head":"<!-- This site is optimized with the Yoast SEO plugin v25.6 - https:\/\/yoast.com\/wordpress\/plugins\/seo\/ -->\n<title>A um passo de garantir a classifica\u00e7\u00e3o para a semifinal, Sesi Franca busca corrigir erros contra o S\u00e3o Jos\u00e9 - VerdadeOn<\/title>\n<meta name=\"robots\" content=\"index, follow, max-snippet:-1, max-image-preview:large, max-video-preview:-1\" \/>\n<link rel=\"canonical\" href=\"https:\/\/verdadeon.com.br\/portal\/2022\/09\/26\/a-um-passo-de-garantir-a-classificacao-para-a-semifinal-sesi-franca-busca-corrigir-erros-contra-o-sao-jose\/\" \/>\n<meta property=\"og:locale\" content=\"pt_BR\" \/>\n<meta property=\"og:type\" content=\"article\" \/>\n<meta property=\"og:title\" content=\"A um passo de garantir a classifica\u00e7\u00e3o para a semifinal, Sesi Franca busca corrigir erros contra o S\u00e3o Jos\u00e9 - VerdadeOn\" \/>\n<meta property=\"og:description\" content=\"Equipe de Helinho Garcia derrotou o S\u00e3o Jos\u00e9 sem grandes dificuldades, mas defesa de contra-ataque ainda \u00e9 desafio O Sesi Franca Basquete est\u00e1 a uma vit\u00f3ria [\u2026]\" \/>\n<meta property=\"og:url\" content=\"https:\/\/verdadeon.com.br\/portal\/2022\/09\/26\/a-um-passo-de-garantir-a-classificacao-para-a-semifinal-sesi-franca-busca-corrigir-erros-contra-o-sao-jose\/\" \/>\n<meta property=\"og:site_name\" content=\"VerdadeOn\" \/>\n<meta property=\"article:published_time\" content=\"2022-09-26T17:00:01+00:00\" \/>\n<meta property=\"article:modified_time\" content=\"2022-09-26T20:06:17+00:00\" \/>\n<meta property=\"og:image\" content=\"https:\/\/verdadeon.com.br\/portal\/wp-content\/uploads\/2021\/07\/HELINHHO-TREINADOR-SESI-FRANCA-BASQUETE-FOTO-MARCOS-LIMONTI-SESI-FRANCA-BASQUETE-e1642266628774.jpeg\" \/>\n\t<meta property=\"og:image:width\" content=\"1001\" \/>\n\t<meta property=\"og:image:height\" content=\"668\" \/>\n\t<meta property=\"og:image:type\" content=\"image\/jpeg\" \/>\n<meta name=\"author\" content=\"Fernando Lima\" \/>\n<meta name=\"twitter:card\" content=\"summary_large_image\" \/>\n<meta name=\"twitter:label1\" content=\"Escrito por\" \/>\n\t<meta name=\"twitter:data1\" content=\"Fernando Lima\" \/>\n\t<meta name=\"twitter:label2\" content=\"Est. tempo de leitura\" \/>\n\t<meta name=\"twitter:data2\" content=\"3 minutos\" \/>\n<script type=\"application\/ld+json\" class=\"yoast-schema-graph\">{\"@context\":\"https:\/\/schema.org\",\"@graph\":[{\"@type\":\"WebPage\",\"@id\":\"https:\/\/verdadeon.com.br\/portal\/2022\/09\/26\/a-um-passo-de-garantir-a-classificacao-para-a-semifinal-sesi-franca-busca-corrigir-erros-contra-o-sao-jose\/\",\"url\":\"https:\/\/verdadeon.com.br\/portal\/2022\/09\/26\/a-um-passo-de-garantir-a-classificacao-para-a-semifinal-sesi-franca-busca-corrigir-erros-contra-o-sao-jose\/\",\"name\":\"A um passo de garantir a classifica\u00e7\u00e3o para a semifinal, Sesi Franca busca corrigir erros contra o S\u00e3o Jos\u00e9 - VerdadeOn\",\"isPartOf\":{\"@id\":\"https:\/\/verdadeon.com.br\/portal\/#website\"},\"primaryImageOfPage\":{\"@id\":\"https:\/\/verdadeon.com.br\/portal\/2022\/09\/26\/a-um-passo-de-garantir-a-classificacao-para-a-semifinal-sesi-franca-busca-corrigir-erros-contra-o-sao-jose\/#primaryimage\"},\"image\":{\"@id\":\"https:\/\/verdadeon.com.br\/portal\/2022\/09\/26\/a-um-passo-de-garantir-a-classificacao-para-a-semifinal-sesi-franca-busca-corrigir-erros-contra-o-sao-jose\/#primaryimage\"},\"thumbnailUrl\":\"https:\/\/i0.wp.com\/verdadeon.com.br\/portal\/wp-content\/uploads\/2021\/07\/HELINHHO-TREINADOR-SESI-FRANCA-BASQUETE-FOTO-MARCOS-LIMONTI-SESI-FRANCA-BASQUETE-e1642266628774.jpeg?fit=1001%2C668&ssl=1\",\"datePublished\":\"2022-09-26T17:00:01+00:00\",\"dateModified\":\"2022-09-26T20:06:17+00:00\",\"author\":{\"@id\":\"https:\/\/verdadeon.com.br\/portal\/#\/schema\/person\/cc32be22b8e8599387c480bc83e1d11a\"},\"breadcrumb\":{\"@id\":\"https:\/\/verdadeon.com.br\/portal\/2022\/09\/26\/a-um-passo-de-garantir-a-classificacao-para-a-semifinal-sesi-franca-busca-corrigir-erros-contra-o-sao-jose\/#breadcrumb\"},\"inLanguage\":\"pt-BR\",\"potentialAction\":[{\"@type\":\"ReadAction\",\"target\":[\"https:\/\/verdadeon.com.br\/portal\/2022\/09\/26\/a-um-passo-de-garantir-a-classificacao-para-a-semifinal-sesi-franca-busca-corrigir-erros-contra-o-sao-jose\/\"]}]},{\"@type\":\"ImageObject\",\"inLanguage\":\"pt-BR\",\"@id\":\"https:\/\/verdadeon.com.br\/portal\/2022\/09\/26\/a-um-passo-de-garantir-a-classificacao-para-a-semifinal-sesi-franca-busca-corrigir-erros-contra-o-sao-jose\/#primaryimage\",\"url\":\"https:\/\/i0.wp.com\/verdadeon.com.br\/portal\/wp-content\/uploads\/2021\/07\/HELINHHO-TREINADOR-SESI-FRANCA-BASQUETE-FOTO-MARCOS-LIMONTI-SESI-FRANCA-BASQUETE-e1642266628774.jpeg?fit=1001%2C668&ssl=1\",\"contentUrl\":\"https:\/\/i0.wp.com\/verdadeon.com.br\/portal\/wp-content\/uploads\/2021\/07\/HELINHHO-TREINADOR-SESI-FRANCA-BASQUETE-FOTO-MARCOS-LIMONTI-SESI-FRANCA-BASQUETE-e1642266628774.jpeg?fit=1001%2C668&ssl=1\",\"width\":1001,\"height\":668,\"caption\":\"Helinho destacou que apesar da vit\u00f3ria, equipe precisa focar nos erros cometidos pela defesa contra a equipe de S\u00e3o Jos\u00e9 | Foto: Marcos Limonti Sesi Franca Basquete\"},{\"@type\":\"BreadcrumbList\",\"@id\":\"https:\/\/verdadeon.com.br\/portal\/2022\/09\/26\/a-um-passo-de-garantir-a-classificacao-para-a-semifinal-sesi-franca-busca-corrigir-erros-contra-o-sao-jose\/#breadcrumb\",\"itemListElement\":[{\"@type\":\"ListItem\",\"position\":1,\"name\":\"In\u00edcio\",\"item\":\"https:\/\/verdadeon.com.br\/portal\/\"},{\"@type\":\"ListItem\",\"position\":2,\"name\":\"A um passo de garantir a classifica\u00e7\u00e3o para a semifinal, Sesi Franca busca corrigir erros contra o S\u00e3o Jos\u00e9\"}]},{\"@type\":\"WebSite\",\"@id\":\"https:\/\/verdadeon.com.br\/portal\/#website\",\"url\":\"https:\/\/verdadeon.com.br\/portal\/\",\"name\":\"VerdadeOn\",\"description\":\"Not\u00edcias di\u00e1rias sobre Franca, Regi\u00e3o, Esporte, Cultura, Cotidiano, Colunas. Cobertura nos principais eventos da cidade \u00e9 aqui - Verdadeon Franca\",\"potentialAction\":[{\"@type\":\"SearchAction\",\"target\":{\"@type\":\"EntryPoint\",\"urlTemplate\":\"https:\/\/verdadeon.com.br\/portal\/?s={search_term_string}\"},\"query-input\":{\"@type\":\"PropertyValueSpecification\",\"valueRequired\":true,\"valueName\":\"search_term_string\"}}],\"inLanguage\":\"pt-BR\"},{\"@type\":\"Person\",\"@id\":\"https:\/\/verdadeon.com.br\/portal\/#\/schema\/person\/cc32be22b8e8599387c480bc83e1d11a\",\"name\":\"Fernando Lima\",\"image\":{\"@type\":\"ImageObject\",\"inLanguage\":\"pt-BR\",\"@id\":\"https:\/\/verdadeon.com.br\/portal\/#\/schema\/person\/image\/\",\"url\":\"https:\/\/secure.gravatar.com\/avatar\/df4c8e132080d2b3a4841d5d232045464e0eed11a1d6e43115ca0843d48768d3?s=96&d=mm&r=g\",\"contentUrl\":\"https:\/\/secure.gravatar.com\/avatar\/df4c8e132080d2b3a4841d5d232045464e0eed11a1d6e43115ca0843d48768d3?s=96&d=mm&r=g\",\"caption\":\"Fernando Lima\"},\"sameAs\":[\"http:\/\/verdadeon.com.br\/\"],\"url\":\"https:\/\/verdadeon.com.br\/portal\/author\/fernando-lima\/\"}]}<\/script>\n<!-- \/ Yoast SEO plugin. -->","yoast_head_json":{"title":"A um passo de garantir a classifica\u00e7\u00e3o para a semifinal, Sesi Franca busca corrigir erros contra o S\u00e3o Jos\u00e9 - VerdadeOn","robots":{"index":"index","follow":"follow","max-snippet":"max-snippet:-1","max-image-preview":"max-image-preview:large","max-video-preview":"max-video-preview:-1"},"canonical":"https:\/\/verdadeon.com.br\/portal\/2022\/09\/26\/a-um-passo-de-garantir-a-classificacao-para-a-semifinal-sesi-franca-busca-corrigir-erros-contra-o-sao-jose\/","og_locale":"pt_BR","og_type":"article","og_title":"A um passo de garantir a classifica\u00e7\u00e3o para a semifinal, Sesi Franca busca corrigir erros contra o S\u00e3o Jos\u00e9 - VerdadeOn","og_description":"Equipe de Helinho Garcia derrotou o S\u00e3o Jos\u00e9 sem grandes dificuldades, mas defesa de contra-ataque ainda \u00e9 desafio O Sesi Franca Basquete est\u00e1 a uma vit\u00f3ria [\u2026]","og_url":"https:\/\/verdadeon.com.br\/portal\/2022\/09\/26\/a-um-passo-de-garantir-a-classificacao-para-a-semifinal-sesi-franca-busca-corrigir-erros-contra-o-sao-jose\/","og_site_name":"VerdadeOn","article_published_time":"2022-09-26T17:00:01+00:00","article_modified_time":"2022-09-26T20:06:17+00:00","og_image":[{"width":1001,"height":668,"url":"https:\/\/verdadeon.com.br\/portal\/wp-content\/uploads\/2021\/07\/HELINHHO-TREINADOR-SESI-FRANCA-BASQUETE-FOTO-MARCOS-LIMONTI-SESI-FRANCA-BASQUETE-e1642266628774.jpeg","type":"image\/jpeg"}],"author":"Fernando Lima","twitter_card":"summary_large_image","twitter_misc":{"Escrito por":"Fernando Lima","Est. tempo de leitura":"3 minutos"},"schema":{"@context":"https:\/\/schema.org","@graph":[{"@type":"WebPage","@id":"https:\/\/verdadeon.com.br\/portal\/2022\/09\/26\/a-um-passo-de-garantir-a-classificacao-para-a-semifinal-sesi-franca-busca-corrigir-erros-contra-o-sao-jose\/","url":"https:\/\/verdadeon.com.br\/portal\/2022\/09\/26\/a-um-passo-de-garantir-a-classificacao-para-a-semifinal-sesi-franca-busca-corrigir-erros-contra-o-sao-jose\/","name":"A um passo de garantir a classifica\u00e7\u00e3o para a semifinal, Sesi Franca busca corrigir erros contra o S\u00e3o Jos\u00e9 - VerdadeOn","isPartOf":{"@id":"https:\/\/verdadeon.com.br\/portal\/#website"},"primaryImageOfPage":{"@id":"https:\/\/verdadeon.com.br\/portal\/2022\/09\/26\/a-um-passo-de-garantir-a-classificacao-para-a-semifinal-sesi-franca-busca-corrigir-erros-contra-o-sao-jose\/#primaryimage"},"image":{"@id":"https:\/\/verdadeon.com.br\/portal\/2022\/09\/26\/a-um-passo-de-garantir-a-classificacao-para-a-semifinal-sesi-franca-busca-corrigir-erros-contra-o-sao-jose\/#primaryimage"},"thumbnailUrl":"https:\/\/i0.wp.com\/verdadeon.com.br\/portal\/wp-content\/uploads\/2021\/07\/HELINHHO-TREINADOR-SESI-FRANCA-BASQUETE-FOTO-MARCOS-LIMONTI-SESI-FRANCA-BASQUETE-e1642266628774.jpeg?fit=1001%2C668&ssl=1","datePublished":"2022-09-26T17:00:01+00:00","dateModified":"2022-09-26T20:06:17+00:00","author":{"@id":"https:\/\/verdadeon.com.br\/portal\/#\/schema\/person\/cc32be22b8e8599387c480bc83e1d11a"},"breadcrumb":{"@id":"https:\/\/verdadeon.com.br\/portal\/2022\/09\/26\/a-um-passo-de-garantir-a-classificacao-para-a-semifinal-sesi-franca-busca-corrigir-erros-contra-o-sao-jose\/#breadcrumb"},"inLanguage":"pt-BR","potentialAction":[{"@type":"ReadAction","target":["https:\/\/verdadeon.com.br\/portal\/2022\/09\/26\/a-um-passo-de-garantir-a-classificacao-para-a-semifinal-sesi-franca-busca-corrigir-erros-contra-o-sao-jose\/"]}]},{"@type":"ImageObject","inLanguage":"pt-BR","@id":"https:\/\/verdadeon.com.br\/portal\/2022\/09\/26\/a-um-passo-de-garantir-a-classificacao-para-a-semifinal-sesi-franca-busca-corrigir-erros-contra-o-sao-jose\/#primaryimage","url":"https:\/\/i0.wp.com\/verdadeon.com.br\/portal\/wp-content\/uploads\/2021\/07\/HELINHHO-TREINADOR-SESI-FRANCA-BASQUETE-FOTO-MARCOS-LIMONTI-SESI-FRANCA-BASQUETE-e1642266628774.jpeg?fit=1001%2C668&ssl=1","contentUrl":"https:\/\/i0.wp.com\/verdadeon.com.br\/portal\/wp-content\/uploads\/2021\/07\/HELINHHO-TREINADOR-SESI-FRANCA-BASQUETE-FOTO-MARCOS-LIMONTI-SESI-FRANCA-BASQUETE-e1642266628774.jpeg?fit=1001%2C668&ssl=1","width":1001,"height":668,"caption":"Helinho destacou que apesar da vit\u00f3ria, equipe precisa focar nos erros cometidos pela defesa contra a equipe de S\u00e3o Jos\u00e9 | Foto: Marcos Limonti Sesi Franca Basquete"},{"@type":"BreadcrumbList","@id":"https:\/\/verdadeon.com.br\/portal\/2022\/09\/26\/a-um-passo-de-garantir-a-classificacao-para-a-semifinal-sesi-franca-busca-corrigir-erros-contra-o-sao-jose\/#breadcrumb","itemListElement":[{"@type":"ListItem","position":1,"name":"In\u00edcio","item":"https:\/\/verdadeon.com.br\/portal\/"},{"@type":"ListItem","position":2,"name":"A um passo de garantir a classifica\u00e7\u00e3o para a semifinal, Sesi Franca busca corrigir erros contra o S\u00e3o Jos\u00e9"}]},{"@type":"WebSite","@id":"https:\/\/verdadeon.com.br\/portal\/#website","url":"https:\/\/verdadeon.com.br\/portal\/","name":"VerdadeOn","description":"Not\u00edcias di\u00e1rias sobre Franca, Regi\u00e3o, Esporte, Cultura, Cotidiano, Colunas. Cobertura nos principais eventos da cidade \u00e9 aqui - Verdadeon Franca","potentialAction":[{"@type":"SearchAction","target":{"@type":"EntryPoint","urlTemplate":"https:\/\/verdadeon.com.br\/portal\/?s={search_term_string}"},"query-input":{"@type":"PropertyValueSpecification","valueRequired":true,"valueName":"search_term_string"}}],"inLanguage":"pt-BR"},{"@type":"Person","@id":"https:\/\/verdadeon.com.br\/portal\/#\/schema\/person\/cc32be22b8e8599387c480bc83e1d11a","name":"Fernando Lima","image":{"@type":"ImageObject","inLanguage":"pt-BR","@id":"https:\/\/verdadeon.com.br\/portal\/#\/schema\/person\/image\/","url":"https:\/\/secure.gravatar.com\/avatar\/df4c8e132080d2b3a4841d5d232045464e0eed11a1d6e43115ca0843d48768d3?s=96&d=mm&r=g","contentUrl":"https:\/\/secure.gravatar.com\/avatar\/df4c8e132080d2b3a4841d5d232045464e0eed11a1d6e43115ca0843d48768d3?s=96&d=mm&r=g","caption":"Fernando Lima"},"sameAs":["http:\/\/verdadeon.com.br\/"],"url":"https:\/\/verdadeon.com.br\/portal\/author\/fernando-lima\/"}]}},"jetpack_publicize_connections":[],"jetpack_featured_media_url":"https:\/\/i0.wp.com\/verdadeon.com.br\/portal\/wp-content\/uploads\/2021\/07\/HELINHHO-TREINADOR-SESI-FRANCA-BASQUETE-FOTO-MARCOS-LIMONTI-SESI-FRANCA-BASQUETE-e1642266628774.jpeg?fit=1001%2C668&ssl=1","jetpack_sharing_enabled":true,"_links":{"self":[{"href":"https:\/\/verdadeon.com.br\/portal\/wp-json\/wp\/v2\/posts\/28367","targetHints":{"allow":["GET"]}}],"collection":[{"href":"https:\/\/verdadeon.com.br\/portal\/wp-json\/wp\/v2\/posts"}],"about":[{"href":"https:\/\/verdadeon.com.br\/portal\/wp-json\/wp\/v2\/types\/post"}],"author":[{"embeddable":true,"href":"https:\/\/verdadeon.com.br\/portal\/wp-json\/wp\/v2\/users\/7"}],"replies":[{"embeddable":true,"href":"https:\/\/verdadeon.com.br\/portal\/wp-json\/wp\/v2\/comments?post=28367"}],"version-history":[{"count":1,"href":"https:\/\/verdadeon.com.br\/portal\/wp-json\/wp\/v2\/posts\/28367\/revisions"}],"predecessor-version":[{"id":28370,"href":"https:\/\/verdadeon.com.br\/portal\/wp-json\/wp\/v2\/posts\/28367\/revisions\/28370"}],"wp:featuredmedia":[{"embeddable":true,"href":"https:\/\/verdadeon.com.br\/portal\/wp-json\/wp\/v2\/media\/18185"}],"wp:attachment":[{"href":"https:\/\/verdadeon.com.br\/portal\/wp-json\/wp\/v2\/media?parent=28367"}],"wp:term":[{"taxonomy":"category","embeddable":true,"href":"https:\/\/verdadeon.com.br\/portal\/wp-json\/wp\/v2\/categories?post=28367"},{"taxonomy":"post_tag","embeddable":true,"href":"https:\/\/verdadeon.com.br\/portal\/wp-json\/wp\/v2\/tags?post=28367"}],"curies":[{"name":"wp","href":"https:\/\/api.w.org\/{rel}","templated":true}]}}