{"id":28324,"date":"2022-09-24T14:00:19","date_gmt":"2022-09-24T17:00:19","guid":{"rendered":"https:\/\/verdadeon.com.br\/portal\/?p=28324"},"modified":"2022-09-24T08:40:08","modified_gmt":"2022-09-24T11:40:08","slug":"e-atraves-do-trabalho-que-a-gente-consegue-projetar-a-nossa-vida-fazer-planos-afirma-vanessa-tristao","status":"publish","type":"post","link":"https:\/\/verdadeon.com.br\/portal\/2022\/09\/24\/e-atraves-do-trabalho-que-a-gente-consegue-projetar-a-nossa-vida-fazer-planos-afirma-vanessa-tristao\/","title":{"rendered":"\u201c\u00c9 atrav\u00e9s do trabalho que a gente consegue projetar a nossa vida, fazer planos\u201d, afirma Vanessa Trist\u00e3o"},"content":{"rendered":"<h2><span style=\"font-weight: 400;\">Assistente Social da APAE de Franca destaca benef\u00edcios do programa Emprego Inclusivo\u00a0<\/span><\/h2>\n<p>&nbsp;<\/p>\n<p><span style=\"font-weight: 400;\">No m\u00eas dedicado \u00e0 inclus\u00e3o social de pessoas com defici\u00eancia &#8211; Setembro Verde, a <\/span><span style=\"font-weight: 400;\">APAE (Associa\u00e7\u00e3o dos Pais e Amigos dos Excepcionais) de Franca se destaca nos servi\u00e7os oferecidos com esse objetivo. Um deles \u00e9 o Emprego Inclusivo, programa que visa a facilitar a entrada e perman\u00eancia das pessoas com defici\u00eancia intelectual no mercado de trabalho.<\/span><\/p>\n<p><span style=\"font-weight: 400;\">Nesta entrevista, Vanessa Trist\u00e3o, assistente social na APAE de Franca desde 2013, explica como funciona o programa, as conquistas e transforma\u00e7\u00f5es de vida que tem possibilitado. Em julho deste ano, um dos participantes do Emprego Inclusivo que trabalha em uma empresa de cosm\u00e9ticos e cuida de outros dois irm\u00e3os com defici\u00eancia, conseguiu comprar a casa pr\u00f3pria. \u201cFicamos por quase cinco anos vivendo o sonho dele\u2026 Foi muito gratificante participar desse processo e v\u00ea-lo conclu\u00eddo.\u201d<\/span><\/p>\n<p>&nbsp;<\/p>\n<p><b>Vanessa, como surgiu seu interesse em se tornar assistente social?<\/b><\/p>\n<p><span style=\"font-weight: 400;\">O interesse em me tornar assistente social surgiu no final do ensino m\u00e9dio, quando a gente come\u00e7a a pensar no futuro profissional. Conheci algumas profiss\u00f5es, tinha uma familiar assistente social, me aproximei de suas experi\u00eancias e vi que era aquilo que gostaria de fazer. Trabalhar em busca de um mundo com mais justi\u00e7a e equidade social.<\/span><\/p>\n<p>&nbsp;<\/p>\n<p><b>Quais experi\u00eancias voc\u00ea tem nessa \u00e1rea?<\/b><\/p>\n<p><span style=\"font-weight: 400;\">Minha\u00a0 primeira experi\u00eancia profissional foi como Conselheira Tutelar em Franca, de 2004 a 2010. Em 2011 e 2012, trabalhei como secret\u00e1ria de assist\u00eancia social em Claraval. Entrei na APAE de Franca em janeiro de 2013. Desde este ano, tamb\u00e9m represento a pessoa com defici\u00eancia no Conselho Municipal dos Direitos da Crian\u00e7a e do Adolescente de Franca. Assumi a presid\u00eancia do Conselho em agosto de 2022. Atuei como coordenadora do F\u00f3rum Municipal de Preven\u00e7\u00e3o e Erradica\u00e7\u00e3o do Trabalho Infantil de Franca de 2016 a julho de 2022. Tanto a representa\u00e7\u00e3o do Conselho, como no F\u00f3rum s\u00e3o atua\u00e7\u00f5es n\u00e3o remuneradas. \u00c9 o trabalho da participa\u00e7\u00e3o social na organiza\u00e7\u00e3o e controle das pol\u00edticas p\u00fablicas. Em novembro, termino o mestrado em servi\u00e7o social pela UNESP de Franca.<\/span><\/p>\n<p>&nbsp;<\/p>\n<p><b>S\u00e3o quase dez anos como profissional na APAE, que experi\u00eancias marcantes voc\u00ea pode compartilhar deste per\u00edodo?<\/b><\/p>\n<p><span style=\"font-weight: 400;\">S\u00e3o v\u00e1rias experi\u00eancias marcantes, tristes tamb\u00e9m. Mas em rela\u00e7\u00e3o ao mercado de trabalho, recentemente vivenciamos a emo\u00e7\u00e3o de uma pessoa com defici\u00eancia ter conseguido comprar sua casa pr\u00f3pria. Ficamos por quase cinco anos vivendo o sonho dele. \u00c9 um jovem que trabalha na MSA Cosmetics, tem outros dois irm\u00e3os que vivem com ele e tamb\u00e9m t\u00eam defici\u00eancia e sem condi\u00e7\u00f5es para o trabalho. Ele sempre foi muito preocupado em cuidar da m\u00e3e e dos irm\u00e3os. Fizemos uma poupan\u00e7a, guard\u00e1vamos o dinheiro mensalmente. Depois de tr\u00eas anos, com aux\u00edlio do FGTS e desta poupan\u00e7a, conseguiu dar entrada e financiar a casa. Essa casa foi entregue para ele em julho. Agora vamos trabalhar na amplia\u00e7\u00e3o desse im\u00f3vel, com adapta\u00e7\u00f5es para ter acessibilidade, de acordo com as necessidades do seu irm\u00e3o e em breve a fam\u00edlia se mudar\u00e1. Foi muito gratificante participar desse processo e v\u00ea-lo conclu\u00eddo.<\/span><\/p>\n<p>&nbsp;<\/p>\n<p><b>A APAE de Franca desenvolve um papel muito importante para seus usu\u00e1rios atrav\u00e9s do programa Emprego Inclusivo. Como funciona esse projeto?<\/b><\/p>\n<p><span style=\"font-weight: 400;\">N\u00f3s atendemos as pessoas desde crian\u00e7a e, quando est\u00e3o ali acima de 14, 16 anos &#8211; com 14 anos pode ser Jovem Aprendiz e acima de 16 pode trabalhar -, j\u00e1 come\u00e7amos a identificar, preparar os meninos para o trabalho, atrav\u00e9s de oficinas que acontecem dentro dos servi\u00e7os socioassistenciais da APAE.\u00a0<\/span><\/p>\n<p>&nbsp;<\/p>\n<p><b>Desde quando existe esse programa, quantas pessoas j\u00e1 atendeu e quantos usu\u00e1rios est\u00e3o participando atualmente?<\/b><\/p>\n<p><span style=\"font-weight: 400;\">J\u00e1 faz uns dez anos que temos aprimorado esse atendimento. J\u00e1 passaram por aqui mais de cem atendidos. Hoje n\u00f3s estamos com 68 atendidos e, desses 68, apenas 12 est\u00e3o procurando trabalho. Os outros est\u00e3o empregados.<\/span><\/p>\n<p>&nbsp;<\/p>\n<p><b>E qual o perfil desses participantes?<\/b><span style=\"font-weight: 400;\">\u00a0<\/span><\/p>\n<p><span style=\"font-weight: 400;\">N\u00e3o tem um perfil espec\u00edfico, s\u00e3o todas pessoas com defici\u00eancia intelectual e eles t\u00eam habilidades diferentes. Como todos n\u00f3s, t\u00eam as dificuldades e as habilidades de maneiras diferentes.\u00a0<\/span><\/p>\n<p>&nbsp;<\/p>\n<p><b>E em que tipos de empresas eles est\u00e3o empregados?<\/b><\/p>\n<p><span style=\"font-weight: 400;\">Hoje temos bastante contratados na ind\u00fastria de cal\u00e7ados, mas este ano foi um ano que conseguimos colocar muitos em farm\u00e1cias, empresas de cosm\u00e9ticos, supermercados e varej\u00f5es da cidade tamb\u00e9m.<\/span><\/p>\n<p>&nbsp;<\/p>\n<p><b>Normalmente, eles assumem quais fun\u00e7\u00f5es nesses estabelecimentos?\u00a0<\/b><\/p>\n<p><span style=\"font-weight: 400;\">S\u00e3o diversificadas, desde a parte de produ\u00e7\u00e3o, da recep\u00e7\u00e3o, do almoxarifado, da limpeza. At\u00e9 mesmo atendendo em servi\u00e7o de atendimento ao consumidor, no SAC.<\/span><\/p>\n<p>&nbsp;<\/p>\n<p><b>E como se d\u00e1 a participa\u00e7\u00e3o das empresas nesse programa?<\/b><span style=\"font-weight: 400;\">\u00a0<\/span><\/p>\n<p><span style=\"font-weight: 400;\">As empresas entram em contato conosco, falam que precisam cumprir a cota da pessoa com defici\u00eancia, e avisam quais s\u00e3o os cargos dispon\u00edveis. E n\u00f3s, sabendo desses cargos, vamos olhar para o nosso p\u00fablico aqui e fazer o encaminhamento daquela pessoa que tem compatibilidade para com a vaga oferecida.<\/span><\/p>\n<p>&nbsp;<\/p>\n<p><b>A gente percebe que \u00e9 um programa que vai muito al\u00e9m do cumprimento de cotas. Quais s\u00e3o os benef\u00edcios para os participantes, para a empresa e para sociedade?<\/b><\/p>\n<p><span style=\"font-weight: 400;\">\u00c9, na verdade s\u00e3o todos mesmo (que ganham). A empresa vai levar para dentro de seus limites todo o mundo da pessoa com defici\u00eancia, ela vai ter condi\u00e7\u00f5es de trabalhar as quest\u00f5es diversas, de responsabilidade social, do acolhimento, do que \u00e9 diferente. A pessoa com defici\u00eancia, como todos n\u00f3s, se organiza muito atrav\u00e9s do trabalho. \u00c9 atrav\u00e9s do trabalho que a gente consegue projetar a nossa vida, fazer planos, poder comprar algum apartamento, um carro. E eles (pessoas com defici\u00eancia) n\u00e3o s\u00e3o diferentes. Ent\u00e3o, o emprego possibilita essa autonomia e, principalmente, a quest\u00e3o de eles terem perspectivas. N\u00f3s levamos para eles essa quest\u00e3o de futuro e a sociedade como um todo, porque a gente, empregando pessoas com defici\u00eancia, est\u00e1 desenvolvendo a economia da pr\u00f3pria cidade, que s\u00e3o pessoas que v\u00e3o trabalhar e que tamb\u00e9m v\u00e3o poder consumir. Ent\u00e3o, s\u00e3o para toda a sociedade os benef\u00edcios.<\/span><\/p>\n<p>&nbsp;<\/p>\n<p><b>As empresas que tiverem interesse em aderir ao programa Emprego Inclusivo da APAE devem proceder de que maneira?\u00a0<\/b><\/p>\n<p><span style=\"font-weight: 400;\">Elas podem procurar a APAE de Franca, o servi\u00e7o da assist\u00eancia social, que n\u00f3s fazemos o acolhimento da empresa. Lembrando que n\u00f3s fazemos a sele\u00e7\u00e3o, a contrata\u00e7\u00e3o e o p\u00f3s-contrata\u00e7\u00e3o. Todo o tempo em que ele estiver empregado, n\u00f3s vamos fazer o acompanhamento e essa pessoa vai contar com todos os servi\u00e7os da APAE, inclusive os de sa\u00fade tamb\u00e9m.<\/span><\/p>\n<p>&nbsp;<\/p>\n","protected":false},"excerpt":{"rendered":"<p>Assistente Social da APAE de Franca destaca benef\u00edcios do programa Emprego Inclusivo\u00a0 &nbsp; No m\u00eas dedicado \u00e0 inclus\u00e3o social de pessoas com defici\u00eancia &#8211; Setembro Verde,<span class=\"excerpt-hellip\"> [\u2026]<\/span><\/p>\n","protected":false},"author":12,"featured_media":28325,"comment_status":"open","ping_status":"open","sticky":false,"template":"","format":"standard","meta":{"_jetpack_memberships_contains_paid_content":false,"footnotes":"","jetpack_publicize_message":"","jetpack_publicize_feature_enabled":true,"jetpack_social_post_already_shared":false,"jetpack_social_options":{"image_generator_settings":{"template":"highway","default_image_id":0,"enabled":false},"version":2}},"categories":[28,81],"tags":[],"class_list":["post-28324","post","type-post","status-publish","format-standard","has-post-thumbnail","hentry","category-cotidiano","category-manchete"],"yoast_head":"<!-- This site is optimized with the Yoast SEO plugin v25.6 - https:\/\/yoast.com\/wordpress\/plugins\/seo\/ -->\n<title>\u201c\u00c9 atrav\u00e9s do trabalho que a gente consegue projetar a nossa vida, fazer planos\u201d, afirma Vanessa Trist\u00e3o - VerdadeOn<\/title>\n<meta name=\"robots\" content=\"index, follow, max-snippet:-1, max-image-preview:large, max-video-preview:-1\" \/>\n<link rel=\"canonical\" href=\"https:\/\/verdadeon.com.br\/portal\/2022\/09\/24\/e-atraves-do-trabalho-que-a-gente-consegue-projetar-a-nossa-vida-fazer-planos-afirma-vanessa-tristao\/\" \/>\n<meta property=\"og:locale\" content=\"pt_BR\" \/>\n<meta property=\"og:type\" content=\"article\" \/>\n<meta property=\"og:title\" content=\"\u201c\u00c9 atrav\u00e9s do trabalho que a gente consegue projetar a nossa vida, fazer planos\u201d, afirma Vanessa Trist\u00e3o - VerdadeOn\" \/>\n<meta property=\"og:description\" content=\"Assistente Social da APAE de Franca destaca benef\u00edcios do programa Emprego Inclusivo\u00a0 &nbsp; No m\u00eas dedicado \u00e0 inclus\u00e3o social de pessoas com defici\u00eancia &#8211; Setembro Verde, [\u2026]\" \/>\n<meta property=\"og:url\" content=\"https:\/\/verdadeon.com.br\/portal\/2022\/09\/24\/e-atraves-do-trabalho-que-a-gente-consegue-projetar-a-nossa-vida-fazer-planos-afirma-vanessa-tristao\/\" \/>\n<meta property=\"og:site_name\" content=\"VerdadeOn\" \/>\n<meta property=\"article:published_time\" content=\"2022-09-24T17:00:19+00:00\" \/>\n<meta property=\"og:image\" content=\"https:\/\/verdadeon.com.br\/portal\/wp-content\/uploads\/2022\/09\/Vanessa-Tristao-Assistente-Social-da-Apae.jpeg\" \/>\n\t<meta property=\"og:image:width\" content=\"1280\" \/>\n\t<meta property=\"og:image:height\" content=\"856\" \/>\n\t<meta property=\"og:image:type\" content=\"image\/jpeg\" \/>\n<meta name=\"author\" content=\"Nelise Luques\" \/>\n<meta name=\"twitter:card\" content=\"summary_large_image\" \/>\n<meta name=\"twitter:label1\" content=\"Escrito por\" \/>\n\t<meta name=\"twitter:data1\" content=\"Nelise Luques\" \/>\n\t<meta name=\"twitter:label2\" content=\"Est. tempo de leitura\" \/>\n\t<meta name=\"twitter:data2\" content=\"6 minutos\" \/>\n<script type=\"application\/ld+json\" class=\"yoast-schema-graph\">{\"@context\":\"https:\/\/schema.org\",\"@graph\":[{\"@type\":\"WebPage\",\"@id\":\"https:\/\/verdadeon.com.br\/portal\/2022\/09\/24\/e-atraves-do-trabalho-que-a-gente-consegue-projetar-a-nossa-vida-fazer-planos-afirma-vanessa-tristao\/\",\"url\":\"https:\/\/verdadeon.com.br\/portal\/2022\/09\/24\/e-atraves-do-trabalho-que-a-gente-consegue-projetar-a-nossa-vida-fazer-planos-afirma-vanessa-tristao\/\",\"name\":\"\u201c\u00c9 atrav\u00e9s do trabalho que a gente consegue projetar a nossa vida, fazer planos\u201d, afirma Vanessa Trist\u00e3o - VerdadeOn\",\"isPartOf\":{\"@id\":\"https:\/\/verdadeon.com.br\/portal\/#website\"},\"primaryImageOfPage\":{\"@id\":\"https:\/\/verdadeon.com.br\/portal\/2022\/09\/24\/e-atraves-do-trabalho-que-a-gente-consegue-projetar-a-nossa-vida-fazer-planos-afirma-vanessa-tristao\/#primaryimage\"},\"image\":{\"@id\":\"https:\/\/verdadeon.com.br\/portal\/2022\/09\/24\/e-atraves-do-trabalho-que-a-gente-consegue-projetar-a-nossa-vida-fazer-planos-afirma-vanessa-tristao\/#primaryimage\"},\"thumbnailUrl\":\"https:\/\/i0.wp.com\/verdadeon.com.br\/portal\/wp-content\/uploads\/2022\/09\/Vanessa-Tristao-Assistente-Social-da-Apae.jpeg?fit=1280%2C856&ssl=1\",\"datePublished\":\"2022-09-24T17:00:19+00:00\",\"author\":{\"@id\":\"https:\/\/verdadeon.com.br\/portal\/#\/schema\/person\/8248726d36015c1916636fabb175d972\"},\"breadcrumb\":{\"@id\":\"https:\/\/verdadeon.com.br\/portal\/2022\/09\/24\/e-atraves-do-trabalho-que-a-gente-consegue-projetar-a-nossa-vida-fazer-planos-afirma-vanessa-tristao\/#breadcrumb\"},\"inLanguage\":\"pt-BR\",\"potentialAction\":[{\"@type\":\"ReadAction\",\"target\":[\"https:\/\/verdadeon.com.br\/portal\/2022\/09\/24\/e-atraves-do-trabalho-que-a-gente-consegue-projetar-a-nossa-vida-fazer-planos-afirma-vanessa-tristao\/\"]}]},{\"@type\":\"ImageObject\",\"inLanguage\":\"pt-BR\",\"@id\":\"https:\/\/verdadeon.com.br\/portal\/2022\/09\/24\/e-atraves-do-trabalho-que-a-gente-consegue-projetar-a-nossa-vida-fazer-planos-afirma-vanessa-tristao\/#primaryimage\",\"url\":\"https:\/\/i0.wp.com\/verdadeon.com.br\/portal\/wp-content\/uploads\/2022\/09\/Vanessa-Tristao-Assistente-Social-da-Apae.jpeg?fit=1280%2C856&ssl=1\",\"contentUrl\":\"https:\/\/i0.wp.com\/verdadeon.com.br\/portal\/wp-content\/uploads\/2022\/09\/Vanessa-Tristao-Assistente-Social-da-Apae.jpeg?fit=1280%2C856&ssl=1\",\"width\":1280,\"height\":856,\"caption\":\"Vanessa Trist\u00e3o \u00e9 assistente social do programa Emprego Inclusivo da APAE de Franca: \u201cA pessoa com defici\u00eancia, como todos n\u00f3s, se organiza muito atrav\u00e9s do trabalho\u201d | Foto: Arquivo Pessoal\"},{\"@type\":\"BreadcrumbList\",\"@id\":\"https:\/\/verdadeon.com.br\/portal\/2022\/09\/24\/e-atraves-do-trabalho-que-a-gente-consegue-projetar-a-nossa-vida-fazer-planos-afirma-vanessa-tristao\/#breadcrumb\",\"itemListElement\":[{\"@type\":\"ListItem\",\"position\":1,\"name\":\"In\u00edcio\",\"item\":\"https:\/\/verdadeon.com.br\/portal\/\"},{\"@type\":\"ListItem\",\"position\":2,\"name\":\"\u201c\u00c9 atrav\u00e9s do trabalho que a gente consegue projetar a nossa vida, fazer planos\u201d, afirma Vanessa Trist\u00e3o\"}]},{\"@type\":\"WebSite\",\"@id\":\"https:\/\/verdadeon.com.br\/portal\/#website\",\"url\":\"https:\/\/verdadeon.com.br\/portal\/\",\"name\":\"VerdadeOn\",\"description\":\"Not\u00edcias di\u00e1rias sobre Franca, Regi\u00e3o, Esporte, Cultura, Cotidiano, Colunas. Cobertura nos principais eventos da cidade \u00e9 aqui - Verdadeon Franca\",\"potentialAction\":[{\"@type\":\"SearchAction\",\"target\":{\"@type\":\"EntryPoint\",\"urlTemplate\":\"https:\/\/verdadeon.com.br\/portal\/?s={search_term_string}\"},\"query-input\":{\"@type\":\"PropertyValueSpecification\",\"valueRequired\":true,\"valueName\":\"search_term_string\"}}],\"inLanguage\":\"pt-BR\"},{\"@type\":\"Person\",\"@id\":\"https:\/\/verdadeon.com.br\/portal\/#\/schema\/person\/8248726d36015c1916636fabb175d972\",\"name\":\"Nelise Luques\",\"image\":{\"@type\":\"ImageObject\",\"inLanguage\":\"pt-BR\",\"@id\":\"https:\/\/verdadeon.com.br\/portal\/#\/schema\/person\/image\/\",\"url\":\"https:\/\/secure.gravatar.com\/avatar\/29b2a17f5bcadeb827411b66f48ac13c3e0ecaf5906c0f5745ecc5d41c24eada?s=96&d=mm&r=g\",\"contentUrl\":\"https:\/\/secure.gravatar.com\/avatar\/29b2a17f5bcadeb827411b66f48ac13c3e0ecaf5906c0f5745ecc5d41c24eada?s=96&d=mm&r=g\",\"caption\":\"Nelise Luques\"},\"url\":\"https:\/\/verdadeon.com.br\/portal\/author\/verdade\/\"}]}<\/script>\n<!-- \/ Yoast SEO plugin. -->","yoast_head_json":{"title":"\u201c\u00c9 atrav\u00e9s do trabalho que a gente consegue projetar a nossa vida, fazer planos\u201d, afirma Vanessa Trist\u00e3o - VerdadeOn","robots":{"index":"index","follow":"follow","max-snippet":"max-snippet:-1","max-image-preview":"max-image-preview:large","max-video-preview":"max-video-preview:-1"},"canonical":"https:\/\/verdadeon.com.br\/portal\/2022\/09\/24\/e-atraves-do-trabalho-que-a-gente-consegue-projetar-a-nossa-vida-fazer-planos-afirma-vanessa-tristao\/","og_locale":"pt_BR","og_type":"article","og_title":"\u201c\u00c9 atrav\u00e9s do trabalho que a gente consegue projetar a nossa vida, fazer planos\u201d, afirma Vanessa Trist\u00e3o - VerdadeOn","og_description":"Assistente Social da APAE de Franca destaca benef\u00edcios do programa Emprego Inclusivo\u00a0 &nbsp; No m\u00eas dedicado \u00e0 inclus\u00e3o social de pessoas com defici\u00eancia &#8211; Setembro Verde, [\u2026]","og_url":"https:\/\/verdadeon.com.br\/portal\/2022\/09\/24\/e-atraves-do-trabalho-que-a-gente-consegue-projetar-a-nossa-vida-fazer-planos-afirma-vanessa-tristao\/","og_site_name":"VerdadeOn","article_published_time":"2022-09-24T17:00:19+00:00","og_image":[{"width":1280,"height":856,"url":"https:\/\/verdadeon.com.br\/portal\/wp-content\/uploads\/2022\/09\/Vanessa-Tristao-Assistente-Social-da-Apae.jpeg","type":"image\/jpeg"}],"author":"Nelise Luques","twitter_card":"summary_large_image","twitter_misc":{"Escrito por":"Nelise Luques","Est. tempo de leitura":"6 minutos"},"schema":{"@context":"https:\/\/schema.org","@graph":[{"@type":"WebPage","@id":"https:\/\/verdadeon.com.br\/portal\/2022\/09\/24\/e-atraves-do-trabalho-que-a-gente-consegue-projetar-a-nossa-vida-fazer-planos-afirma-vanessa-tristao\/","url":"https:\/\/verdadeon.com.br\/portal\/2022\/09\/24\/e-atraves-do-trabalho-que-a-gente-consegue-projetar-a-nossa-vida-fazer-planos-afirma-vanessa-tristao\/","name":"\u201c\u00c9 atrav\u00e9s do trabalho que a gente consegue projetar a nossa vida, fazer planos\u201d, afirma Vanessa Trist\u00e3o - VerdadeOn","isPartOf":{"@id":"https:\/\/verdadeon.com.br\/portal\/#website"},"primaryImageOfPage":{"@id":"https:\/\/verdadeon.com.br\/portal\/2022\/09\/24\/e-atraves-do-trabalho-que-a-gente-consegue-projetar-a-nossa-vida-fazer-planos-afirma-vanessa-tristao\/#primaryimage"},"image":{"@id":"https:\/\/verdadeon.com.br\/portal\/2022\/09\/24\/e-atraves-do-trabalho-que-a-gente-consegue-projetar-a-nossa-vida-fazer-planos-afirma-vanessa-tristao\/#primaryimage"},"thumbnailUrl":"https:\/\/i0.wp.com\/verdadeon.com.br\/portal\/wp-content\/uploads\/2022\/09\/Vanessa-Tristao-Assistente-Social-da-Apae.jpeg?fit=1280%2C856&ssl=1","datePublished":"2022-09-24T17:00:19+00:00","author":{"@id":"https:\/\/verdadeon.com.br\/portal\/#\/schema\/person\/8248726d36015c1916636fabb175d972"},"breadcrumb":{"@id":"https:\/\/verdadeon.com.br\/portal\/2022\/09\/24\/e-atraves-do-trabalho-que-a-gente-consegue-projetar-a-nossa-vida-fazer-planos-afirma-vanessa-tristao\/#breadcrumb"},"inLanguage":"pt-BR","potentialAction":[{"@type":"ReadAction","target":["https:\/\/verdadeon.com.br\/portal\/2022\/09\/24\/e-atraves-do-trabalho-que-a-gente-consegue-projetar-a-nossa-vida-fazer-planos-afirma-vanessa-tristao\/"]}]},{"@type":"ImageObject","inLanguage":"pt-BR","@id":"https:\/\/verdadeon.com.br\/portal\/2022\/09\/24\/e-atraves-do-trabalho-que-a-gente-consegue-projetar-a-nossa-vida-fazer-planos-afirma-vanessa-tristao\/#primaryimage","url":"https:\/\/i0.wp.com\/verdadeon.com.br\/portal\/wp-content\/uploads\/2022\/09\/Vanessa-Tristao-Assistente-Social-da-Apae.jpeg?fit=1280%2C856&ssl=1","contentUrl":"https:\/\/i0.wp.com\/verdadeon.com.br\/portal\/wp-content\/uploads\/2022\/09\/Vanessa-Tristao-Assistente-Social-da-Apae.jpeg?fit=1280%2C856&ssl=1","width":1280,"height":856,"caption":"Vanessa Trist\u00e3o \u00e9 assistente social do programa Emprego Inclusivo da APAE de Franca: \u201cA pessoa com defici\u00eancia, como todos n\u00f3s, se organiza muito atrav\u00e9s do trabalho\u201d | Foto: Arquivo Pessoal"},{"@type":"BreadcrumbList","@id":"https:\/\/verdadeon.com.br\/portal\/2022\/09\/24\/e-atraves-do-trabalho-que-a-gente-consegue-projetar-a-nossa-vida-fazer-planos-afirma-vanessa-tristao\/#breadcrumb","itemListElement":[{"@type":"ListItem","position":1,"name":"In\u00edcio","item":"https:\/\/verdadeon.com.br\/portal\/"},{"@type":"ListItem","position":2,"name":"\u201c\u00c9 atrav\u00e9s do trabalho que a gente consegue projetar a nossa vida, fazer planos\u201d, afirma Vanessa Trist\u00e3o"}]},{"@type":"WebSite","@id":"https:\/\/verdadeon.com.br\/portal\/#website","url":"https:\/\/verdadeon.com.br\/portal\/","name":"VerdadeOn","description":"Not\u00edcias di\u00e1rias sobre Franca, Regi\u00e3o, Esporte, Cultura, Cotidiano, Colunas. Cobertura nos principais eventos da cidade \u00e9 aqui - Verdadeon Franca","potentialAction":[{"@type":"SearchAction","target":{"@type":"EntryPoint","urlTemplate":"https:\/\/verdadeon.com.br\/portal\/?s={search_term_string}"},"query-input":{"@type":"PropertyValueSpecification","valueRequired":true,"valueName":"search_term_string"}}],"inLanguage":"pt-BR"},{"@type":"Person","@id":"https:\/\/verdadeon.com.br\/portal\/#\/schema\/person\/8248726d36015c1916636fabb175d972","name":"Nelise Luques","image":{"@type":"ImageObject","inLanguage":"pt-BR","@id":"https:\/\/verdadeon.com.br\/portal\/#\/schema\/person\/image\/","url":"https:\/\/secure.gravatar.com\/avatar\/29b2a17f5bcadeb827411b66f48ac13c3e0ecaf5906c0f5745ecc5d41c24eada?s=96&d=mm&r=g","contentUrl":"https:\/\/secure.gravatar.com\/avatar\/29b2a17f5bcadeb827411b66f48ac13c3e0ecaf5906c0f5745ecc5d41c24eada?s=96&d=mm&r=g","caption":"Nelise Luques"},"url":"https:\/\/verdadeon.com.br\/portal\/author\/verdade\/"}]}},"jetpack_publicize_connections":[],"jetpack_featured_media_url":"https:\/\/i0.wp.com\/verdadeon.com.br\/portal\/wp-content\/uploads\/2022\/09\/Vanessa-Tristao-Assistente-Social-da-Apae.jpeg?fit=1280%2C856&ssl=1","jetpack_sharing_enabled":true,"_links":{"self":[{"href":"https:\/\/verdadeon.com.br\/portal\/wp-json\/wp\/v2\/posts\/28324","targetHints":{"allow":["GET"]}}],"collection":[{"href":"https:\/\/verdadeon.com.br\/portal\/wp-json\/wp\/v2\/posts"}],"about":[{"href":"https:\/\/verdadeon.com.br\/portal\/wp-json\/wp\/v2\/types\/post"}],"author":[{"embeddable":true,"href":"https:\/\/verdadeon.com.br\/portal\/wp-json\/wp\/v2\/users\/12"}],"replies":[{"embeddable":true,"href":"https:\/\/verdadeon.com.br\/portal\/wp-json\/wp\/v2\/comments?post=28324"}],"version-history":[{"count":1,"href":"https:\/\/verdadeon.com.br\/portal\/wp-json\/wp\/v2\/posts\/28324\/revisions"}],"predecessor-version":[{"id":28326,"href":"https:\/\/verdadeon.com.br\/portal\/wp-json\/wp\/v2\/posts\/28324\/revisions\/28326"}],"wp:featuredmedia":[{"embeddable":true,"href":"https:\/\/verdadeon.com.br\/portal\/wp-json\/wp\/v2\/media\/28325"}],"wp:attachment":[{"href":"https:\/\/verdadeon.com.br\/portal\/wp-json\/wp\/v2\/media?parent=28324"}],"wp:term":[{"taxonomy":"category","embeddable":true,"href":"https:\/\/verdadeon.com.br\/portal\/wp-json\/wp\/v2\/categories?post=28324"},{"taxonomy":"post_tag","embeddable":true,"href":"https:\/\/verdadeon.com.br\/portal\/wp-json\/wp\/v2\/tags?post=28324"}],"curies":[{"name":"wp","href":"https:\/\/api.w.org\/{rel}","templated":true}]}}