{"id":28284,"date":"2022-09-23T16:16:22","date_gmt":"2022-09-23T19:16:22","guid":{"rendered":"https:\/\/verdadeon.com.br\/portal\/?p=28284"},"modified":"2022-09-23T16:16:22","modified_gmt":"2022-09-23T19:16:22","slug":"sesi-franca-enfrenta-o-sao-jose-em-jogo-decisivo-pelo-campeonato-paulista","status":"publish","type":"post","link":"https:\/\/verdadeon.com.br\/portal\/2022\/09\/23\/sesi-franca-enfrenta-o-sao-jose-em-jogo-decisivo-pelo-campeonato-paulista\/","title":{"rendered":"Sesi Franca enfrenta o S\u00e3o Jos\u00e9 em jogo decisivo pelo Campeonato Paulista"},"content":{"rendered":"<h2>Segunda partida ser\u00e1 realizada na casa do Franca, assim como terceiro jogo, caso seja necess\u00e1rio<\/h2>\n<p>O primeiro advers\u00e1rio das quartas de finais do Campeonato Paulista do Sesi Franca Basquete j\u00e1 est\u00e1 definido, \u00e9 o S\u00e3o Jos\u00e9. A primeira partida acontece j\u00e1 neste s\u00e1bado, no Gin\u00e1sio Linneu de Moura, casa do advers\u00e1rio em S\u00e3o Jos\u00e9 dos Campos.<\/p>\n<p>A segunda partida acontece no dia 27 de setembro em Franca, no gin\u00e1sio do Pedroc\u00e3o, caso seja necess\u00e1rio o terceiro confronto tamb\u00e9m ser\u00e1 realizado na capital do basquete.<\/p>\n<h4>Classifica\u00e7\u00e3o e playoffs<\/h4>\n<p>Al\u00e9m do Sesi Franca, o Paulistano, Bauru Basket, S\u00e3o Paulo e Pinheiros j\u00e1 estavam classificados para os playoffs do Campeonato Paulista e disputaram apenas a posi\u00e7\u00e3o no chaveamento nesta fase.<\/p>\n<p>As outras tr\u00eas vagas ficaram para Rio Claro Basquete, S\u00e3o Jos\u00e9 e Corinthians ap\u00f3s o desempenho na segunda fase.<\/p>\n<p>Todas as partidas ser\u00e3o realizadas em sistema melhor de tr\u00eas, a equipe que vencer duas vezes fica com a vaga para a pr\u00f3xima fase.<\/p>\n<p>O Paulistano enfrenta o Corinthians, o Bauru enfrenta o Rio Claro Basquete, e o S\u00e3o Paulo duela com o Pinheiros.<\/p>\n<p>Apesar dos trope\u00e7os na primeira fase, o Franca conseguiu se classificar. Na \u00faltima partida contra o S\u00e3o Paulo, atual campe\u00e3o estadual, o time um bom primeiro tempo para encaminhar a vit\u00f3ria por 21 pontos. O cestinha do jogo foi Lucas Dias, que marcou 27 pontos, Lucas Mariano com 14.<\/p>\n<p>\u201cFoi uma partida sensacional, quero agradecer toda a comiss\u00e3o que acredita em mim, eu entrei fiz meu trabalho. Sesi Franca \u00e9 uma fam\u00edlia. A torcida \u00e9 sensacional, n\u00e3o tem o que falar\u201d, disse Felipe Nascimento, atleta que foi um dos destaques da partida.<\/p>\n","protected":false},"excerpt":{"rendered":"<p>Segunda partida ser\u00e1 realizada na casa do Franca, assim como terceiro jogo, caso seja necess\u00e1rio O primeiro advers\u00e1rio das quartas de finais do Campeonato Paulista do<span class=\"excerpt-hellip\"> [\u2026]<\/span><\/p>\n","protected":false},"author":7,"featured_media":28128,"comment_status":"open","ping_status":"open","sticky":false,"template":"","format":"standard","meta":{"_jetpack_memberships_contains_paid_content":false,"footnotes":"","jetpack_publicize_message":"","jetpack_publicize_feature_enabled":true,"jetpack_social_post_already_shared":false,"jetpack_social_options":{"image_generator_settings":{"template":"highway","default_image_id":0,"enabled":false},"version":2}},"categories":[28,81],"tags":[],"class_list":["post-28284","post","type-post","status-publish","format-standard","has-post-thumbnail","hentry","category-cotidiano","category-manchete"],"yoast_head":"<!-- This site is optimized with the Yoast SEO plugin v25.6 - https:\/\/yoast.com\/wordpress\/plugins\/seo\/ -->\n<title>Sesi Franca enfrenta o S\u00e3o Jos\u00e9 em jogo decisivo pelo Campeonato Paulista - VerdadeOn<\/title>\n<meta name=\"robots\" content=\"index, follow, max-snippet:-1, max-image-preview:large, max-video-preview:-1\" \/>\n<link rel=\"canonical\" href=\"https:\/\/verdadeon.com.br\/portal\/2022\/09\/23\/sesi-franca-enfrenta-o-sao-jose-em-jogo-decisivo-pelo-campeonato-paulista\/\" \/>\n<meta property=\"og:locale\" content=\"pt_BR\" \/>\n<meta property=\"og:type\" content=\"article\" \/>\n<meta property=\"og:title\" content=\"Sesi Franca enfrenta o S\u00e3o Jos\u00e9 em jogo decisivo pelo Campeonato Paulista - VerdadeOn\" \/>\n<meta property=\"og:description\" content=\"Segunda partida ser\u00e1 realizada na casa do Franca, assim como terceiro jogo, caso seja necess\u00e1rio O primeiro advers\u00e1rio das quartas de finais do Campeonato Paulista do [\u2026]\" \/>\n<meta property=\"og:url\" content=\"https:\/\/verdadeon.com.br\/portal\/2022\/09\/23\/sesi-franca-enfrenta-o-sao-jose-em-jogo-decisivo-pelo-campeonato-paulista\/\" \/>\n<meta property=\"og:site_name\" content=\"VerdadeOn\" \/>\n<meta property=\"article:published_time\" content=\"2022-09-23T19:16:22+00:00\" \/>\n<meta property=\"og:image\" content=\"https:\/\/verdadeon.com.br\/portal\/wp-content\/uploads\/2022\/09\/SESI-FRANCA-BASQUETE-e1663700666519.jpeg\" \/>\n\t<meta property=\"og:image:width\" content=\"1001\" \/>\n\t<meta property=\"og:image:height\" content=\"668\" \/>\n\t<meta property=\"og:image:type\" content=\"image\/jpeg\" \/>\n<meta name=\"author\" content=\"Fernando Lima\" \/>\n<meta name=\"twitter:card\" content=\"summary_large_image\" \/>\n<meta name=\"twitter:label1\" content=\"Escrito por\" \/>\n\t<meta name=\"twitter:data1\" content=\"Fernando Lima\" \/>\n\t<meta name=\"twitter:label2\" content=\"Est. tempo de leitura\" \/>\n\t<meta name=\"twitter:data2\" content=\"2 minutos\" \/>\n<script type=\"application\/ld+json\" class=\"yoast-schema-graph\">{\"@context\":\"https:\/\/schema.org\",\"@graph\":[{\"@type\":\"WebPage\",\"@id\":\"https:\/\/verdadeon.com.br\/portal\/2022\/09\/23\/sesi-franca-enfrenta-o-sao-jose-em-jogo-decisivo-pelo-campeonato-paulista\/\",\"url\":\"https:\/\/verdadeon.com.br\/portal\/2022\/09\/23\/sesi-franca-enfrenta-o-sao-jose-em-jogo-decisivo-pelo-campeonato-paulista\/\",\"name\":\"Sesi Franca enfrenta o S\u00e3o Jos\u00e9 em jogo decisivo pelo Campeonato Paulista - VerdadeOn\",\"isPartOf\":{\"@id\":\"https:\/\/verdadeon.com.br\/portal\/#website\"},\"primaryImageOfPage\":{\"@id\":\"https:\/\/verdadeon.com.br\/portal\/2022\/09\/23\/sesi-franca-enfrenta-o-sao-jose-em-jogo-decisivo-pelo-campeonato-paulista\/#primaryimage\"},\"image\":{\"@id\":\"https:\/\/verdadeon.com.br\/portal\/2022\/09\/23\/sesi-franca-enfrenta-o-sao-jose-em-jogo-decisivo-pelo-campeonato-paulista\/#primaryimage\"},\"thumbnailUrl\":\"https:\/\/i0.wp.com\/verdadeon.com.br\/portal\/wp-content\/uploads\/2022\/09\/SESI-FRANCA-BASQUETE-e1663700666519.jpeg?fit=1001%2C668&ssl=1\",\"datePublished\":\"2022-09-23T19:16:22+00:00\",\"author\":{\"@id\":\"https:\/\/verdadeon.com.br\/portal\/#\/schema\/person\/cc32be22b8e8599387c480bc83e1d11a\"},\"breadcrumb\":{\"@id\":\"https:\/\/verdadeon.com.br\/portal\/2022\/09\/23\/sesi-franca-enfrenta-o-sao-jose-em-jogo-decisivo-pelo-campeonato-paulista\/#breadcrumb\"},\"inLanguage\":\"pt-BR\",\"potentialAction\":[{\"@type\":\"ReadAction\",\"target\":[\"https:\/\/verdadeon.com.br\/portal\/2022\/09\/23\/sesi-franca-enfrenta-o-sao-jose-em-jogo-decisivo-pelo-campeonato-paulista\/\"]}]},{\"@type\":\"ImageObject\",\"inLanguage\":\"pt-BR\",\"@id\":\"https:\/\/verdadeon.com.br\/portal\/2022\/09\/23\/sesi-franca-enfrenta-o-sao-jose-em-jogo-decisivo-pelo-campeonato-paulista\/#primaryimage\",\"url\":\"https:\/\/i0.wp.com\/verdadeon.com.br\/portal\/wp-content\/uploads\/2022\/09\/SESI-FRANCA-BASQUETE-e1663700666519.jpeg?fit=1001%2C668&ssl=1\",\"contentUrl\":\"https:\/\/i0.wp.com\/verdadeon.com.br\/portal\/wp-content\/uploads\/2022\/09\/SESI-FRANCA-BASQUETE-e1663700666519.jpeg?fit=1001%2C668&ssl=1\",\"width\":1001,\"height\":668,\"caption\":\"Georginho em partida contra o Pinheiros no Pedroc\u00e3o, atleta \u00e9 um dos grandes nomes do Franca atualmente | Foto: Marcos Limonti\/ SFB\"},{\"@type\":\"BreadcrumbList\",\"@id\":\"https:\/\/verdadeon.com.br\/portal\/2022\/09\/23\/sesi-franca-enfrenta-o-sao-jose-em-jogo-decisivo-pelo-campeonato-paulista\/#breadcrumb\",\"itemListElement\":[{\"@type\":\"ListItem\",\"position\":1,\"name\":\"In\u00edcio\",\"item\":\"https:\/\/verdadeon.com.br\/portal\/\"},{\"@type\":\"ListItem\",\"position\":2,\"name\":\"Sesi Franca enfrenta o S\u00e3o Jos\u00e9 em jogo decisivo pelo Campeonato Paulista\"}]},{\"@type\":\"WebSite\",\"@id\":\"https:\/\/verdadeon.com.br\/portal\/#website\",\"url\":\"https:\/\/verdadeon.com.br\/portal\/\",\"name\":\"VerdadeOn\",\"description\":\"Not\u00edcias di\u00e1rias sobre Franca, Regi\u00e3o, Esporte, Cultura, Cotidiano, Colunas. Cobertura nos principais eventos da cidade \u00e9 aqui - Verdadeon Franca\",\"potentialAction\":[{\"@type\":\"SearchAction\",\"target\":{\"@type\":\"EntryPoint\",\"urlTemplate\":\"https:\/\/verdadeon.com.br\/portal\/?s={search_term_string}\"},\"query-input\":{\"@type\":\"PropertyValueSpecification\",\"valueRequired\":true,\"valueName\":\"search_term_string\"}}],\"inLanguage\":\"pt-BR\"},{\"@type\":\"Person\",\"@id\":\"https:\/\/verdadeon.com.br\/portal\/#\/schema\/person\/cc32be22b8e8599387c480bc83e1d11a\",\"name\":\"Fernando Lima\",\"image\":{\"@type\":\"ImageObject\",\"inLanguage\":\"pt-BR\",\"@id\":\"https:\/\/verdadeon.com.br\/portal\/#\/schema\/person\/image\/\",\"url\":\"https:\/\/secure.gravatar.com\/avatar\/df4c8e132080d2b3a4841d5d232045464e0eed11a1d6e43115ca0843d48768d3?s=96&d=mm&r=g\",\"contentUrl\":\"https:\/\/secure.gravatar.com\/avatar\/df4c8e132080d2b3a4841d5d232045464e0eed11a1d6e43115ca0843d48768d3?s=96&d=mm&r=g\",\"caption\":\"Fernando Lima\"},\"sameAs\":[\"http:\/\/verdadeon.com.br\/\"],\"url\":\"https:\/\/verdadeon.com.br\/portal\/author\/fernando-lima\/\"}]}<\/script>\n<!-- \/ Yoast SEO plugin. -->","yoast_head_json":{"title":"Sesi Franca enfrenta o S\u00e3o Jos\u00e9 em jogo decisivo pelo Campeonato Paulista - VerdadeOn","robots":{"index":"index","follow":"follow","max-snippet":"max-snippet:-1","max-image-preview":"max-image-preview:large","max-video-preview":"max-video-preview:-1"},"canonical":"https:\/\/verdadeon.com.br\/portal\/2022\/09\/23\/sesi-franca-enfrenta-o-sao-jose-em-jogo-decisivo-pelo-campeonato-paulista\/","og_locale":"pt_BR","og_type":"article","og_title":"Sesi Franca enfrenta o S\u00e3o Jos\u00e9 em jogo decisivo pelo Campeonato Paulista - VerdadeOn","og_description":"Segunda partida ser\u00e1 realizada na casa do Franca, assim como terceiro jogo, caso seja necess\u00e1rio O primeiro advers\u00e1rio das quartas de finais do Campeonato Paulista do [\u2026]","og_url":"https:\/\/verdadeon.com.br\/portal\/2022\/09\/23\/sesi-franca-enfrenta-o-sao-jose-em-jogo-decisivo-pelo-campeonato-paulista\/","og_site_name":"VerdadeOn","article_published_time":"2022-09-23T19:16:22+00:00","og_image":[{"width":1001,"height":668,"url":"https:\/\/verdadeon.com.br\/portal\/wp-content\/uploads\/2022\/09\/SESI-FRANCA-BASQUETE-e1663700666519.jpeg","type":"image\/jpeg"}],"author":"Fernando Lima","twitter_card":"summary_large_image","twitter_misc":{"Escrito por":"Fernando Lima","Est. tempo de leitura":"2 minutos"},"schema":{"@context":"https:\/\/schema.org","@graph":[{"@type":"WebPage","@id":"https:\/\/verdadeon.com.br\/portal\/2022\/09\/23\/sesi-franca-enfrenta-o-sao-jose-em-jogo-decisivo-pelo-campeonato-paulista\/","url":"https:\/\/verdadeon.com.br\/portal\/2022\/09\/23\/sesi-franca-enfrenta-o-sao-jose-em-jogo-decisivo-pelo-campeonato-paulista\/","name":"Sesi Franca enfrenta o S\u00e3o Jos\u00e9 em jogo decisivo pelo Campeonato Paulista - VerdadeOn","isPartOf":{"@id":"https:\/\/verdadeon.com.br\/portal\/#website"},"primaryImageOfPage":{"@id":"https:\/\/verdadeon.com.br\/portal\/2022\/09\/23\/sesi-franca-enfrenta-o-sao-jose-em-jogo-decisivo-pelo-campeonato-paulista\/#primaryimage"},"image":{"@id":"https:\/\/verdadeon.com.br\/portal\/2022\/09\/23\/sesi-franca-enfrenta-o-sao-jose-em-jogo-decisivo-pelo-campeonato-paulista\/#primaryimage"},"thumbnailUrl":"https:\/\/i0.wp.com\/verdadeon.com.br\/portal\/wp-content\/uploads\/2022\/09\/SESI-FRANCA-BASQUETE-e1663700666519.jpeg?fit=1001%2C668&ssl=1","datePublished":"2022-09-23T19:16:22+00:00","author":{"@id":"https:\/\/verdadeon.com.br\/portal\/#\/schema\/person\/cc32be22b8e8599387c480bc83e1d11a"},"breadcrumb":{"@id":"https:\/\/verdadeon.com.br\/portal\/2022\/09\/23\/sesi-franca-enfrenta-o-sao-jose-em-jogo-decisivo-pelo-campeonato-paulista\/#breadcrumb"},"inLanguage":"pt-BR","potentialAction":[{"@type":"ReadAction","target":["https:\/\/verdadeon.com.br\/portal\/2022\/09\/23\/sesi-franca-enfrenta-o-sao-jose-em-jogo-decisivo-pelo-campeonato-paulista\/"]}]},{"@type":"ImageObject","inLanguage":"pt-BR","@id":"https:\/\/verdadeon.com.br\/portal\/2022\/09\/23\/sesi-franca-enfrenta-o-sao-jose-em-jogo-decisivo-pelo-campeonato-paulista\/#primaryimage","url":"https:\/\/i0.wp.com\/verdadeon.com.br\/portal\/wp-content\/uploads\/2022\/09\/SESI-FRANCA-BASQUETE-e1663700666519.jpeg?fit=1001%2C668&ssl=1","contentUrl":"https:\/\/i0.wp.com\/verdadeon.com.br\/portal\/wp-content\/uploads\/2022\/09\/SESI-FRANCA-BASQUETE-e1663700666519.jpeg?fit=1001%2C668&ssl=1","width":1001,"height":668,"caption":"Georginho em partida contra o Pinheiros no Pedroc\u00e3o, atleta \u00e9 um dos grandes nomes do Franca atualmente | Foto: Marcos Limonti\/ SFB"},{"@type":"BreadcrumbList","@id":"https:\/\/verdadeon.com.br\/portal\/2022\/09\/23\/sesi-franca-enfrenta-o-sao-jose-em-jogo-decisivo-pelo-campeonato-paulista\/#breadcrumb","itemListElement":[{"@type":"ListItem","position":1,"name":"In\u00edcio","item":"https:\/\/verdadeon.com.br\/portal\/"},{"@type":"ListItem","position":2,"name":"Sesi Franca enfrenta o S\u00e3o Jos\u00e9 em jogo decisivo pelo Campeonato Paulista"}]},{"@type":"WebSite","@id":"https:\/\/verdadeon.com.br\/portal\/#website","url":"https:\/\/verdadeon.com.br\/portal\/","name":"VerdadeOn","description":"Not\u00edcias di\u00e1rias sobre Franca, Regi\u00e3o, Esporte, Cultura, Cotidiano, Colunas. Cobertura nos principais eventos da cidade \u00e9 aqui - Verdadeon Franca","potentialAction":[{"@type":"SearchAction","target":{"@type":"EntryPoint","urlTemplate":"https:\/\/verdadeon.com.br\/portal\/?s={search_term_string}"},"query-input":{"@type":"PropertyValueSpecification","valueRequired":true,"valueName":"search_term_string"}}],"inLanguage":"pt-BR"},{"@type":"Person","@id":"https:\/\/verdadeon.com.br\/portal\/#\/schema\/person\/cc32be22b8e8599387c480bc83e1d11a","name":"Fernando Lima","image":{"@type":"ImageObject","inLanguage":"pt-BR","@id":"https:\/\/verdadeon.com.br\/portal\/#\/schema\/person\/image\/","url":"https:\/\/secure.gravatar.com\/avatar\/df4c8e132080d2b3a4841d5d232045464e0eed11a1d6e43115ca0843d48768d3?s=96&d=mm&r=g","contentUrl":"https:\/\/secure.gravatar.com\/avatar\/df4c8e132080d2b3a4841d5d232045464e0eed11a1d6e43115ca0843d48768d3?s=96&d=mm&r=g","caption":"Fernando Lima"},"sameAs":["http:\/\/verdadeon.com.br\/"],"url":"https:\/\/verdadeon.com.br\/portal\/author\/fernando-lima\/"}]}},"jetpack_publicize_connections":[],"jetpack_featured_media_url":"https:\/\/i0.wp.com\/verdadeon.com.br\/portal\/wp-content\/uploads\/2022\/09\/SESI-FRANCA-BASQUETE-e1663700666519.jpeg?fit=1001%2C668&ssl=1","jetpack_sharing_enabled":true,"_links":{"self":[{"href":"https:\/\/verdadeon.com.br\/portal\/wp-json\/wp\/v2\/posts\/28284","targetHints":{"allow":["GET"]}}],"collection":[{"href":"https:\/\/verdadeon.com.br\/portal\/wp-json\/wp\/v2\/posts"}],"about":[{"href":"https:\/\/verdadeon.com.br\/portal\/wp-json\/wp\/v2\/types\/post"}],"author":[{"embeddable":true,"href":"https:\/\/verdadeon.com.br\/portal\/wp-json\/wp\/v2\/users\/7"}],"replies":[{"embeddable":true,"href":"https:\/\/verdadeon.com.br\/portal\/wp-json\/wp\/v2\/comments?post=28284"}],"version-history":[{"count":1,"href":"https:\/\/verdadeon.com.br\/portal\/wp-json\/wp\/v2\/posts\/28284\/revisions"}],"predecessor-version":[{"id":28287,"href":"https:\/\/verdadeon.com.br\/portal\/wp-json\/wp\/v2\/posts\/28284\/revisions\/28287"}],"wp:featuredmedia":[{"embeddable":true,"href":"https:\/\/verdadeon.com.br\/portal\/wp-json\/wp\/v2\/media\/28128"}],"wp:attachment":[{"href":"https:\/\/verdadeon.com.br\/portal\/wp-json\/wp\/v2\/media?parent=28284"}],"wp:term":[{"taxonomy":"category","embeddable":true,"href":"https:\/\/verdadeon.com.br\/portal\/wp-json\/wp\/v2\/categories?post=28284"},{"taxonomy":"post_tag","embeddable":true,"href":"https:\/\/verdadeon.com.br\/portal\/wp-json\/wp\/v2\/tags?post=28284"}],"curies":[{"name":"wp","href":"https:\/\/api.w.org\/{rel}","templated":true}]}}