{"id":28279,"date":"2022-09-23T15:27:44","date_gmt":"2022-09-23T18:27:44","guid":{"rendered":"https:\/\/verdadeon.com.br\/portal\/?p=28279"},"modified":"2022-09-23T15:25:18","modified_gmt":"2022-09-23T18:25:18","slug":"sebrae-delas-recebe-inscricoes-para-rodada-de-negocios-exclusiva-para-mulheres","status":"publish","type":"post","link":"https:\/\/verdadeon.com.br\/portal\/2022\/09\/23\/sebrae-delas-recebe-inscricoes-para-rodada-de-negocios-exclusiva-para-mulheres\/","title":{"rendered":"&#8216;Sebrae Delas&#8217; recebe inscri\u00e7\u00f5es para Rodada de Neg\u00f3cios exclusiva para mulheres"},"content":{"rendered":"<h2>Encontro ser\u00e1 gratuito e 100% on-line e acontecer\u00e1 no dia 8 de novembro; mas interessadas j\u00e1 devem se inscrever<\/h2>\n<p><span style=\"font-weight: 400;\">O Sebrae (<\/span><span style=\"font-weight: 400;\">Servi\u00e7o Apoio As Micros Empresas de S\u00e3o Paulo) promover\u00e1 a Rodada de Neg\u00f3cios Sebrae Delas, realizado por mulheres e voltado exclusivamente para mulheres. A proposta \u00e9 dar oportunidade \u00e0s participantes de apresentarem suas empresas para centenas de pessoas e fazer neg\u00f3cios estrat\u00e9gicos com empres\u00e1rias de todo pa\u00eds.\u00a0<\/span><\/p>\n<p><span style=\"font-weight: 400;\">O encontro, gratuito e 100% on-line, ser\u00e1 no dia 8 de novembro, de forma virtual pela <\/span><span style=\"font-weight: 400;\">Plataforma XporY.com. As inscri\u00e7\u00f5es devem link: https:\/\/xpory.com\/cadastro?from=franca.<\/span><\/p>\n<p><span style=\"font-weight: 400;\">O p\u00fablico alvo s\u00e3o mulheres empreendedoras &#8211; <\/span><span style=\"font-weight: 400;\">profissionais liberais, pequenas empresas e MEIs. A Rodada ser\u00e1 realizada a n\u00edvel estadual e o processo seletivo \u00e9 para 30 empres\u00e1rias de Franca e regi\u00e3o. Ap\u00f3s a inscri\u00e7\u00e3o, a empresa X por Y detalhar\u00e1 as pr\u00f3ximas etapas da participa\u00e7\u00e3o no evento.<\/span><\/p>\n<p><span style=\"font-weight: 400;\">\u201cEsse projeto \u00e9 mais uma iniciativa para criar e fortalecer uma rede de mulheres empreendedoras que se apoiam\u201d, afirmou Marcela Moreira, gestora do projeto Sebrae Delas de Franca.<\/span><\/p>\n<p>&nbsp;<\/p>\n<p><b>Servi\u00e7o<\/b><\/p>\n<p><b>Roda de Neg\u00f3cios para Mulheres<\/b><\/p>\n<p><span style=\"font-weight: 400;\">Data: 08\/11\/2022<\/span><\/p>\n<p><span style=\"font-weight: 400;\">Onde: 100% on-line, pela plataforma XporY.com<\/span><span style=\"font-weight: 400;\"><br \/>\n<\/span><span style=\"font-weight: 400;\">Inscri\u00e7\u00f5es: <\/span><a href=\"https:\/\/xpory.com\/cadastro?from=franca\"><span style=\"font-weight: 400;\">https:\/\/xpory.com\/cadastro?from=franca<\/span><\/a><\/p>\n<p><span style=\"font-weight: 400;\">Realiza\u00e7\u00e3o: Sebrae Delas<\/span><\/p>\n<p><span style=\"font-weight: 400;\">Gratuito<\/span><\/p>\n<p>&nbsp;<\/p>\n<p><img data-recalc-dims=\"1\" loading=\"lazy\" decoding=\"async\" class=\"alignnone wp-image-28280 size-large\" src=\"https:\/\/i0.wp.com\/verdadeon.com.br\/portal\/wp-content\/uploads\/2022\/09\/WhatsApp-Image-2022-09-19-at-15.53.43.jpeg?resize=1024%2C1024&#038;ssl=1\" alt=\"\" width=\"1024\" height=\"1024\" srcset=\"https:\/\/i0.wp.com\/verdadeon.com.br\/portal\/wp-content\/uploads\/2022\/09\/WhatsApp-Image-2022-09-19-at-15.53.43.jpeg?resize=1024%2C1024&amp;ssl=1 1024w, https:\/\/i0.wp.com\/verdadeon.com.br\/portal\/wp-content\/uploads\/2022\/09\/WhatsApp-Image-2022-09-19-at-15.53.43.jpeg?resize=300%2C300&amp;ssl=1 300w, https:\/\/i0.wp.com\/verdadeon.com.br\/portal\/wp-content\/uploads\/2022\/09\/WhatsApp-Image-2022-09-19-at-15.53.43.jpeg?resize=150%2C150&amp;ssl=1 150w, https:\/\/i0.wp.com\/verdadeon.com.br\/portal\/wp-content\/uploads\/2022\/09\/WhatsApp-Image-2022-09-19-at-15.53.43.jpeg?resize=768%2C768&amp;ssl=1 768w, https:\/\/i0.wp.com\/verdadeon.com.br\/portal\/wp-content\/uploads\/2022\/09\/WhatsApp-Image-2022-09-19-at-15.53.43.jpeg?resize=146%2C146&amp;ssl=1 146w, https:\/\/i0.wp.com\/verdadeon.com.br\/portal\/wp-content\/uploads\/2022\/09\/WhatsApp-Image-2022-09-19-at-15.53.43.jpeg?resize=50%2C50&amp;ssl=1 50w, https:\/\/i0.wp.com\/verdadeon.com.br\/portal\/wp-content\/uploads\/2022\/09\/WhatsApp-Image-2022-09-19-at-15.53.43.jpeg?resize=75%2C75&amp;ssl=1 75w, https:\/\/i0.wp.com\/verdadeon.com.br\/portal\/wp-content\/uploads\/2022\/09\/WhatsApp-Image-2022-09-19-at-15.53.43.jpeg?resize=85%2C85&amp;ssl=1 85w, https:\/\/i0.wp.com\/verdadeon.com.br\/portal\/wp-content\/uploads\/2022\/09\/WhatsApp-Image-2022-09-19-at-15.53.43.jpeg?resize=80%2C80&amp;ssl=1 80w, https:\/\/i0.wp.com\/verdadeon.com.br\/portal\/wp-content\/uploads\/2022\/09\/WhatsApp-Image-2022-09-19-at-15.53.43.jpeg?w=1080&amp;ssl=1 1080w\" sizes=\"auto, (max-width: 1024px) 100vw, 1024px\" \/><\/p>\n","protected":false},"excerpt":{"rendered":"<p>Encontro ser\u00e1 gratuito e 100% on-line e acontecer\u00e1 no dia 8 de novembro; mas interessadas j\u00e1 devem se inscrever O Sebrae (Servi\u00e7o Apoio As Micros Empresas<span class=\"excerpt-hellip\"> [\u2026]<\/span><\/p>\n","protected":false},"author":10,"featured_media":25804,"comment_status":"open","ping_status":"open","sticky":false,"template":"","format":"standard","meta":{"_jetpack_memberships_contains_paid_content":false,"footnotes":"","jetpack_publicize_message":"","jetpack_publicize_feature_enabled":true,"jetpack_social_post_already_shared":false,"jetpack_social_options":{"image_generator_settings":{"template":"highway","default_image_id":0,"enabled":false},"version":2}},"categories":[28,44],"tags":[],"class_list":["post-28279","post","type-post","status-publish","format-standard","has-post-thumbnail","hentry","category-cotidiano","category-noticias"],"yoast_head":"<!-- This site is optimized with the Yoast SEO plugin v25.6 - https:\/\/yoast.com\/wordpress\/plugins\/seo\/ -->\n<title>&#039;Sebrae Delas&#039; recebe inscri\u00e7\u00f5es para Rodada de Neg\u00f3cios exclusiva para mulheres - VerdadeOn<\/title>\n<meta name=\"robots\" content=\"index, follow, max-snippet:-1, max-image-preview:large, max-video-preview:-1\" \/>\n<link rel=\"canonical\" href=\"https:\/\/verdadeon.com.br\/portal\/2022\/09\/23\/sebrae-delas-recebe-inscricoes-para-rodada-de-negocios-exclusiva-para-mulheres\/\" \/>\n<meta property=\"og:locale\" content=\"pt_BR\" \/>\n<meta property=\"og:type\" content=\"article\" \/>\n<meta property=\"og:title\" content=\"&#039;Sebrae Delas&#039; recebe inscri\u00e7\u00f5es para Rodada de Neg\u00f3cios exclusiva para mulheres - VerdadeOn\" \/>\n<meta property=\"og:description\" content=\"Encontro ser\u00e1 gratuito e 100% on-line e acontecer\u00e1 no dia 8 de novembro; mas interessadas j\u00e1 devem se inscrever O Sebrae (Servi\u00e7o Apoio As Micros Empresas [\u2026]\" \/>\n<meta property=\"og:url\" content=\"https:\/\/verdadeon.com.br\/portal\/2022\/09\/23\/sebrae-delas-recebe-inscricoes-para-rodada-de-negocios-exclusiva-para-mulheres\/\" \/>\n<meta property=\"og:site_name\" content=\"VerdadeOn\" \/>\n<meta property=\"article:published_time\" content=\"2022-09-23T18:27:44+00:00\" \/>\n<meta property=\"og:image\" content=\"https:\/\/verdadeon.com.br\/portal\/wp-content\/uploads\/2022\/06\/Marcela-Natal-Moreira-e-Gestora-de-Projetos-e-responsavel-regional-pelos-Programas-de-Empreendedorismo-Feminino-do-Sebrae-Franca-Foto-Arquivo-Pessoal.jpeg\" \/>\n\t<meta property=\"og:image:width\" content=\"1000\" \/>\n\t<meta property=\"og:image:height\" content=\"670\" \/>\n\t<meta property=\"og:image:type\" content=\"image\/jpeg\" \/>\n<meta name=\"author\" content=\"Redacao VerdadeOn\" \/>\n<meta name=\"twitter:card\" content=\"summary_large_image\" \/>\n<meta name=\"twitter:label1\" content=\"Escrito por\" \/>\n\t<meta name=\"twitter:data1\" content=\"Redacao VerdadeOn\" \/>\n\t<meta name=\"twitter:label2\" content=\"Est. tempo de leitura\" \/>\n\t<meta name=\"twitter:data2\" content=\"2 minutos\" \/>\n<script type=\"application\/ld+json\" class=\"yoast-schema-graph\">{\"@context\":\"https:\/\/schema.org\",\"@graph\":[{\"@type\":\"WebPage\",\"@id\":\"https:\/\/verdadeon.com.br\/portal\/2022\/09\/23\/sebrae-delas-recebe-inscricoes-para-rodada-de-negocios-exclusiva-para-mulheres\/\",\"url\":\"https:\/\/verdadeon.com.br\/portal\/2022\/09\/23\/sebrae-delas-recebe-inscricoes-para-rodada-de-negocios-exclusiva-para-mulheres\/\",\"name\":\"'Sebrae Delas' recebe inscri\u00e7\u00f5es para Rodada de Neg\u00f3cios exclusiva para mulheres - VerdadeOn\",\"isPartOf\":{\"@id\":\"https:\/\/verdadeon.com.br\/portal\/#website\"},\"primaryImageOfPage\":{\"@id\":\"https:\/\/verdadeon.com.br\/portal\/2022\/09\/23\/sebrae-delas-recebe-inscricoes-para-rodada-de-negocios-exclusiva-para-mulheres\/#primaryimage\"},\"image\":{\"@id\":\"https:\/\/verdadeon.com.br\/portal\/2022\/09\/23\/sebrae-delas-recebe-inscricoes-para-rodada-de-negocios-exclusiva-para-mulheres\/#primaryimage\"},\"thumbnailUrl\":\"https:\/\/i0.wp.com\/verdadeon.com.br\/portal\/wp-content\/uploads\/2022\/06\/Marcela-Natal-Moreira-e-Gestora-de-Projetos-e-responsavel-regional-pelos-Programas-de-Empreendedorismo-Feminino-do-Sebrae-Franca-Foto-Arquivo-Pessoal.jpeg?fit=1000%2C670&ssl=1\",\"datePublished\":\"2022-09-23T18:27:44+00:00\",\"author\":{\"@id\":\"https:\/\/verdadeon.com.br\/portal\/#\/schema\/person\/a5060ad1e9ea3df545188fc93ce43d2f\"},\"breadcrumb\":{\"@id\":\"https:\/\/verdadeon.com.br\/portal\/2022\/09\/23\/sebrae-delas-recebe-inscricoes-para-rodada-de-negocios-exclusiva-para-mulheres\/#breadcrumb\"},\"inLanguage\":\"pt-BR\",\"potentialAction\":[{\"@type\":\"ReadAction\",\"target\":[\"https:\/\/verdadeon.com.br\/portal\/2022\/09\/23\/sebrae-delas-recebe-inscricoes-para-rodada-de-negocios-exclusiva-para-mulheres\/\"]}]},{\"@type\":\"ImageObject\",\"inLanguage\":\"pt-BR\",\"@id\":\"https:\/\/verdadeon.com.br\/portal\/2022\/09\/23\/sebrae-delas-recebe-inscricoes-para-rodada-de-negocios-exclusiva-para-mulheres\/#primaryimage\",\"url\":\"https:\/\/i0.wp.com\/verdadeon.com.br\/portal\/wp-content\/uploads\/2022\/06\/Marcela-Natal-Moreira-e-Gestora-de-Projetos-e-responsavel-regional-pelos-Programas-de-Empreendedorismo-Feminino-do-Sebrae-Franca-Foto-Arquivo-Pessoal.jpeg?fit=1000%2C670&ssl=1\",\"contentUrl\":\"https:\/\/i0.wp.com\/verdadeon.com.br\/portal\/wp-content\/uploads\/2022\/06\/Marcela-Natal-Moreira-e-Gestora-de-Projetos-e-responsavel-regional-pelos-Programas-de-Empreendedorismo-Feminino-do-Sebrae-Franca-Foto-Arquivo-Pessoal.jpeg?fit=1000%2C670&ssl=1\",\"width\":1000,\"height\":670,\"caption\":\"Marcela Natal Moreira, gestora de projetos do Sebrae Franca, disse que o encontro tem como objetivo fortalecer o empreendedorismo feminino no agroneg\u00f3cio | Foto: Arquivo Pessoal | Foto: Arquivo Pessoal\"},{\"@type\":\"BreadcrumbList\",\"@id\":\"https:\/\/verdadeon.com.br\/portal\/2022\/09\/23\/sebrae-delas-recebe-inscricoes-para-rodada-de-negocios-exclusiva-para-mulheres\/#breadcrumb\",\"itemListElement\":[{\"@type\":\"ListItem\",\"position\":1,\"name\":\"In\u00edcio\",\"item\":\"https:\/\/verdadeon.com.br\/portal\/\"},{\"@type\":\"ListItem\",\"position\":2,\"name\":\"&#8216;Sebrae Delas&#8217; recebe inscri\u00e7\u00f5es para Rodada de Neg\u00f3cios exclusiva para mulheres\"}]},{\"@type\":\"WebSite\",\"@id\":\"https:\/\/verdadeon.com.br\/portal\/#website\",\"url\":\"https:\/\/verdadeon.com.br\/portal\/\",\"name\":\"VerdadeOn\",\"description\":\"Not\u00edcias di\u00e1rias sobre Franca, Regi\u00e3o, Esporte, Cultura, Cotidiano, Colunas. Cobertura nos principais eventos da cidade \u00e9 aqui - Verdadeon Franca\",\"potentialAction\":[{\"@type\":\"SearchAction\",\"target\":{\"@type\":\"EntryPoint\",\"urlTemplate\":\"https:\/\/verdadeon.com.br\/portal\/?s={search_term_string}\"},\"query-input\":{\"@type\":\"PropertyValueSpecification\",\"valueRequired\":true,\"valueName\":\"search_term_string\"}}],\"inLanguage\":\"pt-BR\"},{\"@type\":\"Person\",\"@id\":\"https:\/\/verdadeon.com.br\/portal\/#\/schema\/person\/a5060ad1e9ea3df545188fc93ce43d2f\",\"name\":\"Redacao VerdadeOn\",\"image\":{\"@type\":\"ImageObject\",\"inLanguage\":\"pt-BR\",\"@id\":\"https:\/\/verdadeon.com.br\/portal\/#\/schema\/person\/image\/\",\"url\":\"https:\/\/secure.gravatar.com\/avatar\/459a9613caaaf07f582c3d0841eea68bdd66f533e465e6ba8b9cb45619572cf4?s=96&d=mm&r=g\",\"contentUrl\":\"https:\/\/secure.gravatar.com\/avatar\/459a9613caaaf07f582c3d0841eea68bdd66f533e465e6ba8b9cb45619572cf4?s=96&d=mm&r=g\",\"caption\":\"Redacao VerdadeOn\"},\"url\":\"https:\/\/verdadeon.com.br\/portal\/author\/redacao\/\"}]}<\/script>\n<!-- \/ Yoast SEO plugin. -->","yoast_head_json":{"title":"'Sebrae Delas' recebe inscri\u00e7\u00f5es para Rodada de Neg\u00f3cios exclusiva para mulheres - VerdadeOn","robots":{"index":"index","follow":"follow","max-snippet":"max-snippet:-1","max-image-preview":"max-image-preview:large","max-video-preview":"max-video-preview:-1"},"canonical":"https:\/\/verdadeon.com.br\/portal\/2022\/09\/23\/sebrae-delas-recebe-inscricoes-para-rodada-de-negocios-exclusiva-para-mulheres\/","og_locale":"pt_BR","og_type":"article","og_title":"'Sebrae Delas' recebe inscri\u00e7\u00f5es para Rodada de Neg\u00f3cios exclusiva para mulheres - VerdadeOn","og_description":"Encontro ser\u00e1 gratuito e 100% on-line e acontecer\u00e1 no dia 8 de novembro; mas interessadas j\u00e1 devem se inscrever O Sebrae (Servi\u00e7o Apoio As Micros Empresas [\u2026]","og_url":"https:\/\/verdadeon.com.br\/portal\/2022\/09\/23\/sebrae-delas-recebe-inscricoes-para-rodada-de-negocios-exclusiva-para-mulheres\/","og_site_name":"VerdadeOn","article_published_time":"2022-09-23T18:27:44+00:00","og_image":[{"width":1000,"height":670,"url":"https:\/\/verdadeon.com.br\/portal\/wp-content\/uploads\/2022\/06\/Marcela-Natal-Moreira-e-Gestora-de-Projetos-e-responsavel-regional-pelos-Programas-de-Empreendedorismo-Feminino-do-Sebrae-Franca-Foto-Arquivo-Pessoal.jpeg","type":"image\/jpeg"}],"author":"Redacao VerdadeOn","twitter_card":"summary_large_image","twitter_misc":{"Escrito por":"Redacao VerdadeOn","Est. tempo de leitura":"2 minutos"},"schema":{"@context":"https:\/\/schema.org","@graph":[{"@type":"WebPage","@id":"https:\/\/verdadeon.com.br\/portal\/2022\/09\/23\/sebrae-delas-recebe-inscricoes-para-rodada-de-negocios-exclusiva-para-mulheres\/","url":"https:\/\/verdadeon.com.br\/portal\/2022\/09\/23\/sebrae-delas-recebe-inscricoes-para-rodada-de-negocios-exclusiva-para-mulheres\/","name":"'Sebrae Delas' recebe inscri\u00e7\u00f5es para Rodada de Neg\u00f3cios exclusiva para mulheres - VerdadeOn","isPartOf":{"@id":"https:\/\/verdadeon.com.br\/portal\/#website"},"primaryImageOfPage":{"@id":"https:\/\/verdadeon.com.br\/portal\/2022\/09\/23\/sebrae-delas-recebe-inscricoes-para-rodada-de-negocios-exclusiva-para-mulheres\/#primaryimage"},"image":{"@id":"https:\/\/verdadeon.com.br\/portal\/2022\/09\/23\/sebrae-delas-recebe-inscricoes-para-rodada-de-negocios-exclusiva-para-mulheres\/#primaryimage"},"thumbnailUrl":"https:\/\/i0.wp.com\/verdadeon.com.br\/portal\/wp-content\/uploads\/2022\/06\/Marcela-Natal-Moreira-e-Gestora-de-Projetos-e-responsavel-regional-pelos-Programas-de-Empreendedorismo-Feminino-do-Sebrae-Franca-Foto-Arquivo-Pessoal.jpeg?fit=1000%2C670&ssl=1","datePublished":"2022-09-23T18:27:44+00:00","author":{"@id":"https:\/\/verdadeon.com.br\/portal\/#\/schema\/person\/a5060ad1e9ea3df545188fc93ce43d2f"},"breadcrumb":{"@id":"https:\/\/verdadeon.com.br\/portal\/2022\/09\/23\/sebrae-delas-recebe-inscricoes-para-rodada-de-negocios-exclusiva-para-mulheres\/#breadcrumb"},"inLanguage":"pt-BR","potentialAction":[{"@type":"ReadAction","target":["https:\/\/verdadeon.com.br\/portal\/2022\/09\/23\/sebrae-delas-recebe-inscricoes-para-rodada-de-negocios-exclusiva-para-mulheres\/"]}]},{"@type":"ImageObject","inLanguage":"pt-BR","@id":"https:\/\/verdadeon.com.br\/portal\/2022\/09\/23\/sebrae-delas-recebe-inscricoes-para-rodada-de-negocios-exclusiva-para-mulheres\/#primaryimage","url":"https:\/\/i0.wp.com\/verdadeon.com.br\/portal\/wp-content\/uploads\/2022\/06\/Marcela-Natal-Moreira-e-Gestora-de-Projetos-e-responsavel-regional-pelos-Programas-de-Empreendedorismo-Feminino-do-Sebrae-Franca-Foto-Arquivo-Pessoal.jpeg?fit=1000%2C670&ssl=1","contentUrl":"https:\/\/i0.wp.com\/verdadeon.com.br\/portal\/wp-content\/uploads\/2022\/06\/Marcela-Natal-Moreira-e-Gestora-de-Projetos-e-responsavel-regional-pelos-Programas-de-Empreendedorismo-Feminino-do-Sebrae-Franca-Foto-Arquivo-Pessoal.jpeg?fit=1000%2C670&ssl=1","width":1000,"height":670,"caption":"Marcela Natal Moreira, gestora de projetos do Sebrae Franca, disse que o encontro tem como objetivo fortalecer o empreendedorismo feminino no agroneg\u00f3cio | Foto: Arquivo Pessoal | Foto: Arquivo Pessoal"},{"@type":"BreadcrumbList","@id":"https:\/\/verdadeon.com.br\/portal\/2022\/09\/23\/sebrae-delas-recebe-inscricoes-para-rodada-de-negocios-exclusiva-para-mulheres\/#breadcrumb","itemListElement":[{"@type":"ListItem","position":1,"name":"In\u00edcio","item":"https:\/\/verdadeon.com.br\/portal\/"},{"@type":"ListItem","position":2,"name":"&#8216;Sebrae Delas&#8217; recebe inscri\u00e7\u00f5es para Rodada de Neg\u00f3cios exclusiva para mulheres"}]},{"@type":"WebSite","@id":"https:\/\/verdadeon.com.br\/portal\/#website","url":"https:\/\/verdadeon.com.br\/portal\/","name":"VerdadeOn","description":"Not\u00edcias di\u00e1rias sobre Franca, Regi\u00e3o, Esporte, Cultura, Cotidiano, Colunas. Cobertura nos principais eventos da cidade \u00e9 aqui - Verdadeon Franca","potentialAction":[{"@type":"SearchAction","target":{"@type":"EntryPoint","urlTemplate":"https:\/\/verdadeon.com.br\/portal\/?s={search_term_string}"},"query-input":{"@type":"PropertyValueSpecification","valueRequired":true,"valueName":"search_term_string"}}],"inLanguage":"pt-BR"},{"@type":"Person","@id":"https:\/\/verdadeon.com.br\/portal\/#\/schema\/person\/a5060ad1e9ea3df545188fc93ce43d2f","name":"Redacao VerdadeOn","image":{"@type":"ImageObject","inLanguage":"pt-BR","@id":"https:\/\/verdadeon.com.br\/portal\/#\/schema\/person\/image\/","url":"https:\/\/secure.gravatar.com\/avatar\/459a9613caaaf07f582c3d0841eea68bdd66f533e465e6ba8b9cb45619572cf4?s=96&d=mm&r=g","contentUrl":"https:\/\/secure.gravatar.com\/avatar\/459a9613caaaf07f582c3d0841eea68bdd66f533e465e6ba8b9cb45619572cf4?s=96&d=mm&r=g","caption":"Redacao VerdadeOn"},"url":"https:\/\/verdadeon.com.br\/portal\/author\/redacao\/"}]}},"jetpack_publicize_connections":[],"jetpack_featured_media_url":"https:\/\/i0.wp.com\/verdadeon.com.br\/portal\/wp-content\/uploads\/2022\/06\/Marcela-Natal-Moreira-e-Gestora-de-Projetos-e-responsavel-regional-pelos-Programas-de-Empreendedorismo-Feminino-do-Sebrae-Franca-Foto-Arquivo-Pessoal.jpeg?fit=1000%2C670&ssl=1","jetpack_sharing_enabled":true,"_links":{"self":[{"href":"https:\/\/verdadeon.com.br\/portal\/wp-json\/wp\/v2\/posts\/28279","targetHints":{"allow":["GET"]}}],"collection":[{"href":"https:\/\/verdadeon.com.br\/portal\/wp-json\/wp\/v2\/posts"}],"about":[{"href":"https:\/\/verdadeon.com.br\/portal\/wp-json\/wp\/v2\/types\/post"}],"author":[{"embeddable":true,"href":"https:\/\/verdadeon.com.br\/portal\/wp-json\/wp\/v2\/users\/10"}],"replies":[{"embeddable":true,"href":"https:\/\/verdadeon.com.br\/portal\/wp-json\/wp\/v2\/comments?post=28279"}],"version-history":[{"count":1,"href":"https:\/\/verdadeon.com.br\/portal\/wp-json\/wp\/v2\/posts\/28279\/revisions"}],"predecessor-version":[{"id":28281,"href":"https:\/\/verdadeon.com.br\/portal\/wp-json\/wp\/v2\/posts\/28279\/revisions\/28281"}],"wp:featuredmedia":[{"embeddable":true,"href":"https:\/\/verdadeon.com.br\/portal\/wp-json\/wp\/v2\/media\/25804"}],"wp:attachment":[{"href":"https:\/\/verdadeon.com.br\/portal\/wp-json\/wp\/v2\/media?parent=28279"}],"wp:term":[{"taxonomy":"category","embeddable":true,"href":"https:\/\/verdadeon.com.br\/portal\/wp-json\/wp\/v2\/categories?post=28279"},{"taxonomy":"post_tag","embeddable":true,"href":"https:\/\/verdadeon.com.br\/portal\/wp-json\/wp\/v2\/tags?post=28279"}],"curies":[{"name":"wp","href":"https:\/\/api.w.org\/{rel}","templated":true}]}}