{"id":28268,"date":"2022-09-22T18:44:28","date_gmt":"2022-09-22T21:44:28","guid":{"rendered":"https:\/\/verdadeon.com.br\/portal\/?p=28268"},"modified":"2022-09-22T18:44:28","modified_gmt":"2022-09-22T21:44:28","slug":"encontro-de-veiculos-antigos-reune-apaixonados-pelo-antigomobilismo-em-franca","status":"publish","type":"post","link":"https:\/\/verdadeon.com.br\/portal\/2022\/09\/22\/encontro-de-veiculos-antigos-reune-apaixonados-pelo-antigomobilismo-em-franca\/","title":{"rendered":"Encontro de Ve\u00edculos Antigos re\u00fane apaixonados pelo antigomobilismo em Franca"},"content":{"rendered":"<h2>Evento ser\u00e1 aberto na cidade nesta sexta-feira e segue at\u00e9 domingo, no Parque &#8216;Fernando Costa; s\u00e3o esperados 40 mil visitantes<\/h2>\n<p>&nbsp;<\/p>\n<p><span style=\"font-weight: 400;\">Com o objetivo de expor autom\u00f3veis que fazem parte da hist\u00f3ria do antigomobilismo no pa\u00eds e no mundo e reunir pessoas movidas pela mesma paix\u00e3o, Franca sedia o 22\u00ba Encontro de Ve\u00edculos Antigos nesta sexta-feira (23), s\u00e1bado (24) e domingo (25), no Parque de Exposi\u00e7\u00f5es \u201cFernando Costa\u201d.<\/span><\/p>\n<p><span style=\"font-weight: 400;\">O evento \u00e9 realizado pelo Clube do Autom\u00f3vel Antigo de Franca e ser\u00e1 retomado neste ano depois de ficar suspenso durante a pandemia. A expectativa \u00e9 receber mais de 40 mil visitantes nos tr\u00eas dias do Encontro, que deve reunir cerca de 300 ve\u00edculos. Alguns dos modelos expostos ser\u00e3o BelAir, Simca Chambord, Aero Willys, MP Lafer, Chevrolets e Fords fabricados antes de 1950 e Karmann Ghia.<\/span><\/p>\n<p><span style=\"font-weight: 400;\">O p\u00fablico poder\u00e1 apreciar o Lincoln Zephyr 1946 Fastback Sedan, que pertencia ao saudoso empres\u00e1rio Cl\u00f3vis Ludovice, grande entusiasta do antigomobilismo e um dos fundadores do Clube.<\/span><\/p>\n<p><span style=\"font-weight: 400;\">Para s\u00e1bado, a programa\u00e7\u00e3o inclui happy-hour com m\u00fasica ao vivo, das 18h \u00e0s 22h. O p\u00fablico encontrar\u00e1 tamb\u00e9m barracas diversas, com venda de chopp, alimenta\u00e7\u00e3o e de miniaturas, antiguidades e acess\u00f3rios. Na parte gastron\u00f4mica, o card\u00e1pio \u00e9 caprichado: Costela de ch\u00e3o, arroz no arado, comida de varal, crepes, churros, espetos e lanches.<\/span><\/p>\n<p><span style=\"font-weight: 400;\">A entrada obrigat\u00f3ria de 2 quilos de alimentos \u00e9 v\u00e1lida para expositores, mas os visitantes tamb\u00e9m podem contribuir com a doa\u00e7\u00e3o dos mantimentos, que ser\u00e3o destinados para entidades assistenciais de Franca. O Parque ficar\u00e1 aberto a partir das 7h para visita\u00e7\u00e3o.<\/span><\/p>\n<p>&nbsp;<\/p>\n<p><b>Servi\u00e7o<\/b><\/p>\n<p><b>22\u00ba Encontro de Carros Antigos<\/b><\/p>\n<p><b>Data:<\/b><span style=\"font-weight: 400;\"> 23, 24 e 25\/09\/2022<\/span><\/p>\n<p><b>Hor\u00e1rio:<\/b><span style=\"font-weight: 400;\"> A partir das 7h<\/span><\/p>\n<p><b>Local:<\/b><span style=\"font-weight: 400;\"> Parque de Exposi\u00e7\u00f5es \u201cFernando Costa\u201d<\/span><\/p>\n<p><span style=\"font-weight: 400;\">Avenida <\/span><span style=\"font-weight: 400;\">Dr. Fl\u00e1vio Rocha, 500, Franca\/SP<\/span><\/p>\n<p><b>Entrada:<\/b><span style=\"font-weight: 400;\"> 2 quilos de alimentos n\u00e3o-perec\u00edveis (opcional)<\/span><\/p>\n<p>&nbsp;<\/p>\n<p><img data-recalc-dims=\"1\" loading=\"lazy\" decoding=\"async\" class=\"alignnone wp-image-27599 size-large\" src=\"https:\/\/i0.wp.com\/verdadeon.com.br\/portal\/wp-content\/uploads\/2022\/08\/WhatsApp-Image-2022-08-29-at-17.22.02-1-724x1024.jpeg?resize=724%2C1024&#038;ssl=1\" alt=\"\" width=\"724\" height=\"1024\" \/><\/p>\n","protected":false},"excerpt":{"rendered":"<p>Evento ser\u00e1 aberto na cidade nesta sexta-feira e segue at\u00e9 domingo, no Parque &#8216;Fernando Costa; s\u00e3o esperados 40 mil visitantes &nbsp; Com o objetivo de expor<span class=\"excerpt-hellip\"> [\u2026]<\/span><\/p>\n","protected":false},"author":12,"featured_media":28269,"comment_status":"open","ping_status":"open","sticky":false,"template":"","format":"standard","meta":{"_jetpack_memberships_contains_paid_content":false,"footnotes":"","jetpack_publicize_message":"","jetpack_publicize_feature_enabled":true,"jetpack_social_post_already_shared":false,"jetpack_social_options":{"image_generator_settings":{"template":"highway","default_image_id":0,"enabled":false},"version":2}},"categories":[28,81],"tags":[],"class_list":["post-28268","post","type-post","status-publish","format-standard","has-post-thumbnail","hentry","category-cotidiano","category-manchete"],"yoast_head":"<!-- This site is optimized with the Yoast SEO plugin v25.6 - https:\/\/yoast.com\/wordpress\/plugins\/seo\/ -->\n<title>Encontro de Ve\u00edculos Antigos re\u00fane apaixonados pelo antigomobilismo em Franca - VerdadeOn<\/title>\n<meta name=\"robots\" content=\"index, follow, max-snippet:-1, max-image-preview:large, max-video-preview:-1\" \/>\n<link rel=\"canonical\" href=\"https:\/\/verdadeon.com.br\/portal\/2022\/09\/22\/encontro-de-veiculos-antigos-reune-apaixonados-pelo-antigomobilismo-em-franca\/\" \/>\n<meta property=\"og:locale\" content=\"pt_BR\" \/>\n<meta property=\"og:type\" content=\"article\" \/>\n<meta property=\"og:title\" content=\"Encontro de Ve\u00edculos Antigos re\u00fane apaixonados pelo antigomobilismo em Franca - VerdadeOn\" \/>\n<meta property=\"og:description\" content=\"Evento ser\u00e1 aberto na cidade nesta sexta-feira e segue at\u00e9 domingo, no Parque &#8216;Fernando Costa; s\u00e3o esperados 40 mil visitantes &nbsp; Com o objetivo de expor [\u2026]\" \/>\n<meta property=\"og:url\" content=\"https:\/\/verdadeon.com.br\/portal\/2022\/09\/22\/encontro-de-veiculos-antigos-reune-apaixonados-pelo-antigomobilismo-em-franca\/\" \/>\n<meta property=\"og:site_name\" content=\"VerdadeOn\" \/>\n<meta property=\"article:published_time\" content=\"2022-09-22T21:44:28+00:00\" \/>\n<meta property=\"og:image\" content=\"https:\/\/verdadeon.com.br\/portal\/wp-content\/uploads\/2022\/09\/ENCONTRO-DE-VEICULOS-ANTIGOS-FRANCA.jpeg\" \/>\n\t<meta property=\"og:image:width\" content=\"1025\" \/>\n\t<meta property=\"og:image:height\" content=\"687\" \/>\n\t<meta property=\"og:image:type\" content=\"image\/jpeg\" \/>\n<meta name=\"author\" content=\"Nelise Luques\" \/>\n<meta name=\"twitter:card\" content=\"summary_large_image\" \/>\n<meta name=\"twitter:label1\" content=\"Escrito por\" \/>\n\t<meta name=\"twitter:data1\" content=\"Nelise Luques\" \/>\n\t<meta name=\"twitter:label2\" content=\"Est. tempo de leitura\" \/>\n\t<meta name=\"twitter:data2\" content=\"2 minutos\" \/>\n<script type=\"application\/ld+json\" class=\"yoast-schema-graph\">{\"@context\":\"https:\/\/schema.org\",\"@graph\":[{\"@type\":\"WebPage\",\"@id\":\"https:\/\/verdadeon.com.br\/portal\/2022\/09\/22\/encontro-de-veiculos-antigos-reune-apaixonados-pelo-antigomobilismo-em-franca\/\",\"url\":\"https:\/\/verdadeon.com.br\/portal\/2022\/09\/22\/encontro-de-veiculos-antigos-reune-apaixonados-pelo-antigomobilismo-em-franca\/\",\"name\":\"Encontro de Ve\u00edculos Antigos re\u00fane apaixonados pelo antigomobilismo em Franca - VerdadeOn\",\"isPartOf\":{\"@id\":\"https:\/\/verdadeon.com.br\/portal\/#website\"},\"primaryImageOfPage\":{\"@id\":\"https:\/\/verdadeon.com.br\/portal\/2022\/09\/22\/encontro-de-veiculos-antigos-reune-apaixonados-pelo-antigomobilismo-em-franca\/#primaryimage\"},\"image\":{\"@id\":\"https:\/\/verdadeon.com.br\/portal\/2022\/09\/22\/encontro-de-veiculos-antigos-reune-apaixonados-pelo-antigomobilismo-em-franca\/#primaryimage\"},\"thumbnailUrl\":\"https:\/\/i0.wp.com\/verdadeon.com.br\/portal\/wp-content\/uploads\/2022\/09\/ENCONTRO-DE-VEICULOS-ANTIGOS-FRANCA.jpeg?fit=1025%2C687&ssl=1\",\"datePublished\":\"2022-09-22T21:44:28+00:00\",\"author\":{\"@id\":\"https:\/\/verdadeon.com.br\/portal\/#\/schema\/person\/8248726d36015c1916636fabb175d972\"},\"breadcrumb\":{\"@id\":\"https:\/\/verdadeon.com.br\/portal\/2022\/09\/22\/encontro-de-veiculos-antigos-reune-apaixonados-pelo-antigomobilismo-em-franca\/#breadcrumb\"},\"inLanguage\":\"pt-BR\",\"potentialAction\":[{\"@type\":\"ReadAction\",\"target\":[\"https:\/\/verdadeon.com.br\/portal\/2022\/09\/22\/encontro-de-veiculos-antigos-reune-apaixonados-pelo-antigomobilismo-em-franca\/\"]}]},{\"@type\":\"ImageObject\",\"inLanguage\":\"pt-BR\",\"@id\":\"https:\/\/verdadeon.com.br\/portal\/2022\/09\/22\/encontro-de-veiculos-antigos-reune-apaixonados-pelo-antigomobilismo-em-franca\/#primaryimage\",\"url\":\"https:\/\/i0.wp.com\/verdadeon.com.br\/portal\/wp-content\/uploads\/2022\/09\/ENCONTRO-DE-VEICULOS-ANTIGOS-FRANCA.jpeg?fit=1025%2C687&ssl=1\",\"contentUrl\":\"https:\/\/i0.wp.com\/verdadeon.com.br\/portal\/wp-content\/uploads\/2022\/09\/ENCONTRO-DE-VEICULOS-ANTIGOS-FRANCA.jpeg?fit=1025%2C687&ssl=1\",\"width\":1025,\"height\":687,\"caption\":\"No 22\u00ba Encontro de Ve\u00edculos Antigos, um dos destaques ser\u00e1 Karmann Ghia, 1971, sem restaura\u00e7\u00e3o | Foto: Divulga\u00e7\u00e3o\"},{\"@type\":\"BreadcrumbList\",\"@id\":\"https:\/\/verdadeon.com.br\/portal\/2022\/09\/22\/encontro-de-veiculos-antigos-reune-apaixonados-pelo-antigomobilismo-em-franca\/#breadcrumb\",\"itemListElement\":[{\"@type\":\"ListItem\",\"position\":1,\"name\":\"In\u00edcio\",\"item\":\"https:\/\/verdadeon.com.br\/portal\/\"},{\"@type\":\"ListItem\",\"position\":2,\"name\":\"Encontro de Ve\u00edculos Antigos re\u00fane apaixonados pelo antigomobilismo em Franca\"}]},{\"@type\":\"WebSite\",\"@id\":\"https:\/\/verdadeon.com.br\/portal\/#website\",\"url\":\"https:\/\/verdadeon.com.br\/portal\/\",\"name\":\"VerdadeOn\",\"description\":\"Not\u00edcias di\u00e1rias sobre Franca, Regi\u00e3o, Esporte, Cultura, Cotidiano, Colunas. Cobertura nos principais eventos da cidade \u00e9 aqui - Verdadeon Franca\",\"potentialAction\":[{\"@type\":\"SearchAction\",\"target\":{\"@type\":\"EntryPoint\",\"urlTemplate\":\"https:\/\/verdadeon.com.br\/portal\/?s={search_term_string}\"},\"query-input\":{\"@type\":\"PropertyValueSpecification\",\"valueRequired\":true,\"valueName\":\"search_term_string\"}}],\"inLanguage\":\"pt-BR\"},{\"@type\":\"Person\",\"@id\":\"https:\/\/verdadeon.com.br\/portal\/#\/schema\/person\/8248726d36015c1916636fabb175d972\",\"name\":\"Nelise Luques\",\"image\":{\"@type\":\"ImageObject\",\"inLanguage\":\"pt-BR\",\"@id\":\"https:\/\/verdadeon.com.br\/portal\/#\/schema\/person\/image\/\",\"url\":\"https:\/\/secure.gravatar.com\/avatar\/29b2a17f5bcadeb827411b66f48ac13c3e0ecaf5906c0f5745ecc5d41c24eada?s=96&d=mm&r=g\",\"contentUrl\":\"https:\/\/secure.gravatar.com\/avatar\/29b2a17f5bcadeb827411b66f48ac13c3e0ecaf5906c0f5745ecc5d41c24eada?s=96&d=mm&r=g\",\"caption\":\"Nelise Luques\"},\"url\":\"https:\/\/verdadeon.com.br\/portal\/author\/verdade\/\"}]}<\/script>\n<!-- \/ Yoast SEO plugin. -->","yoast_head_json":{"title":"Encontro de Ve\u00edculos Antigos re\u00fane apaixonados pelo antigomobilismo em Franca - VerdadeOn","robots":{"index":"index","follow":"follow","max-snippet":"max-snippet:-1","max-image-preview":"max-image-preview:large","max-video-preview":"max-video-preview:-1"},"canonical":"https:\/\/verdadeon.com.br\/portal\/2022\/09\/22\/encontro-de-veiculos-antigos-reune-apaixonados-pelo-antigomobilismo-em-franca\/","og_locale":"pt_BR","og_type":"article","og_title":"Encontro de Ve\u00edculos Antigos re\u00fane apaixonados pelo antigomobilismo em Franca - VerdadeOn","og_description":"Evento ser\u00e1 aberto na cidade nesta sexta-feira e segue at\u00e9 domingo, no Parque &#8216;Fernando Costa; s\u00e3o esperados 40 mil visitantes &nbsp; Com o objetivo de expor [\u2026]","og_url":"https:\/\/verdadeon.com.br\/portal\/2022\/09\/22\/encontro-de-veiculos-antigos-reune-apaixonados-pelo-antigomobilismo-em-franca\/","og_site_name":"VerdadeOn","article_published_time":"2022-09-22T21:44:28+00:00","og_image":[{"width":1025,"height":687,"url":"https:\/\/verdadeon.com.br\/portal\/wp-content\/uploads\/2022\/09\/ENCONTRO-DE-VEICULOS-ANTIGOS-FRANCA.jpeg","type":"image\/jpeg"}],"author":"Nelise Luques","twitter_card":"summary_large_image","twitter_misc":{"Escrito por":"Nelise Luques","Est. tempo de leitura":"2 minutos"},"schema":{"@context":"https:\/\/schema.org","@graph":[{"@type":"WebPage","@id":"https:\/\/verdadeon.com.br\/portal\/2022\/09\/22\/encontro-de-veiculos-antigos-reune-apaixonados-pelo-antigomobilismo-em-franca\/","url":"https:\/\/verdadeon.com.br\/portal\/2022\/09\/22\/encontro-de-veiculos-antigos-reune-apaixonados-pelo-antigomobilismo-em-franca\/","name":"Encontro de Ve\u00edculos Antigos re\u00fane apaixonados pelo antigomobilismo em Franca - VerdadeOn","isPartOf":{"@id":"https:\/\/verdadeon.com.br\/portal\/#website"},"primaryImageOfPage":{"@id":"https:\/\/verdadeon.com.br\/portal\/2022\/09\/22\/encontro-de-veiculos-antigos-reune-apaixonados-pelo-antigomobilismo-em-franca\/#primaryimage"},"image":{"@id":"https:\/\/verdadeon.com.br\/portal\/2022\/09\/22\/encontro-de-veiculos-antigos-reune-apaixonados-pelo-antigomobilismo-em-franca\/#primaryimage"},"thumbnailUrl":"https:\/\/i0.wp.com\/verdadeon.com.br\/portal\/wp-content\/uploads\/2022\/09\/ENCONTRO-DE-VEICULOS-ANTIGOS-FRANCA.jpeg?fit=1025%2C687&ssl=1","datePublished":"2022-09-22T21:44:28+00:00","author":{"@id":"https:\/\/verdadeon.com.br\/portal\/#\/schema\/person\/8248726d36015c1916636fabb175d972"},"breadcrumb":{"@id":"https:\/\/verdadeon.com.br\/portal\/2022\/09\/22\/encontro-de-veiculos-antigos-reune-apaixonados-pelo-antigomobilismo-em-franca\/#breadcrumb"},"inLanguage":"pt-BR","potentialAction":[{"@type":"ReadAction","target":["https:\/\/verdadeon.com.br\/portal\/2022\/09\/22\/encontro-de-veiculos-antigos-reune-apaixonados-pelo-antigomobilismo-em-franca\/"]}]},{"@type":"ImageObject","inLanguage":"pt-BR","@id":"https:\/\/verdadeon.com.br\/portal\/2022\/09\/22\/encontro-de-veiculos-antigos-reune-apaixonados-pelo-antigomobilismo-em-franca\/#primaryimage","url":"https:\/\/i0.wp.com\/verdadeon.com.br\/portal\/wp-content\/uploads\/2022\/09\/ENCONTRO-DE-VEICULOS-ANTIGOS-FRANCA.jpeg?fit=1025%2C687&ssl=1","contentUrl":"https:\/\/i0.wp.com\/verdadeon.com.br\/portal\/wp-content\/uploads\/2022\/09\/ENCONTRO-DE-VEICULOS-ANTIGOS-FRANCA.jpeg?fit=1025%2C687&ssl=1","width":1025,"height":687,"caption":"No 22\u00ba Encontro de Ve\u00edculos Antigos, um dos destaques ser\u00e1 Karmann Ghia, 1971, sem restaura\u00e7\u00e3o | Foto: Divulga\u00e7\u00e3o"},{"@type":"BreadcrumbList","@id":"https:\/\/verdadeon.com.br\/portal\/2022\/09\/22\/encontro-de-veiculos-antigos-reune-apaixonados-pelo-antigomobilismo-em-franca\/#breadcrumb","itemListElement":[{"@type":"ListItem","position":1,"name":"In\u00edcio","item":"https:\/\/verdadeon.com.br\/portal\/"},{"@type":"ListItem","position":2,"name":"Encontro de Ve\u00edculos Antigos re\u00fane apaixonados pelo antigomobilismo em Franca"}]},{"@type":"WebSite","@id":"https:\/\/verdadeon.com.br\/portal\/#website","url":"https:\/\/verdadeon.com.br\/portal\/","name":"VerdadeOn","description":"Not\u00edcias di\u00e1rias sobre Franca, Regi\u00e3o, Esporte, Cultura, Cotidiano, Colunas. Cobertura nos principais eventos da cidade \u00e9 aqui - Verdadeon Franca","potentialAction":[{"@type":"SearchAction","target":{"@type":"EntryPoint","urlTemplate":"https:\/\/verdadeon.com.br\/portal\/?s={search_term_string}"},"query-input":{"@type":"PropertyValueSpecification","valueRequired":true,"valueName":"search_term_string"}}],"inLanguage":"pt-BR"},{"@type":"Person","@id":"https:\/\/verdadeon.com.br\/portal\/#\/schema\/person\/8248726d36015c1916636fabb175d972","name":"Nelise Luques","image":{"@type":"ImageObject","inLanguage":"pt-BR","@id":"https:\/\/verdadeon.com.br\/portal\/#\/schema\/person\/image\/","url":"https:\/\/secure.gravatar.com\/avatar\/29b2a17f5bcadeb827411b66f48ac13c3e0ecaf5906c0f5745ecc5d41c24eada?s=96&d=mm&r=g","contentUrl":"https:\/\/secure.gravatar.com\/avatar\/29b2a17f5bcadeb827411b66f48ac13c3e0ecaf5906c0f5745ecc5d41c24eada?s=96&d=mm&r=g","caption":"Nelise Luques"},"url":"https:\/\/verdadeon.com.br\/portal\/author\/verdade\/"}]}},"jetpack_publicize_connections":[],"jetpack_featured_media_url":"https:\/\/i0.wp.com\/verdadeon.com.br\/portal\/wp-content\/uploads\/2022\/09\/ENCONTRO-DE-VEICULOS-ANTIGOS-FRANCA.jpeg?fit=1025%2C687&ssl=1","jetpack_sharing_enabled":true,"_links":{"self":[{"href":"https:\/\/verdadeon.com.br\/portal\/wp-json\/wp\/v2\/posts\/28268","targetHints":{"allow":["GET"]}}],"collection":[{"href":"https:\/\/verdadeon.com.br\/portal\/wp-json\/wp\/v2\/posts"}],"about":[{"href":"https:\/\/verdadeon.com.br\/portal\/wp-json\/wp\/v2\/types\/post"}],"author":[{"embeddable":true,"href":"https:\/\/verdadeon.com.br\/portal\/wp-json\/wp\/v2\/users\/12"}],"replies":[{"embeddable":true,"href":"https:\/\/verdadeon.com.br\/portal\/wp-json\/wp\/v2\/comments?post=28268"}],"version-history":[{"count":1,"href":"https:\/\/verdadeon.com.br\/portal\/wp-json\/wp\/v2\/posts\/28268\/revisions"}],"predecessor-version":[{"id":28270,"href":"https:\/\/verdadeon.com.br\/portal\/wp-json\/wp\/v2\/posts\/28268\/revisions\/28270"}],"wp:featuredmedia":[{"embeddable":true,"href":"https:\/\/verdadeon.com.br\/portal\/wp-json\/wp\/v2\/media\/28269"}],"wp:attachment":[{"href":"https:\/\/verdadeon.com.br\/portal\/wp-json\/wp\/v2\/media?parent=28268"}],"wp:term":[{"taxonomy":"category","embeddable":true,"href":"https:\/\/verdadeon.com.br\/portal\/wp-json\/wp\/v2\/categories?post=28268"},{"taxonomy":"post_tag","embeddable":true,"href":"https:\/\/verdadeon.com.br\/portal\/wp-json\/wp\/v2\/tags?post=28268"}],"curies":[{"name":"wp","href":"https:\/\/api.w.org\/{rel}","templated":true}]}}