{"id":28249,"date":"2022-09-22T16:12:16","date_gmt":"2022-09-22T19:12:16","guid":{"rendered":"https:\/\/verdadeon.com.br\/portal\/?p=28249"},"modified":"2022-09-22T16:12:16","modified_gmt":"2022-09-22T19:12:16","slug":"gaeco-prende-17-pessoas-suspeitas-de-integrar-faccao-criminosa","status":"publish","type":"post","link":"https:\/\/verdadeon.com.br\/portal\/2022\/09\/22\/gaeco-prende-17-pessoas-suspeitas-de-integrar-faccao-criminosa\/","title":{"rendered":"Gaeco prende 17 pessoas suspeitas de integrar fac\u00e7\u00e3o criminosa"},"content":{"rendered":"<h2>Todos foram recolhidos ao Sistema Prisional Estatal, foram quase nove meses de investiga\u00e7\u00e3o do Minist\u00e9rio P\u00fablico<\/h2>\n<p>Uma mega opera\u00e7\u00e3o do Minist\u00e9rio P\u00fablico, terminou com 17 pessoas presas nesta quinta-feira (22), em Franca. Todos eles segundo o M.P., possuem liga\u00e7\u00e3o com uma fac\u00e7\u00e3o criminosa que atua na capital e tamb\u00e9m no interior.<\/p>\n<p>Drogas, armas de fogo, celulares, computadores, anota\u00e7\u00f5es, entre outros, foram apreendidos nos endere\u00e7os onde a pol\u00edcia esteve. \u201cS\u00e3o membros que s\u00e3o respons\u00e1veis por bairros, al\u00e9m disso tem os membros que s\u00e3o respons\u00e1veis pelo cadastro e pelo pr\u00f3prio tr\u00e1fico de drogas. Dentre os presos existem pessoas com v\u00e1rias fun\u00e7\u00f5es dentro da fac\u00e7\u00e3o, e esse foi o nosso objetivo, tentar atingir a organiza\u00e7\u00e3o com atua\u00e7\u00e3o em Franca\u201d, explicou o Promotor do Gaeco, Rafael Piolla.<\/p>\n<p>Ainda segundo o promotor as investiga\u00e7\u00f5es tiveram in\u00edcio no m\u00eas de fevereiro, e durante este per\u00edodo foram analisadas apreens\u00f5es de drogas que foram realizadas aqui na cidade.<\/p>\n<p>Al\u00e9m do tr\u00e1fico, os suspeitos que foram presos nesta quinta-feira s\u00e3o suspeitos de participarem de sequestros para o chamado \u201cTribunal do Crime\u201d, que s\u00e3o aqueles que terminam com a morte de quem for \u201ccondenado\u201d por eles.<\/p>\n<p>\u201cAl\u00e9m disso, a investiga\u00e7\u00e3o busca apurar o destino do dinheiro do tr\u00e1fico il\u00edcito de drogas. Os objetos apreendidos ser\u00e3o entregues na sede do Gaeco e os presos levados para a CPJ\u201d, informou.<\/p>\n<p>&nbsp;<\/p>\n<h4>Desdobramentos<\/h4>\n<p>O tamb\u00e9m Promotor do Gaeco, Adriano Melega, explicou que a partir de agora tudo o que foi apreendido ser\u00e1 analisado pelo Minist\u00e9rio P\u00fablico, entre celulares, computadores e documentos. \u201cOs suspeitos ser\u00e3o ouvidos, e o material que vai ser analisado pode resultar em novos desdobramentos, como outras pessoas envolvidas e v\u00e3o basear poss\u00edvel den\u00fancia que deve ser feita para a Justi\u00e7a\u201d, explicou.<\/p>\n<p>At\u00e9 o momento as pris\u00f5es s\u00e3o tempor\u00e1rias, mas n\u00e3o est\u00e1 descartada a hip\u00f3tese de pris\u00e3o preventiva, que \u00e9 aquela em que os suspeitos ficam presos para n\u00e3o interferirem nas investiga\u00e7\u00f5es, por exemplo.<\/p>\n<p>&nbsp;<\/p>\n<h4>Patroc\u00ednio Paulista<\/h4>\n<p>Esta \u00e9 a segunda grande opera\u00e7\u00e3o contra a mesma fac\u00e7\u00e3o criminosa na regi\u00e3o de Franca em pouco mais de dois meses. Em junho o Jornal Verdade trouxe que sete pessoas foram presas em Patroc\u00ednio Paulista, todos suspeitos de fazerem parte da fac\u00e7\u00e3o.<\/p>\n<p>No dia 29 de junho, antes das 6h, o comboio com policiais seguiu para Patroc\u00ednio, o principal objetivo era cumprir seis mandados de busca e de pris\u00e3o, contra pessoas suspeitas de envolvimento com o tr\u00e1fico de drogas na cidade.<\/p>\n<p>Os endere\u00e7os foram simultaneamente percorridos pelos policiais, em um deles o suspeito ainda tentou fugir pulando para quintais vizinhos, mas acabou sendo detido e recolhido.<\/p>\n<p>\u201cOs mandados foram cumpridos com o apoio das delegacias da regi\u00e3o, eles s\u00e3o suspeitos de integrarem uma fac\u00e7\u00e3o criminosa que atua dentro e fora dos pres\u00eddios paulistas. Arma, drogas, dinheiro do tr\u00e1fico, celulares, foram apreendidos. Esse \u00e9 o dever do Estado, de retirar criminosos da rua, o Estado pode as vezes demorar um pouco, mas porque existe todo um trabalho de investiga\u00e7\u00e3o a ser feito, mas a lei \u00e9 cumprida\u201d, disse o delegado Djalma Donizete.<\/p>\n<p>Um ve\u00edculo tamb\u00e9m foi apreendido pela pol\u00edcia, ele pertence a um dos suspeitos de envolvimento com o tr\u00e1fico. Muni\u00e7\u00f5es intactas e at\u00e9 especiais foram recolhidas. O delegado explicou que elas eram usadas em diversos crimes na cidade de Patroc\u00ednio e tamb\u00e9m em alguns bairros de Franca. \u201cO crime organizado tem essa caracter\u00edstica de se portar como um estado paralelo, com regras, ordens, e essas armas tamb\u00e9m eram usadas neste sentido, de amea\u00e7as, controle\u201d, finalizou Djalma.<\/p>\n","protected":false},"excerpt":{"rendered":"<p>Todos foram recolhidos ao Sistema Prisional Estatal, foram quase nove meses de investiga\u00e7\u00e3o do Minist\u00e9rio P\u00fablico Uma mega opera\u00e7\u00e3o do Minist\u00e9rio P\u00fablico, terminou com 17 pessoas<span class=\"excerpt-hellip\"> [\u2026]<\/span><\/p>\n","protected":false},"author":7,"featured_media":28253,"comment_status":"open","ping_status":"open","sticky":false,"template":"","format":"standard","meta":{"_jetpack_memberships_contains_paid_content":false,"footnotes":"","jetpack_publicize_message":"","jetpack_publicize_feature_enabled":true,"jetpack_social_post_already_shared":false,"jetpack_social_options":{"image_generator_settings":{"template":"highway","default_image_id":0,"enabled":false},"version":2}},"categories":[28,81],"tags":[],"class_list":["post-28249","post","type-post","status-publish","format-standard","has-post-thumbnail","hentry","category-cotidiano","category-manchete"],"yoast_head":"<!-- This site is optimized with the Yoast SEO plugin v25.6 - https:\/\/yoast.com\/wordpress\/plugins\/seo\/ -->\n<title>Gaeco prende 17 pessoas suspeitas de integrar fac\u00e7\u00e3o criminosa - VerdadeOn<\/title>\n<meta name=\"robots\" content=\"index, follow, max-snippet:-1, max-image-preview:large, max-video-preview:-1\" \/>\n<link rel=\"canonical\" href=\"https:\/\/verdadeon.com.br\/portal\/2022\/09\/22\/gaeco-prende-17-pessoas-suspeitas-de-integrar-faccao-criminosa\/\" \/>\n<meta property=\"og:locale\" content=\"pt_BR\" \/>\n<meta property=\"og:type\" content=\"article\" \/>\n<meta property=\"og:title\" content=\"Gaeco prende 17 pessoas suspeitas de integrar fac\u00e7\u00e3o criminosa - VerdadeOn\" \/>\n<meta property=\"og:description\" content=\"Todos foram recolhidos ao Sistema Prisional Estatal, foram quase nove meses de investiga\u00e7\u00e3o do Minist\u00e9rio P\u00fablico Uma mega opera\u00e7\u00e3o do Minist\u00e9rio P\u00fablico, terminou com 17 pessoas [\u2026]\" \/>\n<meta property=\"og:url\" content=\"https:\/\/verdadeon.com.br\/portal\/2022\/09\/22\/gaeco-prende-17-pessoas-suspeitas-de-integrar-faccao-criminosa\/\" \/>\n<meta property=\"og:site_name\" content=\"VerdadeOn\" \/>\n<meta property=\"article:published_time\" content=\"2022-09-22T19:12:16+00:00\" \/>\n<meta property=\"og:image\" content=\"https:\/\/verdadeon.com.br\/portal\/wp-content\/uploads\/2022\/09\/WhatsApp-Image-2022-09-22-at-16.09.42.jpeg\" \/>\n\t<meta property=\"og:image:width\" content=\"1280\" \/>\n\t<meta property=\"og:image:height\" content=\"858\" \/>\n\t<meta property=\"og:image:type\" content=\"image\/jpeg\" \/>\n<meta name=\"author\" content=\"Fernando Lima\" \/>\n<meta name=\"twitter:card\" content=\"summary_large_image\" \/>\n<meta name=\"twitter:label1\" content=\"Escrito por\" \/>\n\t<meta name=\"twitter:data1\" content=\"Fernando Lima\" \/>\n\t<meta name=\"twitter:label2\" content=\"Est. tempo de leitura\" \/>\n\t<meta name=\"twitter:data2\" content=\"3 minutos\" \/>\n<script type=\"application\/ld+json\" class=\"yoast-schema-graph\">{\"@context\":\"https:\/\/schema.org\",\"@graph\":[{\"@type\":\"WebPage\",\"@id\":\"https:\/\/verdadeon.com.br\/portal\/2022\/09\/22\/gaeco-prende-17-pessoas-suspeitas-de-integrar-faccao-criminosa\/\",\"url\":\"https:\/\/verdadeon.com.br\/portal\/2022\/09\/22\/gaeco-prende-17-pessoas-suspeitas-de-integrar-faccao-criminosa\/\",\"name\":\"Gaeco prende 17 pessoas suspeitas de integrar fac\u00e7\u00e3o criminosa - VerdadeOn\",\"isPartOf\":{\"@id\":\"https:\/\/verdadeon.com.br\/portal\/#website\"},\"primaryImageOfPage\":{\"@id\":\"https:\/\/verdadeon.com.br\/portal\/2022\/09\/22\/gaeco-prende-17-pessoas-suspeitas-de-integrar-faccao-criminosa\/#primaryimage\"},\"image\":{\"@id\":\"https:\/\/verdadeon.com.br\/portal\/2022\/09\/22\/gaeco-prende-17-pessoas-suspeitas-de-integrar-faccao-criminosa\/#primaryimage\"},\"thumbnailUrl\":\"https:\/\/i0.wp.com\/verdadeon.com.br\/portal\/wp-content\/uploads\/2022\/09\/WhatsApp-Image-2022-09-22-at-16.09.42.jpeg?fit=1280%2C858&ssl=1\",\"datePublished\":\"2022-09-22T19:12:16+00:00\",\"author\":{\"@id\":\"https:\/\/verdadeon.com.br\/portal\/#\/schema\/person\/cc32be22b8e8599387c480bc83e1d11a\"},\"breadcrumb\":{\"@id\":\"https:\/\/verdadeon.com.br\/portal\/2022\/09\/22\/gaeco-prende-17-pessoas-suspeitas-de-integrar-faccao-criminosa\/#breadcrumb\"},\"inLanguage\":\"pt-BR\",\"potentialAction\":[{\"@type\":\"ReadAction\",\"target\":[\"https:\/\/verdadeon.com.br\/portal\/2022\/09\/22\/gaeco-prende-17-pessoas-suspeitas-de-integrar-faccao-criminosa\/\"]}]},{\"@type\":\"ImageObject\",\"inLanguage\":\"pt-BR\",\"@id\":\"https:\/\/verdadeon.com.br\/portal\/2022\/09\/22\/gaeco-prende-17-pessoas-suspeitas-de-integrar-faccao-criminosa\/#primaryimage\",\"url\":\"https:\/\/i0.wp.com\/verdadeon.com.br\/portal\/wp-content\/uploads\/2022\/09\/WhatsApp-Image-2022-09-22-at-16.09.42.jpeg?fit=1280%2C858&ssl=1\",\"contentUrl\":\"https:\/\/i0.wp.com\/verdadeon.com.br\/portal\/wp-content\/uploads\/2022\/09\/WhatsApp-Image-2022-09-22-at-16.09.42.jpeg?fit=1280%2C858&ssl=1\",\"width\":1280,\"height\":858,\"caption\":\"Al\u00e9m de dinheiro foram apreendidas por\u00e7\u00f5es de drogas, armas, computadores e celulares, tudo isso agora passar\u00e1 por uma an\u00e1lise do Minist\u00e9rio P\u00fablico | Foto: Divulga\u00e7\u00e3o\"},{\"@type\":\"BreadcrumbList\",\"@id\":\"https:\/\/verdadeon.com.br\/portal\/2022\/09\/22\/gaeco-prende-17-pessoas-suspeitas-de-integrar-faccao-criminosa\/#breadcrumb\",\"itemListElement\":[{\"@type\":\"ListItem\",\"position\":1,\"name\":\"In\u00edcio\",\"item\":\"https:\/\/verdadeon.com.br\/portal\/\"},{\"@type\":\"ListItem\",\"position\":2,\"name\":\"Gaeco prende 17 pessoas suspeitas de integrar fac\u00e7\u00e3o criminosa\"}]},{\"@type\":\"WebSite\",\"@id\":\"https:\/\/verdadeon.com.br\/portal\/#website\",\"url\":\"https:\/\/verdadeon.com.br\/portal\/\",\"name\":\"VerdadeOn\",\"description\":\"Not\u00edcias di\u00e1rias sobre Franca, Regi\u00e3o, Esporte, Cultura, Cotidiano, Colunas. Cobertura nos principais eventos da cidade \u00e9 aqui - Verdadeon Franca\",\"potentialAction\":[{\"@type\":\"SearchAction\",\"target\":{\"@type\":\"EntryPoint\",\"urlTemplate\":\"https:\/\/verdadeon.com.br\/portal\/?s={search_term_string}\"},\"query-input\":{\"@type\":\"PropertyValueSpecification\",\"valueRequired\":true,\"valueName\":\"search_term_string\"}}],\"inLanguage\":\"pt-BR\"},{\"@type\":\"Person\",\"@id\":\"https:\/\/verdadeon.com.br\/portal\/#\/schema\/person\/cc32be22b8e8599387c480bc83e1d11a\",\"name\":\"Fernando Lima\",\"image\":{\"@type\":\"ImageObject\",\"inLanguage\":\"pt-BR\",\"@id\":\"https:\/\/verdadeon.com.br\/portal\/#\/schema\/person\/image\/\",\"url\":\"https:\/\/secure.gravatar.com\/avatar\/df4c8e132080d2b3a4841d5d232045464e0eed11a1d6e43115ca0843d48768d3?s=96&d=mm&r=g\",\"contentUrl\":\"https:\/\/secure.gravatar.com\/avatar\/df4c8e132080d2b3a4841d5d232045464e0eed11a1d6e43115ca0843d48768d3?s=96&d=mm&r=g\",\"caption\":\"Fernando Lima\"},\"sameAs\":[\"http:\/\/verdadeon.com.br\/\"],\"url\":\"https:\/\/verdadeon.com.br\/portal\/author\/fernando-lima\/\"}]}<\/script>\n<!-- \/ Yoast SEO plugin. -->","yoast_head_json":{"title":"Gaeco prende 17 pessoas suspeitas de integrar fac\u00e7\u00e3o criminosa - VerdadeOn","robots":{"index":"index","follow":"follow","max-snippet":"max-snippet:-1","max-image-preview":"max-image-preview:large","max-video-preview":"max-video-preview:-1"},"canonical":"https:\/\/verdadeon.com.br\/portal\/2022\/09\/22\/gaeco-prende-17-pessoas-suspeitas-de-integrar-faccao-criminosa\/","og_locale":"pt_BR","og_type":"article","og_title":"Gaeco prende 17 pessoas suspeitas de integrar fac\u00e7\u00e3o criminosa - VerdadeOn","og_description":"Todos foram recolhidos ao Sistema Prisional Estatal, foram quase nove meses de investiga\u00e7\u00e3o do Minist\u00e9rio P\u00fablico Uma mega opera\u00e7\u00e3o do Minist\u00e9rio P\u00fablico, terminou com 17 pessoas [\u2026]","og_url":"https:\/\/verdadeon.com.br\/portal\/2022\/09\/22\/gaeco-prende-17-pessoas-suspeitas-de-integrar-faccao-criminosa\/","og_site_name":"VerdadeOn","article_published_time":"2022-09-22T19:12:16+00:00","og_image":[{"width":1280,"height":858,"url":"https:\/\/verdadeon.com.br\/portal\/wp-content\/uploads\/2022\/09\/WhatsApp-Image-2022-09-22-at-16.09.42.jpeg","type":"image\/jpeg"}],"author":"Fernando Lima","twitter_card":"summary_large_image","twitter_misc":{"Escrito por":"Fernando Lima","Est. tempo de leitura":"3 minutos"},"schema":{"@context":"https:\/\/schema.org","@graph":[{"@type":"WebPage","@id":"https:\/\/verdadeon.com.br\/portal\/2022\/09\/22\/gaeco-prende-17-pessoas-suspeitas-de-integrar-faccao-criminosa\/","url":"https:\/\/verdadeon.com.br\/portal\/2022\/09\/22\/gaeco-prende-17-pessoas-suspeitas-de-integrar-faccao-criminosa\/","name":"Gaeco prende 17 pessoas suspeitas de integrar fac\u00e7\u00e3o criminosa - VerdadeOn","isPartOf":{"@id":"https:\/\/verdadeon.com.br\/portal\/#website"},"primaryImageOfPage":{"@id":"https:\/\/verdadeon.com.br\/portal\/2022\/09\/22\/gaeco-prende-17-pessoas-suspeitas-de-integrar-faccao-criminosa\/#primaryimage"},"image":{"@id":"https:\/\/verdadeon.com.br\/portal\/2022\/09\/22\/gaeco-prende-17-pessoas-suspeitas-de-integrar-faccao-criminosa\/#primaryimage"},"thumbnailUrl":"https:\/\/i0.wp.com\/verdadeon.com.br\/portal\/wp-content\/uploads\/2022\/09\/WhatsApp-Image-2022-09-22-at-16.09.42.jpeg?fit=1280%2C858&ssl=1","datePublished":"2022-09-22T19:12:16+00:00","author":{"@id":"https:\/\/verdadeon.com.br\/portal\/#\/schema\/person\/cc32be22b8e8599387c480bc83e1d11a"},"breadcrumb":{"@id":"https:\/\/verdadeon.com.br\/portal\/2022\/09\/22\/gaeco-prende-17-pessoas-suspeitas-de-integrar-faccao-criminosa\/#breadcrumb"},"inLanguage":"pt-BR","potentialAction":[{"@type":"ReadAction","target":["https:\/\/verdadeon.com.br\/portal\/2022\/09\/22\/gaeco-prende-17-pessoas-suspeitas-de-integrar-faccao-criminosa\/"]}]},{"@type":"ImageObject","inLanguage":"pt-BR","@id":"https:\/\/verdadeon.com.br\/portal\/2022\/09\/22\/gaeco-prende-17-pessoas-suspeitas-de-integrar-faccao-criminosa\/#primaryimage","url":"https:\/\/i0.wp.com\/verdadeon.com.br\/portal\/wp-content\/uploads\/2022\/09\/WhatsApp-Image-2022-09-22-at-16.09.42.jpeg?fit=1280%2C858&ssl=1","contentUrl":"https:\/\/i0.wp.com\/verdadeon.com.br\/portal\/wp-content\/uploads\/2022\/09\/WhatsApp-Image-2022-09-22-at-16.09.42.jpeg?fit=1280%2C858&ssl=1","width":1280,"height":858,"caption":"Al\u00e9m de dinheiro foram apreendidas por\u00e7\u00f5es de drogas, armas, computadores e celulares, tudo isso agora passar\u00e1 por uma an\u00e1lise do Minist\u00e9rio P\u00fablico | Foto: Divulga\u00e7\u00e3o"},{"@type":"BreadcrumbList","@id":"https:\/\/verdadeon.com.br\/portal\/2022\/09\/22\/gaeco-prende-17-pessoas-suspeitas-de-integrar-faccao-criminosa\/#breadcrumb","itemListElement":[{"@type":"ListItem","position":1,"name":"In\u00edcio","item":"https:\/\/verdadeon.com.br\/portal\/"},{"@type":"ListItem","position":2,"name":"Gaeco prende 17 pessoas suspeitas de integrar fac\u00e7\u00e3o criminosa"}]},{"@type":"WebSite","@id":"https:\/\/verdadeon.com.br\/portal\/#website","url":"https:\/\/verdadeon.com.br\/portal\/","name":"VerdadeOn","description":"Not\u00edcias di\u00e1rias sobre Franca, Regi\u00e3o, Esporte, Cultura, Cotidiano, Colunas. Cobertura nos principais eventos da cidade \u00e9 aqui - Verdadeon Franca","potentialAction":[{"@type":"SearchAction","target":{"@type":"EntryPoint","urlTemplate":"https:\/\/verdadeon.com.br\/portal\/?s={search_term_string}"},"query-input":{"@type":"PropertyValueSpecification","valueRequired":true,"valueName":"search_term_string"}}],"inLanguage":"pt-BR"},{"@type":"Person","@id":"https:\/\/verdadeon.com.br\/portal\/#\/schema\/person\/cc32be22b8e8599387c480bc83e1d11a","name":"Fernando Lima","image":{"@type":"ImageObject","inLanguage":"pt-BR","@id":"https:\/\/verdadeon.com.br\/portal\/#\/schema\/person\/image\/","url":"https:\/\/secure.gravatar.com\/avatar\/df4c8e132080d2b3a4841d5d232045464e0eed11a1d6e43115ca0843d48768d3?s=96&d=mm&r=g","contentUrl":"https:\/\/secure.gravatar.com\/avatar\/df4c8e132080d2b3a4841d5d232045464e0eed11a1d6e43115ca0843d48768d3?s=96&d=mm&r=g","caption":"Fernando Lima"},"sameAs":["http:\/\/verdadeon.com.br\/"],"url":"https:\/\/verdadeon.com.br\/portal\/author\/fernando-lima\/"}]}},"jetpack_publicize_connections":[],"jetpack_featured_media_url":"https:\/\/i0.wp.com\/verdadeon.com.br\/portal\/wp-content\/uploads\/2022\/09\/WhatsApp-Image-2022-09-22-at-16.09.42.jpeg?fit=1280%2C858&ssl=1","jetpack_sharing_enabled":true,"_links":{"self":[{"href":"https:\/\/verdadeon.com.br\/portal\/wp-json\/wp\/v2\/posts\/28249","targetHints":{"allow":["GET"]}}],"collection":[{"href":"https:\/\/verdadeon.com.br\/portal\/wp-json\/wp\/v2\/posts"}],"about":[{"href":"https:\/\/verdadeon.com.br\/portal\/wp-json\/wp\/v2\/types\/post"}],"author":[{"embeddable":true,"href":"https:\/\/verdadeon.com.br\/portal\/wp-json\/wp\/v2\/users\/7"}],"replies":[{"embeddable":true,"href":"https:\/\/verdadeon.com.br\/portal\/wp-json\/wp\/v2\/comments?post=28249"}],"version-history":[{"count":1,"href":"https:\/\/verdadeon.com.br\/portal\/wp-json\/wp\/v2\/posts\/28249\/revisions"}],"predecessor-version":[{"id":28254,"href":"https:\/\/verdadeon.com.br\/portal\/wp-json\/wp\/v2\/posts\/28249\/revisions\/28254"}],"wp:featuredmedia":[{"embeddable":true,"href":"https:\/\/verdadeon.com.br\/portal\/wp-json\/wp\/v2\/media\/28253"}],"wp:attachment":[{"href":"https:\/\/verdadeon.com.br\/portal\/wp-json\/wp\/v2\/media?parent=28249"}],"wp:term":[{"taxonomy":"category","embeddable":true,"href":"https:\/\/verdadeon.com.br\/portal\/wp-json\/wp\/v2\/categories?post=28249"},{"taxonomy":"post_tag","embeddable":true,"href":"https:\/\/verdadeon.com.br\/portal\/wp-json\/wp\/v2\/tags?post=28249"}],"curies":[{"name":"wp","href":"https:\/\/api.w.org\/{rel}","templated":true}]}}