{"id":28203,"date":"2022-09-21T18:47:26","date_gmt":"2022-09-21T21:47:26","guid":{"rendered":"https:\/\/verdadeon.com.br\/portal\/?p=28203"},"modified":"2022-09-21T18:47:26","modified_gmt":"2022-09-21T21:47:26","slug":"oab-de-franca-abre-ecoponto-para-descarte-de-materiais-eletronicos-e-remedios","status":"publish","type":"post","link":"https:\/\/verdadeon.com.br\/portal\/2022\/09\/21\/oab-de-franca-abre-ecoponto-para-descarte-de-materiais-eletronicos-e-remedios\/","title":{"rendered":"OAB de Franca abre ecoponto para descarte de materiais eletr\u00f4nicos e rem\u00e9dios"},"content":{"rendered":"<h2>Materiais podem ser entregues no pr\u00e9dio da institui\u00e7\u00e3o, que far\u00e1 a destina\u00e7\u00e3o correta dos mesmos<\/h2>\n<p>Fernando Lima<\/p>\n<p>A Ordem dos Advogados do Brasil (OAB) de Franca, atrav\u00e9s da Comiss\u00e3o do Meio Ambiente e de Defesa dos Direitos dos Animais, passou a recolher materiais inserv\u00edveis que precisam de destina\u00e7\u00e3o correta, como lixo eletr\u00f4nico (bateria de celulares, pilhas, fones, entre outros), embalagens de rem\u00e9dios, l\u00e2mpadas e tampas de garrafas pets. As caixas onde os materiais podem ser descartados ficam na General Carneiro, 2401, na recep\u00e7\u00e3o da OAB.<\/p>\n<p>&#8220;A ideia da campanha descarte consciente surgiu de alguns eventos que a comiss\u00e3o participou com alguns grupos, como Mulheres do Brasil, o Grupo Verdejar e tamb\u00e9m com a Secretaria do Meio Ambiente, onde a gente foi fazer a limpeza de algumas pra\u00e7as. N\u00f3s ficamos impactados com a quantidade de lixo jogada nas pra\u00e7as. Embalagens de rem\u00e9dios, vidros, seringas ,roupas, sapatos, s\u00e3o diversos tipos. Na \u00faltima a\u00e7\u00e3o que a gente trabalhou, a gente recolheu mais de 27 sacos de lixos s\u00f3 em uma pra\u00e7a. E a\u00ed surgiu essa ideia de montar um ecoponto l\u00e1 na OAB, para que a gente possa dar o destino correto pra alguns materiais que a maioria das pessoas n\u00e3o sabe onde descartar&#8221;, explicou Barbara Navarro Miranda, advogada e uma das coordenadoras da Comiss\u00e3o do Meio Ambiente e Defesa dos Direitos dos Animais &#8211; OAB Franca.<\/p>\n<p>A advogada destacou ainda que a comunidade n\u00e3o tem ideia da import\u00e2ncia do descarte correto desses materiais, e que o Brasil \u00e9 o s\u00e9timo maior produtor de lixo eletr\u00f4nico do mundo, produzindo uma tonelada e meia de lixo eletr\u00f4nico por ano. &#8220;Esses equipamentos el\u00e9tricos possuem res\u00edduos t\u00f3xicos que se forem descartados de maneira incorreta podem atingir o solo e os len\u00e7\u00f3is fre\u00e1ticos, causando risco \u00e0 sa\u00fade p\u00fablica. Setenta por cento dos metais pesados encontrados em lix\u00f5es e aterros sanit\u00e1rios s\u00e3o provenientes de equipamentos eletr\u00f4nicos descartados incorretamente&#8221;, disse.<\/p>\n<p>O tamb\u00e9m coordenador da Comiss\u00e3o, advogado Alex do Vale, avaliou que \u00e9 fundamental a conscientiza\u00e7\u00e3o de todos, principalmente nos nossos h\u00e1bitos di\u00e1rios, que acabam refletindo diretamente na destrui\u00e7\u00e3o da natureza.\u00a0&#8220;\u00c9 um h\u00e1bito simples separar esses equipamentos e simplesmente destinar a um adequado descarte, sem necessitar jogar no lixo comum e causar todo este transtorno na natureza. Proteger o meio ambiente \u00e9 um papel de toda a sociedade, \u00e9 fundamental que cada um fa\u00e7a a sua parte com envolvimento efetivo das pessoas, para que as nossas pr\u00f3ximas gera\u00e7\u00f5es consigam viver em um planeta ainda habit\u00e1vel, saud\u00e1vel e bonito como ainda \u00e9 hoje&#8221;, ressaltou.<\/p>\n<h4>Allan Kardec<\/h4>\n<p>Al\u00e9m da OAB, a popula\u00e7\u00e3o de Franca tamb\u00e9m pode entregar o lixo eletr\u00f4nico na Funda\u00e7\u00e3o Allan Kardec, que desenvolve um projeto social com o mesmo. Tudo o que \u00e9 doado \u00e9 desmontado pelos oficineiros e dinheiro arrecadado com a venda das pe\u00e7as \u00e9 divido entre os participantes da chamada Oficina de Reciclagem de Eletr\u00f4nicos.<br \/>\nOs oficineiros s\u00e3o pessoas em tratamento no Alan Kardec, que encontram dificuldades no mercado de trabalho por conta desta condi\u00e7\u00e3o.<br \/>\nOs materiais como TV, celulares, impressoras, qualquer eletrodom\u00e9stico danificado ou sem uso, podem ser doados na recep\u00e7\u00e3o da Funda\u00e7\u00e3o Allan Kardec, na rua Jos\u00e9 Marques Garcia, 675, no Cidade Nova.<br \/>\nO WhatsApp da institui\u00e7\u00e3o \u00e9 o (16). 9 9969-0648<\/p>\n","protected":false},"excerpt":{"rendered":"<p>Materiais podem ser entregues no pr\u00e9dio da institui\u00e7\u00e3o, que far\u00e1 a destina\u00e7\u00e3o correta dos mesmos Fernando Lima A Ordem dos Advogados do Brasil (OAB) de Franca,<span class=\"excerpt-hellip\"> [\u2026]<\/span><\/p>\n","protected":false},"author":7,"featured_media":28214,"comment_status":"open","ping_status":"open","sticky":false,"template":"","format":"standard","meta":{"_jetpack_memberships_contains_paid_content":false,"footnotes":"","jetpack_publicize_message":"","jetpack_publicize_feature_enabled":true,"jetpack_social_post_already_shared":false,"jetpack_social_options":{"image_generator_settings":{"template":"highway","default_image_id":0,"enabled":false},"version":2}},"categories":[28,81],"tags":[],"class_list":["post-28203","post","type-post","status-publish","format-standard","has-post-thumbnail","hentry","category-cotidiano","category-manchete"],"yoast_head":"<!-- This site is optimized with the Yoast SEO plugin v25.6 - https:\/\/yoast.com\/wordpress\/plugins\/seo\/ -->\n<title>OAB de Franca abre ecoponto para descarte de materiais eletr\u00f4nicos e rem\u00e9dios - VerdadeOn<\/title>\n<meta name=\"robots\" content=\"index, follow, max-snippet:-1, max-image-preview:large, max-video-preview:-1\" \/>\n<link rel=\"canonical\" href=\"https:\/\/verdadeon.com.br\/portal\/2022\/09\/21\/oab-de-franca-abre-ecoponto-para-descarte-de-materiais-eletronicos-e-remedios\/\" \/>\n<meta property=\"og:locale\" content=\"pt_BR\" \/>\n<meta property=\"og:type\" content=\"article\" \/>\n<meta property=\"og:title\" content=\"OAB de Franca abre ecoponto para descarte de materiais eletr\u00f4nicos e rem\u00e9dios - VerdadeOn\" \/>\n<meta property=\"og:description\" content=\"Materiais podem ser entregues no pr\u00e9dio da institui\u00e7\u00e3o, que far\u00e1 a destina\u00e7\u00e3o correta dos mesmos Fernando Lima A Ordem dos Advogados do Brasil (OAB) de Franca, [\u2026]\" \/>\n<meta property=\"og:url\" content=\"https:\/\/verdadeon.com.br\/portal\/2022\/09\/21\/oab-de-franca-abre-ecoponto-para-descarte-de-materiais-eletronicos-e-remedios\/\" \/>\n<meta property=\"og:site_name\" content=\"VerdadeOn\" \/>\n<meta property=\"article:published_time\" content=\"2022-09-21T21:47:26+00:00\" \/>\n<meta property=\"og:image\" content=\"https:\/\/verdadeon.com.br\/portal\/wp-content\/uploads\/2022\/09\/LIXO-ELETRONICO.png\" \/>\n\t<meta property=\"og:image:width\" content=\"1000\" \/>\n\t<meta property=\"og:image:height\" content=\"662\" \/>\n\t<meta property=\"og:image:type\" content=\"image\/png\" \/>\n<meta name=\"author\" content=\"Fernando Lima\" \/>\n<meta name=\"twitter:card\" content=\"summary_large_image\" \/>\n<meta name=\"twitter:label1\" content=\"Escrito por\" \/>\n\t<meta name=\"twitter:data1\" content=\"Fernando Lima\" \/>\n\t<meta name=\"twitter:label2\" content=\"Est. tempo de leitura\" \/>\n\t<meta name=\"twitter:data2\" content=\"3 minutos\" \/>\n<script type=\"application\/ld+json\" class=\"yoast-schema-graph\">{\"@context\":\"https:\/\/schema.org\",\"@graph\":[{\"@type\":\"WebPage\",\"@id\":\"https:\/\/verdadeon.com.br\/portal\/2022\/09\/21\/oab-de-franca-abre-ecoponto-para-descarte-de-materiais-eletronicos-e-remedios\/\",\"url\":\"https:\/\/verdadeon.com.br\/portal\/2022\/09\/21\/oab-de-franca-abre-ecoponto-para-descarte-de-materiais-eletronicos-e-remedios\/\",\"name\":\"OAB de Franca abre ecoponto para descarte de materiais eletr\u00f4nicos e rem\u00e9dios - VerdadeOn\",\"isPartOf\":{\"@id\":\"https:\/\/verdadeon.com.br\/portal\/#website\"},\"primaryImageOfPage\":{\"@id\":\"https:\/\/verdadeon.com.br\/portal\/2022\/09\/21\/oab-de-franca-abre-ecoponto-para-descarte-de-materiais-eletronicos-e-remedios\/#primaryimage\"},\"image\":{\"@id\":\"https:\/\/verdadeon.com.br\/portal\/2022\/09\/21\/oab-de-franca-abre-ecoponto-para-descarte-de-materiais-eletronicos-e-remedios\/#primaryimage\"},\"thumbnailUrl\":\"https:\/\/i0.wp.com\/verdadeon.com.br\/portal\/wp-content\/uploads\/2022\/09\/LIXO-ELETRONICO.png?fit=1000%2C662&ssl=1\",\"datePublished\":\"2022-09-21T21:47:26+00:00\",\"author\":{\"@id\":\"https:\/\/verdadeon.com.br\/portal\/#\/schema\/person\/cc32be22b8e8599387c480bc83e1d11a\"},\"breadcrumb\":{\"@id\":\"https:\/\/verdadeon.com.br\/portal\/2022\/09\/21\/oab-de-franca-abre-ecoponto-para-descarte-de-materiais-eletronicos-e-remedios\/#breadcrumb\"},\"inLanguage\":\"pt-BR\",\"potentialAction\":[{\"@type\":\"ReadAction\",\"target\":[\"https:\/\/verdadeon.com.br\/portal\/2022\/09\/21\/oab-de-franca-abre-ecoponto-para-descarte-de-materiais-eletronicos-e-remedios\/\"]}]},{\"@type\":\"ImageObject\",\"inLanguage\":\"pt-BR\",\"@id\":\"https:\/\/verdadeon.com.br\/portal\/2022\/09\/21\/oab-de-franca-abre-ecoponto-para-descarte-de-materiais-eletronicos-e-remedios\/#primaryimage\",\"url\":\"https:\/\/i0.wp.com\/verdadeon.com.br\/portal\/wp-content\/uploads\/2022\/09\/LIXO-ELETRONICO.png?fit=1000%2C662&ssl=1\",\"contentUrl\":\"https:\/\/i0.wp.com\/verdadeon.com.br\/portal\/wp-content\/uploads\/2022\/09\/LIXO-ELETRONICO.png?fit=1000%2C662&ssl=1\",\"width\":1000,\"height\":662,\"caption\":\"As caixas onde os materiais podem ser descartados, ficam na recep\u00e7\u00e3o da OAB de Franca | Foto: Divulga\u00e7\u00e3o\"},{\"@type\":\"BreadcrumbList\",\"@id\":\"https:\/\/verdadeon.com.br\/portal\/2022\/09\/21\/oab-de-franca-abre-ecoponto-para-descarte-de-materiais-eletronicos-e-remedios\/#breadcrumb\",\"itemListElement\":[{\"@type\":\"ListItem\",\"position\":1,\"name\":\"In\u00edcio\",\"item\":\"https:\/\/verdadeon.com.br\/portal\/\"},{\"@type\":\"ListItem\",\"position\":2,\"name\":\"OAB de Franca abre ecoponto para descarte de materiais eletr\u00f4nicos e rem\u00e9dios\"}]},{\"@type\":\"WebSite\",\"@id\":\"https:\/\/verdadeon.com.br\/portal\/#website\",\"url\":\"https:\/\/verdadeon.com.br\/portal\/\",\"name\":\"VerdadeOn\",\"description\":\"Not\u00edcias di\u00e1rias sobre Franca, Regi\u00e3o, Esporte, Cultura, Cotidiano, Colunas. Cobertura nos principais eventos da cidade \u00e9 aqui - Verdadeon Franca\",\"potentialAction\":[{\"@type\":\"SearchAction\",\"target\":{\"@type\":\"EntryPoint\",\"urlTemplate\":\"https:\/\/verdadeon.com.br\/portal\/?s={search_term_string}\"},\"query-input\":{\"@type\":\"PropertyValueSpecification\",\"valueRequired\":true,\"valueName\":\"search_term_string\"}}],\"inLanguage\":\"pt-BR\"},{\"@type\":\"Person\",\"@id\":\"https:\/\/verdadeon.com.br\/portal\/#\/schema\/person\/cc32be22b8e8599387c480bc83e1d11a\",\"name\":\"Fernando Lima\",\"image\":{\"@type\":\"ImageObject\",\"inLanguage\":\"pt-BR\",\"@id\":\"https:\/\/verdadeon.com.br\/portal\/#\/schema\/person\/image\/\",\"url\":\"https:\/\/secure.gravatar.com\/avatar\/df4c8e132080d2b3a4841d5d232045464e0eed11a1d6e43115ca0843d48768d3?s=96&d=mm&r=g\",\"contentUrl\":\"https:\/\/secure.gravatar.com\/avatar\/df4c8e132080d2b3a4841d5d232045464e0eed11a1d6e43115ca0843d48768d3?s=96&d=mm&r=g\",\"caption\":\"Fernando Lima\"},\"sameAs\":[\"http:\/\/verdadeon.com.br\/\"],\"url\":\"https:\/\/verdadeon.com.br\/portal\/author\/fernando-lima\/\"}]}<\/script>\n<!-- \/ Yoast SEO plugin. -->","yoast_head_json":{"title":"OAB de Franca abre ecoponto para descarte de materiais eletr\u00f4nicos e rem\u00e9dios - VerdadeOn","robots":{"index":"index","follow":"follow","max-snippet":"max-snippet:-1","max-image-preview":"max-image-preview:large","max-video-preview":"max-video-preview:-1"},"canonical":"https:\/\/verdadeon.com.br\/portal\/2022\/09\/21\/oab-de-franca-abre-ecoponto-para-descarte-de-materiais-eletronicos-e-remedios\/","og_locale":"pt_BR","og_type":"article","og_title":"OAB de Franca abre ecoponto para descarte de materiais eletr\u00f4nicos e rem\u00e9dios - VerdadeOn","og_description":"Materiais podem ser entregues no pr\u00e9dio da institui\u00e7\u00e3o, que far\u00e1 a destina\u00e7\u00e3o correta dos mesmos Fernando Lima A Ordem dos Advogados do Brasil (OAB) de Franca, [\u2026]","og_url":"https:\/\/verdadeon.com.br\/portal\/2022\/09\/21\/oab-de-franca-abre-ecoponto-para-descarte-de-materiais-eletronicos-e-remedios\/","og_site_name":"VerdadeOn","article_published_time":"2022-09-21T21:47:26+00:00","og_image":[{"width":1000,"height":662,"url":"https:\/\/verdadeon.com.br\/portal\/wp-content\/uploads\/2022\/09\/LIXO-ELETRONICO.png","type":"image\/png"}],"author":"Fernando Lima","twitter_card":"summary_large_image","twitter_misc":{"Escrito por":"Fernando Lima","Est. tempo de leitura":"3 minutos"},"schema":{"@context":"https:\/\/schema.org","@graph":[{"@type":"WebPage","@id":"https:\/\/verdadeon.com.br\/portal\/2022\/09\/21\/oab-de-franca-abre-ecoponto-para-descarte-de-materiais-eletronicos-e-remedios\/","url":"https:\/\/verdadeon.com.br\/portal\/2022\/09\/21\/oab-de-franca-abre-ecoponto-para-descarte-de-materiais-eletronicos-e-remedios\/","name":"OAB de Franca abre ecoponto para descarte de materiais eletr\u00f4nicos e rem\u00e9dios - VerdadeOn","isPartOf":{"@id":"https:\/\/verdadeon.com.br\/portal\/#website"},"primaryImageOfPage":{"@id":"https:\/\/verdadeon.com.br\/portal\/2022\/09\/21\/oab-de-franca-abre-ecoponto-para-descarte-de-materiais-eletronicos-e-remedios\/#primaryimage"},"image":{"@id":"https:\/\/verdadeon.com.br\/portal\/2022\/09\/21\/oab-de-franca-abre-ecoponto-para-descarte-de-materiais-eletronicos-e-remedios\/#primaryimage"},"thumbnailUrl":"https:\/\/i0.wp.com\/verdadeon.com.br\/portal\/wp-content\/uploads\/2022\/09\/LIXO-ELETRONICO.png?fit=1000%2C662&ssl=1","datePublished":"2022-09-21T21:47:26+00:00","author":{"@id":"https:\/\/verdadeon.com.br\/portal\/#\/schema\/person\/cc32be22b8e8599387c480bc83e1d11a"},"breadcrumb":{"@id":"https:\/\/verdadeon.com.br\/portal\/2022\/09\/21\/oab-de-franca-abre-ecoponto-para-descarte-de-materiais-eletronicos-e-remedios\/#breadcrumb"},"inLanguage":"pt-BR","potentialAction":[{"@type":"ReadAction","target":["https:\/\/verdadeon.com.br\/portal\/2022\/09\/21\/oab-de-franca-abre-ecoponto-para-descarte-de-materiais-eletronicos-e-remedios\/"]}]},{"@type":"ImageObject","inLanguage":"pt-BR","@id":"https:\/\/verdadeon.com.br\/portal\/2022\/09\/21\/oab-de-franca-abre-ecoponto-para-descarte-de-materiais-eletronicos-e-remedios\/#primaryimage","url":"https:\/\/i0.wp.com\/verdadeon.com.br\/portal\/wp-content\/uploads\/2022\/09\/LIXO-ELETRONICO.png?fit=1000%2C662&ssl=1","contentUrl":"https:\/\/i0.wp.com\/verdadeon.com.br\/portal\/wp-content\/uploads\/2022\/09\/LIXO-ELETRONICO.png?fit=1000%2C662&ssl=1","width":1000,"height":662,"caption":"As caixas onde os materiais podem ser descartados, ficam na recep\u00e7\u00e3o da OAB de Franca | Foto: Divulga\u00e7\u00e3o"},{"@type":"BreadcrumbList","@id":"https:\/\/verdadeon.com.br\/portal\/2022\/09\/21\/oab-de-franca-abre-ecoponto-para-descarte-de-materiais-eletronicos-e-remedios\/#breadcrumb","itemListElement":[{"@type":"ListItem","position":1,"name":"In\u00edcio","item":"https:\/\/verdadeon.com.br\/portal\/"},{"@type":"ListItem","position":2,"name":"OAB de Franca abre ecoponto para descarte de materiais eletr\u00f4nicos e rem\u00e9dios"}]},{"@type":"WebSite","@id":"https:\/\/verdadeon.com.br\/portal\/#website","url":"https:\/\/verdadeon.com.br\/portal\/","name":"VerdadeOn","description":"Not\u00edcias di\u00e1rias sobre Franca, Regi\u00e3o, Esporte, Cultura, Cotidiano, Colunas. Cobertura nos principais eventos da cidade \u00e9 aqui - Verdadeon Franca","potentialAction":[{"@type":"SearchAction","target":{"@type":"EntryPoint","urlTemplate":"https:\/\/verdadeon.com.br\/portal\/?s={search_term_string}"},"query-input":{"@type":"PropertyValueSpecification","valueRequired":true,"valueName":"search_term_string"}}],"inLanguage":"pt-BR"},{"@type":"Person","@id":"https:\/\/verdadeon.com.br\/portal\/#\/schema\/person\/cc32be22b8e8599387c480bc83e1d11a","name":"Fernando Lima","image":{"@type":"ImageObject","inLanguage":"pt-BR","@id":"https:\/\/verdadeon.com.br\/portal\/#\/schema\/person\/image\/","url":"https:\/\/secure.gravatar.com\/avatar\/df4c8e132080d2b3a4841d5d232045464e0eed11a1d6e43115ca0843d48768d3?s=96&d=mm&r=g","contentUrl":"https:\/\/secure.gravatar.com\/avatar\/df4c8e132080d2b3a4841d5d232045464e0eed11a1d6e43115ca0843d48768d3?s=96&d=mm&r=g","caption":"Fernando Lima"},"sameAs":["http:\/\/verdadeon.com.br\/"],"url":"https:\/\/verdadeon.com.br\/portal\/author\/fernando-lima\/"}]}},"jetpack_publicize_connections":[],"jetpack_featured_media_url":"https:\/\/i0.wp.com\/verdadeon.com.br\/portal\/wp-content\/uploads\/2022\/09\/LIXO-ELETRONICO.png?fit=1000%2C662&ssl=1","jetpack_sharing_enabled":true,"_links":{"self":[{"href":"https:\/\/verdadeon.com.br\/portal\/wp-json\/wp\/v2\/posts\/28203","targetHints":{"allow":["GET"]}}],"collection":[{"href":"https:\/\/verdadeon.com.br\/portal\/wp-json\/wp\/v2\/posts"}],"about":[{"href":"https:\/\/verdadeon.com.br\/portal\/wp-json\/wp\/v2\/types\/post"}],"author":[{"embeddable":true,"href":"https:\/\/verdadeon.com.br\/portal\/wp-json\/wp\/v2\/users\/7"}],"replies":[{"embeddable":true,"href":"https:\/\/verdadeon.com.br\/portal\/wp-json\/wp\/v2\/comments?post=28203"}],"version-history":[{"count":2,"href":"https:\/\/verdadeon.com.br\/portal\/wp-json\/wp\/v2\/posts\/28203\/revisions"}],"predecessor-version":[{"id":28215,"href":"https:\/\/verdadeon.com.br\/portal\/wp-json\/wp\/v2\/posts\/28203\/revisions\/28215"}],"wp:featuredmedia":[{"embeddable":true,"href":"https:\/\/verdadeon.com.br\/portal\/wp-json\/wp\/v2\/media\/28214"}],"wp:attachment":[{"href":"https:\/\/verdadeon.com.br\/portal\/wp-json\/wp\/v2\/media?parent=28203"}],"wp:term":[{"taxonomy":"category","embeddable":true,"href":"https:\/\/verdadeon.com.br\/portal\/wp-json\/wp\/v2\/categories?post=28203"},{"taxonomy":"post_tag","embeddable":true,"href":"https:\/\/verdadeon.com.br\/portal\/wp-json\/wp\/v2\/tags?post=28203"}],"curies":[{"name":"wp","href":"https:\/\/api.w.org\/{rel}","templated":true}]}}