{"id":28144,"date":"2022-09-20T18:49:46","date_gmt":"2022-09-20T21:49:46","guid":{"rendered":"https:\/\/verdadeon.com.br\/portal\/?p=28144"},"modified":"2022-09-20T18:47:49","modified_gmt":"2022-09-20T21:47:49","slug":"casa-desocupada-na-vila-nicacio-e-invadida-pela-5a-vez-pelo-mesmo-ladrao","status":"publish","type":"post","link":"https:\/\/verdadeon.com.br\/portal\/2022\/09\/20\/casa-desocupada-na-vila-nicacio-e-invadida-pela-5a-vez-pelo-mesmo-ladrao\/","title":{"rendered":"Casa na Vila Nic\u00e1cio \u00e9 invadida pela 5\u00aa vez pelo mesmo ladr\u00e3o"},"content":{"rendered":"<h2>Moradores sofrem com a falta de paz e inseguran\u00e7a, com furtos frequentes no bairro e adjac\u00eancias<\/h2>\n<p>&nbsp;<\/p>\n<p><span style=\"font-weight: 400;\">Moradores da Vila Nic\u00e1cio e bairros vizinhos denunciam invas\u00e3o e furtos em im\u00f3veis desocupados e se queixam dos transtornos que t\u00eam enfrentado. Eles afirmam que o aumento das ocorr\u00eancias coincide com a retirada das pessoas em situa\u00e7\u00e3o de rua do pr\u00e9dio da Mogiana, na Esta\u00e7\u00e3o, e tamb\u00e9m com a proximidade do Centro POP, que atende o mesmo p\u00fablico e provoca a maior circula\u00e7\u00e3o desse p\u00fablico no bairro.<\/span><\/p>\n<p><span style=\"font-weight: 400;\">Vizinhos de uma casa na Rua Jos\u00e9 de Alencar, desocupada h\u00e1 mais de dois anos, viveram momentos de apreens\u00e3o e medo na madrugada desta ter\u00e7a-feira (20). Um homem, que j\u00e1 tinha furtado botij\u00e3o de g\u00e1s, fia\u00e7\u00e3o e torneiras no mesmo im\u00f3vel, voltou a invadi-lo. Em dois meses, ele furtou a casa pelo menos cinco vezes; a \u00faltima tinha sido no fim de semana, na madrugada do \u00faltimo s\u00e1bado (17). \u201c\u00c9 o mesmo cara, a gente j\u00e1 viu v\u00e1rias vezes, ent\u00e3o consegue reconhec\u00ea-lo. Sabemos que \u00e9 a mesma pessoa\u201d, disse D\u00e9bora Faccirolli.\u00a0<\/span><\/p>\n<p><span style=\"font-weight: 400;\">O aposentado Ant\u00f4nio Ramon disse que uma das vizinhas recuperou imagens das c\u00e2meras de seguran\u00e7a e conseguiu reconhecer a fisionomia do rapaz em v\u00e1rias invas\u00f5es ao mesmo im\u00f3vel.<\/span><\/p>\n<h4><span style=\"font-weight: 400;\">Inseguran\u00e7a<\/span><\/h4>\n<p><span style=\"font-weight: 400;\">Era por volta da meia-noite, quando D\u00e9bora e os familiares ouviram um barulho de vidro se quebrando e metais caindo no ch\u00e3o do im\u00f3vel vizinho e acionaram a PM. Ao chegar ao endere\u00e7o, os policiais pularam o muro e fizeram buscas &#8211; no forro inclusive, mas n\u00e3o localizaram o ladr\u00e3o. Assim que deixaram o local, ele reapareceu. \u201cNem cinco minutos depois que os policiais sa\u00edram, escutamos barulho no nosso telhado, quando olhamos pela janela, ele estava pendurado no poste da nossa casa, no mesmo lugar que a minha tinha visto ele um outro dia. Ele tomou um choque, deu um clar\u00e3o e as luzes do quarteir\u00e3o at\u00e9 apagaram. Nisso, ele caiu dentro da casa que tinha invadido\u201d.<\/span><\/p>\n<p><span style=\"font-weight: 400;\">Os policiais retornaram rapidamente e depois de novas buscas pelos telhados conseguiram captur\u00e1-lo. Na casa que furtou, encontraram uma blusa com fios e torneiras embrulhados. \u201cNos sentimos muito inseguros e sem paz. E foi justamente depois que retiraram o pessoal da Esta\u00e7\u00e3o, da Mogiana, que a gente come\u00e7ou a se sentir invadido no nosso bairro, por ser uma regi\u00e3o com muitas casas desocupadas, para alugar e \u00e0 venda. Eles foram retirados l\u00e1 da Esta\u00e7\u00e3o e come\u00e7aram a invadir as resid\u00eancias do bairro. O problema n\u00e3o acabou, s\u00f3 mudou de lugar. Eles entram na nossa casa, andam no nosso telhado com toda facilidade, ent\u00e3o a gente est\u00e1 muito inseguro e impotente, porque eles est\u00e3o invadindo o nosso espa\u00e7o\u201d, lamentou D\u00e9bora, que aproveitou para agradecer ao trabalho dos policiais. \u201cEles foram atenciosos, se importaram com a situa\u00e7\u00e3o\u201d.<\/span><\/p>\n<p><span style=\"font-weight: 400;\">Ant\u00f4nio Ramon mora na Vila Nic\u00e1cio h\u00e1 47 anos e \u00e9 parente dos donos da casa invadida. Segundo ele, a propriet\u00e1ria chegou a contratar um vigilante para ficar durante uma semana do im\u00f3vel, mas dias ap\u00f3s o seguran\u00e7a parar de ir, o local voltou a ser invadido. \u201cPrecisa dar um jeito nesse pessoal do Centro POP, transferir para outro local, mais afastado, todo mundo quer sair do bairro, n\u00e3o tem mais sossego aqui. Todo dia tem gente circulando pelas ruas, olhando e sondando as casas durante o dia e chega a noite, eles invadem. Piorou demais o n\u00famero de furtos aqui. Um vizinho tem v\u00e1rias filmagens de gente mexendo nos port\u00f5es, nas casas. E estamos a ver navios.\u201d<\/span><\/p>\n<p>&nbsp;<\/p>\n<h4><span style=\"font-weight: 400;\">Provid\u00eancias?<\/span><\/h4>\n<p><span style=\"font-weight: 400;\">O Jornal Verdade pediu um posicionamento da Secretaria de Seguran\u00e7a P\u00fablica sobre o assunto, mas segundo eles, n\u00e3o foram encontrados boletins de ocorr\u00eancia sobre o caso, ao contr\u00e1rio do que dizem os moradores. O \u00f3rg\u00e3o n\u00e3o respondeu os nossos questionamentos sobre a falta de seguran\u00e7a naquela regi\u00e3o e possibilidade de intensificar rondas ostensivas.<\/span><\/p>\n<p><span style=\"font-weight: 400;\">A Prefeitura de Franca tamb\u00e9m foi procurada para se posicionar sobre a reivindica\u00e7\u00e3o dos moradores para mudan\u00e7a de endere\u00e7o do Centro POP e do problema ter sido transferido de local ap\u00f3s cercamento da Mogiana, mas at\u00e9 o fechamento da reportagem n\u00e3o obteve retorno.<\/span><\/p>\n","protected":false},"excerpt":{"rendered":"<p>Moradores sofrem com a falta de paz e inseguran\u00e7a, com furtos frequentes no bairro e adjac\u00eancias &nbsp; Moradores da Vila Nic\u00e1cio e bairros vizinhos denunciam invas\u00e3o<span class=\"excerpt-hellip\"> [\u2026]<\/span><\/p>\n","protected":false},"author":12,"featured_media":28145,"comment_status":"open","ping_status":"open","sticky":false,"template":"","format":"standard","meta":{"_jetpack_memberships_contains_paid_content":false,"footnotes":"","jetpack_publicize_message":"","jetpack_publicize_feature_enabled":true,"jetpack_social_post_already_shared":false,"jetpack_social_options":{"image_generator_settings":{"template":"highway","default_image_id":0,"enabled":false},"version":2}},"categories":[28,81],"tags":[],"class_list":["post-28144","post","type-post","status-publish","format-standard","has-post-thumbnail","hentry","category-cotidiano","category-manchete"],"yoast_head":"<!-- This site is optimized with the Yoast SEO plugin v25.6 - https:\/\/yoast.com\/wordpress\/plugins\/seo\/ -->\n<title>Casa na Vila Nic\u00e1cio \u00e9 invadida pela 5\u00aa vez pelo mesmo ladr\u00e3o - VerdadeOn<\/title>\n<meta name=\"robots\" content=\"index, follow, max-snippet:-1, max-image-preview:large, max-video-preview:-1\" \/>\n<link rel=\"canonical\" href=\"https:\/\/verdadeon.com.br\/portal\/2022\/09\/20\/casa-desocupada-na-vila-nicacio-e-invadida-pela-5a-vez-pelo-mesmo-ladrao\/\" \/>\n<meta property=\"og:locale\" content=\"pt_BR\" \/>\n<meta property=\"og:type\" content=\"article\" \/>\n<meta property=\"og:title\" content=\"Casa na Vila Nic\u00e1cio \u00e9 invadida pela 5\u00aa vez pelo mesmo ladr\u00e3o - VerdadeOn\" \/>\n<meta property=\"og:description\" content=\"Moradores sofrem com a falta de paz e inseguran\u00e7a, com furtos frequentes no bairro e adjac\u00eancias &nbsp; Moradores da Vila Nic\u00e1cio e bairros vizinhos denunciam invas\u00e3o [\u2026]\" \/>\n<meta property=\"og:url\" content=\"https:\/\/verdadeon.com.br\/portal\/2022\/09\/20\/casa-desocupada-na-vila-nicacio-e-invadida-pela-5a-vez-pelo-mesmo-ladrao\/\" \/>\n<meta property=\"og:site_name\" content=\"VerdadeOn\" \/>\n<meta property=\"article:published_time\" content=\"2022-09-20T21:49:46+00:00\" \/>\n<meta property=\"og:image\" content=\"https:\/\/verdadeon.com.br\/portal\/wp-content\/uploads\/2022\/09\/Mogiana-cercada.jpeg\" \/>\n\t<meta property=\"og:image:width\" content=\"1000\" \/>\n\t<meta property=\"og:image:height\" content=\"670\" \/>\n\t<meta property=\"og:image:type\" content=\"image\/jpeg\" \/>\n<meta name=\"author\" content=\"Nelise Luques\" \/>\n<meta name=\"twitter:card\" content=\"summary_large_image\" \/>\n<meta name=\"twitter:label1\" content=\"Escrito por\" \/>\n\t<meta name=\"twitter:data1\" content=\"Nelise Luques\" \/>\n\t<meta name=\"twitter:label2\" content=\"Est. tempo de leitura\" \/>\n\t<meta name=\"twitter:data2\" content=\"4 minutos\" \/>\n<script type=\"application\/ld+json\" class=\"yoast-schema-graph\">{\"@context\":\"https:\/\/schema.org\",\"@graph\":[{\"@type\":\"WebPage\",\"@id\":\"https:\/\/verdadeon.com.br\/portal\/2022\/09\/20\/casa-desocupada-na-vila-nicacio-e-invadida-pela-5a-vez-pelo-mesmo-ladrao\/\",\"url\":\"https:\/\/verdadeon.com.br\/portal\/2022\/09\/20\/casa-desocupada-na-vila-nicacio-e-invadida-pela-5a-vez-pelo-mesmo-ladrao\/\",\"name\":\"Casa na Vila Nic\u00e1cio \u00e9 invadida pela 5\u00aa vez pelo mesmo ladr\u00e3o - VerdadeOn\",\"isPartOf\":{\"@id\":\"https:\/\/verdadeon.com.br\/portal\/#website\"},\"primaryImageOfPage\":{\"@id\":\"https:\/\/verdadeon.com.br\/portal\/2022\/09\/20\/casa-desocupada-na-vila-nicacio-e-invadida-pela-5a-vez-pelo-mesmo-ladrao\/#primaryimage\"},\"image\":{\"@id\":\"https:\/\/verdadeon.com.br\/portal\/2022\/09\/20\/casa-desocupada-na-vila-nicacio-e-invadida-pela-5a-vez-pelo-mesmo-ladrao\/#primaryimage\"},\"thumbnailUrl\":\"https:\/\/i0.wp.com\/verdadeon.com.br\/portal\/wp-content\/uploads\/2022\/09\/Mogiana-cercada.jpeg?fit=1000%2C670&ssl=1\",\"datePublished\":\"2022-09-20T21:49:46+00:00\",\"author\":{\"@id\":\"https:\/\/verdadeon.com.br\/portal\/#\/schema\/person\/8248726d36015c1916636fabb175d972\"},\"breadcrumb\":{\"@id\":\"https:\/\/verdadeon.com.br\/portal\/2022\/09\/20\/casa-desocupada-na-vila-nicacio-e-invadida-pela-5a-vez-pelo-mesmo-ladrao\/#breadcrumb\"},\"inLanguage\":\"pt-BR\",\"potentialAction\":[{\"@type\":\"ReadAction\",\"target\":[\"https:\/\/verdadeon.com.br\/portal\/2022\/09\/20\/casa-desocupada-na-vila-nicacio-e-invadida-pela-5a-vez-pelo-mesmo-ladrao\/\"]}]},{\"@type\":\"ImageObject\",\"inLanguage\":\"pt-BR\",\"@id\":\"https:\/\/verdadeon.com.br\/portal\/2022\/09\/20\/casa-desocupada-na-vila-nicacio-e-invadida-pela-5a-vez-pelo-mesmo-ladrao\/#primaryimage\",\"url\":\"https:\/\/i0.wp.com\/verdadeon.com.br\/portal\/wp-content\/uploads\/2022\/09\/Mogiana-cercada.jpeg?fit=1000%2C670&ssl=1\",\"contentUrl\":\"https:\/\/i0.wp.com\/verdadeon.com.br\/portal\/wp-content\/uploads\/2022\/09\/Mogiana-cercada.jpeg?fit=1000%2C670&ssl=1\",\"width\":1000,\"height\":670,\"caption\":\"Profissionais da Esta\u00e7\u00e3o pedem olhar da administra\u00e7\u00e3o p\u00fablica sobre seguran\u00e7a no bairro (\u00a9Divulga\u00e7\u00e3o)\"},{\"@type\":\"BreadcrumbList\",\"@id\":\"https:\/\/verdadeon.com.br\/portal\/2022\/09\/20\/casa-desocupada-na-vila-nicacio-e-invadida-pela-5a-vez-pelo-mesmo-ladrao\/#breadcrumb\",\"itemListElement\":[{\"@type\":\"ListItem\",\"position\":1,\"name\":\"In\u00edcio\",\"item\":\"https:\/\/verdadeon.com.br\/portal\/\"},{\"@type\":\"ListItem\",\"position\":2,\"name\":\"Casa na Vila Nic\u00e1cio \u00e9 invadida pela 5\u00aa vez pelo mesmo ladr\u00e3o\"}]},{\"@type\":\"WebSite\",\"@id\":\"https:\/\/verdadeon.com.br\/portal\/#website\",\"url\":\"https:\/\/verdadeon.com.br\/portal\/\",\"name\":\"VerdadeOn\",\"description\":\"Not\u00edcias di\u00e1rias sobre Franca, Regi\u00e3o, Esporte, Cultura, Cotidiano, Colunas. Cobertura nos principais eventos da cidade \u00e9 aqui - Verdadeon Franca\",\"potentialAction\":[{\"@type\":\"SearchAction\",\"target\":{\"@type\":\"EntryPoint\",\"urlTemplate\":\"https:\/\/verdadeon.com.br\/portal\/?s={search_term_string}\"},\"query-input\":{\"@type\":\"PropertyValueSpecification\",\"valueRequired\":true,\"valueName\":\"search_term_string\"}}],\"inLanguage\":\"pt-BR\"},{\"@type\":\"Person\",\"@id\":\"https:\/\/verdadeon.com.br\/portal\/#\/schema\/person\/8248726d36015c1916636fabb175d972\",\"name\":\"Nelise Luques\",\"image\":{\"@type\":\"ImageObject\",\"inLanguage\":\"pt-BR\",\"@id\":\"https:\/\/verdadeon.com.br\/portal\/#\/schema\/person\/image\/\",\"url\":\"https:\/\/secure.gravatar.com\/avatar\/29b2a17f5bcadeb827411b66f48ac13c3e0ecaf5906c0f5745ecc5d41c24eada?s=96&d=mm&r=g\",\"contentUrl\":\"https:\/\/secure.gravatar.com\/avatar\/29b2a17f5bcadeb827411b66f48ac13c3e0ecaf5906c0f5745ecc5d41c24eada?s=96&d=mm&r=g\",\"caption\":\"Nelise Luques\"},\"url\":\"https:\/\/verdadeon.com.br\/portal\/author\/verdade\/\"}]}<\/script>\n<!-- \/ Yoast SEO plugin. -->","yoast_head_json":{"title":"Casa na Vila Nic\u00e1cio \u00e9 invadida pela 5\u00aa vez pelo mesmo ladr\u00e3o - VerdadeOn","robots":{"index":"index","follow":"follow","max-snippet":"max-snippet:-1","max-image-preview":"max-image-preview:large","max-video-preview":"max-video-preview:-1"},"canonical":"https:\/\/verdadeon.com.br\/portal\/2022\/09\/20\/casa-desocupada-na-vila-nicacio-e-invadida-pela-5a-vez-pelo-mesmo-ladrao\/","og_locale":"pt_BR","og_type":"article","og_title":"Casa na Vila Nic\u00e1cio \u00e9 invadida pela 5\u00aa vez pelo mesmo ladr\u00e3o - VerdadeOn","og_description":"Moradores sofrem com a falta de paz e inseguran\u00e7a, com furtos frequentes no bairro e adjac\u00eancias &nbsp; Moradores da Vila Nic\u00e1cio e bairros vizinhos denunciam invas\u00e3o [\u2026]","og_url":"https:\/\/verdadeon.com.br\/portal\/2022\/09\/20\/casa-desocupada-na-vila-nicacio-e-invadida-pela-5a-vez-pelo-mesmo-ladrao\/","og_site_name":"VerdadeOn","article_published_time":"2022-09-20T21:49:46+00:00","og_image":[{"width":1000,"height":670,"url":"https:\/\/verdadeon.com.br\/portal\/wp-content\/uploads\/2022\/09\/Mogiana-cercada.jpeg","type":"image\/jpeg"}],"author":"Nelise Luques","twitter_card":"summary_large_image","twitter_misc":{"Escrito por":"Nelise Luques","Est. tempo de leitura":"4 minutos"},"schema":{"@context":"https:\/\/schema.org","@graph":[{"@type":"WebPage","@id":"https:\/\/verdadeon.com.br\/portal\/2022\/09\/20\/casa-desocupada-na-vila-nicacio-e-invadida-pela-5a-vez-pelo-mesmo-ladrao\/","url":"https:\/\/verdadeon.com.br\/portal\/2022\/09\/20\/casa-desocupada-na-vila-nicacio-e-invadida-pela-5a-vez-pelo-mesmo-ladrao\/","name":"Casa na Vila Nic\u00e1cio \u00e9 invadida pela 5\u00aa vez pelo mesmo ladr\u00e3o - VerdadeOn","isPartOf":{"@id":"https:\/\/verdadeon.com.br\/portal\/#website"},"primaryImageOfPage":{"@id":"https:\/\/verdadeon.com.br\/portal\/2022\/09\/20\/casa-desocupada-na-vila-nicacio-e-invadida-pela-5a-vez-pelo-mesmo-ladrao\/#primaryimage"},"image":{"@id":"https:\/\/verdadeon.com.br\/portal\/2022\/09\/20\/casa-desocupada-na-vila-nicacio-e-invadida-pela-5a-vez-pelo-mesmo-ladrao\/#primaryimage"},"thumbnailUrl":"https:\/\/i0.wp.com\/verdadeon.com.br\/portal\/wp-content\/uploads\/2022\/09\/Mogiana-cercada.jpeg?fit=1000%2C670&ssl=1","datePublished":"2022-09-20T21:49:46+00:00","author":{"@id":"https:\/\/verdadeon.com.br\/portal\/#\/schema\/person\/8248726d36015c1916636fabb175d972"},"breadcrumb":{"@id":"https:\/\/verdadeon.com.br\/portal\/2022\/09\/20\/casa-desocupada-na-vila-nicacio-e-invadida-pela-5a-vez-pelo-mesmo-ladrao\/#breadcrumb"},"inLanguage":"pt-BR","potentialAction":[{"@type":"ReadAction","target":["https:\/\/verdadeon.com.br\/portal\/2022\/09\/20\/casa-desocupada-na-vila-nicacio-e-invadida-pela-5a-vez-pelo-mesmo-ladrao\/"]}]},{"@type":"ImageObject","inLanguage":"pt-BR","@id":"https:\/\/verdadeon.com.br\/portal\/2022\/09\/20\/casa-desocupada-na-vila-nicacio-e-invadida-pela-5a-vez-pelo-mesmo-ladrao\/#primaryimage","url":"https:\/\/i0.wp.com\/verdadeon.com.br\/portal\/wp-content\/uploads\/2022\/09\/Mogiana-cercada.jpeg?fit=1000%2C670&ssl=1","contentUrl":"https:\/\/i0.wp.com\/verdadeon.com.br\/portal\/wp-content\/uploads\/2022\/09\/Mogiana-cercada.jpeg?fit=1000%2C670&ssl=1","width":1000,"height":670,"caption":"Profissionais da Esta\u00e7\u00e3o pedem olhar da administra\u00e7\u00e3o p\u00fablica sobre seguran\u00e7a no bairro (\u00a9Divulga\u00e7\u00e3o)"},{"@type":"BreadcrumbList","@id":"https:\/\/verdadeon.com.br\/portal\/2022\/09\/20\/casa-desocupada-na-vila-nicacio-e-invadida-pela-5a-vez-pelo-mesmo-ladrao\/#breadcrumb","itemListElement":[{"@type":"ListItem","position":1,"name":"In\u00edcio","item":"https:\/\/verdadeon.com.br\/portal\/"},{"@type":"ListItem","position":2,"name":"Casa na Vila Nic\u00e1cio \u00e9 invadida pela 5\u00aa vez pelo mesmo ladr\u00e3o"}]},{"@type":"WebSite","@id":"https:\/\/verdadeon.com.br\/portal\/#website","url":"https:\/\/verdadeon.com.br\/portal\/","name":"VerdadeOn","description":"Not\u00edcias di\u00e1rias sobre Franca, Regi\u00e3o, Esporte, Cultura, Cotidiano, Colunas. Cobertura nos principais eventos da cidade \u00e9 aqui - Verdadeon Franca","potentialAction":[{"@type":"SearchAction","target":{"@type":"EntryPoint","urlTemplate":"https:\/\/verdadeon.com.br\/portal\/?s={search_term_string}"},"query-input":{"@type":"PropertyValueSpecification","valueRequired":true,"valueName":"search_term_string"}}],"inLanguage":"pt-BR"},{"@type":"Person","@id":"https:\/\/verdadeon.com.br\/portal\/#\/schema\/person\/8248726d36015c1916636fabb175d972","name":"Nelise Luques","image":{"@type":"ImageObject","inLanguage":"pt-BR","@id":"https:\/\/verdadeon.com.br\/portal\/#\/schema\/person\/image\/","url":"https:\/\/secure.gravatar.com\/avatar\/29b2a17f5bcadeb827411b66f48ac13c3e0ecaf5906c0f5745ecc5d41c24eada?s=96&d=mm&r=g","contentUrl":"https:\/\/secure.gravatar.com\/avatar\/29b2a17f5bcadeb827411b66f48ac13c3e0ecaf5906c0f5745ecc5d41c24eada?s=96&d=mm&r=g","caption":"Nelise Luques"},"url":"https:\/\/verdadeon.com.br\/portal\/author\/verdade\/"}]}},"jetpack_publicize_connections":[],"jetpack_featured_media_url":"https:\/\/i0.wp.com\/verdadeon.com.br\/portal\/wp-content\/uploads\/2022\/09\/Mogiana-cercada.jpeg?fit=1000%2C670&ssl=1","jetpack_sharing_enabled":true,"_links":{"self":[{"href":"https:\/\/verdadeon.com.br\/portal\/wp-json\/wp\/v2\/posts\/28144","targetHints":{"allow":["GET"]}}],"collection":[{"href":"https:\/\/verdadeon.com.br\/portal\/wp-json\/wp\/v2\/posts"}],"about":[{"href":"https:\/\/verdadeon.com.br\/portal\/wp-json\/wp\/v2\/types\/post"}],"author":[{"embeddable":true,"href":"https:\/\/verdadeon.com.br\/portal\/wp-json\/wp\/v2\/users\/12"}],"replies":[{"embeddable":true,"href":"https:\/\/verdadeon.com.br\/portal\/wp-json\/wp\/v2\/comments?post=28144"}],"version-history":[{"count":2,"href":"https:\/\/verdadeon.com.br\/portal\/wp-json\/wp\/v2\/posts\/28144\/revisions"}],"predecessor-version":[{"id":28147,"href":"https:\/\/verdadeon.com.br\/portal\/wp-json\/wp\/v2\/posts\/28144\/revisions\/28147"}],"wp:featuredmedia":[{"embeddable":true,"href":"https:\/\/verdadeon.com.br\/portal\/wp-json\/wp\/v2\/media\/28145"}],"wp:attachment":[{"href":"https:\/\/verdadeon.com.br\/portal\/wp-json\/wp\/v2\/media?parent=28144"}],"wp:term":[{"taxonomy":"category","embeddable":true,"href":"https:\/\/verdadeon.com.br\/portal\/wp-json\/wp\/v2\/categories?post=28144"},{"taxonomy":"post_tag","embeddable":true,"href":"https:\/\/verdadeon.com.br\/portal\/wp-json\/wp\/v2\/tags?post=28144"}],"curies":[{"name":"wp","href":"https:\/\/api.w.org\/{rel}","templated":true}]}}