{"id":28111,"date":"2022-09-20T14:52:14","date_gmt":"2022-09-20T17:52:14","guid":{"rendered":"https:\/\/verdadeon.com.br\/portal\/?p=28111"},"modified":"2022-09-20T14:52:14","modified_gmt":"2022-09-20T17:52:14","slug":"universitario-de-20-anos-morre-em-acidente-envolvendo-dois-carros-em-rodovia","status":"publish","type":"post","link":"https:\/\/verdadeon.com.br\/portal\/2022\/09\/20\/universitario-de-20-anos-morre-em-acidente-envolvendo-dois-carros-em-rodovia\/","title":{"rendered":"Universit\u00e1rio de 20 anos morre em acidente envolvendo dois carros em rodovia"},"content":{"rendered":"<h2>Caso foi registrado em Ituverava na noite desta segunda-feira, v\u00edtima ser\u00e1 sepultada nesta quarta-feira<\/h2>\n<p>Um jovem de 20 anos morreu em um grave acidente na rodovia Willian Amin, em Ituverava na regi\u00e3o de Franca. Segundo o boletim de ocorr\u00eancia, Carlos Oliveira dirigia um ve\u00edculo uno, no sentido Miguel\u00f3polis a Ituverava, onde estudava. Ele tentou ultrapassar um caminh\u00e3o bitrem, mas n\u00e3o conseguiu e colidiu na lateral de um carro que vinha no sentido contr\u00e1rio.<\/p>\n<p>O uno onde a v\u00edtima estava capotou diversas vezes, e a v\u00edtima morreu antes da chegada do socorro. O passageiro tamb\u00e9m teve ferimentos e foi levado para a Santa Casa de Ituverava, mas segundo familiares, ele n\u00e3o corre o risco de morte. Os ocupantes do outro ve\u00edculo, entre eles um beb\u00ea, tiveram apenas ferimentos leves.<\/p>\n<p>A per\u00edcia esteve no local e realizou os trabalhos que v\u00e3o indicar quais foram as causas do acidente. O corpo da v\u00edtima foi levado para o Instituto M\u00e9dico Legal (IML) de Ituverava, e liberado para os familiares. A previs\u00e3o \u00e9 que Carlos seja sepultado nesta quarta-feira (21), no cemit\u00e9rio municipal de Miguel\u00f3polis.<\/p>\n<h4>Como\u00e7\u00e3o<\/h4>\n<p>Carlos Oliveira era bastante conhecido em Miguel\u00f3polis, ele inclusive foi candidato a vereador nas elei\u00e7\u00f5es em 2020. Nas redes sociais a morte dele causou grande como\u00e7\u00e3o. &#8220;Meu Deus , muito triste essa not\u00edcia, ele era apenas um menino ainda. Eu e minha fam\u00edlia estamos muito tristes, pois ele era amic\u00edssimo do meu filho Rui Junior, ali\u00e1s eu acho que ele era amigo de todos desta cidade, seu jeito alegre e simples cativava a todos. Que Deus o receba de bra\u00e7os abertos l\u00e1 no C\u00e9u. Am\u00e9m&#8221;, escreveu Rui Gon\u00e7alves.<\/p>\n<p>J\u00e1 Eduarda Barbosa ressaltou a falta que Carlos vai fazer para os amigos e familiares. &#8220;Nosso \u00f4nibus tamb\u00e9m teve um incidente hoje indo para Ituverava, furou pneu, quest\u00e3o de 5 minutos antes e 3km do local acidente. n\u00f3s nunca saberemos..\u00a0A VERDADE \u00c9 QUE NUNCA ESTAMOS PREPARADOS.\u00a0Carlos TINHA UM CORA\u00c7\u00c3O GIGANTE,infelizmente essa fatalidade interrompeu sua vida, por isso pessoal, ame, perdoe, agrade\u00e7a todos os dias! ele far\u00e1 muita falta&#8221;, escreveu.<\/p>\n<p>&#8220;\u00c9 uma dor inexplic\u00e1vel somente Deus pra confortar voc\u00eas familiares&#8230;meus sentimentos, ele realmente era um menino super agrad\u00e1vel, educado uma gra\u00e7a de pessoa&#8230;que Deus o coloque em um bom lugar l\u00e1 no c\u00e9u, minha m\u00e3e vai cuidar dele para voc\u00eas,ela conhecia ele.Somente Deus em nossa vida nesse momento. Precisamos nos sustentar em Deus e prosseguir&#8230;.Descansa em paz Carlos&#8221; escreveu Ana Cristina Santos.<\/p>\n<h4>Franca<\/h4>\n<p>Ainda no setor policial, mas em Franca, um homem fugiu ap\u00f3s causar um acidente na rodovia C\u00e2ndido Portinari, nas imedia\u00e7\u00f5es da zona sul da cidade. Segundo o registro, o homem bateu na mureta de conten\u00e7\u00e3o da rodovia, perdeu o controle, capotou e atingiu um ve\u00edculo que seguia no mesmo sentido. Por sorte todos tiveram ferimentos leves.<\/p>\n<p>A pol\u00edcia foi acionada mas o condutor fugiu antes da chegada dos militares. O caso foi registrado e ser\u00e1 investigado pela Pol\u00edcia Civil de Franca.<\/p>\n","protected":false},"excerpt":{"rendered":"<p>Caso foi registrado em Ituverava na noite desta segunda-feira, v\u00edtima ser\u00e1 sepultada nesta quarta-feira Um jovem de 20 anos morreu em um grave acidente na rodovia<span class=\"excerpt-hellip\"> [\u2026]<\/span><\/p>\n","protected":false},"author":7,"featured_media":28113,"comment_status":"open","ping_status":"open","sticky":false,"template":"","format":"standard","meta":{"_jetpack_memberships_contains_paid_content":false,"footnotes":"","jetpack_publicize_message":"","jetpack_publicize_feature_enabled":true,"jetpack_social_post_already_shared":false,"jetpack_social_options":{"image_generator_settings":{"template":"highway","default_image_id":0,"enabled":false},"version":2}},"categories":[28,81],"tags":[],"class_list":["post-28111","post","type-post","status-publish","format-standard","has-post-thumbnail","hentry","category-cotidiano","category-manchete"],"yoast_head":"<!-- This site is optimized with the Yoast SEO plugin v25.6 - https:\/\/yoast.com\/wordpress\/plugins\/seo\/ -->\n<title>Universit\u00e1rio de 20 anos morre em acidente envolvendo dois carros em rodovia - VerdadeOn<\/title>\n<meta name=\"robots\" content=\"index, follow, max-snippet:-1, max-image-preview:large, max-video-preview:-1\" \/>\n<link rel=\"canonical\" href=\"https:\/\/verdadeon.com.br\/portal\/2022\/09\/20\/universitario-de-20-anos-morre-em-acidente-envolvendo-dois-carros-em-rodovia\/\" \/>\n<meta property=\"og:locale\" content=\"pt_BR\" \/>\n<meta property=\"og:type\" content=\"article\" \/>\n<meta property=\"og:title\" content=\"Universit\u00e1rio de 20 anos morre em acidente envolvendo dois carros em rodovia - VerdadeOn\" \/>\n<meta property=\"og:description\" content=\"Caso foi registrado em Ituverava na noite desta segunda-feira, v\u00edtima ser\u00e1 sepultada nesta quarta-feira Um jovem de 20 anos morreu em um grave acidente na rodovia [\u2026]\" \/>\n<meta property=\"og:url\" content=\"https:\/\/verdadeon.com.br\/portal\/2022\/09\/20\/universitario-de-20-anos-morre-em-acidente-envolvendo-dois-carros-em-rodovia\/\" \/>\n<meta property=\"og:site_name\" content=\"VerdadeOn\" \/>\n<meta property=\"article:published_time\" content=\"2022-09-20T17:52:14+00:00\" \/>\n<meta property=\"og:image\" content=\"https:\/\/verdadeon.com.br\/portal\/wp-content\/uploads\/2022\/09\/MONTAGEM-ACIDENTE.png\" \/>\n\t<meta property=\"og:image:width\" content=\"2048\" \/>\n\t<meta property=\"og:image:height\" content=\"1534\" \/>\n\t<meta property=\"og:image:type\" content=\"image\/png\" \/>\n<meta name=\"author\" content=\"Fernando Lima\" \/>\n<meta name=\"twitter:card\" content=\"summary_large_image\" \/>\n<meta name=\"twitter:label1\" content=\"Escrito por\" \/>\n\t<meta name=\"twitter:data1\" content=\"Fernando Lima\" \/>\n\t<meta name=\"twitter:label2\" content=\"Est. tempo de leitura\" \/>\n\t<meta name=\"twitter:data2\" content=\"3 minutos\" \/>\n<script type=\"application\/ld+json\" class=\"yoast-schema-graph\">{\"@context\":\"https:\/\/schema.org\",\"@graph\":[{\"@type\":\"WebPage\",\"@id\":\"https:\/\/verdadeon.com.br\/portal\/2022\/09\/20\/universitario-de-20-anos-morre-em-acidente-envolvendo-dois-carros-em-rodovia\/\",\"url\":\"https:\/\/verdadeon.com.br\/portal\/2022\/09\/20\/universitario-de-20-anos-morre-em-acidente-envolvendo-dois-carros-em-rodovia\/\",\"name\":\"Universit\u00e1rio de 20 anos morre em acidente envolvendo dois carros em rodovia - VerdadeOn\",\"isPartOf\":{\"@id\":\"https:\/\/verdadeon.com.br\/portal\/#website\"},\"primaryImageOfPage\":{\"@id\":\"https:\/\/verdadeon.com.br\/portal\/2022\/09\/20\/universitario-de-20-anos-morre-em-acidente-envolvendo-dois-carros-em-rodovia\/#primaryimage\"},\"image\":{\"@id\":\"https:\/\/verdadeon.com.br\/portal\/2022\/09\/20\/universitario-de-20-anos-morre-em-acidente-envolvendo-dois-carros-em-rodovia\/#primaryimage\"},\"thumbnailUrl\":\"https:\/\/i0.wp.com\/verdadeon.com.br\/portal\/wp-content\/uploads\/2022\/09\/MONTAGEM-ACIDENTE.png?fit=2048%2C1534&ssl=1\",\"datePublished\":\"2022-09-20T17:52:14+00:00\",\"author\":{\"@id\":\"https:\/\/verdadeon.com.br\/portal\/#\/schema\/person\/cc32be22b8e8599387c480bc83e1d11a\"},\"breadcrumb\":{\"@id\":\"https:\/\/verdadeon.com.br\/portal\/2022\/09\/20\/universitario-de-20-anos-morre-em-acidente-envolvendo-dois-carros-em-rodovia\/#breadcrumb\"},\"inLanguage\":\"pt-BR\",\"potentialAction\":[{\"@type\":\"ReadAction\",\"target\":[\"https:\/\/verdadeon.com.br\/portal\/2022\/09\/20\/universitario-de-20-anos-morre-em-acidente-envolvendo-dois-carros-em-rodovia\/\"]}]},{\"@type\":\"ImageObject\",\"inLanguage\":\"pt-BR\",\"@id\":\"https:\/\/verdadeon.com.br\/portal\/2022\/09\/20\/universitario-de-20-anos-morre-em-acidente-envolvendo-dois-carros-em-rodovia\/#primaryimage\",\"url\":\"https:\/\/i0.wp.com\/verdadeon.com.br\/portal\/wp-content\/uploads\/2022\/09\/MONTAGEM-ACIDENTE.png?fit=2048%2C1534&ssl=1\",\"contentUrl\":\"https:\/\/i0.wp.com\/verdadeon.com.br\/portal\/wp-content\/uploads\/2022\/09\/MONTAGEM-ACIDENTE.png?fit=2048%2C1534&ssl=1\",\"width\":2048,\"height\":1534,\"caption\":\"Acidente foi registrado na rodovia Willian Amin, Carlos Oliveira morreu na hora, antes da chegada do socorro | Foto: Regi\u00e3o Realidade\"},{\"@type\":\"BreadcrumbList\",\"@id\":\"https:\/\/verdadeon.com.br\/portal\/2022\/09\/20\/universitario-de-20-anos-morre-em-acidente-envolvendo-dois-carros-em-rodovia\/#breadcrumb\",\"itemListElement\":[{\"@type\":\"ListItem\",\"position\":1,\"name\":\"In\u00edcio\",\"item\":\"https:\/\/verdadeon.com.br\/portal\/\"},{\"@type\":\"ListItem\",\"position\":2,\"name\":\"Universit\u00e1rio de 20 anos morre em acidente envolvendo dois carros em rodovia\"}]},{\"@type\":\"WebSite\",\"@id\":\"https:\/\/verdadeon.com.br\/portal\/#website\",\"url\":\"https:\/\/verdadeon.com.br\/portal\/\",\"name\":\"VerdadeOn\",\"description\":\"Not\u00edcias di\u00e1rias sobre Franca, Regi\u00e3o, Esporte, Cultura, Cotidiano, Colunas. Cobertura nos principais eventos da cidade \u00e9 aqui - Verdadeon Franca\",\"potentialAction\":[{\"@type\":\"SearchAction\",\"target\":{\"@type\":\"EntryPoint\",\"urlTemplate\":\"https:\/\/verdadeon.com.br\/portal\/?s={search_term_string}\"},\"query-input\":{\"@type\":\"PropertyValueSpecification\",\"valueRequired\":true,\"valueName\":\"search_term_string\"}}],\"inLanguage\":\"pt-BR\"},{\"@type\":\"Person\",\"@id\":\"https:\/\/verdadeon.com.br\/portal\/#\/schema\/person\/cc32be22b8e8599387c480bc83e1d11a\",\"name\":\"Fernando Lima\",\"image\":{\"@type\":\"ImageObject\",\"inLanguage\":\"pt-BR\",\"@id\":\"https:\/\/verdadeon.com.br\/portal\/#\/schema\/person\/image\/\",\"url\":\"https:\/\/secure.gravatar.com\/avatar\/df4c8e132080d2b3a4841d5d232045464e0eed11a1d6e43115ca0843d48768d3?s=96&d=mm&r=g\",\"contentUrl\":\"https:\/\/secure.gravatar.com\/avatar\/df4c8e132080d2b3a4841d5d232045464e0eed11a1d6e43115ca0843d48768d3?s=96&d=mm&r=g\",\"caption\":\"Fernando Lima\"},\"sameAs\":[\"http:\/\/verdadeon.com.br\/\"],\"url\":\"https:\/\/verdadeon.com.br\/portal\/author\/fernando-lima\/\"}]}<\/script>\n<!-- \/ Yoast SEO plugin. -->","yoast_head_json":{"title":"Universit\u00e1rio de 20 anos morre em acidente envolvendo dois carros em rodovia - VerdadeOn","robots":{"index":"index","follow":"follow","max-snippet":"max-snippet:-1","max-image-preview":"max-image-preview:large","max-video-preview":"max-video-preview:-1"},"canonical":"https:\/\/verdadeon.com.br\/portal\/2022\/09\/20\/universitario-de-20-anos-morre-em-acidente-envolvendo-dois-carros-em-rodovia\/","og_locale":"pt_BR","og_type":"article","og_title":"Universit\u00e1rio de 20 anos morre em acidente envolvendo dois carros em rodovia - VerdadeOn","og_description":"Caso foi registrado em Ituverava na noite desta segunda-feira, v\u00edtima ser\u00e1 sepultada nesta quarta-feira Um jovem de 20 anos morreu em um grave acidente na rodovia [\u2026]","og_url":"https:\/\/verdadeon.com.br\/portal\/2022\/09\/20\/universitario-de-20-anos-morre-em-acidente-envolvendo-dois-carros-em-rodovia\/","og_site_name":"VerdadeOn","article_published_time":"2022-09-20T17:52:14+00:00","og_image":[{"width":2048,"height":1534,"url":"https:\/\/verdadeon.com.br\/portal\/wp-content\/uploads\/2022\/09\/MONTAGEM-ACIDENTE.png","type":"image\/png"}],"author":"Fernando Lima","twitter_card":"summary_large_image","twitter_misc":{"Escrito por":"Fernando Lima","Est. tempo de leitura":"3 minutos"},"schema":{"@context":"https:\/\/schema.org","@graph":[{"@type":"WebPage","@id":"https:\/\/verdadeon.com.br\/portal\/2022\/09\/20\/universitario-de-20-anos-morre-em-acidente-envolvendo-dois-carros-em-rodovia\/","url":"https:\/\/verdadeon.com.br\/portal\/2022\/09\/20\/universitario-de-20-anos-morre-em-acidente-envolvendo-dois-carros-em-rodovia\/","name":"Universit\u00e1rio de 20 anos morre em acidente envolvendo dois carros em rodovia - VerdadeOn","isPartOf":{"@id":"https:\/\/verdadeon.com.br\/portal\/#website"},"primaryImageOfPage":{"@id":"https:\/\/verdadeon.com.br\/portal\/2022\/09\/20\/universitario-de-20-anos-morre-em-acidente-envolvendo-dois-carros-em-rodovia\/#primaryimage"},"image":{"@id":"https:\/\/verdadeon.com.br\/portal\/2022\/09\/20\/universitario-de-20-anos-morre-em-acidente-envolvendo-dois-carros-em-rodovia\/#primaryimage"},"thumbnailUrl":"https:\/\/i0.wp.com\/verdadeon.com.br\/portal\/wp-content\/uploads\/2022\/09\/MONTAGEM-ACIDENTE.png?fit=2048%2C1534&ssl=1","datePublished":"2022-09-20T17:52:14+00:00","author":{"@id":"https:\/\/verdadeon.com.br\/portal\/#\/schema\/person\/cc32be22b8e8599387c480bc83e1d11a"},"breadcrumb":{"@id":"https:\/\/verdadeon.com.br\/portal\/2022\/09\/20\/universitario-de-20-anos-morre-em-acidente-envolvendo-dois-carros-em-rodovia\/#breadcrumb"},"inLanguage":"pt-BR","potentialAction":[{"@type":"ReadAction","target":["https:\/\/verdadeon.com.br\/portal\/2022\/09\/20\/universitario-de-20-anos-morre-em-acidente-envolvendo-dois-carros-em-rodovia\/"]}]},{"@type":"ImageObject","inLanguage":"pt-BR","@id":"https:\/\/verdadeon.com.br\/portal\/2022\/09\/20\/universitario-de-20-anos-morre-em-acidente-envolvendo-dois-carros-em-rodovia\/#primaryimage","url":"https:\/\/i0.wp.com\/verdadeon.com.br\/portal\/wp-content\/uploads\/2022\/09\/MONTAGEM-ACIDENTE.png?fit=2048%2C1534&ssl=1","contentUrl":"https:\/\/i0.wp.com\/verdadeon.com.br\/portal\/wp-content\/uploads\/2022\/09\/MONTAGEM-ACIDENTE.png?fit=2048%2C1534&ssl=1","width":2048,"height":1534,"caption":"Acidente foi registrado na rodovia Willian Amin, Carlos Oliveira morreu na hora, antes da chegada do socorro | Foto: Regi\u00e3o Realidade"},{"@type":"BreadcrumbList","@id":"https:\/\/verdadeon.com.br\/portal\/2022\/09\/20\/universitario-de-20-anos-morre-em-acidente-envolvendo-dois-carros-em-rodovia\/#breadcrumb","itemListElement":[{"@type":"ListItem","position":1,"name":"In\u00edcio","item":"https:\/\/verdadeon.com.br\/portal\/"},{"@type":"ListItem","position":2,"name":"Universit\u00e1rio de 20 anos morre em acidente envolvendo dois carros em rodovia"}]},{"@type":"WebSite","@id":"https:\/\/verdadeon.com.br\/portal\/#website","url":"https:\/\/verdadeon.com.br\/portal\/","name":"VerdadeOn","description":"Not\u00edcias di\u00e1rias sobre Franca, Regi\u00e3o, Esporte, Cultura, Cotidiano, Colunas. Cobertura nos principais eventos da cidade \u00e9 aqui - Verdadeon Franca","potentialAction":[{"@type":"SearchAction","target":{"@type":"EntryPoint","urlTemplate":"https:\/\/verdadeon.com.br\/portal\/?s={search_term_string}"},"query-input":{"@type":"PropertyValueSpecification","valueRequired":true,"valueName":"search_term_string"}}],"inLanguage":"pt-BR"},{"@type":"Person","@id":"https:\/\/verdadeon.com.br\/portal\/#\/schema\/person\/cc32be22b8e8599387c480bc83e1d11a","name":"Fernando Lima","image":{"@type":"ImageObject","inLanguage":"pt-BR","@id":"https:\/\/verdadeon.com.br\/portal\/#\/schema\/person\/image\/","url":"https:\/\/secure.gravatar.com\/avatar\/df4c8e132080d2b3a4841d5d232045464e0eed11a1d6e43115ca0843d48768d3?s=96&d=mm&r=g","contentUrl":"https:\/\/secure.gravatar.com\/avatar\/df4c8e132080d2b3a4841d5d232045464e0eed11a1d6e43115ca0843d48768d3?s=96&d=mm&r=g","caption":"Fernando Lima"},"sameAs":["http:\/\/verdadeon.com.br\/"],"url":"https:\/\/verdadeon.com.br\/portal\/author\/fernando-lima\/"}]}},"jetpack_publicize_connections":[],"jetpack_featured_media_url":"https:\/\/i0.wp.com\/verdadeon.com.br\/portal\/wp-content\/uploads\/2022\/09\/MONTAGEM-ACIDENTE.png?fit=2048%2C1534&ssl=1","jetpack_sharing_enabled":true,"_links":{"self":[{"href":"https:\/\/verdadeon.com.br\/portal\/wp-json\/wp\/v2\/posts\/28111","targetHints":{"allow":["GET"]}}],"collection":[{"href":"https:\/\/verdadeon.com.br\/portal\/wp-json\/wp\/v2\/posts"}],"about":[{"href":"https:\/\/verdadeon.com.br\/portal\/wp-json\/wp\/v2\/types\/post"}],"author":[{"embeddable":true,"href":"https:\/\/verdadeon.com.br\/portal\/wp-json\/wp\/v2\/users\/7"}],"replies":[{"embeddable":true,"href":"https:\/\/verdadeon.com.br\/portal\/wp-json\/wp\/v2\/comments?post=28111"}],"version-history":[{"count":1,"href":"https:\/\/verdadeon.com.br\/portal\/wp-json\/wp\/v2\/posts\/28111\/revisions"}],"predecessor-version":[{"id":28114,"href":"https:\/\/verdadeon.com.br\/portal\/wp-json\/wp\/v2\/posts\/28111\/revisions\/28114"}],"wp:featuredmedia":[{"embeddable":true,"href":"https:\/\/verdadeon.com.br\/portal\/wp-json\/wp\/v2\/media\/28113"}],"wp:attachment":[{"href":"https:\/\/verdadeon.com.br\/portal\/wp-json\/wp\/v2\/media?parent=28111"}],"wp:term":[{"taxonomy":"category","embeddable":true,"href":"https:\/\/verdadeon.com.br\/portal\/wp-json\/wp\/v2\/categories?post=28111"},{"taxonomy":"post_tag","embeddable":true,"href":"https:\/\/verdadeon.com.br\/portal\/wp-json\/wp\/v2\/tags?post=28111"}],"curies":[{"name":"wp","href":"https:\/\/api.w.org\/{rel}","templated":true}]}}