{"id":28092,"date":"2022-09-19T17:27:14","date_gmt":"2022-09-19T20:27:14","guid":{"rendered":"https:\/\/verdadeon.com.br\/portal\/?p=28092"},"modified":"2022-09-19T17:27:14","modified_gmt":"2022-09-19T20:27:14","slug":"investigacoes-de-violencia-contra-mulheres-idosos-e-criancas-crescem-22-em-franca","status":"publish","type":"post","link":"https:\/\/verdadeon.com.br\/portal\/2022\/09\/19\/investigacoes-de-violencia-contra-mulheres-idosos-e-criancas-crescem-22-em-franca\/","title":{"rendered":"Investiga\u00e7\u00f5es de viol\u00eancia contra mulheres, idosos e crian\u00e7as crescem 22% em Franca"},"content":{"rendered":"<h2>N\u00fameros s\u00e3o da Secretaria de Seguran\u00e7a P\u00fablica do Estado de S\u00e3o Paulo (SSP)<\/h2>\n<p>A Delegacia de Defesa da Mulher de Franca (DDM), j\u00e1 instaurou 644 inqu\u00e9ritos policiais em 2022, \u00e9 o que aponta os dados da Secretaria de Seguran\u00e7a P\u00fablica (SSP). A DDM investiga viol\u00eancia contra mulheres, idosos e crian\u00e7as. O montante representa uma m\u00e9dia de 92 investiga\u00e7\u00f5es abertas por m\u00eas em 2022.<\/p>\n<p>De acordo com os dados, abril foi o m\u00eas mais violento, com 144 inqu\u00e9ritos abertos, o que corresponde a uma m\u00e9dia de quatro investiga\u00e7\u00f5es abertas por dia. Do outro lado, fevereiro foi o m\u00eas com menos casos registrados, 47, ainda assim a m\u00e9dia se mant\u00e9m acima de um caso por dia.<\/p>\n<p>Confira os dados:<\/p>\n<p>&nbsp;<\/p>\n<table>\n<tbody>\n<tr>\n<td width=\"283\">2022<\/td>\n<td width=\"283\">Investiga\u00e7\u00f5es abertas<\/td>\n<\/tr>\n<tr>\n<td width=\"283\">Janeiro<\/td>\n<td width=\"283\">122<\/td>\n<\/tr>\n<tr>\n<td width=\"283\">Fevereiro<\/td>\n<td width=\"283\">47<\/td>\n<\/tr>\n<tr>\n<td width=\"283\">Mar\u00e7o<\/td>\n<td width=\"283\">99<\/td>\n<\/tr>\n<tr>\n<td width=\"283\">Abril<\/td>\n<td width=\"283\">144<\/td>\n<\/tr>\n<tr>\n<td width=\"283\">Maio<\/td>\n<td width=\"283\">75<\/td>\n<\/tr>\n<tr>\n<td width=\"283\">Junho<\/td>\n<td width=\"283\">68<\/td>\n<\/tr>\n<tr>\n<td width=\"283\">Julho<\/td>\n<td width=\"283\">89<\/td>\n<\/tr>\n<tr>\n<td width=\"283\">Total<\/td>\n<td width=\"283\">644<\/td>\n<\/tr>\n<\/tbody>\n<\/table>\n<p>&nbsp;<\/p>\n<p>Em junho o Jornal Verdade mostrou um caso que ganhou as redes sociais de Franca, da agress\u00e3o de um homem a uma mulher em um carro em movimento na Avenida Alonso y Alonso. O agressor \u00e9 ex-namorado da v\u00edtima de 18 anos.<\/p>\n<p>Segundo registro, tudo teve in\u00edcio na tarde de ter\u00e7a-feira 28 de junho, quando uma empres\u00e1ria viu que no ve\u00edculo que trafegava \u00e0 sua frente, um homem espancava com socos a passageira, que em uma parada no sem\u00e1foro, chegou a pedir socorro. A empres\u00e1ria gravou um v\u00eddeo para registrar as agress\u00f5es e tamb\u00e9m a placa do ve\u00edculo, logo as imagens ganharam as redes sociais e causaram revolta na cidade.<\/p>\n<p>A empres\u00e1ria contou que acionou a Pol\u00edcia Militar, que chegou a fazer buscas pelo ve\u00edculo com base na placa \u2013 de Minas Gerais, mas o casal n\u00e3o foi encontrado. Ainda na ter\u00e7a-feira, a fam\u00edlia da v\u00edtima procurou a Pol\u00edcia Civil e informou que a mesma estava escondida na casa de uma amiga no centro da cidade, para fugir do ex que n\u00e3o se conforma com o fim do relacionamento, que era conturbado e marcado por ci\u00fames e agress\u00f5es praticadas pelo homem.<\/p>\n<p>A fam\u00edlia contou para a pol\u00edcia que o homem descobriu onde a ex estava, foi at\u00e9 o local armado e sob amea\u00e7as obrigou que ela entrasse no carro. Quando dirigia pela movimentada avenida Alonso Y Alonso, acabou sendo flagrado pela empres\u00e1ria. A Pol\u00edcia Civil encontrou a jovem na casa da ex-sogra, com ferimentos. Ela passou pelo Instituto M\u00e9dico Legal (IML) de Franca e depois prestou depoimento na Delegacia de Defesa da Mulher (DDM), onde preferiu n\u00e3o prestar queixa contra o agressor.<\/p>\n<p><strong>2021\u00a0<\/strong><\/p>\n<p>Se compararmos os sete primeiros meses de 2022, com o mesmo per\u00edodo do ano passado, \u00e9 poss\u00edvel notar um crescimento de 22% nos inqu\u00e9ritos abertos deste ano, foram 644 contra 525.\u00a0 A m\u00e9dia \u00e9 de 75 inqu\u00e9ritos por m\u00eas.<\/p>\n","protected":false},"excerpt":{"rendered":"<p>N\u00fameros s\u00e3o da Secretaria de Seguran\u00e7a P\u00fablica do Estado de S\u00e3o Paulo (SSP) A Delegacia de Defesa da Mulher de Franca (DDM), j\u00e1 instaurou 644 inqu\u00e9ritos<span class=\"excerpt-hellip\"> [\u2026]<\/span><\/p>\n","protected":false},"author":7,"featured_media":26180,"comment_status":"open","ping_status":"open","sticky":false,"template":"","format":"standard","meta":{"_jetpack_memberships_contains_paid_content":false,"footnotes":"","jetpack_publicize_message":"","jetpack_publicize_feature_enabled":true,"jetpack_social_post_already_shared":false,"jetpack_social_options":{"image_generator_settings":{"template":"highway","default_image_id":0,"enabled":false},"version":2}},"categories":[28,81],"tags":[],"class_list":["post-28092","post","type-post","status-publish","format-standard","has-post-thumbnail","hentry","category-cotidiano","category-manchete"],"yoast_head":"<!-- This site is optimized with the Yoast SEO plugin v25.6 - https:\/\/yoast.com\/wordpress\/plugins\/seo\/ -->\n<title>Investiga\u00e7\u00f5es de viol\u00eancia contra mulheres, idosos e crian\u00e7as crescem 22% em Franca - VerdadeOn<\/title>\n<meta name=\"robots\" content=\"index, follow, max-snippet:-1, max-image-preview:large, max-video-preview:-1\" \/>\n<link rel=\"canonical\" href=\"https:\/\/verdadeon.com.br\/portal\/2022\/09\/19\/investigacoes-de-violencia-contra-mulheres-idosos-e-criancas-crescem-22-em-franca\/\" \/>\n<meta property=\"og:locale\" content=\"pt_BR\" \/>\n<meta property=\"og:type\" content=\"article\" \/>\n<meta property=\"og:title\" content=\"Investiga\u00e7\u00f5es de viol\u00eancia contra mulheres, idosos e crian\u00e7as crescem 22% em Franca - VerdadeOn\" \/>\n<meta property=\"og:description\" content=\"N\u00fameros s\u00e3o da Secretaria de Seguran\u00e7a P\u00fablica do Estado de S\u00e3o Paulo (SSP) A Delegacia de Defesa da Mulher de Franca (DDM), j\u00e1 instaurou 644 inqu\u00e9ritos [\u2026]\" \/>\n<meta property=\"og:url\" content=\"https:\/\/verdadeon.com.br\/portal\/2022\/09\/19\/investigacoes-de-violencia-contra-mulheres-idosos-e-criancas-crescem-22-em-franca\/\" \/>\n<meta property=\"og:site_name\" content=\"VerdadeOn\" \/>\n<meta property=\"article:published_time\" content=\"2022-09-19T20:27:14+00:00\" \/>\n<meta property=\"og:image\" content=\"https:\/\/verdadeon.com.br\/portal\/wp-content\/uploads\/2022\/06\/agressao-e1656537545339.png\" \/>\n\t<meta property=\"og:image:width\" content=\"1001\" \/>\n\t<meta property=\"og:image:height\" content=\"669\" \/>\n\t<meta property=\"og:image:type\" content=\"image\/png\" \/>\n<meta name=\"author\" content=\"Fernando Lima\" \/>\n<meta name=\"twitter:card\" content=\"summary_large_image\" \/>\n<meta name=\"twitter:label1\" content=\"Escrito por\" \/>\n\t<meta name=\"twitter:data1\" content=\"Fernando Lima\" \/>\n\t<meta name=\"twitter:label2\" content=\"Est. tempo de leitura\" \/>\n\t<meta name=\"twitter:data2\" content=\"3 minutos\" \/>\n<script type=\"application\/ld+json\" class=\"yoast-schema-graph\">{\"@context\":\"https:\/\/schema.org\",\"@graph\":[{\"@type\":\"WebPage\",\"@id\":\"https:\/\/verdadeon.com.br\/portal\/2022\/09\/19\/investigacoes-de-violencia-contra-mulheres-idosos-e-criancas-crescem-22-em-franca\/\",\"url\":\"https:\/\/verdadeon.com.br\/portal\/2022\/09\/19\/investigacoes-de-violencia-contra-mulheres-idosos-e-criancas-crescem-22-em-franca\/\",\"name\":\"Investiga\u00e7\u00f5es de viol\u00eancia contra mulheres, idosos e crian\u00e7as crescem 22% em Franca - VerdadeOn\",\"isPartOf\":{\"@id\":\"https:\/\/verdadeon.com.br\/portal\/#website\"},\"primaryImageOfPage\":{\"@id\":\"https:\/\/verdadeon.com.br\/portal\/2022\/09\/19\/investigacoes-de-violencia-contra-mulheres-idosos-e-criancas-crescem-22-em-franca\/#primaryimage\"},\"image\":{\"@id\":\"https:\/\/verdadeon.com.br\/portal\/2022\/09\/19\/investigacoes-de-violencia-contra-mulheres-idosos-e-criancas-crescem-22-em-franca\/#primaryimage\"},\"thumbnailUrl\":\"https:\/\/i0.wp.com\/verdadeon.com.br\/portal\/wp-content\/uploads\/2022\/06\/agressao-e1656537545339.png?fit=1001%2C669&ssl=1\",\"datePublished\":\"2022-09-19T20:27:14+00:00\",\"author\":{\"@id\":\"https:\/\/verdadeon.com.br\/portal\/#\/schema\/person\/cc32be22b8e8599387c480bc83e1d11a\"},\"breadcrumb\":{\"@id\":\"https:\/\/verdadeon.com.br\/portal\/2022\/09\/19\/investigacoes-de-violencia-contra-mulheres-idosos-e-criancas-crescem-22-em-franca\/#breadcrumb\"},\"inLanguage\":\"pt-BR\",\"potentialAction\":[{\"@type\":\"ReadAction\",\"target\":[\"https:\/\/verdadeon.com.br\/portal\/2022\/09\/19\/investigacoes-de-violencia-contra-mulheres-idosos-e-criancas-crescem-22-em-franca\/\"]}]},{\"@type\":\"ImageObject\",\"inLanguage\":\"pt-BR\",\"@id\":\"https:\/\/verdadeon.com.br\/portal\/2022\/09\/19\/investigacoes-de-violencia-contra-mulheres-idosos-e-criancas-crescem-22-em-franca\/#primaryimage\",\"url\":\"https:\/\/i0.wp.com\/verdadeon.com.br\/portal\/wp-content\/uploads\/2022\/06\/agressao-e1656537545339.png?fit=1001%2C669&ssl=1\",\"contentUrl\":\"https:\/\/i0.wp.com\/verdadeon.com.br\/portal\/wp-content\/uploads\/2022\/06\/agressao-e1656537545339.png?fit=1001%2C669&ssl=1\",\"width\":1001,\"height\":669,\"caption\":\"Em junho agress\u00f5es contra uma mulher foram flagradas na avenida Doutor Ismael Alonso Y Alonso, na regi\u00e3o central | Foto: Reprodu\u00e7\u00e3o\"},{\"@type\":\"BreadcrumbList\",\"@id\":\"https:\/\/verdadeon.com.br\/portal\/2022\/09\/19\/investigacoes-de-violencia-contra-mulheres-idosos-e-criancas-crescem-22-em-franca\/#breadcrumb\",\"itemListElement\":[{\"@type\":\"ListItem\",\"position\":1,\"name\":\"In\u00edcio\",\"item\":\"https:\/\/verdadeon.com.br\/portal\/\"},{\"@type\":\"ListItem\",\"position\":2,\"name\":\"Investiga\u00e7\u00f5es de viol\u00eancia contra mulheres, idosos e crian\u00e7as crescem 22% em Franca\"}]},{\"@type\":\"WebSite\",\"@id\":\"https:\/\/verdadeon.com.br\/portal\/#website\",\"url\":\"https:\/\/verdadeon.com.br\/portal\/\",\"name\":\"VerdadeOn\",\"description\":\"Not\u00edcias di\u00e1rias sobre Franca, Regi\u00e3o, Esporte, Cultura, Cotidiano, Colunas. Cobertura nos principais eventos da cidade \u00e9 aqui - Verdadeon Franca\",\"potentialAction\":[{\"@type\":\"SearchAction\",\"target\":{\"@type\":\"EntryPoint\",\"urlTemplate\":\"https:\/\/verdadeon.com.br\/portal\/?s={search_term_string}\"},\"query-input\":{\"@type\":\"PropertyValueSpecification\",\"valueRequired\":true,\"valueName\":\"search_term_string\"}}],\"inLanguage\":\"pt-BR\"},{\"@type\":\"Person\",\"@id\":\"https:\/\/verdadeon.com.br\/portal\/#\/schema\/person\/cc32be22b8e8599387c480bc83e1d11a\",\"name\":\"Fernando Lima\",\"image\":{\"@type\":\"ImageObject\",\"inLanguage\":\"pt-BR\",\"@id\":\"https:\/\/verdadeon.com.br\/portal\/#\/schema\/person\/image\/\",\"url\":\"https:\/\/secure.gravatar.com\/avatar\/df4c8e132080d2b3a4841d5d232045464e0eed11a1d6e43115ca0843d48768d3?s=96&d=mm&r=g\",\"contentUrl\":\"https:\/\/secure.gravatar.com\/avatar\/df4c8e132080d2b3a4841d5d232045464e0eed11a1d6e43115ca0843d48768d3?s=96&d=mm&r=g\",\"caption\":\"Fernando Lima\"},\"sameAs\":[\"http:\/\/verdadeon.com.br\/\"],\"url\":\"https:\/\/verdadeon.com.br\/portal\/author\/fernando-lima\/\"}]}<\/script>\n<!-- \/ Yoast SEO plugin. -->","yoast_head_json":{"title":"Investiga\u00e7\u00f5es de viol\u00eancia contra mulheres, idosos e crian\u00e7as crescem 22% em Franca - VerdadeOn","robots":{"index":"index","follow":"follow","max-snippet":"max-snippet:-1","max-image-preview":"max-image-preview:large","max-video-preview":"max-video-preview:-1"},"canonical":"https:\/\/verdadeon.com.br\/portal\/2022\/09\/19\/investigacoes-de-violencia-contra-mulheres-idosos-e-criancas-crescem-22-em-franca\/","og_locale":"pt_BR","og_type":"article","og_title":"Investiga\u00e7\u00f5es de viol\u00eancia contra mulheres, idosos e crian\u00e7as crescem 22% em Franca - VerdadeOn","og_description":"N\u00fameros s\u00e3o da Secretaria de Seguran\u00e7a P\u00fablica do Estado de S\u00e3o Paulo (SSP) A Delegacia de Defesa da Mulher de Franca (DDM), j\u00e1 instaurou 644 inqu\u00e9ritos [\u2026]","og_url":"https:\/\/verdadeon.com.br\/portal\/2022\/09\/19\/investigacoes-de-violencia-contra-mulheres-idosos-e-criancas-crescem-22-em-franca\/","og_site_name":"VerdadeOn","article_published_time":"2022-09-19T20:27:14+00:00","og_image":[{"width":1001,"height":669,"url":"https:\/\/verdadeon.com.br\/portal\/wp-content\/uploads\/2022\/06\/agressao-e1656537545339.png","type":"image\/png"}],"author":"Fernando Lima","twitter_card":"summary_large_image","twitter_misc":{"Escrito por":"Fernando Lima","Est. tempo de leitura":"3 minutos"},"schema":{"@context":"https:\/\/schema.org","@graph":[{"@type":"WebPage","@id":"https:\/\/verdadeon.com.br\/portal\/2022\/09\/19\/investigacoes-de-violencia-contra-mulheres-idosos-e-criancas-crescem-22-em-franca\/","url":"https:\/\/verdadeon.com.br\/portal\/2022\/09\/19\/investigacoes-de-violencia-contra-mulheres-idosos-e-criancas-crescem-22-em-franca\/","name":"Investiga\u00e7\u00f5es de viol\u00eancia contra mulheres, idosos e crian\u00e7as crescem 22% em Franca - VerdadeOn","isPartOf":{"@id":"https:\/\/verdadeon.com.br\/portal\/#website"},"primaryImageOfPage":{"@id":"https:\/\/verdadeon.com.br\/portal\/2022\/09\/19\/investigacoes-de-violencia-contra-mulheres-idosos-e-criancas-crescem-22-em-franca\/#primaryimage"},"image":{"@id":"https:\/\/verdadeon.com.br\/portal\/2022\/09\/19\/investigacoes-de-violencia-contra-mulheres-idosos-e-criancas-crescem-22-em-franca\/#primaryimage"},"thumbnailUrl":"https:\/\/i0.wp.com\/verdadeon.com.br\/portal\/wp-content\/uploads\/2022\/06\/agressao-e1656537545339.png?fit=1001%2C669&ssl=1","datePublished":"2022-09-19T20:27:14+00:00","author":{"@id":"https:\/\/verdadeon.com.br\/portal\/#\/schema\/person\/cc32be22b8e8599387c480bc83e1d11a"},"breadcrumb":{"@id":"https:\/\/verdadeon.com.br\/portal\/2022\/09\/19\/investigacoes-de-violencia-contra-mulheres-idosos-e-criancas-crescem-22-em-franca\/#breadcrumb"},"inLanguage":"pt-BR","potentialAction":[{"@type":"ReadAction","target":["https:\/\/verdadeon.com.br\/portal\/2022\/09\/19\/investigacoes-de-violencia-contra-mulheres-idosos-e-criancas-crescem-22-em-franca\/"]}]},{"@type":"ImageObject","inLanguage":"pt-BR","@id":"https:\/\/verdadeon.com.br\/portal\/2022\/09\/19\/investigacoes-de-violencia-contra-mulheres-idosos-e-criancas-crescem-22-em-franca\/#primaryimage","url":"https:\/\/i0.wp.com\/verdadeon.com.br\/portal\/wp-content\/uploads\/2022\/06\/agressao-e1656537545339.png?fit=1001%2C669&ssl=1","contentUrl":"https:\/\/i0.wp.com\/verdadeon.com.br\/portal\/wp-content\/uploads\/2022\/06\/agressao-e1656537545339.png?fit=1001%2C669&ssl=1","width":1001,"height":669,"caption":"Em junho agress\u00f5es contra uma mulher foram flagradas na avenida Doutor Ismael Alonso Y Alonso, na regi\u00e3o central | Foto: Reprodu\u00e7\u00e3o"},{"@type":"BreadcrumbList","@id":"https:\/\/verdadeon.com.br\/portal\/2022\/09\/19\/investigacoes-de-violencia-contra-mulheres-idosos-e-criancas-crescem-22-em-franca\/#breadcrumb","itemListElement":[{"@type":"ListItem","position":1,"name":"In\u00edcio","item":"https:\/\/verdadeon.com.br\/portal\/"},{"@type":"ListItem","position":2,"name":"Investiga\u00e7\u00f5es de viol\u00eancia contra mulheres, idosos e crian\u00e7as crescem 22% em Franca"}]},{"@type":"WebSite","@id":"https:\/\/verdadeon.com.br\/portal\/#website","url":"https:\/\/verdadeon.com.br\/portal\/","name":"VerdadeOn","description":"Not\u00edcias di\u00e1rias sobre Franca, Regi\u00e3o, Esporte, Cultura, Cotidiano, Colunas. Cobertura nos principais eventos da cidade \u00e9 aqui - Verdadeon Franca","potentialAction":[{"@type":"SearchAction","target":{"@type":"EntryPoint","urlTemplate":"https:\/\/verdadeon.com.br\/portal\/?s={search_term_string}"},"query-input":{"@type":"PropertyValueSpecification","valueRequired":true,"valueName":"search_term_string"}}],"inLanguage":"pt-BR"},{"@type":"Person","@id":"https:\/\/verdadeon.com.br\/portal\/#\/schema\/person\/cc32be22b8e8599387c480bc83e1d11a","name":"Fernando Lima","image":{"@type":"ImageObject","inLanguage":"pt-BR","@id":"https:\/\/verdadeon.com.br\/portal\/#\/schema\/person\/image\/","url":"https:\/\/secure.gravatar.com\/avatar\/df4c8e132080d2b3a4841d5d232045464e0eed11a1d6e43115ca0843d48768d3?s=96&d=mm&r=g","contentUrl":"https:\/\/secure.gravatar.com\/avatar\/df4c8e132080d2b3a4841d5d232045464e0eed11a1d6e43115ca0843d48768d3?s=96&d=mm&r=g","caption":"Fernando Lima"},"sameAs":["http:\/\/verdadeon.com.br\/"],"url":"https:\/\/verdadeon.com.br\/portal\/author\/fernando-lima\/"}]}},"jetpack_publicize_connections":[],"jetpack_featured_media_url":"https:\/\/i0.wp.com\/verdadeon.com.br\/portal\/wp-content\/uploads\/2022\/06\/agressao-e1656537545339.png?fit=1001%2C669&ssl=1","jetpack_sharing_enabled":true,"_links":{"self":[{"href":"https:\/\/verdadeon.com.br\/portal\/wp-json\/wp\/v2\/posts\/28092","targetHints":{"allow":["GET"]}}],"collection":[{"href":"https:\/\/verdadeon.com.br\/portal\/wp-json\/wp\/v2\/posts"}],"about":[{"href":"https:\/\/verdadeon.com.br\/portal\/wp-json\/wp\/v2\/types\/post"}],"author":[{"embeddable":true,"href":"https:\/\/verdadeon.com.br\/portal\/wp-json\/wp\/v2\/users\/7"}],"replies":[{"embeddable":true,"href":"https:\/\/verdadeon.com.br\/portal\/wp-json\/wp\/v2\/comments?post=28092"}],"version-history":[{"count":1,"href":"https:\/\/verdadeon.com.br\/portal\/wp-json\/wp\/v2\/posts\/28092\/revisions"}],"predecessor-version":[{"id":28098,"href":"https:\/\/verdadeon.com.br\/portal\/wp-json\/wp\/v2\/posts\/28092\/revisions\/28098"}],"wp:featuredmedia":[{"embeddable":true,"href":"https:\/\/verdadeon.com.br\/portal\/wp-json\/wp\/v2\/media\/26180"}],"wp:attachment":[{"href":"https:\/\/verdadeon.com.br\/portal\/wp-json\/wp\/v2\/media?parent=28092"}],"wp:term":[{"taxonomy":"category","embeddable":true,"href":"https:\/\/verdadeon.com.br\/portal\/wp-json\/wp\/v2\/categories?post=28092"},{"taxonomy":"post_tag","embeddable":true,"href":"https:\/\/verdadeon.com.br\/portal\/wp-json\/wp\/v2\/tags?post=28092"}],"curies":[{"name":"wp","href":"https:\/\/api.w.org\/{rel}","templated":true}]}}