{"id":28084,"date":"2022-09-19T15:50:48","date_gmt":"2022-09-19T18:50:48","guid":{"rendered":"https:\/\/verdadeon.com.br\/portal\/?p=28084"},"modified":"2022-09-19T16:30:29","modified_gmt":"2022-09-19T19:30:29","slug":"curso-de-excelencia-em-atendimento-e-aberto-pela-acif","status":"publish","type":"post","link":"https:\/\/verdadeon.com.br\/portal\/2022\/09\/19\/curso-de-excelencia-em-atendimento-e-aberto-pela-acif\/","title":{"rendered":"Curso de excel\u00eancia em atendimento \u00e9 aberto pela ACIF"},"content":{"rendered":"<h2>Redes sociais, intelig\u00eancia emocional e perfis de clientes est\u00e3o na grade de conte\u00fado<\/h2>\n<p>A Associa\u00e7\u00e3o do Com\u00e9rcio e Ind\u00fastria de Franca (Acif) est\u00e1 com inscri\u00e7\u00f5es abertas para o curso &#8220;Excel\u00eancia em Atendimento&#8221; que vai abordar importantes temas ligados \u00e0 \u00e1rea de atendimento e vendas como intelig\u00eancia emocional, clientes e seus perfis comportamentais, impactos p\u00f3s pandemia no atendimento, redes sociais e omnichannel, marketing sensorial e muito mais.<\/p>\n<p>\u201cEntramos na reta final do ano e boas oportunidades de vendas, como Black Friday e Natal, se aproximam, s\u00e3o momentos em que o fluxo de clientes aumenta e as equipes de atendimento precisam estar preparadas para receber esse p\u00fablico e transformar esse cliente de ocasi\u00e3o em um cliente habitual. O treinamento \u00e9 bem completo e vai al\u00e9m do atendimento no ponto de vendas, abordando a comunica\u00e7\u00e3o nas redes sociais e aspectos de intelig\u00eancia emocional dos profissionais\u201d, diz a coordenadora de Desenvolvimento Empresarial da ACIF, Danila Sart\u00f3rio.<\/p>\n<h4>Inscri\u00e7\u00f5es, datas e grade<\/h4>\n<p>O curso \u2018Excel\u00eancia em Atendimento\u2019 vai acontecer nos dias 17, 18, 19, 20 e 25 de outubro, presencialmente no Centro de Educa\u00e7\u00e3o Empresarial da ACIF (Rua Major Claudiano 1907), sempre das 19h \u00e0s 22h. Os interessados devem entrar em contato com a ACIF pelo telefone (16) 9 9187-6239 (WhatsApp).<\/p>\n<p>Confira a grade completa de conte\u00fado:<\/p>\n<p>M\u00f3dulo 1<\/p>\n<p>Intelig\u00eancia emocional<\/p>\n<p>Intelig\u00eancia relacional<\/p>\n<p>Evolu\u00e7\u00e3o do atendimento<\/p>\n<p>&nbsp;<\/p>\n<p>M\u00f3dulo 2<\/p>\n<p>Clientes e seus perfis comportamentais<\/p>\n<p>Impactos p\u00f3s pandemia no atendimento<\/p>\n<p>Equipe engajada, a aposta da vez<\/p>\n<p>&nbsp;<\/p>\n<p>M\u00f3dulo 3<\/p>\n<p>Evolu\u00e7\u00e3o do Atendimento<\/p>\n<p>Pilares para um atendimento de Excel\u00eancia<\/p>\n<p>Atendimento 10 estrelas<\/p>\n<p>&nbsp;<\/p>\n<p>M\u00f3dulo 4<\/p>\n<p>Aplica\u00e7\u00e3o da Programa\u00e7\u00e3o Neurolingu\u00edstica no atendimento<\/p>\n<p>Redes sociais e Omnichannel<\/p>\n<p>Marketing Sensorial<\/p>\n<p>Como criar conex\u00f5es surpreendentes<\/p>\n<p>&nbsp;<\/p>\n<p>M\u00f3dulo 5<\/p>\n<p>Medindo resultados<\/p>\n<p>Alinhamento de prop\u00f3sito<\/p>\n<p>Protagonismo \/ Fazendo acontecer<\/p>\n","protected":false},"excerpt":{"rendered":"<p>Redes sociais, intelig\u00eancia emocional e perfis de clientes est\u00e3o na grade de conte\u00fado A Associa\u00e7\u00e3o do Com\u00e9rcio e Ind\u00fastria de Franca (Acif) est\u00e1 com inscri\u00e7\u00f5es abertas<span class=\"excerpt-hellip\"> [\u2026]<\/span><\/p>\n","protected":false},"author":7,"featured_media":28085,"comment_status":"open","ping_status":"open","sticky":false,"template":"","format":"standard","meta":{"_jetpack_memberships_contains_paid_content":false,"footnotes":"","jetpack_publicize_message":"","jetpack_publicize_feature_enabled":true,"jetpack_social_post_already_shared":false,"jetpack_social_options":{"image_generator_settings":{"template":"highway","default_image_id":0,"enabled":false},"version":2}},"categories":[28,81],"tags":[],"class_list":["post-28084","post","type-post","status-publish","format-standard","has-post-thumbnail","hentry","category-cotidiano","category-manchete"],"yoast_head":"<!-- This site is optimized with the Yoast SEO plugin v25.6 - https:\/\/yoast.com\/wordpress\/plugins\/seo\/ -->\n<title>Curso de excel\u00eancia em atendimento \u00e9 aberto pela ACIF - VerdadeOn<\/title>\n<meta name=\"robots\" content=\"index, follow, max-snippet:-1, max-image-preview:large, max-video-preview:-1\" \/>\n<link rel=\"canonical\" href=\"https:\/\/verdadeon.com.br\/portal\/2022\/09\/19\/curso-de-excelencia-em-atendimento-e-aberto-pela-acif\/\" \/>\n<meta property=\"og:locale\" content=\"pt_BR\" \/>\n<meta property=\"og:type\" content=\"article\" \/>\n<meta property=\"og:title\" content=\"Curso de excel\u00eancia em atendimento \u00e9 aberto pela ACIF - VerdadeOn\" \/>\n<meta property=\"og:description\" content=\"Redes sociais, intelig\u00eancia emocional e perfis de clientes est\u00e3o na grade de conte\u00fado A Associa\u00e7\u00e3o do Com\u00e9rcio e Ind\u00fastria de Franca (Acif) est\u00e1 com inscri\u00e7\u00f5es abertas [\u2026]\" \/>\n<meta property=\"og:url\" content=\"https:\/\/verdadeon.com.br\/portal\/2022\/09\/19\/curso-de-excelencia-em-atendimento-e-aberto-pela-acif\/\" \/>\n<meta property=\"og:site_name\" content=\"VerdadeOn\" \/>\n<meta property=\"article:published_time\" content=\"2022-09-19T18:50:48+00:00\" \/>\n<meta property=\"article:modified_time\" content=\"2022-09-19T19:30:29+00:00\" \/>\n<meta property=\"og:image\" content=\"https:\/\/verdadeon.com.br\/portal\/wp-content\/uploads\/2022\/09\/WhatsApp-Image-2022-09-19-at-15.08.57.jpeg\" \/>\n\t<meta property=\"og:image:width\" content=\"1000\" \/>\n\t<meta property=\"og:image:height\" content=\"670\" \/>\n\t<meta property=\"og:image:type\" content=\"image\/jpeg\" \/>\n<meta name=\"author\" content=\"Fernando Lima\" \/>\n<meta name=\"twitter:card\" content=\"summary_large_image\" \/>\n<meta name=\"twitter:label1\" content=\"Escrito por\" \/>\n\t<meta name=\"twitter:data1\" content=\"Fernando Lima\" \/>\n\t<meta name=\"twitter:label2\" content=\"Est. tempo de leitura\" \/>\n\t<meta name=\"twitter:data2\" content=\"2 minutos\" \/>\n<script type=\"application\/ld+json\" class=\"yoast-schema-graph\">{\"@context\":\"https:\/\/schema.org\",\"@graph\":[{\"@type\":\"WebPage\",\"@id\":\"https:\/\/verdadeon.com.br\/portal\/2022\/09\/19\/curso-de-excelencia-em-atendimento-e-aberto-pela-acif\/\",\"url\":\"https:\/\/verdadeon.com.br\/portal\/2022\/09\/19\/curso-de-excelencia-em-atendimento-e-aberto-pela-acif\/\",\"name\":\"Curso de excel\u00eancia em atendimento \u00e9 aberto pela ACIF - VerdadeOn\",\"isPartOf\":{\"@id\":\"https:\/\/verdadeon.com.br\/portal\/#website\"},\"primaryImageOfPage\":{\"@id\":\"https:\/\/verdadeon.com.br\/portal\/2022\/09\/19\/curso-de-excelencia-em-atendimento-e-aberto-pela-acif\/#primaryimage\"},\"image\":{\"@id\":\"https:\/\/verdadeon.com.br\/portal\/2022\/09\/19\/curso-de-excelencia-em-atendimento-e-aberto-pela-acif\/#primaryimage\"},\"thumbnailUrl\":\"https:\/\/i0.wp.com\/verdadeon.com.br\/portal\/wp-content\/uploads\/2022\/09\/WhatsApp-Image-2022-09-19-at-15.08.57.jpeg?fit=1000%2C670&ssl=1\",\"datePublished\":\"2022-09-19T18:50:48+00:00\",\"dateModified\":\"2022-09-19T19:30:29+00:00\",\"author\":{\"@id\":\"https:\/\/verdadeon.com.br\/portal\/#\/schema\/person\/cc32be22b8e8599387c480bc83e1d11a\"},\"breadcrumb\":{\"@id\":\"https:\/\/verdadeon.com.br\/portal\/2022\/09\/19\/curso-de-excelencia-em-atendimento-e-aberto-pela-acif\/#breadcrumb\"},\"inLanguage\":\"pt-BR\",\"potentialAction\":[{\"@type\":\"ReadAction\",\"target\":[\"https:\/\/verdadeon.com.br\/portal\/2022\/09\/19\/curso-de-excelencia-em-atendimento-e-aberto-pela-acif\/\"]}]},{\"@type\":\"ImageObject\",\"inLanguage\":\"pt-BR\",\"@id\":\"https:\/\/verdadeon.com.br\/portal\/2022\/09\/19\/curso-de-excelencia-em-atendimento-e-aberto-pela-acif\/#primaryimage\",\"url\":\"https:\/\/i0.wp.com\/verdadeon.com.br\/portal\/wp-content\/uploads\/2022\/09\/WhatsApp-Image-2022-09-19-at-15.08.57.jpeg?fit=1000%2C670&ssl=1\",\"contentUrl\":\"https:\/\/i0.wp.com\/verdadeon.com.br\/portal\/wp-content\/uploads\/2022\/09\/WhatsApp-Image-2022-09-19-at-15.08.57.jpeg?fit=1000%2C670&ssl=1\",\"width\":1000,\"height\":670,\"caption\":\"Danila Sart\u00f3rio, coordenadora de Desenvolvimento Empresarial da ACIF\"},{\"@type\":\"BreadcrumbList\",\"@id\":\"https:\/\/verdadeon.com.br\/portal\/2022\/09\/19\/curso-de-excelencia-em-atendimento-e-aberto-pela-acif\/#breadcrumb\",\"itemListElement\":[{\"@type\":\"ListItem\",\"position\":1,\"name\":\"In\u00edcio\",\"item\":\"https:\/\/verdadeon.com.br\/portal\/\"},{\"@type\":\"ListItem\",\"position\":2,\"name\":\"Curso de excel\u00eancia em atendimento \u00e9 aberto pela ACIF\"}]},{\"@type\":\"WebSite\",\"@id\":\"https:\/\/verdadeon.com.br\/portal\/#website\",\"url\":\"https:\/\/verdadeon.com.br\/portal\/\",\"name\":\"VerdadeOn\",\"description\":\"Not\u00edcias di\u00e1rias sobre Franca, Regi\u00e3o, Esporte, Cultura, Cotidiano, Colunas. Cobertura nos principais eventos da cidade \u00e9 aqui - Verdadeon Franca\",\"potentialAction\":[{\"@type\":\"SearchAction\",\"target\":{\"@type\":\"EntryPoint\",\"urlTemplate\":\"https:\/\/verdadeon.com.br\/portal\/?s={search_term_string}\"},\"query-input\":{\"@type\":\"PropertyValueSpecification\",\"valueRequired\":true,\"valueName\":\"search_term_string\"}}],\"inLanguage\":\"pt-BR\"},{\"@type\":\"Person\",\"@id\":\"https:\/\/verdadeon.com.br\/portal\/#\/schema\/person\/cc32be22b8e8599387c480bc83e1d11a\",\"name\":\"Fernando Lima\",\"image\":{\"@type\":\"ImageObject\",\"inLanguage\":\"pt-BR\",\"@id\":\"https:\/\/verdadeon.com.br\/portal\/#\/schema\/person\/image\/\",\"url\":\"https:\/\/secure.gravatar.com\/avatar\/df4c8e132080d2b3a4841d5d232045464e0eed11a1d6e43115ca0843d48768d3?s=96&d=mm&r=g\",\"contentUrl\":\"https:\/\/secure.gravatar.com\/avatar\/df4c8e132080d2b3a4841d5d232045464e0eed11a1d6e43115ca0843d48768d3?s=96&d=mm&r=g\",\"caption\":\"Fernando Lima\"},\"sameAs\":[\"http:\/\/verdadeon.com.br\/\"],\"url\":\"https:\/\/verdadeon.com.br\/portal\/author\/fernando-lima\/\"}]}<\/script>\n<!-- \/ Yoast SEO plugin. -->","yoast_head_json":{"title":"Curso de excel\u00eancia em atendimento \u00e9 aberto pela ACIF - VerdadeOn","robots":{"index":"index","follow":"follow","max-snippet":"max-snippet:-1","max-image-preview":"max-image-preview:large","max-video-preview":"max-video-preview:-1"},"canonical":"https:\/\/verdadeon.com.br\/portal\/2022\/09\/19\/curso-de-excelencia-em-atendimento-e-aberto-pela-acif\/","og_locale":"pt_BR","og_type":"article","og_title":"Curso de excel\u00eancia em atendimento \u00e9 aberto pela ACIF - VerdadeOn","og_description":"Redes sociais, intelig\u00eancia emocional e perfis de clientes est\u00e3o na grade de conte\u00fado A Associa\u00e7\u00e3o do Com\u00e9rcio e Ind\u00fastria de Franca (Acif) est\u00e1 com inscri\u00e7\u00f5es abertas [\u2026]","og_url":"https:\/\/verdadeon.com.br\/portal\/2022\/09\/19\/curso-de-excelencia-em-atendimento-e-aberto-pela-acif\/","og_site_name":"VerdadeOn","article_published_time":"2022-09-19T18:50:48+00:00","article_modified_time":"2022-09-19T19:30:29+00:00","og_image":[{"width":1000,"height":670,"url":"https:\/\/verdadeon.com.br\/portal\/wp-content\/uploads\/2022\/09\/WhatsApp-Image-2022-09-19-at-15.08.57.jpeg","type":"image\/jpeg"}],"author":"Fernando Lima","twitter_card":"summary_large_image","twitter_misc":{"Escrito por":"Fernando Lima","Est. tempo de leitura":"2 minutos"},"schema":{"@context":"https:\/\/schema.org","@graph":[{"@type":"WebPage","@id":"https:\/\/verdadeon.com.br\/portal\/2022\/09\/19\/curso-de-excelencia-em-atendimento-e-aberto-pela-acif\/","url":"https:\/\/verdadeon.com.br\/portal\/2022\/09\/19\/curso-de-excelencia-em-atendimento-e-aberto-pela-acif\/","name":"Curso de excel\u00eancia em atendimento \u00e9 aberto pela ACIF - VerdadeOn","isPartOf":{"@id":"https:\/\/verdadeon.com.br\/portal\/#website"},"primaryImageOfPage":{"@id":"https:\/\/verdadeon.com.br\/portal\/2022\/09\/19\/curso-de-excelencia-em-atendimento-e-aberto-pela-acif\/#primaryimage"},"image":{"@id":"https:\/\/verdadeon.com.br\/portal\/2022\/09\/19\/curso-de-excelencia-em-atendimento-e-aberto-pela-acif\/#primaryimage"},"thumbnailUrl":"https:\/\/i0.wp.com\/verdadeon.com.br\/portal\/wp-content\/uploads\/2022\/09\/WhatsApp-Image-2022-09-19-at-15.08.57.jpeg?fit=1000%2C670&ssl=1","datePublished":"2022-09-19T18:50:48+00:00","dateModified":"2022-09-19T19:30:29+00:00","author":{"@id":"https:\/\/verdadeon.com.br\/portal\/#\/schema\/person\/cc32be22b8e8599387c480bc83e1d11a"},"breadcrumb":{"@id":"https:\/\/verdadeon.com.br\/portal\/2022\/09\/19\/curso-de-excelencia-em-atendimento-e-aberto-pela-acif\/#breadcrumb"},"inLanguage":"pt-BR","potentialAction":[{"@type":"ReadAction","target":["https:\/\/verdadeon.com.br\/portal\/2022\/09\/19\/curso-de-excelencia-em-atendimento-e-aberto-pela-acif\/"]}]},{"@type":"ImageObject","inLanguage":"pt-BR","@id":"https:\/\/verdadeon.com.br\/portal\/2022\/09\/19\/curso-de-excelencia-em-atendimento-e-aberto-pela-acif\/#primaryimage","url":"https:\/\/i0.wp.com\/verdadeon.com.br\/portal\/wp-content\/uploads\/2022\/09\/WhatsApp-Image-2022-09-19-at-15.08.57.jpeg?fit=1000%2C670&ssl=1","contentUrl":"https:\/\/i0.wp.com\/verdadeon.com.br\/portal\/wp-content\/uploads\/2022\/09\/WhatsApp-Image-2022-09-19-at-15.08.57.jpeg?fit=1000%2C670&ssl=1","width":1000,"height":670,"caption":"Danila Sart\u00f3rio, coordenadora de Desenvolvimento Empresarial da ACIF"},{"@type":"BreadcrumbList","@id":"https:\/\/verdadeon.com.br\/portal\/2022\/09\/19\/curso-de-excelencia-em-atendimento-e-aberto-pela-acif\/#breadcrumb","itemListElement":[{"@type":"ListItem","position":1,"name":"In\u00edcio","item":"https:\/\/verdadeon.com.br\/portal\/"},{"@type":"ListItem","position":2,"name":"Curso de excel\u00eancia em atendimento \u00e9 aberto pela ACIF"}]},{"@type":"WebSite","@id":"https:\/\/verdadeon.com.br\/portal\/#website","url":"https:\/\/verdadeon.com.br\/portal\/","name":"VerdadeOn","description":"Not\u00edcias di\u00e1rias sobre Franca, Regi\u00e3o, Esporte, Cultura, Cotidiano, Colunas. Cobertura nos principais eventos da cidade \u00e9 aqui - Verdadeon Franca","potentialAction":[{"@type":"SearchAction","target":{"@type":"EntryPoint","urlTemplate":"https:\/\/verdadeon.com.br\/portal\/?s={search_term_string}"},"query-input":{"@type":"PropertyValueSpecification","valueRequired":true,"valueName":"search_term_string"}}],"inLanguage":"pt-BR"},{"@type":"Person","@id":"https:\/\/verdadeon.com.br\/portal\/#\/schema\/person\/cc32be22b8e8599387c480bc83e1d11a","name":"Fernando Lima","image":{"@type":"ImageObject","inLanguage":"pt-BR","@id":"https:\/\/verdadeon.com.br\/portal\/#\/schema\/person\/image\/","url":"https:\/\/secure.gravatar.com\/avatar\/df4c8e132080d2b3a4841d5d232045464e0eed11a1d6e43115ca0843d48768d3?s=96&d=mm&r=g","contentUrl":"https:\/\/secure.gravatar.com\/avatar\/df4c8e132080d2b3a4841d5d232045464e0eed11a1d6e43115ca0843d48768d3?s=96&d=mm&r=g","caption":"Fernando Lima"},"sameAs":["http:\/\/verdadeon.com.br\/"],"url":"https:\/\/verdadeon.com.br\/portal\/author\/fernando-lima\/"}]}},"jetpack_publicize_connections":[],"jetpack_featured_media_url":"https:\/\/i0.wp.com\/verdadeon.com.br\/portal\/wp-content\/uploads\/2022\/09\/WhatsApp-Image-2022-09-19-at-15.08.57.jpeg?fit=1000%2C670&ssl=1","jetpack_sharing_enabled":true,"_links":{"self":[{"href":"https:\/\/verdadeon.com.br\/portal\/wp-json\/wp\/v2\/posts\/28084","targetHints":{"allow":["GET"]}}],"collection":[{"href":"https:\/\/verdadeon.com.br\/portal\/wp-json\/wp\/v2\/posts"}],"about":[{"href":"https:\/\/verdadeon.com.br\/portal\/wp-json\/wp\/v2\/types\/post"}],"author":[{"embeddable":true,"href":"https:\/\/verdadeon.com.br\/portal\/wp-json\/wp\/v2\/users\/7"}],"replies":[{"embeddable":true,"href":"https:\/\/verdadeon.com.br\/portal\/wp-json\/wp\/v2\/comments?post=28084"}],"version-history":[{"count":2,"href":"https:\/\/verdadeon.com.br\/portal\/wp-json\/wp\/v2\/posts\/28084\/revisions"}],"predecessor-version":[{"id":28093,"href":"https:\/\/verdadeon.com.br\/portal\/wp-json\/wp\/v2\/posts\/28084\/revisions\/28093"}],"wp:featuredmedia":[{"embeddable":true,"href":"https:\/\/verdadeon.com.br\/portal\/wp-json\/wp\/v2\/media\/28085"}],"wp:attachment":[{"href":"https:\/\/verdadeon.com.br\/portal\/wp-json\/wp\/v2\/media?parent=28084"}],"wp:term":[{"taxonomy":"category","embeddable":true,"href":"https:\/\/verdadeon.com.br\/portal\/wp-json\/wp\/v2\/categories?post=28084"},{"taxonomy":"post_tag","embeddable":true,"href":"https:\/\/verdadeon.com.br\/portal\/wp-json\/wp\/v2\/tags?post=28084"}],"curies":[{"name":"wp","href":"https:\/\/api.w.org\/{rel}","templated":true}]}}