{"id":28076,"date":"2022-09-19T14:54:36","date_gmt":"2022-09-19T17:54:36","guid":{"rendered":"https:\/\/verdadeon.com.br\/portal\/?p=28076"},"modified":"2022-09-19T14:57:18","modified_gmt":"2022-09-19T17:57:18","slug":"homem-e-preso-com-maconha-cocaina-e-ecstasy-no-elimar","status":"publish","type":"post","link":"https:\/\/verdadeon.com.br\/portal\/2022\/09\/19\/homem-e-preso-com-maconha-cocaina-e-ecstasy-no-elimar\/","title":{"rendered":"Homem \u00e9 preso com maconha, coca\u00edna e ecstasy no Elimar"},"content":{"rendered":"<h2>Pol\u00edcia Civil chegou at\u00e9 o suspeito ap\u00f3s den\u00fancias an\u00f4nimas, com autoriza\u00e7\u00e3o da Justi\u00e7a foram realizadas buscas<\/h2>\n<p>Um homem de 26 anos foi preso por tr\u00e1fico de drogas no Recanto Elimar, na zona sul de Franca pela Delegacia de Investiga\u00e7\u00f5es Sobre Entorpecentes (DISE), nesta segunda-feira (19). No im\u00f3vel foram encontradas drogas do tipo maconha, coca\u00edna e ecstasy.<\/p>\n<p>De acordo com a DISE, os investigadores receberam den\u00fancia an\u00f4nima dando conta que o indiv\u00edduo, morador do Bairro Jardim Elimar 3 estaria praticando tr\u00e1fico de drogas em sua resid\u00eancia. &#8220;Atrav\u00e9s de campanas foi verificado que as den\u00fancias eram procedentes, pois havia intensa movimenta\u00e7\u00e3o suspeita no local.\u00a0Diante disso foi solicitado mandado de busca domiciliar junto ao im\u00f3vel indicado na den\u00fancia e o pedido de busca domiciliar foi autorizado pelo poder judici\u00e1rio&#8221;.<\/p>\n<p>Com autoriza\u00e7\u00e3o a equipe abordou o suspeito dentro da casa.\u00a0Al\u00e9m das drogas foi encontrado material de embalagens, balan\u00e7a de precis\u00e3o e um aparelho de telefone celular com conversas sobre as vendas das drogas.<\/p>\n<p>&#8220;Apurou-se que o preso apesar da pouca idade j\u00e1 ficou v\u00e1rios anos recolhido no sistema prisional pelo mesmo motivo de tr\u00e1fico de drogas.\u00a0O preso foi encaminhando a cadeia p\u00fablica local onde se encontra a disposi\u00e7\u00e3o da justi\u00e7a&#8221;.<\/p>\n<p>Ainda na zona sul de Franca, um idoso de 68 anos foi preso tamb\u00e9m por tr\u00e1fico de drogas, na Vila Santa Cruz, no cruzamento da Eliza Versola Gosuen, com a Chafic Facury.<\/p>\n<p>A Pol\u00edcia Militar realizou a abordagem, e dentro do ve\u00edculo foram localizadas mais de 30 po\u00e7\u00f5es de coca\u00edna. Ele confessou o tr\u00e1fico, foi levado para a Central de Pol\u00edcia Judici\u00e1ria onde foi ouvido, e ap\u00f3s recolhido ao Sistema Prisional de Franca.<\/p>\n","protected":false},"excerpt":{"rendered":"<p>Pol\u00edcia Civil chegou at\u00e9 o suspeito ap\u00f3s den\u00fancias an\u00f4nimas, com autoriza\u00e7\u00e3o da Justi\u00e7a foram realizadas buscas Um homem de 26 anos foi preso por tr\u00e1fico de<span class=\"excerpt-hellip\"> [\u2026]<\/span><\/p>\n","protected":false},"author":7,"featured_media":28078,"comment_status":"open","ping_status":"open","sticky":false,"template":"","format":"standard","meta":{"_jetpack_memberships_contains_paid_content":false,"footnotes":"","jetpack_publicize_message":"","jetpack_publicize_feature_enabled":true,"jetpack_social_post_already_shared":false,"jetpack_social_options":{"image_generator_settings":{"template":"highway","default_image_id":0,"enabled":false},"version":2}},"categories":[28,81],"tags":[],"class_list":["post-28076","post","type-post","status-publish","format-standard","has-post-thumbnail","hentry","category-cotidiano","category-manchete"],"yoast_head":"<!-- This site is optimized with the Yoast SEO plugin v25.6 - https:\/\/yoast.com\/wordpress\/plugins\/seo\/ -->\n<title>Homem \u00e9 preso com maconha, coca\u00edna e ecstasy no Elimar - VerdadeOn<\/title>\n<meta name=\"robots\" content=\"index, follow, max-snippet:-1, max-image-preview:large, max-video-preview:-1\" \/>\n<link rel=\"canonical\" href=\"https:\/\/verdadeon.com.br\/portal\/2022\/09\/19\/homem-e-preso-com-maconha-cocaina-e-ecstasy-no-elimar\/\" \/>\n<meta property=\"og:locale\" content=\"pt_BR\" \/>\n<meta property=\"og:type\" content=\"article\" \/>\n<meta property=\"og:title\" content=\"Homem \u00e9 preso com maconha, coca\u00edna e ecstasy no Elimar - VerdadeOn\" \/>\n<meta property=\"og:description\" content=\"Pol\u00edcia Civil chegou at\u00e9 o suspeito ap\u00f3s den\u00fancias an\u00f4nimas, com autoriza\u00e7\u00e3o da Justi\u00e7a foram realizadas buscas Um homem de 26 anos foi preso por tr\u00e1fico de [\u2026]\" \/>\n<meta property=\"og:url\" content=\"https:\/\/verdadeon.com.br\/portal\/2022\/09\/19\/homem-e-preso-com-maconha-cocaina-e-ecstasy-no-elimar\/\" \/>\n<meta property=\"og:site_name\" content=\"VerdadeOn\" \/>\n<meta property=\"article:published_time\" content=\"2022-09-19T17:54:36+00:00\" \/>\n<meta property=\"article:modified_time\" content=\"2022-09-19T17:57:18+00:00\" \/>\n<meta property=\"og:image\" content=\"https:\/\/verdadeon.com.br\/portal\/wp-content\/uploads\/2022\/09\/WhatsApp-Image-2022-09-19-at-10.29.16-e1663610002540.jpeg\" \/>\n\t<meta property=\"og:image:width\" content=\"999\" \/>\n\t<meta property=\"og:image:height\" content=\"671\" \/>\n\t<meta property=\"og:image:type\" content=\"image\/jpeg\" \/>\n<meta name=\"author\" content=\"Fernando Lima\" \/>\n<meta name=\"twitter:card\" content=\"summary_large_image\" \/>\n<meta name=\"twitter:label1\" content=\"Escrito por\" \/>\n\t<meta name=\"twitter:data1\" content=\"Fernando Lima\" \/>\n\t<meta name=\"twitter:label2\" content=\"Est. tempo de leitura\" \/>\n\t<meta name=\"twitter:data2\" content=\"2 minutos\" \/>\n<script type=\"application\/ld+json\" class=\"yoast-schema-graph\">{\"@context\":\"https:\/\/schema.org\",\"@graph\":[{\"@type\":\"WebPage\",\"@id\":\"https:\/\/verdadeon.com.br\/portal\/2022\/09\/19\/homem-e-preso-com-maconha-cocaina-e-ecstasy-no-elimar\/\",\"url\":\"https:\/\/verdadeon.com.br\/portal\/2022\/09\/19\/homem-e-preso-com-maconha-cocaina-e-ecstasy-no-elimar\/\",\"name\":\"Homem \u00e9 preso com maconha, coca\u00edna e ecstasy no Elimar - VerdadeOn\",\"isPartOf\":{\"@id\":\"https:\/\/verdadeon.com.br\/portal\/#website\"},\"primaryImageOfPage\":{\"@id\":\"https:\/\/verdadeon.com.br\/portal\/2022\/09\/19\/homem-e-preso-com-maconha-cocaina-e-ecstasy-no-elimar\/#primaryimage\"},\"image\":{\"@id\":\"https:\/\/verdadeon.com.br\/portal\/2022\/09\/19\/homem-e-preso-com-maconha-cocaina-e-ecstasy-no-elimar\/#primaryimage\"},\"thumbnailUrl\":\"https:\/\/i0.wp.com\/verdadeon.com.br\/portal\/wp-content\/uploads\/2022\/09\/WhatsApp-Image-2022-09-19-at-10.29.16-e1663610002540.jpeg?fit=999%2C671&ssl=1\",\"datePublished\":\"2022-09-19T17:54:36+00:00\",\"dateModified\":\"2022-09-19T17:57:18+00:00\",\"author\":{\"@id\":\"https:\/\/verdadeon.com.br\/portal\/#\/schema\/person\/cc32be22b8e8599387c480bc83e1d11a\"},\"breadcrumb\":{\"@id\":\"https:\/\/verdadeon.com.br\/portal\/2022\/09\/19\/homem-e-preso-com-maconha-cocaina-e-ecstasy-no-elimar\/#breadcrumb\"},\"inLanguage\":\"pt-BR\",\"potentialAction\":[{\"@type\":\"ReadAction\",\"target\":[\"https:\/\/verdadeon.com.br\/portal\/2022\/09\/19\/homem-e-preso-com-maconha-cocaina-e-ecstasy-no-elimar\/\"]}]},{\"@type\":\"ImageObject\",\"inLanguage\":\"pt-BR\",\"@id\":\"https:\/\/verdadeon.com.br\/portal\/2022\/09\/19\/homem-e-preso-com-maconha-cocaina-e-ecstasy-no-elimar\/#primaryimage\",\"url\":\"https:\/\/i0.wp.com\/verdadeon.com.br\/portal\/wp-content\/uploads\/2022\/09\/WhatsApp-Image-2022-09-19-at-10.29.16-e1663610002540.jpeg?fit=999%2C671&ssl=1\",\"contentUrl\":\"https:\/\/i0.wp.com\/verdadeon.com.br\/portal\/wp-content\/uploads\/2022\/09\/WhatsApp-Image-2022-09-19-at-10.29.16-e1663610002540.jpeg?fit=999%2C671&ssl=1\",\"width\":999,\"height\":671,\"caption\":\"Drogas estavam escondidas na casa do suspeito, na zona sul da cidade. Ele j\u00e1 era conhecido nos meios policiais pelo crime de tr\u00e1fico | Foto: Divulga\u00e7\u00e3o Dise\"},{\"@type\":\"BreadcrumbList\",\"@id\":\"https:\/\/verdadeon.com.br\/portal\/2022\/09\/19\/homem-e-preso-com-maconha-cocaina-e-ecstasy-no-elimar\/#breadcrumb\",\"itemListElement\":[{\"@type\":\"ListItem\",\"position\":1,\"name\":\"In\u00edcio\",\"item\":\"https:\/\/verdadeon.com.br\/portal\/\"},{\"@type\":\"ListItem\",\"position\":2,\"name\":\"Homem \u00e9 preso com maconha, coca\u00edna e ecstasy no Elimar\"}]},{\"@type\":\"WebSite\",\"@id\":\"https:\/\/verdadeon.com.br\/portal\/#website\",\"url\":\"https:\/\/verdadeon.com.br\/portal\/\",\"name\":\"VerdadeOn\",\"description\":\"Not\u00edcias di\u00e1rias sobre Franca, Regi\u00e3o, Esporte, Cultura, Cotidiano, Colunas. Cobertura nos principais eventos da cidade \u00e9 aqui - Verdadeon Franca\",\"potentialAction\":[{\"@type\":\"SearchAction\",\"target\":{\"@type\":\"EntryPoint\",\"urlTemplate\":\"https:\/\/verdadeon.com.br\/portal\/?s={search_term_string}\"},\"query-input\":{\"@type\":\"PropertyValueSpecification\",\"valueRequired\":true,\"valueName\":\"search_term_string\"}}],\"inLanguage\":\"pt-BR\"},{\"@type\":\"Person\",\"@id\":\"https:\/\/verdadeon.com.br\/portal\/#\/schema\/person\/cc32be22b8e8599387c480bc83e1d11a\",\"name\":\"Fernando Lima\",\"image\":{\"@type\":\"ImageObject\",\"inLanguage\":\"pt-BR\",\"@id\":\"https:\/\/verdadeon.com.br\/portal\/#\/schema\/person\/image\/\",\"url\":\"https:\/\/secure.gravatar.com\/avatar\/df4c8e132080d2b3a4841d5d232045464e0eed11a1d6e43115ca0843d48768d3?s=96&d=mm&r=g\",\"contentUrl\":\"https:\/\/secure.gravatar.com\/avatar\/df4c8e132080d2b3a4841d5d232045464e0eed11a1d6e43115ca0843d48768d3?s=96&d=mm&r=g\",\"caption\":\"Fernando Lima\"},\"sameAs\":[\"http:\/\/verdadeon.com.br\/\"],\"url\":\"https:\/\/verdadeon.com.br\/portal\/author\/fernando-lima\/\"}]}<\/script>\n<!-- \/ Yoast SEO plugin. -->","yoast_head_json":{"title":"Homem \u00e9 preso com maconha, coca\u00edna e ecstasy no Elimar - VerdadeOn","robots":{"index":"index","follow":"follow","max-snippet":"max-snippet:-1","max-image-preview":"max-image-preview:large","max-video-preview":"max-video-preview:-1"},"canonical":"https:\/\/verdadeon.com.br\/portal\/2022\/09\/19\/homem-e-preso-com-maconha-cocaina-e-ecstasy-no-elimar\/","og_locale":"pt_BR","og_type":"article","og_title":"Homem \u00e9 preso com maconha, coca\u00edna e ecstasy no Elimar - VerdadeOn","og_description":"Pol\u00edcia Civil chegou at\u00e9 o suspeito ap\u00f3s den\u00fancias an\u00f4nimas, com autoriza\u00e7\u00e3o da Justi\u00e7a foram realizadas buscas Um homem de 26 anos foi preso por tr\u00e1fico de [\u2026]","og_url":"https:\/\/verdadeon.com.br\/portal\/2022\/09\/19\/homem-e-preso-com-maconha-cocaina-e-ecstasy-no-elimar\/","og_site_name":"VerdadeOn","article_published_time":"2022-09-19T17:54:36+00:00","article_modified_time":"2022-09-19T17:57:18+00:00","og_image":[{"width":999,"height":671,"url":"https:\/\/verdadeon.com.br\/portal\/wp-content\/uploads\/2022\/09\/WhatsApp-Image-2022-09-19-at-10.29.16-e1663610002540.jpeg","type":"image\/jpeg"}],"author":"Fernando Lima","twitter_card":"summary_large_image","twitter_misc":{"Escrito por":"Fernando Lima","Est. tempo de leitura":"2 minutos"},"schema":{"@context":"https:\/\/schema.org","@graph":[{"@type":"WebPage","@id":"https:\/\/verdadeon.com.br\/portal\/2022\/09\/19\/homem-e-preso-com-maconha-cocaina-e-ecstasy-no-elimar\/","url":"https:\/\/verdadeon.com.br\/portal\/2022\/09\/19\/homem-e-preso-com-maconha-cocaina-e-ecstasy-no-elimar\/","name":"Homem \u00e9 preso com maconha, coca\u00edna e ecstasy no Elimar - VerdadeOn","isPartOf":{"@id":"https:\/\/verdadeon.com.br\/portal\/#website"},"primaryImageOfPage":{"@id":"https:\/\/verdadeon.com.br\/portal\/2022\/09\/19\/homem-e-preso-com-maconha-cocaina-e-ecstasy-no-elimar\/#primaryimage"},"image":{"@id":"https:\/\/verdadeon.com.br\/portal\/2022\/09\/19\/homem-e-preso-com-maconha-cocaina-e-ecstasy-no-elimar\/#primaryimage"},"thumbnailUrl":"https:\/\/i0.wp.com\/verdadeon.com.br\/portal\/wp-content\/uploads\/2022\/09\/WhatsApp-Image-2022-09-19-at-10.29.16-e1663610002540.jpeg?fit=999%2C671&ssl=1","datePublished":"2022-09-19T17:54:36+00:00","dateModified":"2022-09-19T17:57:18+00:00","author":{"@id":"https:\/\/verdadeon.com.br\/portal\/#\/schema\/person\/cc32be22b8e8599387c480bc83e1d11a"},"breadcrumb":{"@id":"https:\/\/verdadeon.com.br\/portal\/2022\/09\/19\/homem-e-preso-com-maconha-cocaina-e-ecstasy-no-elimar\/#breadcrumb"},"inLanguage":"pt-BR","potentialAction":[{"@type":"ReadAction","target":["https:\/\/verdadeon.com.br\/portal\/2022\/09\/19\/homem-e-preso-com-maconha-cocaina-e-ecstasy-no-elimar\/"]}]},{"@type":"ImageObject","inLanguage":"pt-BR","@id":"https:\/\/verdadeon.com.br\/portal\/2022\/09\/19\/homem-e-preso-com-maconha-cocaina-e-ecstasy-no-elimar\/#primaryimage","url":"https:\/\/i0.wp.com\/verdadeon.com.br\/portal\/wp-content\/uploads\/2022\/09\/WhatsApp-Image-2022-09-19-at-10.29.16-e1663610002540.jpeg?fit=999%2C671&ssl=1","contentUrl":"https:\/\/i0.wp.com\/verdadeon.com.br\/portal\/wp-content\/uploads\/2022\/09\/WhatsApp-Image-2022-09-19-at-10.29.16-e1663610002540.jpeg?fit=999%2C671&ssl=1","width":999,"height":671,"caption":"Drogas estavam escondidas na casa do suspeito, na zona sul da cidade. Ele j\u00e1 era conhecido nos meios policiais pelo crime de tr\u00e1fico | Foto: Divulga\u00e7\u00e3o Dise"},{"@type":"BreadcrumbList","@id":"https:\/\/verdadeon.com.br\/portal\/2022\/09\/19\/homem-e-preso-com-maconha-cocaina-e-ecstasy-no-elimar\/#breadcrumb","itemListElement":[{"@type":"ListItem","position":1,"name":"In\u00edcio","item":"https:\/\/verdadeon.com.br\/portal\/"},{"@type":"ListItem","position":2,"name":"Homem \u00e9 preso com maconha, coca\u00edna e ecstasy no Elimar"}]},{"@type":"WebSite","@id":"https:\/\/verdadeon.com.br\/portal\/#website","url":"https:\/\/verdadeon.com.br\/portal\/","name":"VerdadeOn","description":"Not\u00edcias di\u00e1rias sobre Franca, Regi\u00e3o, Esporte, Cultura, Cotidiano, Colunas. Cobertura nos principais eventos da cidade \u00e9 aqui - Verdadeon Franca","potentialAction":[{"@type":"SearchAction","target":{"@type":"EntryPoint","urlTemplate":"https:\/\/verdadeon.com.br\/portal\/?s={search_term_string}"},"query-input":{"@type":"PropertyValueSpecification","valueRequired":true,"valueName":"search_term_string"}}],"inLanguage":"pt-BR"},{"@type":"Person","@id":"https:\/\/verdadeon.com.br\/portal\/#\/schema\/person\/cc32be22b8e8599387c480bc83e1d11a","name":"Fernando Lima","image":{"@type":"ImageObject","inLanguage":"pt-BR","@id":"https:\/\/verdadeon.com.br\/portal\/#\/schema\/person\/image\/","url":"https:\/\/secure.gravatar.com\/avatar\/df4c8e132080d2b3a4841d5d232045464e0eed11a1d6e43115ca0843d48768d3?s=96&d=mm&r=g","contentUrl":"https:\/\/secure.gravatar.com\/avatar\/df4c8e132080d2b3a4841d5d232045464e0eed11a1d6e43115ca0843d48768d3?s=96&d=mm&r=g","caption":"Fernando Lima"},"sameAs":["http:\/\/verdadeon.com.br\/"],"url":"https:\/\/verdadeon.com.br\/portal\/author\/fernando-lima\/"}]}},"jetpack_publicize_connections":[],"jetpack_featured_media_url":"https:\/\/i0.wp.com\/verdadeon.com.br\/portal\/wp-content\/uploads\/2022\/09\/WhatsApp-Image-2022-09-19-at-10.29.16-e1663610002540.jpeg?fit=999%2C671&ssl=1","jetpack_sharing_enabled":true,"_links":{"self":[{"href":"https:\/\/verdadeon.com.br\/portal\/wp-json\/wp\/v2\/posts\/28076","targetHints":{"allow":["GET"]}}],"collection":[{"href":"https:\/\/verdadeon.com.br\/portal\/wp-json\/wp\/v2\/posts"}],"about":[{"href":"https:\/\/verdadeon.com.br\/portal\/wp-json\/wp\/v2\/types\/post"}],"author":[{"embeddable":true,"href":"https:\/\/verdadeon.com.br\/portal\/wp-json\/wp\/v2\/users\/7"}],"replies":[{"embeddable":true,"href":"https:\/\/verdadeon.com.br\/portal\/wp-json\/wp\/v2\/comments?post=28076"}],"version-history":[{"count":1,"href":"https:\/\/verdadeon.com.br\/portal\/wp-json\/wp\/v2\/posts\/28076\/revisions"}],"predecessor-version":[{"id":28077,"href":"https:\/\/verdadeon.com.br\/portal\/wp-json\/wp\/v2\/posts\/28076\/revisions\/28077"}],"wp:featuredmedia":[{"embeddable":true,"href":"https:\/\/verdadeon.com.br\/portal\/wp-json\/wp\/v2\/media\/28078"}],"wp:attachment":[{"href":"https:\/\/verdadeon.com.br\/portal\/wp-json\/wp\/v2\/media?parent=28076"}],"wp:term":[{"taxonomy":"category","embeddable":true,"href":"https:\/\/verdadeon.com.br\/portal\/wp-json\/wp\/v2\/categories?post=28076"},{"taxonomy":"post_tag","embeddable":true,"href":"https:\/\/verdadeon.com.br\/portal\/wp-json\/wp\/v2\/tags?post=28076"}],"curies":[{"name":"wp","href":"https:\/\/api.w.org\/{rel}","templated":true}]}}