{"id":28039,"date":"2022-09-17T15:15:23","date_gmt":"2022-09-17T18:15:23","guid":{"rendered":"https:\/\/verdadeon.com.br\/portal\/?p=28039"},"modified":"2022-09-17T11:35:53","modified_gmt":"2022-09-17T14:35:53","slug":"projeto-que-incentiva-participacao-de-jovens-na-politica-sera-votado-na-camara","status":"publish","type":"post","link":"https:\/\/verdadeon.com.br\/portal\/2022\/09\/17\/projeto-que-incentiva-participacao-de-jovens-na-politica-sera-votado-na-camara\/","title":{"rendered":"Projeto que incentiva participa\u00e7\u00e3o de jovens na pol\u00edtica ser\u00e1 votado na C\u00e2mara"},"content":{"rendered":"<h2>Autores justificam o desinteresse de adolescentes de 16 e 17 anos que podem votar de forma facultativa<\/h2>\n<p>A C\u00e2mara Municipal de Franca vota na pr\u00f3xima ter\u00e7a-feira (20), a proposta que cria a \u201cSemana de Integra\u00e7\u00e3o, Conscientiza\u00e7\u00e3o e Incentivo aos Jovens e Adolescentes na Pol\u00edtica\u201d. Pela mat\u00e9ria ser\u00e3o realizadas palestras, reuni\u00f5es solenes, debates, simp\u00f3sios, encontros, plen\u00e1rias, confer\u00eancias, f\u00f3runs, audi\u00eancias, c\u00edrculos de estudos, campanhas, comemora\u00e7\u00f5es, pain\u00e9is, \u2018workshops\u2019, solenidades, homenagens, entre outras atividades semelhantes sobre pol\u00edtica, com jovens e adolescentes, o principal objetivo \u00e9 incentivar o interesse pelo assunto.<\/p>\n<p>\u201cN\u00e3o \u00e9 de hoje que os jovens perderam o interesse pela participa\u00e7\u00e3o na pol\u00edtica em nosso pa\u00eds. Ano ap\u00f3s ano o n\u00famero de jovens eleitores cai. Em 2002 haviam 3,6 milh\u00f5es de eleitores de 16 e 17 anos. Em 2008 o n\u00famero chegou a 2,9 milh\u00f5es, redu\u00e7\u00e3o de 19%. Em nosso plen\u00e1rio, poucas vezes identificamos jovens participativos, atuantes e preocupados com os rumos de nossa cidade\u201d, justificaram os autores da proposta, Donizete da Farm\u00e1cia (MDB) e Marcelo Tidy (Uni\u00e3o).<\/p>\n<p>&nbsp;<\/p>\n<h4>Cria\u00e7\u00e3o de cargos<\/h4>\n<p>Outra mat\u00e9ria que ser\u00e1 apreciada pelos vereadores \u00e9 a que cargos de servidores substitutos. No total ser\u00e3o 593 cargos criados ou ampliados no quadro da Prefeitura em diversas \u00e1reas, entre elas a educa\u00e7\u00e3o, sa\u00fade, seguran\u00e7a e outras.<\/p>\n<p>\u201cA cria\u00e7\u00e3o e amplia\u00e7\u00e3o de vagas de cargos substitutos decorre da necessidade de substitui\u00e7\u00e3o dos afastamentos dos servidores titulares, a fim de se evitar desassist\u00eancia \u00e0 comunidade. Os candidatos classificados no Concurso P\u00fablico para cargo de substituto, somente ser\u00e3o contratados se houver vaga e necessidade de substitui\u00e7\u00e3o, decorrente do afastamento de servidor titular, ocupante de cargo ou emprego p\u00fablico de car\u00e1ter permanente, em virtude de Licen\u00e7a Gestante, Licen\u00e7a Sa\u00fade, Suspens\u00e3o de Contrato de Trabalho, Seguro Acidente, Licen\u00e7a Judicial, afastamento para exerc\u00edcio de Cargo em Comiss\u00e3o e\/ou Fun\u00e7\u00e3o Gratificada, inclusive a de Diretor de Escola, ou por qualquer motivo de ordem legal, todos por per\u00edodo superior a (15) quinze dias\u201d, justificou a Prefeitura.<\/p>\n<p>Tamb\u00e9m do prefeito ser\u00e1 analisado o\u00a0Projeto de Lei que disp\u00f5e sobre a reorganiza\u00e7\u00e3o estrutural das secretarias municipais da Prefeitura para atender \u00e0s disposi\u00e7\u00f5es do Tema 1010, do Supremo Tribunal Federal.<\/p>\n<p>Trata-se da cria\u00e7\u00e3o de 17 cargos em comiss\u00e3o para v\u00e1rias secretarias, entre elas, sa\u00fade, educa\u00e7\u00e3o, finan\u00e7as e infraestrutura. Al\u00e9m da cria\u00e7\u00e3o de 3 fun\u00e7\u00f5es gratificadas.<\/p>\n<p>O texto ainda prev\u00ea como parte da adequa\u00e7\u00e3o a extin\u00e7\u00e3o de 25 fun\u00e7\u00f5es gratificadas e prop\u00f5e novos quadros de composi\u00e7\u00e3o das secretarias municipais.<\/p>\n","protected":false},"excerpt":{"rendered":"<p>Autores justificam o desinteresse de adolescentes de 16 e 17 anos que podem votar de forma facultativa A C\u00e2mara Municipal de Franca vota na pr\u00f3xima ter\u00e7a-feira<span class=\"excerpt-hellip\"> [\u2026]<\/span><\/p>\n","protected":false},"author":7,"featured_media":26311,"comment_status":"open","ping_status":"open","sticky":false,"template":"","format":"standard","meta":{"_jetpack_memberships_contains_paid_content":false,"footnotes":"","jetpack_publicize_message":"","jetpack_publicize_feature_enabled":true,"jetpack_social_post_already_shared":false,"jetpack_social_options":{"image_generator_settings":{"template":"highway","default_image_id":0,"enabled":false},"version":2}},"categories":[28,81],"tags":[],"class_list":["post-28039","post","type-post","status-publish","format-standard","has-post-thumbnail","hentry","category-cotidiano","category-manchete"],"yoast_head":"<!-- This site is optimized with the Yoast SEO plugin v25.6 - https:\/\/yoast.com\/wordpress\/plugins\/seo\/ -->\n<title>Projeto que incentiva participa\u00e7\u00e3o de jovens na pol\u00edtica ser\u00e1 votado na C\u00e2mara - VerdadeOn<\/title>\n<meta name=\"robots\" content=\"index, follow, max-snippet:-1, max-image-preview:large, max-video-preview:-1\" \/>\n<link rel=\"canonical\" href=\"https:\/\/verdadeon.com.br\/portal\/2022\/09\/17\/projeto-que-incentiva-participacao-de-jovens-na-politica-sera-votado-na-camara\/\" \/>\n<meta property=\"og:locale\" content=\"pt_BR\" \/>\n<meta property=\"og:type\" content=\"article\" \/>\n<meta property=\"og:title\" content=\"Projeto que incentiva participa\u00e7\u00e3o de jovens na pol\u00edtica ser\u00e1 votado na C\u00e2mara - VerdadeOn\" \/>\n<meta property=\"og:description\" content=\"Autores justificam o desinteresse de adolescentes de 16 e 17 anos que podem votar de forma facultativa A C\u00e2mara Municipal de Franca vota na pr\u00f3xima ter\u00e7a-feira [\u2026]\" \/>\n<meta property=\"og:url\" content=\"https:\/\/verdadeon.com.br\/portal\/2022\/09\/17\/projeto-que-incentiva-participacao-de-jovens-na-politica-sera-votado-na-camara\/\" \/>\n<meta property=\"og:site_name\" content=\"VerdadeOn\" \/>\n<meta property=\"article:published_time\" content=\"2022-09-17T18:15:23+00:00\" \/>\n<meta property=\"og:image\" content=\"https:\/\/verdadeon.com.br\/portal\/wp-content\/uploads\/2022\/07\/23SESSAO-1-e1657058914419.jpg\" \/>\n\t<meta property=\"og:image:width\" content=\"998\" \/>\n\t<meta property=\"og:image:height\" content=\"670\" \/>\n\t<meta property=\"og:image:type\" content=\"image\/jpeg\" \/>\n<meta name=\"author\" content=\"Fernando Lima\" \/>\n<meta name=\"twitter:card\" content=\"summary_large_image\" \/>\n<meta name=\"twitter:label1\" content=\"Escrito por\" \/>\n\t<meta name=\"twitter:data1\" content=\"Fernando Lima\" \/>\n\t<meta name=\"twitter:label2\" content=\"Est. tempo de leitura\" \/>\n\t<meta name=\"twitter:data2\" content=\"3 minutos\" \/>\n<script type=\"application\/ld+json\" class=\"yoast-schema-graph\">{\"@context\":\"https:\/\/schema.org\",\"@graph\":[{\"@type\":\"WebPage\",\"@id\":\"https:\/\/verdadeon.com.br\/portal\/2022\/09\/17\/projeto-que-incentiva-participacao-de-jovens-na-politica-sera-votado-na-camara\/\",\"url\":\"https:\/\/verdadeon.com.br\/portal\/2022\/09\/17\/projeto-que-incentiva-participacao-de-jovens-na-politica-sera-votado-na-camara\/\",\"name\":\"Projeto que incentiva participa\u00e7\u00e3o de jovens na pol\u00edtica ser\u00e1 votado na C\u00e2mara - VerdadeOn\",\"isPartOf\":{\"@id\":\"https:\/\/verdadeon.com.br\/portal\/#website\"},\"primaryImageOfPage\":{\"@id\":\"https:\/\/verdadeon.com.br\/portal\/2022\/09\/17\/projeto-que-incentiva-participacao-de-jovens-na-politica-sera-votado-na-camara\/#primaryimage\"},\"image\":{\"@id\":\"https:\/\/verdadeon.com.br\/portal\/2022\/09\/17\/projeto-que-incentiva-participacao-de-jovens-na-politica-sera-votado-na-camara\/#primaryimage\"},\"thumbnailUrl\":\"https:\/\/i0.wp.com\/verdadeon.com.br\/portal\/wp-content\/uploads\/2022\/07\/23SESSAO-1-e1657058914419.jpg?fit=998%2C670&ssl=1\",\"datePublished\":\"2022-09-17T18:15:23+00:00\",\"author\":{\"@id\":\"https:\/\/verdadeon.com.br\/portal\/#\/schema\/person\/cc32be22b8e8599387c480bc83e1d11a\"},\"breadcrumb\":{\"@id\":\"https:\/\/verdadeon.com.br\/portal\/2022\/09\/17\/projeto-que-incentiva-participacao-de-jovens-na-politica-sera-votado-na-camara\/#breadcrumb\"},\"inLanguage\":\"pt-BR\",\"potentialAction\":[{\"@type\":\"ReadAction\",\"target\":[\"https:\/\/verdadeon.com.br\/portal\/2022\/09\/17\/projeto-que-incentiva-participacao-de-jovens-na-politica-sera-votado-na-camara\/\"]}]},{\"@type\":\"ImageObject\",\"inLanguage\":\"pt-BR\",\"@id\":\"https:\/\/verdadeon.com.br\/portal\/2022\/09\/17\/projeto-que-incentiva-participacao-de-jovens-na-politica-sera-votado-na-camara\/#primaryimage\",\"url\":\"https:\/\/i0.wp.com\/verdadeon.com.br\/portal\/wp-content\/uploads\/2022\/07\/23SESSAO-1-e1657058914419.jpg?fit=998%2C670&ssl=1\",\"contentUrl\":\"https:\/\/i0.wp.com\/verdadeon.com.br\/portal\/wp-content\/uploads\/2022\/07\/23SESSAO-1-e1657058914419.jpg?fit=998%2C670&ssl=1\",\"width\":998,\"height\":670,\"caption\":\"Sess\u00e3o pode ser acompanhada pela popula\u00e7\u00e3o no Plen\u00e1rio da Casa de Leis, al\u00e9m da TV C\u00e2mara e redes sociais | Foto: Divulga\u00e7\u00e3o\"},{\"@type\":\"BreadcrumbList\",\"@id\":\"https:\/\/verdadeon.com.br\/portal\/2022\/09\/17\/projeto-que-incentiva-participacao-de-jovens-na-politica-sera-votado-na-camara\/#breadcrumb\",\"itemListElement\":[{\"@type\":\"ListItem\",\"position\":1,\"name\":\"In\u00edcio\",\"item\":\"https:\/\/verdadeon.com.br\/portal\/\"},{\"@type\":\"ListItem\",\"position\":2,\"name\":\"Projeto que incentiva participa\u00e7\u00e3o de jovens na pol\u00edtica ser\u00e1 votado na C\u00e2mara\"}]},{\"@type\":\"WebSite\",\"@id\":\"https:\/\/verdadeon.com.br\/portal\/#website\",\"url\":\"https:\/\/verdadeon.com.br\/portal\/\",\"name\":\"VerdadeOn\",\"description\":\"Not\u00edcias di\u00e1rias sobre Franca, Regi\u00e3o, Esporte, Cultura, Cotidiano, Colunas. Cobertura nos principais eventos da cidade \u00e9 aqui - Verdadeon Franca\",\"potentialAction\":[{\"@type\":\"SearchAction\",\"target\":{\"@type\":\"EntryPoint\",\"urlTemplate\":\"https:\/\/verdadeon.com.br\/portal\/?s={search_term_string}\"},\"query-input\":{\"@type\":\"PropertyValueSpecification\",\"valueRequired\":true,\"valueName\":\"search_term_string\"}}],\"inLanguage\":\"pt-BR\"},{\"@type\":\"Person\",\"@id\":\"https:\/\/verdadeon.com.br\/portal\/#\/schema\/person\/cc32be22b8e8599387c480bc83e1d11a\",\"name\":\"Fernando Lima\",\"image\":{\"@type\":\"ImageObject\",\"inLanguage\":\"pt-BR\",\"@id\":\"https:\/\/verdadeon.com.br\/portal\/#\/schema\/person\/image\/\",\"url\":\"https:\/\/secure.gravatar.com\/avatar\/df4c8e132080d2b3a4841d5d232045464e0eed11a1d6e43115ca0843d48768d3?s=96&d=mm&r=g\",\"contentUrl\":\"https:\/\/secure.gravatar.com\/avatar\/df4c8e132080d2b3a4841d5d232045464e0eed11a1d6e43115ca0843d48768d3?s=96&d=mm&r=g\",\"caption\":\"Fernando Lima\"},\"sameAs\":[\"http:\/\/verdadeon.com.br\/\"],\"url\":\"https:\/\/verdadeon.com.br\/portal\/author\/fernando-lima\/\"}]}<\/script>\n<!-- \/ Yoast SEO plugin. -->","yoast_head_json":{"title":"Projeto que incentiva participa\u00e7\u00e3o de jovens na pol\u00edtica ser\u00e1 votado na C\u00e2mara - VerdadeOn","robots":{"index":"index","follow":"follow","max-snippet":"max-snippet:-1","max-image-preview":"max-image-preview:large","max-video-preview":"max-video-preview:-1"},"canonical":"https:\/\/verdadeon.com.br\/portal\/2022\/09\/17\/projeto-que-incentiva-participacao-de-jovens-na-politica-sera-votado-na-camara\/","og_locale":"pt_BR","og_type":"article","og_title":"Projeto que incentiva participa\u00e7\u00e3o de jovens na pol\u00edtica ser\u00e1 votado na C\u00e2mara - VerdadeOn","og_description":"Autores justificam o desinteresse de adolescentes de 16 e 17 anos que podem votar de forma facultativa A C\u00e2mara Municipal de Franca vota na pr\u00f3xima ter\u00e7a-feira [\u2026]","og_url":"https:\/\/verdadeon.com.br\/portal\/2022\/09\/17\/projeto-que-incentiva-participacao-de-jovens-na-politica-sera-votado-na-camara\/","og_site_name":"VerdadeOn","article_published_time":"2022-09-17T18:15:23+00:00","og_image":[{"width":998,"height":670,"url":"https:\/\/verdadeon.com.br\/portal\/wp-content\/uploads\/2022\/07\/23SESSAO-1-e1657058914419.jpg","type":"image\/jpeg"}],"author":"Fernando Lima","twitter_card":"summary_large_image","twitter_misc":{"Escrito por":"Fernando Lima","Est. tempo de leitura":"3 minutos"},"schema":{"@context":"https:\/\/schema.org","@graph":[{"@type":"WebPage","@id":"https:\/\/verdadeon.com.br\/portal\/2022\/09\/17\/projeto-que-incentiva-participacao-de-jovens-na-politica-sera-votado-na-camara\/","url":"https:\/\/verdadeon.com.br\/portal\/2022\/09\/17\/projeto-que-incentiva-participacao-de-jovens-na-politica-sera-votado-na-camara\/","name":"Projeto que incentiva participa\u00e7\u00e3o de jovens na pol\u00edtica ser\u00e1 votado na C\u00e2mara - VerdadeOn","isPartOf":{"@id":"https:\/\/verdadeon.com.br\/portal\/#website"},"primaryImageOfPage":{"@id":"https:\/\/verdadeon.com.br\/portal\/2022\/09\/17\/projeto-que-incentiva-participacao-de-jovens-na-politica-sera-votado-na-camara\/#primaryimage"},"image":{"@id":"https:\/\/verdadeon.com.br\/portal\/2022\/09\/17\/projeto-que-incentiva-participacao-de-jovens-na-politica-sera-votado-na-camara\/#primaryimage"},"thumbnailUrl":"https:\/\/i0.wp.com\/verdadeon.com.br\/portal\/wp-content\/uploads\/2022\/07\/23SESSAO-1-e1657058914419.jpg?fit=998%2C670&ssl=1","datePublished":"2022-09-17T18:15:23+00:00","author":{"@id":"https:\/\/verdadeon.com.br\/portal\/#\/schema\/person\/cc32be22b8e8599387c480bc83e1d11a"},"breadcrumb":{"@id":"https:\/\/verdadeon.com.br\/portal\/2022\/09\/17\/projeto-que-incentiva-participacao-de-jovens-na-politica-sera-votado-na-camara\/#breadcrumb"},"inLanguage":"pt-BR","potentialAction":[{"@type":"ReadAction","target":["https:\/\/verdadeon.com.br\/portal\/2022\/09\/17\/projeto-que-incentiva-participacao-de-jovens-na-politica-sera-votado-na-camara\/"]}]},{"@type":"ImageObject","inLanguage":"pt-BR","@id":"https:\/\/verdadeon.com.br\/portal\/2022\/09\/17\/projeto-que-incentiva-participacao-de-jovens-na-politica-sera-votado-na-camara\/#primaryimage","url":"https:\/\/i0.wp.com\/verdadeon.com.br\/portal\/wp-content\/uploads\/2022\/07\/23SESSAO-1-e1657058914419.jpg?fit=998%2C670&ssl=1","contentUrl":"https:\/\/i0.wp.com\/verdadeon.com.br\/portal\/wp-content\/uploads\/2022\/07\/23SESSAO-1-e1657058914419.jpg?fit=998%2C670&ssl=1","width":998,"height":670,"caption":"Sess\u00e3o pode ser acompanhada pela popula\u00e7\u00e3o no Plen\u00e1rio da Casa de Leis, al\u00e9m da TV C\u00e2mara e redes sociais | Foto: Divulga\u00e7\u00e3o"},{"@type":"BreadcrumbList","@id":"https:\/\/verdadeon.com.br\/portal\/2022\/09\/17\/projeto-que-incentiva-participacao-de-jovens-na-politica-sera-votado-na-camara\/#breadcrumb","itemListElement":[{"@type":"ListItem","position":1,"name":"In\u00edcio","item":"https:\/\/verdadeon.com.br\/portal\/"},{"@type":"ListItem","position":2,"name":"Projeto que incentiva participa\u00e7\u00e3o de jovens na pol\u00edtica ser\u00e1 votado na C\u00e2mara"}]},{"@type":"WebSite","@id":"https:\/\/verdadeon.com.br\/portal\/#website","url":"https:\/\/verdadeon.com.br\/portal\/","name":"VerdadeOn","description":"Not\u00edcias di\u00e1rias sobre Franca, Regi\u00e3o, Esporte, Cultura, Cotidiano, Colunas. Cobertura nos principais eventos da cidade \u00e9 aqui - Verdadeon Franca","potentialAction":[{"@type":"SearchAction","target":{"@type":"EntryPoint","urlTemplate":"https:\/\/verdadeon.com.br\/portal\/?s={search_term_string}"},"query-input":{"@type":"PropertyValueSpecification","valueRequired":true,"valueName":"search_term_string"}}],"inLanguage":"pt-BR"},{"@type":"Person","@id":"https:\/\/verdadeon.com.br\/portal\/#\/schema\/person\/cc32be22b8e8599387c480bc83e1d11a","name":"Fernando Lima","image":{"@type":"ImageObject","inLanguage":"pt-BR","@id":"https:\/\/verdadeon.com.br\/portal\/#\/schema\/person\/image\/","url":"https:\/\/secure.gravatar.com\/avatar\/df4c8e132080d2b3a4841d5d232045464e0eed11a1d6e43115ca0843d48768d3?s=96&d=mm&r=g","contentUrl":"https:\/\/secure.gravatar.com\/avatar\/df4c8e132080d2b3a4841d5d232045464e0eed11a1d6e43115ca0843d48768d3?s=96&d=mm&r=g","caption":"Fernando Lima"},"sameAs":["http:\/\/verdadeon.com.br\/"],"url":"https:\/\/verdadeon.com.br\/portal\/author\/fernando-lima\/"}]}},"jetpack_publicize_connections":[],"jetpack_featured_media_url":"https:\/\/i0.wp.com\/verdadeon.com.br\/portal\/wp-content\/uploads\/2022\/07\/23SESSAO-1-e1657058914419.jpg?fit=998%2C670&ssl=1","jetpack_sharing_enabled":true,"_links":{"self":[{"href":"https:\/\/verdadeon.com.br\/portal\/wp-json\/wp\/v2\/posts\/28039","targetHints":{"allow":["GET"]}}],"collection":[{"href":"https:\/\/verdadeon.com.br\/portal\/wp-json\/wp\/v2\/posts"}],"about":[{"href":"https:\/\/verdadeon.com.br\/portal\/wp-json\/wp\/v2\/types\/post"}],"author":[{"embeddable":true,"href":"https:\/\/verdadeon.com.br\/portal\/wp-json\/wp\/v2\/users\/7"}],"replies":[{"embeddable":true,"href":"https:\/\/verdadeon.com.br\/portal\/wp-json\/wp\/v2\/comments?post=28039"}],"version-history":[{"count":1,"href":"https:\/\/verdadeon.com.br\/portal\/wp-json\/wp\/v2\/posts\/28039\/revisions"}],"predecessor-version":[{"id":28040,"href":"https:\/\/verdadeon.com.br\/portal\/wp-json\/wp\/v2\/posts\/28039\/revisions\/28040"}],"wp:featuredmedia":[{"embeddable":true,"href":"https:\/\/verdadeon.com.br\/portal\/wp-json\/wp\/v2\/media\/26311"}],"wp:attachment":[{"href":"https:\/\/verdadeon.com.br\/portal\/wp-json\/wp\/v2\/media?parent=28039"}],"wp:term":[{"taxonomy":"category","embeddable":true,"href":"https:\/\/verdadeon.com.br\/portal\/wp-json\/wp\/v2\/categories?post=28039"},{"taxonomy":"post_tag","embeddable":true,"href":"https:\/\/verdadeon.com.br\/portal\/wp-json\/wp\/v2\/tags?post=28039"}],"curies":[{"name":"wp","href":"https:\/\/api.w.org\/{rel}","templated":true}]}}