{"id":28034,"date":"2022-09-17T14:00:09","date_gmt":"2022-09-17T17:00:09","guid":{"rendered":"https:\/\/verdadeon.com.br\/portal\/?p=28034"},"modified":"2022-09-17T11:16:43","modified_gmt":"2022-09-17T14:16:43","slug":"a-minha-paixao-mais-ardente-sempre-foi-a-musica-e-nela-que-eu-quis-persistir-diz-o-cantor-allisson-rodrigues","status":"publish","type":"post","link":"https:\/\/verdadeon.com.br\/portal\/2022\/09\/17\/a-minha-paixao-mais-ardente-sempre-foi-a-musica-e-nela-que-eu-quis-persistir-diz-o-cantor-allisson-rodrigues\/","title":{"rendered":"&#8216;A minha paix\u00e3o mais ardente sempre foi a m\u00fasica, \u00e9 nela que eu quis persistir&#8217;, diz o cantor Allisson Rodrigues"},"content":{"rendered":"<h2>O sucesso na m\u00fasica veio com muito trabalho, mas nem sempre foi assim, Allisson j\u00e1 foi tosador e estudou Direito<\/h2>\n<p>Fernando Lima<\/p>\n<p>O francano Paulo Ricardo Batista Amaral Silva, de 30 anos, ou simplesmente Allisson Rodrigues, j\u00e1 trilha um caminho de sucesso na m\u00fasica sertaneja. O cantor gravou com grandes nomes, como Roberta Miranda, Bruno da dupla Bruno e Marrone, al\u00e9m de m\u00fasicas carimbadas com o selo de sucesso nas principais plataformas de streaming.<\/p>\n<p>Hoje o artista mora em S\u00e3o Paulo, mas em entrevista ao Jornal Verdade confessou que tem planos de voltar para Franca no futuro. Durante a conversa Allisson destacou que \u00e9 rom\u00e2ntico, contou como foi o in\u00edcio da carreira e sonhos na m\u00fasica.<\/p>\n<p>Confira a entrevista:<\/p>\n<p>&nbsp;<\/p>\n<p><strong>Como foi o in\u00edcio da carreira?<\/strong><\/p>\n<p>O in\u00edcio foi interessante, eu tinha uma dupla, era eu e uma amiga minha Allissany,\u00a0 a gente sonhava em estar pelos palcos do Brasil inteiro!!! Foi um choque quando ela chegou eu disse: Amigo eu estou apaixonada e vou me casar!!! L\u00f3gico que eu como seu amigo e parceiro fui contra,\u00a0 mas no final aceitei, e desejei que ela fosse feliz,\u00a0 da\u00ed pra frente minha carreira come\u00e7ou de uma maneira diferente e independente&#8230; vi que eu s\u00f3 poderia contar comigo mesmo!!!<\/p>\n<p>&nbsp;<\/p>\n<p><strong>Quais os principais desafios de um cantor?<\/strong><\/p>\n<p>Bom, os principais desafios de um artista hoje \u00e9 \u00e9 ele sempre estar estar se modernizando, conforme a m\u00fasica anda. Porque o sertanejo ele \u00e9 sempre sertanejo, ele nunca vai deixar de ser, mas ele sempre se moderniza. Em 2006 tomou a propor\u00e7\u00e3o e virou sertanejo universit\u00e1rio. De 2009 para frente virou sertanejo arrocha. Hoje a gente j\u00e1 tem, j\u00e1 ouve falar em sertanejo eletr\u00f4nico, sertanejo com funk e assim por diante. O principal desafio de um artista \u00e9 sempre se renovar para n\u00e3o morrer na praia, como a maioria dos sertanejos morreram porque n\u00e3o conseguiram entrar nessa vibe.<\/p>\n<p>&nbsp;<\/p>\n<p><strong>Sempre quis trabalhar com m\u00fasica? O que despertou essa paix\u00e3o?<\/strong><\/p>\n<p>Eu fiz muitas coisas na minha vida, eu n\u00e3o cantei apenas. Eu fiz direito para tentar me tornar um advogado, eu fui tosador de animais porque eu amo animais, mas a minha paix\u00e3o mais ardente mesmo sempre foi a m\u00fasica, \u00e9 nela que eu quis persistir. E o que despertou a m\u00fasica em mim foi o meu romantismo. Eu sempre fui uma pessoa muito rom\u00e2ntica que manda flores e faz serenatas.<\/p>\n<p>&nbsp;<\/p>\n<p><strong>Tem alguma inspira\u00e7\u00e3o, algu\u00e9m que tem o sonho de cantar junto?<\/strong><\/p>\n<p>Eu me inspiro bastante nos cantores espanh\u00f3is, de fora do Brasil. O exemplo \u00e9 o Marco Ant\u00f4nio Sol\u00eds, Luis Miguel, Carlos Rivera, s\u00e3o cantores que eu acho que possuem a mesma ess\u00eancia musical que eu. Eu tinha o sonho de gravar com o Bruno, de Bruno e Marrone, como j\u00e1 gravei com ele os meus sonhos s\u00e3o maiores agora. Eu almejo talvez gravar com esses cantores que eu falei que me inspiram, quem sabe Marco Ant\u00f4nio Sol\u00eds ou um Luis Miguel. Acho que nada \u00e9 imposs\u00edvel.<\/p>\n<p>&nbsp;<\/p>\n<p><strong>Hoje voc\u00ea mora em S\u00e3o Paulo, como tem sido a vida na capital?<\/strong><\/p>\n<p>J\u00e1 faz 10 anos que eu moro aqui, \u00e9 uma terra para trabalho. Ela funciona como a m\u00e1quina do pa\u00eds, mas eu n\u00e3o pretendo morar muito tempo em S\u00e3o Paulo, eu pretendo me aquietar na minha cidade que eu amo, que \u00e9 Franca, futuramente.<\/p>\n<p>&nbsp;<\/p>\n<p><strong>Quem quiser te encontrar, ouvir as suas m\u00fasicas, como faz?<\/strong><\/p>\n<p>Minhas m\u00fasicas est\u00e3o dispon\u00edveis no Spotify, Google Play, todos os \u00e1lbuns que eu gravei est\u00e3o no Youtube e tem as minhas redes sociais, Allisson Rodrigues Oficial.<\/p>\n<p>&nbsp;<\/p>\n<p><strong>Quais os projetos para o futuro?<\/strong><\/p>\n<p>Eles s\u00e3o muitos, mas eu sou daquelas pessoas que n\u00e3o gosta de contar antes de acontecer. Ent\u00e3o eu s\u00f3 adianto para voc\u00eas que voc\u00eas v\u00e3o se surpreender com as coisas que est\u00e3o vindo por a\u00ed!<\/p>\n<p>&nbsp;<\/p>\n<p><strong>Qual mensagem deixa pra os f\u00e3s que est\u00e3o nos acompanhando?<\/strong><\/p>\n<p>Nunca deixe de sonhar! Nunca deixe de acreditar no seu sonho, e tudo o que voc\u00ea almeja, tudo o que voc\u00ea sonha para a sua vida, v\u00e1 atr\u00e1s, n\u00e3o fique esperando!<\/p>\n","protected":false},"excerpt":{"rendered":"<p>O sucesso na m\u00fasica veio com muito trabalho, mas nem sempre foi assim, Allisson j\u00e1 foi tosador e estudou Direito Fernando Lima O francano Paulo Ricardo<span class=\"excerpt-hellip\"> [\u2026]<\/span><\/p>\n","protected":false},"author":7,"featured_media":28037,"comment_status":"open","ping_status":"open","sticky":false,"template":"","format":"standard","meta":{"_jetpack_memberships_contains_paid_content":false,"footnotes":"","jetpack_publicize_message":"","jetpack_publicize_feature_enabled":true,"jetpack_social_post_already_shared":false,"jetpack_social_options":{"image_generator_settings":{"template":"highway","default_image_id":0,"enabled":false},"version":2}},"categories":[28,81],"tags":[],"class_list":["post-28034","post","type-post","status-publish","format-standard","has-post-thumbnail","hentry","category-cotidiano","category-manchete"],"yoast_head":"<!-- This site is optimized with the Yoast SEO plugin v25.6 - https:\/\/yoast.com\/wordpress\/plugins\/seo\/ -->\n<title>&#039;A minha paix\u00e3o mais ardente sempre foi a m\u00fasica, \u00e9 nela que eu quis persistir&#039;, diz o cantor Allisson Rodrigues - VerdadeOn<\/title>\n<meta name=\"robots\" content=\"index, follow, max-snippet:-1, max-image-preview:large, max-video-preview:-1\" \/>\n<link rel=\"canonical\" href=\"https:\/\/verdadeon.com.br\/portal\/2022\/09\/17\/a-minha-paixao-mais-ardente-sempre-foi-a-musica-e-nela-que-eu-quis-persistir-diz-o-cantor-allisson-rodrigues\/\" \/>\n<meta property=\"og:locale\" content=\"pt_BR\" \/>\n<meta property=\"og:type\" content=\"article\" \/>\n<meta property=\"og:title\" content=\"&#039;A minha paix\u00e3o mais ardente sempre foi a m\u00fasica, \u00e9 nela que eu quis persistir&#039;, diz o cantor Allisson Rodrigues - VerdadeOn\" \/>\n<meta property=\"og:description\" content=\"O sucesso na m\u00fasica veio com muito trabalho, mas nem sempre foi assim, Allisson j\u00e1 foi tosador e estudou Direito Fernando Lima O francano Paulo Ricardo [\u2026]\" \/>\n<meta property=\"og:url\" content=\"https:\/\/verdadeon.com.br\/portal\/2022\/09\/17\/a-minha-paixao-mais-ardente-sempre-foi-a-musica-e-nela-que-eu-quis-persistir-diz-o-cantor-allisson-rodrigues\/\" \/>\n<meta property=\"og:site_name\" content=\"VerdadeOn\" \/>\n<meta property=\"article:published_time\" content=\"2022-09-17T17:00:09+00:00\" \/>\n<meta property=\"og:image\" content=\"https:\/\/verdadeon.com.br\/portal\/wp-content\/uploads\/2022\/09\/Untitled-1.jpg\" \/>\n\t<meta property=\"og:image:width\" content=\"1000\" \/>\n\t<meta property=\"og:image:height\" content=\"670\" \/>\n\t<meta property=\"og:image:type\" content=\"image\/jpeg\" \/>\n<meta name=\"author\" content=\"Fernando Lima\" \/>\n<meta name=\"twitter:card\" content=\"summary_large_image\" \/>\n<meta name=\"twitter:label1\" content=\"Escrito por\" \/>\n\t<meta name=\"twitter:data1\" content=\"Fernando Lima\" \/>\n\t<meta name=\"twitter:label2\" content=\"Est. tempo de leitura\" \/>\n\t<meta name=\"twitter:data2\" content=\"4 minutos\" \/>\n<script type=\"application\/ld+json\" class=\"yoast-schema-graph\">{\"@context\":\"https:\/\/schema.org\",\"@graph\":[{\"@type\":\"WebPage\",\"@id\":\"https:\/\/verdadeon.com.br\/portal\/2022\/09\/17\/a-minha-paixao-mais-ardente-sempre-foi-a-musica-e-nela-que-eu-quis-persistir-diz-o-cantor-allisson-rodrigues\/\",\"url\":\"https:\/\/verdadeon.com.br\/portal\/2022\/09\/17\/a-minha-paixao-mais-ardente-sempre-foi-a-musica-e-nela-que-eu-quis-persistir-diz-o-cantor-allisson-rodrigues\/\",\"name\":\"'A minha paix\u00e3o mais ardente sempre foi a m\u00fasica, \u00e9 nela que eu quis persistir', diz o cantor Allisson Rodrigues - VerdadeOn\",\"isPartOf\":{\"@id\":\"https:\/\/verdadeon.com.br\/portal\/#website\"},\"primaryImageOfPage\":{\"@id\":\"https:\/\/verdadeon.com.br\/portal\/2022\/09\/17\/a-minha-paixao-mais-ardente-sempre-foi-a-musica-e-nela-que-eu-quis-persistir-diz-o-cantor-allisson-rodrigues\/#primaryimage\"},\"image\":{\"@id\":\"https:\/\/verdadeon.com.br\/portal\/2022\/09\/17\/a-minha-paixao-mais-ardente-sempre-foi-a-musica-e-nela-que-eu-quis-persistir-diz-o-cantor-allisson-rodrigues\/#primaryimage\"},\"thumbnailUrl\":\"https:\/\/i0.wp.com\/verdadeon.com.br\/portal\/wp-content\/uploads\/2022\/09\/Untitled-1.jpg?fit=1000%2C670&ssl=1\",\"datePublished\":\"2022-09-17T17:00:09+00:00\",\"author\":{\"@id\":\"https:\/\/verdadeon.com.br\/portal\/#\/schema\/person\/cc32be22b8e8599387c480bc83e1d11a\"},\"breadcrumb\":{\"@id\":\"https:\/\/verdadeon.com.br\/portal\/2022\/09\/17\/a-minha-paixao-mais-ardente-sempre-foi-a-musica-e-nela-que-eu-quis-persistir-diz-o-cantor-allisson-rodrigues\/#breadcrumb\"},\"inLanguage\":\"pt-BR\",\"potentialAction\":[{\"@type\":\"ReadAction\",\"target\":[\"https:\/\/verdadeon.com.br\/portal\/2022\/09\/17\/a-minha-paixao-mais-ardente-sempre-foi-a-musica-e-nela-que-eu-quis-persistir-diz-o-cantor-allisson-rodrigues\/\"]}]},{\"@type\":\"ImageObject\",\"inLanguage\":\"pt-BR\",\"@id\":\"https:\/\/verdadeon.com.br\/portal\/2022\/09\/17\/a-minha-paixao-mais-ardente-sempre-foi-a-musica-e-nela-que-eu-quis-persistir-diz-o-cantor-allisson-rodrigues\/#primaryimage\",\"url\":\"https:\/\/i0.wp.com\/verdadeon.com.br\/portal\/wp-content\/uploads\/2022\/09\/Untitled-1.jpg?fit=1000%2C670&ssl=1\",\"contentUrl\":\"https:\/\/i0.wp.com\/verdadeon.com.br\/portal\/wp-content\/uploads\/2022\/09\/Untitled-1.jpg?fit=1000%2C670&ssl=1\",\"width\":1000,\"height\":670,\"caption\":\"Allisson Rodrigues j\u00e1 realizou muitos sonhos na m\u00fasica, mas ainda possui diversos projetos para o futuro | Foto: Divulga\u00e7\u00e3o\"},{\"@type\":\"BreadcrumbList\",\"@id\":\"https:\/\/verdadeon.com.br\/portal\/2022\/09\/17\/a-minha-paixao-mais-ardente-sempre-foi-a-musica-e-nela-que-eu-quis-persistir-diz-o-cantor-allisson-rodrigues\/#breadcrumb\",\"itemListElement\":[{\"@type\":\"ListItem\",\"position\":1,\"name\":\"In\u00edcio\",\"item\":\"https:\/\/verdadeon.com.br\/portal\/\"},{\"@type\":\"ListItem\",\"position\":2,\"name\":\"&#8216;A minha paix\u00e3o mais ardente sempre foi a m\u00fasica, \u00e9 nela que eu quis persistir&#8217;, diz o cantor Allisson Rodrigues\"}]},{\"@type\":\"WebSite\",\"@id\":\"https:\/\/verdadeon.com.br\/portal\/#website\",\"url\":\"https:\/\/verdadeon.com.br\/portal\/\",\"name\":\"VerdadeOn\",\"description\":\"Not\u00edcias di\u00e1rias sobre Franca, Regi\u00e3o, Esporte, Cultura, Cotidiano, Colunas. Cobertura nos principais eventos da cidade \u00e9 aqui - Verdadeon Franca\",\"potentialAction\":[{\"@type\":\"SearchAction\",\"target\":{\"@type\":\"EntryPoint\",\"urlTemplate\":\"https:\/\/verdadeon.com.br\/portal\/?s={search_term_string}\"},\"query-input\":{\"@type\":\"PropertyValueSpecification\",\"valueRequired\":true,\"valueName\":\"search_term_string\"}}],\"inLanguage\":\"pt-BR\"},{\"@type\":\"Person\",\"@id\":\"https:\/\/verdadeon.com.br\/portal\/#\/schema\/person\/cc32be22b8e8599387c480bc83e1d11a\",\"name\":\"Fernando Lima\",\"image\":{\"@type\":\"ImageObject\",\"inLanguage\":\"pt-BR\",\"@id\":\"https:\/\/verdadeon.com.br\/portal\/#\/schema\/person\/image\/\",\"url\":\"https:\/\/secure.gravatar.com\/avatar\/df4c8e132080d2b3a4841d5d232045464e0eed11a1d6e43115ca0843d48768d3?s=96&d=mm&r=g\",\"contentUrl\":\"https:\/\/secure.gravatar.com\/avatar\/df4c8e132080d2b3a4841d5d232045464e0eed11a1d6e43115ca0843d48768d3?s=96&d=mm&r=g\",\"caption\":\"Fernando Lima\"},\"sameAs\":[\"http:\/\/verdadeon.com.br\/\"],\"url\":\"https:\/\/verdadeon.com.br\/portal\/author\/fernando-lima\/\"}]}<\/script>\n<!-- \/ Yoast SEO plugin. -->","yoast_head_json":{"title":"'A minha paix\u00e3o mais ardente sempre foi a m\u00fasica, \u00e9 nela que eu quis persistir', diz o cantor Allisson Rodrigues - VerdadeOn","robots":{"index":"index","follow":"follow","max-snippet":"max-snippet:-1","max-image-preview":"max-image-preview:large","max-video-preview":"max-video-preview:-1"},"canonical":"https:\/\/verdadeon.com.br\/portal\/2022\/09\/17\/a-minha-paixao-mais-ardente-sempre-foi-a-musica-e-nela-que-eu-quis-persistir-diz-o-cantor-allisson-rodrigues\/","og_locale":"pt_BR","og_type":"article","og_title":"'A minha paix\u00e3o mais ardente sempre foi a m\u00fasica, \u00e9 nela que eu quis persistir', diz o cantor Allisson Rodrigues - VerdadeOn","og_description":"O sucesso na m\u00fasica veio com muito trabalho, mas nem sempre foi assim, Allisson j\u00e1 foi tosador e estudou Direito Fernando Lima O francano Paulo Ricardo [\u2026]","og_url":"https:\/\/verdadeon.com.br\/portal\/2022\/09\/17\/a-minha-paixao-mais-ardente-sempre-foi-a-musica-e-nela-que-eu-quis-persistir-diz-o-cantor-allisson-rodrigues\/","og_site_name":"VerdadeOn","article_published_time":"2022-09-17T17:00:09+00:00","og_image":[{"width":1000,"height":670,"url":"https:\/\/verdadeon.com.br\/portal\/wp-content\/uploads\/2022\/09\/Untitled-1.jpg","type":"image\/jpeg"}],"author":"Fernando Lima","twitter_card":"summary_large_image","twitter_misc":{"Escrito por":"Fernando Lima","Est. tempo de leitura":"4 minutos"},"schema":{"@context":"https:\/\/schema.org","@graph":[{"@type":"WebPage","@id":"https:\/\/verdadeon.com.br\/portal\/2022\/09\/17\/a-minha-paixao-mais-ardente-sempre-foi-a-musica-e-nela-que-eu-quis-persistir-diz-o-cantor-allisson-rodrigues\/","url":"https:\/\/verdadeon.com.br\/portal\/2022\/09\/17\/a-minha-paixao-mais-ardente-sempre-foi-a-musica-e-nela-que-eu-quis-persistir-diz-o-cantor-allisson-rodrigues\/","name":"'A minha paix\u00e3o mais ardente sempre foi a m\u00fasica, \u00e9 nela que eu quis persistir', diz o cantor Allisson Rodrigues - VerdadeOn","isPartOf":{"@id":"https:\/\/verdadeon.com.br\/portal\/#website"},"primaryImageOfPage":{"@id":"https:\/\/verdadeon.com.br\/portal\/2022\/09\/17\/a-minha-paixao-mais-ardente-sempre-foi-a-musica-e-nela-que-eu-quis-persistir-diz-o-cantor-allisson-rodrigues\/#primaryimage"},"image":{"@id":"https:\/\/verdadeon.com.br\/portal\/2022\/09\/17\/a-minha-paixao-mais-ardente-sempre-foi-a-musica-e-nela-que-eu-quis-persistir-diz-o-cantor-allisson-rodrigues\/#primaryimage"},"thumbnailUrl":"https:\/\/i0.wp.com\/verdadeon.com.br\/portal\/wp-content\/uploads\/2022\/09\/Untitled-1.jpg?fit=1000%2C670&ssl=1","datePublished":"2022-09-17T17:00:09+00:00","author":{"@id":"https:\/\/verdadeon.com.br\/portal\/#\/schema\/person\/cc32be22b8e8599387c480bc83e1d11a"},"breadcrumb":{"@id":"https:\/\/verdadeon.com.br\/portal\/2022\/09\/17\/a-minha-paixao-mais-ardente-sempre-foi-a-musica-e-nela-que-eu-quis-persistir-diz-o-cantor-allisson-rodrigues\/#breadcrumb"},"inLanguage":"pt-BR","potentialAction":[{"@type":"ReadAction","target":["https:\/\/verdadeon.com.br\/portal\/2022\/09\/17\/a-minha-paixao-mais-ardente-sempre-foi-a-musica-e-nela-que-eu-quis-persistir-diz-o-cantor-allisson-rodrigues\/"]}]},{"@type":"ImageObject","inLanguage":"pt-BR","@id":"https:\/\/verdadeon.com.br\/portal\/2022\/09\/17\/a-minha-paixao-mais-ardente-sempre-foi-a-musica-e-nela-que-eu-quis-persistir-diz-o-cantor-allisson-rodrigues\/#primaryimage","url":"https:\/\/i0.wp.com\/verdadeon.com.br\/portal\/wp-content\/uploads\/2022\/09\/Untitled-1.jpg?fit=1000%2C670&ssl=1","contentUrl":"https:\/\/i0.wp.com\/verdadeon.com.br\/portal\/wp-content\/uploads\/2022\/09\/Untitled-1.jpg?fit=1000%2C670&ssl=1","width":1000,"height":670,"caption":"Allisson Rodrigues j\u00e1 realizou muitos sonhos na m\u00fasica, mas ainda possui diversos projetos para o futuro | Foto: Divulga\u00e7\u00e3o"},{"@type":"BreadcrumbList","@id":"https:\/\/verdadeon.com.br\/portal\/2022\/09\/17\/a-minha-paixao-mais-ardente-sempre-foi-a-musica-e-nela-que-eu-quis-persistir-diz-o-cantor-allisson-rodrigues\/#breadcrumb","itemListElement":[{"@type":"ListItem","position":1,"name":"In\u00edcio","item":"https:\/\/verdadeon.com.br\/portal\/"},{"@type":"ListItem","position":2,"name":"&#8216;A minha paix\u00e3o mais ardente sempre foi a m\u00fasica, \u00e9 nela que eu quis persistir&#8217;, diz o cantor Allisson Rodrigues"}]},{"@type":"WebSite","@id":"https:\/\/verdadeon.com.br\/portal\/#website","url":"https:\/\/verdadeon.com.br\/portal\/","name":"VerdadeOn","description":"Not\u00edcias di\u00e1rias sobre Franca, Regi\u00e3o, Esporte, Cultura, Cotidiano, Colunas. Cobertura nos principais eventos da cidade \u00e9 aqui - Verdadeon Franca","potentialAction":[{"@type":"SearchAction","target":{"@type":"EntryPoint","urlTemplate":"https:\/\/verdadeon.com.br\/portal\/?s={search_term_string}"},"query-input":{"@type":"PropertyValueSpecification","valueRequired":true,"valueName":"search_term_string"}}],"inLanguage":"pt-BR"},{"@type":"Person","@id":"https:\/\/verdadeon.com.br\/portal\/#\/schema\/person\/cc32be22b8e8599387c480bc83e1d11a","name":"Fernando Lima","image":{"@type":"ImageObject","inLanguage":"pt-BR","@id":"https:\/\/verdadeon.com.br\/portal\/#\/schema\/person\/image\/","url":"https:\/\/secure.gravatar.com\/avatar\/df4c8e132080d2b3a4841d5d232045464e0eed11a1d6e43115ca0843d48768d3?s=96&d=mm&r=g","contentUrl":"https:\/\/secure.gravatar.com\/avatar\/df4c8e132080d2b3a4841d5d232045464e0eed11a1d6e43115ca0843d48768d3?s=96&d=mm&r=g","caption":"Fernando Lima"},"sameAs":["http:\/\/verdadeon.com.br\/"],"url":"https:\/\/verdadeon.com.br\/portal\/author\/fernando-lima\/"}]}},"jetpack_publicize_connections":[],"jetpack_featured_media_url":"https:\/\/i0.wp.com\/verdadeon.com.br\/portal\/wp-content\/uploads\/2022\/09\/Untitled-1.jpg?fit=1000%2C670&ssl=1","jetpack_sharing_enabled":true,"_links":{"self":[{"href":"https:\/\/verdadeon.com.br\/portal\/wp-json\/wp\/v2\/posts\/28034","targetHints":{"allow":["GET"]}}],"collection":[{"href":"https:\/\/verdadeon.com.br\/portal\/wp-json\/wp\/v2\/posts"}],"about":[{"href":"https:\/\/verdadeon.com.br\/portal\/wp-json\/wp\/v2\/types\/post"}],"author":[{"embeddable":true,"href":"https:\/\/verdadeon.com.br\/portal\/wp-json\/wp\/v2\/users\/7"}],"replies":[{"embeddable":true,"href":"https:\/\/verdadeon.com.br\/portal\/wp-json\/wp\/v2\/comments?post=28034"}],"version-history":[{"count":1,"href":"https:\/\/verdadeon.com.br\/portal\/wp-json\/wp\/v2\/posts\/28034\/revisions"}],"predecessor-version":[{"id":28038,"href":"https:\/\/verdadeon.com.br\/portal\/wp-json\/wp\/v2\/posts\/28034\/revisions\/28038"}],"wp:featuredmedia":[{"embeddable":true,"href":"https:\/\/verdadeon.com.br\/portal\/wp-json\/wp\/v2\/media\/28037"}],"wp:attachment":[{"href":"https:\/\/verdadeon.com.br\/portal\/wp-json\/wp\/v2\/media?parent=28034"}],"wp:term":[{"taxonomy":"category","embeddable":true,"href":"https:\/\/verdadeon.com.br\/portal\/wp-json\/wp\/v2\/categories?post=28034"},{"taxonomy":"post_tag","embeddable":true,"href":"https:\/\/verdadeon.com.br\/portal\/wp-json\/wp\/v2\/tags?post=28034"}],"curies":[{"name":"wp","href":"https:\/\/api.w.org\/{rel}","templated":true}]}}