{"id":28007,"date":"2022-09-16T15:37:39","date_gmt":"2022-09-16T18:37:39","guid":{"rendered":"https:\/\/verdadeon.com.br\/portal\/?p=28007"},"modified":"2022-09-16T15:37:39","modified_gmt":"2022-09-16T18:37:39","slug":"prevencao-ao-suicidio-e-tema-de-acao-na-praca-central-de-franca-neste-sabado","status":"publish","type":"post","link":"https:\/\/verdadeon.com.br\/portal\/2022\/09\/16\/prevencao-ao-suicidio-e-tema-de-acao-na-praca-central-de-franca-neste-sabado\/","title":{"rendered":"Preven\u00e7\u00e3o ao suic\u00eddio \u00e9 tema de a\u00e7\u00e3o na pra\u00e7a central de Franca neste s\u00e1bado"},"content":{"rendered":"<h2>Profissionais de sa\u00fade de toda a cidade estar\u00e3o no local esclarecendo d\u00favidas da popula\u00e7\u00e3o<\/h2>\n<p>Quem passar pela pra\u00e7a Nossa Senhora da Concei\u00e7\u00e3o neste s\u00e1bado, vai encontrar tendas com a\u00e7\u00f5es do Setembro Amarelo. A iniciativa \u00e9 da secretaria de Sa\u00fade de Franca e visa principalmente divulgar e esclarecer situa\u00e7\u00f5es ligadas \u00e1 sa\u00fade mental e suic\u00eddio, o que para muitos ainda \u00e9 um tabu.<\/p>\n<p>\u201cTodas as unidades que trabalham com sa\u00fade mental foram convidadas para vir mostrar o seu trabalho do dia a dia. Vamos ter oficinas, grupos de m\u00fasicas, dan\u00e7a circular e v\u00e1rias outras atividades, explicou a psic\u00f3loga Roberta Vilela Maia.<\/p>\n<p>A a\u00e7\u00e3o est\u00e1 prevista para acontecer das 9h at\u00e9 \u00e0s 12h. Ser\u00e3o entregues panfletos que orientam como agir em casos de automutila\u00e7\u00e3o, em tentativas de suic\u00eddio,<\/p>\n<p>Ainda de acordo com ela, o tema da preven\u00e7\u00e3o ao suic\u00eddio \u00e9 trabalhado o ano todo. \u201cEspecificamente em setembro \u00e9 o m\u00eas que \u00e9 trabalhado a forma de divulga\u00e7\u00e3o, para a popula\u00e7\u00e3o entender o que fazer, como ter acesso, como agir em determinadas situa\u00e7\u00f5es de sofrimento mental\u201d, disse.<\/p>\n<p>Para a profissional, o assunto ainda \u00e9 um tabu que tem que ser trabalhado e muitas pessoas ainda t\u00eam o receio de buscar ajuda. \u201cJ\u00e1 avan\u00e7amos muito, mas temos que melhorar. Temos que ficar atentos aos sinais que a pessoa est\u00e1 demonstrando, como sofrimento emocional e sempre buscar ajuda profissional, isso \u00e9 sempre o mais indicado\u201d, finalizou.<\/p>\n<h4>Entrevista<\/h4>\n<p>Na sua edi\u00e7\u00e3o de domingo, o Jornal Verdade trouxe uma entrevista com uma psic\u00f3loga, que falou justamente sobre como agir para prevenir o suic\u00eddio, especialmente em adolescentes e jovens, onde os casos est\u00e3o sendo mais frequentes.<\/p>\n<p>\u201cO n\u00famero de crian\u00e7as e adolescentes que cometem suic\u00eddio est\u00e1 crescendo de maneira preocupante e a situa\u00e7\u00e3o se agrava quando se tem registros de que para cada um suic\u00eddio cometido estima-se vinte tentativas em que o sujeito n\u00e3o teve sucesso. A busca de informa\u00e7\u00f5es para identificar sintomas de depress\u00e3o em crian\u00e7as e adolescentes, manter um di\u00e1logo aberto e considerar acompanhamento com profissional s\u00e3o imprescind\u00edveis\u201d, disse a psic\u00f3loga Fernanda Andrian.<\/p>\n<p>A mat\u00e9ria completa voc\u00ea confere aqui: https:\/\/verdadeon.com.br\/portal\/2022\/09\/10\/falar-sobre-suicidio-continua-sendo-tabu-especialmente-pela-falta-de-informacao-diz-psicologa-fernanda-andrian\/<\/p>\n","protected":false},"excerpt":{"rendered":"<p>Profissionais de sa\u00fade de toda a cidade estar\u00e3o no local esclarecendo d\u00favidas da popula\u00e7\u00e3o Quem passar pela pra\u00e7a Nossa Senhora da Concei\u00e7\u00e3o neste s\u00e1bado, vai encontrar<span class=\"excerpt-hellip\"> [\u2026]<\/span><\/p>\n","protected":false},"author":7,"featured_media":28013,"comment_status":"open","ping_status":"open","sticky":false,"template":"","format":"standard","meta":{"_jetpack_memberships_contains_paid_content":false,"footnotes":"","jetpack_publicize_message":"","jetpack_publicize_feature_enabled":true,"jetpack_social_post_already_shared":false,"jetpack_social_options":{"image_generator_settings":{"template":"highway","default_image_id":0,"enabled":false},"version":2}},"categories":[28,81],"tags":[],"class_list":["post-28007","post","type-post","status-publish","format-standard","has-post-thumbnail","hentry","category-cotidiano","category-manchete"],"yoast_head":"<!-- This site is optimized with the Yoast SEO plugin v25.6 - https:\/\/yoast.com\/wordpress\/plugins\/seo\/ -->\n<title>Preven\u00e7\u00e3o ao suic\u00eddio \u00e9 tema de a\u00e7\u00e3o na pra\u00e7a central de Franca neste s\u00e1bado - VerdadeOn<\/title>\n<meta name=\"robots\" content=\"index, follow, max-snippet:-1, max-image-preview:large, max-video-preview:-1\" \/>\n<link rel=\"canonical\" href=\"https:\/\/verdadeon.com.br\/portal\/2022\/09\/16\/prevencao-ao-suicidio-e-tema-de-acao-na-praca-central-de-franca-neste-sabado\/\" \/>\n<meta property=\"og:locale\" content=\"pt_BR\" \/>\n<meta property=\"og:type\" content=\"article\" \/>\n<meta property=\"og:title\" content=\"Preven\u00e7\u00e3o ao suic\u00eddio \u00e9 tema de a\u00e7\u00e3o na pra\u00e7a central de Franca neste s\u00e1bado - VerdadeOn\" \/>\n<meta property=\"og:description\" content=\"Profissionais de sa\u00fade de toda a cidade estar\u00e3o no local esclarecendo d\u00favidas da popula\u00e7\u00e3o Quem passar pela pra\u00e7a Nossa Senhora da Concei\u00e7\u00e3o neste s\u00e1bado, vai encontrar [\u2026]\" \/>\n<meta property=\"og:url\" content=\"https:\/\/verdadeon.com.br\/portal\/2022\/09\/16\/prevencao-ao-suicidio-e-tema-de-acao-na-praca-central-de-franca-neste-sabado\/\" \/>\n<meta property=\"og:site_name\" content=\"VerdadeOn\" \/>\n<meta property=\"article:published_time\" content=\"2022-09-16T18:37:39+00:00\" \/>\n<meta property=\"og:image\" content=\"https:\/\/verdadeon.com.br\/portal\/wp-content\/uploads\/2022\/09\/SETEMBRO-AMARELO-1-e1663353387727.jpg\" \/>\n\t<meta property=\"og:image:width\" content=\"1000\" \/>\n\t<meta property=\"og:image:height\" content=\"669\" \/>\n\t<meta property=\"og:image:type\" content=\"image\/jpeg\" \/>\n<meta name=\"author\" content=\"Fernando Lima\" \/>\n<meta name=\"twitter:card\" content=\"summary_large_image\" \/>\n<meta name=\"twitter:label1\" content=\"Escrito por\" \/>\n\t<meta name=\"twitter:data1\" content=\"Fernando Lima\" \/>\n\t<meta name=\"twitter:label2\" content=\"Est. tempo de leitura\" \/>\n\t<meta name=\"twitter:data2\" content=\"2 minutos\" \/>\n<script type=\"application\/ld+json\" class=\"yoast-schema-graph\">{\"@context\":\"https:\/\/schema.org\",\"@graph\":[{\"@type\":\"WebPage\",\"@id\":\"https:\/\/verdadeon.com.br\/portal\/2022\/09\/16\/prevencao-ao-suicidio-e-tema-de-acao-na-praca-central-de-franca-neste-sabado\/\",\"url\":\"https:\/\/verdadeon.com.br\/portal\/2022\/09\/16\/prevencao-ao-suicidio-e-tema-de-acao-na-praca-central-de-franca-neste-sabado\/\",\"name\":\"Preven\u00e7\u00e3o ao suic\u00eddio \u00e9 tema de a\u00e7\u00e3o na pra\u00e7a central de Franca neste s\u00e1bado - VerdadeOn\",\"isPartOf\":{\"@id\":\"https:\/\/verdadeon.com.br\/portal\/#website\"},\"primaryImageOfPage\":{\"@id\":\"https:\/\/verdadeon.com.br\/portal\/2022\/09\/16\/prevencao-ao-suicidio-e-tema-de-acao-na-praca-central-de-franca-neste-sabado\/#primaryimage\"},\"image\":{\"@id\":\"https:\/\/verdadeon.com.br\/portal\/2022\/09\/16\/prevencao-ao-suicidio-e-tema-de-acao-na-praca-central-de-franca-neste-sabado\/#primaryimage\"},\"thumbnailUrl\":\"https:\/\/i0.wp.com\/verdadeon.com.br\/portal\/wp-content\/uploads\/2022\/09\/SETEMBRO-AMARELO-1-e1663353387727.jpg?fit=1000%2C669&ssl=1\",\"datePublished\":\"2022-09-16T18:37:39+00:00\",\"author\":{\"@id\":\"https:\/\/verdadeon.com.br\/portal\/#\/schema\/person\/cc32be22b8e8599387c480bc83e1d11a\"},\"breadcrumb\":{\"@id\":\"https:\/\/verdadeon.com.br\/portal\/2022\/09\/16\/prevencao-ao-suicidio-e-tema-de-acao-na-praca-central-de-franca-neste-sabado\/#breadcrumb\"},\"inLanguage\":\"pt-BR\",\"potentialAction\":[{\"@type\":\"ReadAction\",\"target\":[\"https:\/\/verdadeon.com.br\/portal\/2022\/09\/16\/prevencao-ao-suicidio-e-tema-de-acao-na-praca-central-de-franca-neste-sabado\/\"]}]},{\"@type\":\"ImageObject\",\"inLanguage\":\"pt-BR\",\"@id\":\"https:\/\/verdadeon.com.br\/portal\/2022\/09\/16\/prevencao-ao-suicidio-e-tema-de-acao-na-praca-central-de-franca-neste-sabado\/#primaryimage\",\"url\":\"https:\/\/i0.wp.com\/verdadeon.com.br\/portal\/wp-content\/uploads\/2022\/09\/SETEMBRO-AMARELO-1-e1663353387727.jpg?fit=1000%2C669&ssl=1\",\"contentUrl\":\"https:\/\/i0.wp.com\/verdadeon.com.br\/portal\/wp-content\/uploads\/2022\/09\/SETEMBRO-AMARELO-1-e1663353387727.jpg?fit=1000%2C669&ssl=1\",\"width\":1000,\"height\":669,\"caption\":\"As a\u00e7\u00f5es de preven\u00e7\u00e3o ao suic\u00eddio s\u00e3o realizadas o ano todo, mas em setembro ganham destaque com ampla divulga\u00e7\u00e3o | Foto: Ag\u00eancia Brasil\"},{\"@type\":\"BreadcrumbList\",\"@id\":\"https:\/\/verdadeon.com.br\/portal\/2022\/09\/16\/prevencao-ao-suicidio-e-tema-de-acao-na-praca-central-de-franca-neste-sabado\/#breadcrumb\",\"itemListElement\":[{\"@type\":\"ListItem\",\"position\":1,\"name\":\"In\u00edcio\",\"item\":\"https:\/\/verdadeon.com.br\/portal\/\"},{\"@type\":\"ListItem\",\"position\":2,\"name\":\"Preven\u00e7\u00e3o ao suic\u00eddio \u00e9 tema de a\u00e7\u00e3o na pra\u00e7a central de Franca neste s\u00e1bado\"}]},{\"@type\":\"WebSite\",\"@id\":\"https:\/\/verdadeon.com.br\/portal\/#website\",\"url\":\"https:\/\/verdadeon.com.br\/portal\/\",\"name\":\"VerdadeOn\",\"description\":\"Not\u00edcias di\u00e1rias sobre Franca, Regi\u00e3o, Esporte, Cultura, Cotidiano, Colunas. Cobertura nos principais eventos da cidade \u00e9 aqui - Verdadeon Franca\",\"potentialAction\":[{\"@type\":\"SearchAction\",\"target\":{\"@type\":\"EntryPoint\",\"urlTemplate\":\"https:\/\/verdadeon.com.br\/portal\/?s={search_term_string}\"},\"query-input\":{\"@type\":\"PropertyValueSpecification\",\"valueRequired\":true,\"valueName\":\"search_term_string\"}}],\"inLanguage\":\"pt-BR\"},{\"@type\":\"Person\",\"@id\":\"https:\/\/verdadeon.com.br\/portal\/#\/schema\/person\/cc32be22b8e8599387c480bc83e1d11a\",\"name\":\"Fernando Lima\",\"image\":{\"@type\":\"ImageObject\",\"inLanguage\":\"pt-BR\",\"@id\":\"https:\/\/verdadeon.com.br\/portal\/#\/schema\/person\/image\/\",\"url\":\"https:\/\/secure.gravatar.com\/avatar\/df4c8e132080d2b3a4841d5d232045464e0eed11a1d6e43115ca0843d48768d3?s=96&d=mm&r=g\",\"contentUrl\":\"https:\/\/secure.gravatar.com\/avatar\/df4c8e132080d2b3a4841d5d232045464e0eed11a1d6e43115ca0843d48768d3?s=96&d=mm&r=g\",\"caption\":\"Fernando Lima\"},\"sameAs\":[\"http:\/\/verdadeon.com.br\/\"],\"url\":\"https:\/\/verdadeon.com.br\/portal\/author\/fernando-lima\/\"}]}<\/script>\n<!-- \/ Yoast SEO plugin. -->","yoast_head_json":{"title":"Preven\u00e7\u00e3o ao suic\u00eddio \u00e9 tema de a\u00e7\u00e3o na pra\u00e7a central de Franca neste s\u00e1bado - VerdadeOn","robots":{"index":"index","follow":"follow","max-snippet":"max-snippet:-1","max-image-preview":"max-image-preview:large","max-video-preview":"max-video-preview:-1"},"canonical":"https:\/\/verdadeon.com.br\/portal\/2022\/09\/16\/prevencao-ao-suicidio-e-tema-de-acao-na-praca-central-de-franca-neste-sabado\/","og_locale":"pt_BR","og_type":"article","og_title":"Preven\u00e7\u00e3o ao suic\u00eddio \u00e9 tema de a\u00e7\u00e3o na pra\u00e7a central de Franca neste s\u00e1bado - VerdadeOn","og_description":"Profissionais de sa\u00fade de toda a cidade estar\u00e3o no local esclarecendo d\u00favidas da popula\u00e7\u00e3o Quem passar pela pra\u00e7a Nossa Senhora da Concei\u00e7\u00e3o neste s\u00e1bado, vai encontrar [\u2026]","og_url":"https:\/\/verdadeon.com.br\/portal\/2022\/09\/16\/prevencao-ao-suicidio-e-tema-de-acao-na-praca-central-de-franca-neste-sabado\/","og_site_name":"VerdadeOn","article_published_time":"2022-09-16T18:37:39+00:00","og_image":[{"width":1000,"height":669,"url":"https:\/\/verdadeon.com.br\/portal\/wp-content\/uploads\/2022\/09\/SETEMBRO-AMARELO-1-e1663353387727.jpg","type":"image\/jpeg"}],"author":"Fernando Lima","twitter_card":"summary_large_image","twitter_misc":{"Escrito por":"Fernando Lima","Est. tempo de leitura":"2 minutos"},"schema":{"@context":"https:\/\/schema.org","@graph":[{"@type":"WebPage","@id":"https:\/\/verdadeon.com.br\/portal\/2022\/09\/16\/prevencao-ao-suicidio-e-tema-de-acao-na-praca-central-de-franca-neste-sabado\/","url":"https:\/\/verdadeon.com.br\/portal\/2022\/09\/16\/prevencao-ao-suicidio-e-tema-de-acao-na-praca-central-de-franca-neste-sabado\/","name":"Preven\u00e7\u00e3o ao suic\u00eddio \u00e9 tema de a\u00e7\u00e3o na pra\u00e7a central de Franca neste s\u00e1bado - VerdadeOn","isPartOf":{"@id":"https:\/\/verdadeon.com.br\/portal\/#website"},"primaryImageOfPage":{"@id":"https:\/\/verdadeon.com.br\/portal\/2022\/09\/16\/prevencao-ao-suicidio-e-tema-de-acao-na-praca-central-de-franca-neste-sabado\/#primaryimage"},"image":{"@id":"https:\/\/verdadeon.com.br\/portal\/2022\/09\/16\/prevencao-ao-suicidio-e-tema-de-acao-na-praca-central-de-franca-neste-sabado\/#primaryimage"},"thumbnailUrl":"https:\/\/i0.wp.com\/verdadeon.com.br\/portal\/wp-content\/uploads\/2022\/09\/SETEMBRO-AMARELO-1-e1663353387727.jpg?fit=1000%2C669&ssl=1","datePublished":"2022-09-16T18:37:39+00:00","author":{"@id":"https:\/\/verdadeon.com.br\/portal\/#\/schema\/person\/cc32be22b8e8599387c480bc83e1d11a"},"breadcrumb":{"@id":"https:\/\/verdadeon.com.br\/portal\/2022\/09\/16\/prevencao-ao-suicidio-e-tema-de-acao-na-praca-central-de-franca-neste-sabado\/#breadcrumb"},"inLanguage":"pt-BR","potentialAction":[{"@type":"ReadAction","target":["https:\/\/verdadeon.com.br\/portal\/2022\/09\/16\/prevencao-ao-suicidio-e-tema-de-acao-na-praca-central-de-franca-neste-sabado\/"]}]},{"@type":"ImageObject","inLanguage":"pt-BR","@id":"https:\/\/verdadeon.com.br\/portal\/2022\/09\/16\/prevencao-ao-suicidio-e-tema-de-acao-na-praca-central-de-franca-neste-sabado\/#primaryimage","url":"https:\/\/i0.wp.com\/verdadeon.com.br\/portal\/wp-content\/uploads\/2022\/09\/SETEMBRO-AMARELO-1-e1663353387727.jpg?fit=1000%2C669&ssl=1","contentUrl":"https:\/\/i0.wp.com\/verdadeon.com.br\/portal\/wp-content\/uploads\/2022\/09\/SETEMBRO-AMARELO-1-e1663353387727.jpg?fit=1000%2C669&ssl=1","width":1000,"height":669,"caption":"As a\u00e7\u00f5es de preven\u00e7\u00e3o ao suic\u00eddio s\u00e3o realizadas o ano todo, mas em setembro ganham destaque com ampla divulga\u00e7\u00e3o | Foto: Ag\u00eancia Brasil"},{"@type":"BreadcrumbList","@id":"https:\/\/verdadeon.com.br\/portal\/2022\/09\/16\/prevencao-ao-suicidio-e-tema-de-acao-na-praca-central-de-franca-neste-sabado\/#breadcrumb","itemListElement":[{"@type":"ListItem","position":1,"name":"In\u00edcio","item":"https:\/\/verdadeon.com.br\/portal\/"},{"@type":"ListItem","position":2,"name":"Preven\u00e7\u00e3o ao suic\u00eddio \u00e9 tema de a\u00e7\u00e3o na pra\u00e7a central de Franca neste s\u00e1bado"}]},{"@type":"WebSite","@id":"https:\/\/verdadeon.com.br\/portal\/#website","url":"https:\/\/verdadeon.com.br\/portal\/","name":"VerdadeOn","description":"Not\u00edcias di\u00e1rias sobre Franca, Regi\u00e3o, Esporte, Cultura, Cotidiano, Colunas. Cobertura nos principais eventos da cidade \u00e9 aqui - Verdadeon Franca","potentialAction":[{"@type":"SearchAction","target":{"@type":"EntryPoint","urlTemplate":"https:\/\/verdadeon.com.br\/portal\/?s={search_term_string}"},"query-input":{"@type":"PropertyValueSpecification","valueRequired":true,"valueName":"search_term_string"}}],"inLanguage":"pt-BR"},{"@type":"Person","@id":"https:\/\/verdadeon.com.br\/portal\/#\/schema\/person\/cc32be22b8e8599387c480bc83e1d11a","name":"Fernando Lima","image":{"@type":"ImageObject","inLanguage":"pt-BR","@id":"https:\/\/verdadeon.com.br\/portal\/#\/schema\/person\/image\/","url":"https:\/\/secure.gravatar.com\/avatar\/df4c8e132080d2b3a4841d5d232045464e0eed11a1d6e43115ca0843d48768d3?s=96&d=mm&r=g","contentUrl":"https:\/\/secure.gravatar.com\/avatar\/df4c8e132080d2b3a4841d5d232045464e0eed11a1d6e43115ca0843d48768d3?s=96&d=mm&r=g","caption":"Fernando Lima"},"sameAs":["http:\/\/verdadeon.com.br\/"],"url":"https:\/\/verdadeon.com.br\/portal\/author\/fernando-lima\/"}]}},"jetpack_publicize_connections":[],"jetpack_featured_media_url":"https:\/\/i0.wp.com\/verdadeon.com.br\/portal\/wp-content\/uploads\/2022\/09\/SETEMBRO-AMARELO-1-e1663353387727.jpg?fit=1000%2C669&ssl=1","jetpack_sharing_enabled":true,"_links":{"self":[{"href":"https:\/\/verdadeon.com.br\/portal\/wp-json\/wp\/v2\/posts\/28007","targetHints":{"allow":["GET"]}}],"collection":[{"href":"https:\/\/verdadeon.com.br\/portal\/wp-json\/wp\/v2\/posts"}],"about":[{"href":"https:\/\/verdadeon.com.br\/portal\/wp-json\/wp\/v2\/types\/post"}],"author":[{"embeddable":true,"href":"https:\/\/verdadeon.com.br\/portal\/wp-json\/wp\/v2\/users\/7"}],"replies":[{"embeddable":true,"href":"https:\/\/verdadeon.com.br\/portal\/wp-json\/wp\/v2\/comments?post=28007"}],"version-history":[{"count":1,"href":"https:\/\/verdadeon.com.br\/portal\/wp-json\/wp\/v2\/posts\/28007\/revisions"}],"predecessor-version":[{"id":28014,"href":"https:\/\/verdadeon.com.br\/portal\/wp-json\/wp\/v2\/posts\/28007\/revisions\/28014"}],"wp:featuredmedia":[{"embeddable":true,"href":"https:\/\/verdadeon.com.br\/portal\/wp-json\/wp\/v2\/media\/28013"}],"wp:attachment":[{"href":"https:\/\/verdadeon.com.br\/portal\/wp-json\/wp\/v2\/media?parent=28007"}],"wp:term":[{"taxonomy":"category","embeddable":true,"href":"https:\/\/verdadeon.com.br\/portal\/wp-json\/wp\/v2\/categories?post=28007"},{"taxonomy":"post_tag","embeddable":true,"href":"https:\/\/verdadeon.com.br\/portal\/wp-json\/wp\/v2\/tags?post=28007"}],"curies":[{"name":"wp","href":"https:\/\/api.w.org\/{rel}","templated":true}]}}