{"id":27952,"date":"2022-09-14T16:35:41","date_gmt":"2022-09-14T19:35:41","guid":{"rendered":"https:\/\/verdadeon.com.br\/portal\/?p=27952"},"modified":"2022-09-14T18:29:10","modified_gmt":"2022-09-14T21:29:10","slug":"zona-leste-lidera-acidentes-de-transito-em-franca","status":"publish","type":"post","link":"https:\/\/verdadeon.com.br\/portal\/2022\/09\/14\/zona-leste-lidera-acidentes-de-transito-em-franca\/","title":{"rendered":"Zona leste lidera acidentes de tr\u00e2nsito em Franca"},"content":{"rendered":"<h2>At\u00e9 julho foram 401 acidentes registrados na cidade, sete deles terminaram em morte<\/h2>\n<p>Fernando Lima<\/p>\n<p>A regi\u00e3o leste de Franca, que \u00e9 composta por bairros como Brasil\u00e2ndia, \u00a0Paulistano, entre outros, \u00e9 a l\u00edder de acidentes no tr\u00e2nsito de Franca. Segundo os dados oficiais do Estado de S\u00e3o Paulo, de janeiro a julho deste ano, foram 129 acidentes de tr\u00e2nsito naquela regi\u00e3o, e uma morte registrada no m\u00eas de mar\u00e7o.<\/p>\n<p>Maio foi o m\u00eas mais violento, com um total de 27 acidentes, uma m\u00e9dia que chega perto de um por dia. Logo em seguida vem o m\u00eas de julho, com 25 acidentes, abril com 20, junho com 19.<\/p>\n<p>Os meses de janeiro e mar\u00e7o registraram cada um 14 acidentes com v\u00edtimas, e o m\u00eas com o menor \u00edndice foi fevereiro com 10.<\/p>\n<p>&nbsp;<\/p>\n<h4>Zona oeste<\/h4>\n<p>A regi\u00e3o oeste de Franca \u00e9 a segunda que mais registra acidentes na cidade, ela \u00e9 composta por bairros como o Guanabara, Vila S\u00e3o Sebasti\u00e3o, Palmeiras entre outros. Por l\u00e1, segundo os dados oficiais do governo, foram 83 acidentes de janeiro a julho deste ano, al\u00e9m de uma morte no tr\u00e2nsito registrada em maio.<\/p>\n<p>&nbsp;<\/p>\n<h4>Zona sul<\/h4>\n<p>A regi\u00e3o sul de Franca que \u00e9 composta por bairros como o complexo Aeroporto, No\u00eamia, Santa Cruz e imedia\u00e7\u00f5es, registrou no per\u00edodo 76 acidentes com v\u00edtimas, mas lidera o quadro de mortes no tr\u00e2nsito, foram duas ocorr\u00eancias em junho e julho.<\/p>\n<p>No in\u00edcio de setembro um jovem de 19 anos morreu atropelado por um \u00f4nibus do transporte p\u00fablico no Santa B\u00e1rbara, tamb\u00e9m na zona sul, mas a morte dele ainda n\u00e3o foi computada oficialmente nos dados da SSP, que est\u00e3o dispon\u00edveis somente at\u00e9 julho.<\/p>\n<p>&nbsp;<\/p>\n<h4>Regi\u00e3o central<\/h4>\n<p>O centro de Franca registrou em sete meses, 73 acidentes de tr\u00e2nsito, no mesmo per\u00edodo foi registrada uma morte no m\u00eas de junho. O m\u00eas mais violento naquela \u00e1rea foi em maio, com 15 acidentes com v\u00edtimas.<\/p>\n<p>&nbsp;<\/p>\n<h4>Zona norte<\/h4>\n<p>A regi\u00e3o norte de Franca vive uma situa\u00e7\u00e3o diferente, ela \u00e9 a que menos registrou acidentes, foram 40 em sete meses, ao mesmo tempo eles foram mais letais, com duas mortes registradas em maio e junho.<\/p>\n<p>A zona norte \u00e9 composta por bairros como o Parque Vicente Leporace, Complexo Luiza, Redentor, City Petr\u00f3polis, entre outros.<\/p>\n","protected":false},"excerpt":{"rendered":"<p>At\u00e9 julho foram 401 acidentes registrados na cidade, sete deles terminaram em morte Fernando Lima A regi\u00e3o leste de Franca, que \u00e9 composta por bairros como<span class=\"excerpt-hellip\"> [\u2026]<\/span><\/p>\n","protected":false},"author":7,"featured_media":26340,"comment_status":"open","ping_status":"open","sticky":false,"template":"","format":"standard","meta":{"_jetpack_memberships_contains_paid_content":false,"footnotes":"","jetpack_publicize_message":"","jetpack_publicize_feature_enabled":true,"jetpack_social_post_already_shared":false,"jetpack_social_options":{"image_generator_settings":{"template":"highway","default_image_id":0,"enabled":false},"version":2}},"categories":[28,81],"tags":[],"class_list":["post-27952","post","type-post","status-publish","format-standard","has-post-thumbnail","hentry","category-cotidiano","category-manchete"],"yoast_head":"<!-- This site is optimized with the Yoast SEO plugin v25.6 - https:\/\/yoast.com\/wordpress\/plugins\/seo\/ -->\n<title>Zona leste lidera acidentes de tr\u00e2nsito em Franca - VerdadeOn<\/title>\n<meta name=\"robots\" content=\"index, follow, max-snippet:-1, max-image-preview:large, max-video-preview:-1\" \/>\n<link rel=\"canonical\" href=\"https:\/\/verdadeon.com.br\/portal\/2022\/09\/14\/zona-leste-lidera-acidentes-de-transito-em-franca\/\" \/>\n<meta property=\"og:locale\" content=\"pt_BR\" \/>\n<meta property=\"og:type\" content=\"article\" \/>\n<meta property=\"og:title\" content=\"Zona leste lidera acidentes de tr\u00e2nsito em Franca - VerdadeOn\" \/>\n<meta property=\"og:description\" content=\"At\u00e9 julho foram 401 acidentes registrados na cidade, sete deles terminaram em morte Fernando Lima A regi\u00e3o leste de Franca, que \u00e9 composta por bairros como [\u2026]\" \/>\n<meta property=\"og:url\" content=\"https:\/\/verdadeon.com.br\/portal\/2022\/09\/14\/zona-leste-lidera-acidentes-de-transito-em-franca\/\" \/>\n<meta property=\"og:site_name\" content=\"VerdadeOn\" \/>\n<meta property=\"article:published_time\" content=\"2022-09-14T19:35:41+00:00\" \/>\n<meta property=\"article:modified_time\" content=\"2022-09-14T21:29:10+00:00\" \/>\n<meta property=\"og:image\" content=\"https:\/\/verdadeon.com.br\/portal\/wp-content\/uploads\/2022\/07\/MONTAGEM-ACIDENTE-1024x604.png\" \/>\n\t<meta property=\"og:image:width\" content=\"1024\" \/>\n\t<meta property=\"og:image:height\" content=\"604\" \/>\n\t<meta property=\"og:image:type\" content=\"image\/png\" \/>\n<meta name=\"author\" content=\"Fernando Lima\" \/>\n<meta name=\"twitter:card\" content=\"summary_large_image\" \/>\n<meta name=\"twitter:label1\" content=\"Escrito por\" \/>\n\t<meta name=\"twitter:data1\" content=\"Fernando Lima\" \/>\n\t<meta name=\"twitter:label2\" content=\"Est. tempo de leitura\" \/>\n\t<meta name=\"twitter:data2\" content=\"3 minutos\" \/>\n<script type=\"application\/ld+json\" class=\"yoast-schema-graph\">{\"@context\":\"https:\/\/schema.org\",\"@graph\":[{\"@type\":\"WebPage\",\"@id\":\"https:\/\/verdadeon.com.br\/portal\/2022\/09\/14\/zona-leste-lidera-acidentes-de-transito-em-franca\/\",\"url\":\"https:\/\/verdadeon.com.br\/portal\/2022\/09\/14\/zona-leste-lidera-acidentes-de-transito-em-franca\/\",\"name\":\"Zona leste lidera acidentes de tr\u00e2nsito em Franca - VerdadeOn\",\"isPartOf\":{\"@id\":\"https:\/\/verdadeon.com.br\/portal\/#website\"},\"primaryImageOfPage\":{\"@id\":\"https:\/\/verdadeon.com.br\/portal\/2022\/09\/14\/zona-leste-lidera-acidentes-de-transito-em-franca\/#primaryimage\"},\"image\":{\"@id\":\"https:\/\/verdadeon.com.br\/portal\/2022\/09\/14\/zona-leste-lidera-acidentes-de-transito-em-franca\/#primaryimage\"},\"thumbnailUrl\":\"https:\/\/i0.wp.com\/verdadeon.com.br\/portal\/wp-content\/uploads\/2022\/07\/MONTAGEM-ACIDENTE.png?fit=2684%2C1584&ssl=1\",\"datePublished\":\"2022-09-14T19:35:41+00:00\",\"dateModified\":\"2022-09-14T21:29:10+00:00\",\"author\":{\"@id\":\"https:\/\/verdadeon.com.br\/portal\/#\/schema\/person\/cc32be22b8e8599387c480bc83e1d11a\"},\"breadcrumb\":{\"@id\":\"https:\/\/verdadeon.com.br\/portal\/2022\/09\/14\/zona-leste-lidera-acidentes-de-transito-em-franca\/#breadcrumb\"},\"inLanguage\":\"pt-BR\",\"potentialAction\":[{\"@type\":\"ReadAction\",\"target\":[\"https:\/\/verdadeon.com.br\/portal\/2022\/09\/14\/zona-leste-lidera-acidentes-de-transito-em-franca\/\"]}]},{\"@type\":\"ImageObject\",\"inLanguage\":\"pt-BR\",\"@id\":\"https:\/\/verdadeon.com.br\/portal\/2022\/09\/14\/zona-leste-lidera-acidentes-de-transito-em-franca\/#primaryimage\",\"url\":\"https:\/\/i0.wp.com\/verdadeon.com.br\/portal\/wp-content\/uploads\/2022\/07\/MONTAGEM-ACIDENTE.png?fit=2684%2C1584&ssl=1\",\"contentUrl\":\"https:\/\/i0.wp.com\/verdadeon.com.br\/portal\/wp-content\/uploads\/2022\/07\/MONTAGEM-ACIDENTE.png?fit=2684%2C1584&ssl=1\",\"width\":2684,\"height\":1584,\"caption\":\"Em julho o Jornal Verdade trouxe um acidente de tr\u00e2nsito na regi\u00e3o central da cidade, onde dois idosos ficaram feridos | Foto: Rose Morais\"},{\"@type\":\"BreadcrumbList\",\"@id\":\"https:\/\/verdadeon.com.br\/portal\/2022\/09\/14\/zona-leste-lidera-acidentes-de-transito-em-franca\/#breadcrumb\",\"itemListElement\":[{\"@type\":\"ListItem\",\"position\":1,\"name\":\"In\u00edcio\",\"item\":\"https:\/\/verdadeon.com.br\/portal\/\"},{\"@type\":\"ListItem\",\"position\":2,\"name\":\"Zona leste lidera acidentes de tr\u00e2nsito em Franca\"}]},{\"@type\":\"WebSite\",\"@id\":\"https:\/\/verdadeon.com.br\/portal\/#website\",\"url\":\"https:\/\/verdadeon.com.br\/portal\/\",\"name\":\"VerdadeOn\",\"description\":\"Not\u00edcias di\u00e1rias sobre Franca, Regi\u00e3o, Esporte, Cultura, Cotidiano, Colunas. Cobertura nos principais eventos da cidade \u00e9 aqui - Verdadeon Franca\",\"potentialAction\":[{\"@type\":\"SearchAction\",\"target\":{\"@type\":\"EntryPoint\",\"urlTemplate\":\"https:\/\/verdadeon.com.br\/portal\/?s={search_term_string}\"},\"query-input\":{\"@type\":\"PropertyValueSpecification\",\"valueRequired\":true,\"valueName\":\"search_term_string\"}}],\"inLanguage\":\"pt-BR\"},{\"@type\":\"Person\",\"@id\":\"https:\/\/verdadeon.com.br\/portal\/#\/schema\/person\/cc32be22b8e8599387c480bc83e1d11a\",\"name\":\"Fernando Lima\",\"image\":{\"@type\":\"ImageObject\",\"inLanguage\":\"pt-BR\",\"@id\":\"https:\/\/verdadeon.com.br\/portal\/#\/schema\/person\/image\/\",\"url\":\"https:\/\/secure.gravatar.com\/avatar\/df4c8e132080d2b3a4841d5d232045464e0eed11a1d6e43115ca0843d48768d3?s=96&d=mm&r=g\",\"contentUrl\":\"https:\/\/secure.gravatar.com\/avatar\/df4c8e132080d2b3a4841d5d232045464e0eed11a1d6e43115ca0843d48768d3?s=96&d=mm&r=g\",\"caption\":\"Fernando Lima\"},\"sameAs\":[\"http:\/\/verdadeon.com.br\/\"],\"url\":\"https:\/\/verdadeon.com.br\/portal\/author\/fernando-lima\/\"}]}<\/script>\n<!-- \/ Yoast SEO plugin. -->","yoast_head_json":{"title":"Zona leste lidera acidentes de tr\u00e2nsito em Franca - VerdadeOn","robots":{"index":"index","follow":"follow","max-snippet":"max-snippet:-1","max-image-preview":"max-image-preview:large","max-video-preview":"max-video-preview:-1"},"canonical":"https:\/\/verdadeon.com.br\/portal\/2022\/09\/14\/zona-leste-lidera-acidentes-de-transito-em-franca\/","og_locale":"pt_BR","og_type":"article","og_title":"Zona leste lidera acidentes de tr\u00e2nsito em Franca - VerdadeOn","og_description":"At\u00e9 julho foram 401 acidentes registrados na cidade, sete deles terminaram em morte Fernando Lima A regi\u00e3o leste de Franca, que \u00e9 composta por bairros como [\u2026]","og_url":"https:\/\/verdadeon.com.br\/portal\/2022\/09\/14\/zona-leste-lidera-acidentes-de-transito-em-franca\/","og_site_name":"VerdadeOn","article_published_time":"2022-09-14T19:35:41+00:00","article_modified_time":"2022-09-14T21:29:10+00:00","og_image":[{"width":1024,"height":604,"url":"https:\/\/verdadeon.com.br\/portal\/wp-content\/uploads\/2022\/07\/MONTAGEM-ACIDENTE-1024x604.png","type":"image\/png"}],"author":"Fernando Lima","twitter_card":"summary_large_image","twitter_misc":{"Escrito por":"Fernando Lima","Est. tempo de leitura":"3 minutos"},"schema":{"@context":"https:\/\/schema.org","@graph":[{"@type":"WebPage","@id":"https:\/\/verdadeon.com.br\/portal\/2022\/09\/14\/zona-leste-lidera-acidentes-de-transito-em-franca\/","url":"https:\/\/verdadeon.com.br\/portal\/2022\/09\/14\/zona-leste-lidera-acidentes-de-transito-em-franca\/","name":"Zona leste lidera acidentes de tr\u00e2nsito em Franca - VerdadeOn","isPartOf":{"@id":"https:\/\/verdadeon.com.br\/portal\/#website"},"primaryImageOfPage":{"@id":"https:\/\/verdadeon.com.br\/portal\/2022\/09\/14\/zona-leste-lidera-acidentes-de-transito-em-franca\/#primaryimage"},"image":{"@id":"https:\/\/verdadeon.com.br\/portal\/2022\/09\/14\/zona-leste-lidera-acidentes-de-transito-em-franca\/#primaryimage"},"thumbnailUrl":"https:\/\/i0.wp.com\/verdadeon.com.br\/portal\/wp-content\/uploads\/2022\/07\/MONTAGEM-ACIDENTE.png?fit=2684%2C1584&ssl=1","datePublished":"2022-09-14T19:35:41+00:00","dateModified":"2022-09-14T21:29:10+00:00","author":{"@id":"https:\/\/verdadeon.com.br\/portal\/#\/schema\/person\/cc32be22b8e8599387c480bc83e1d11a"},"breadcrumb":{"@id":"https:\/\/verdadeon.com.br\/portal\/2022\/09\/14\/zona-leste-lidera-acidentes-de-transito-em-franca\/#breadcrumb"},"inLanguage":"pt-BR","potentialAction":[{"@type":"ReadAction","target":["https:\/\/verdadeon.com.br\/portal\/2022\/09\/14\/zona-leste-lidera-acidentes-de-transito-em-franca\/"]}]},{"@type":"ImageObject","inLanguage":"pt-BR","@id":"https:\/\/verdadeon.com.br\/portal\/2022\/09\/14\/zona-leste-lidera-acidentes-de-transito-em-franca\/#primaryimage","url":"https:\/\/i0.wp.com\/verdadeon.com.br\/portal\/wp-content\/uploads\/2022\/07\/MONTAGEM-ACIDENTE.png?fit=2684%2C1584&ssl=1","contentUrl":"https:\/\/i0.wp.com\/verdadeon.com.br\/portal\/wp-content\/uploads\/2022\/07\/MONTAGEM-ACIDENTE.png?fit=2684%2C1584&ssl=1","width":2684,"height":1584,"caption":"Em julho o Jornal Verdade trouxe um acidente de tr\u00e2nsito na regi\u00e3o central da cidade, onde dois idosos ficaram feridos | Foto: Rose Morais"},{"@type":"BreadcrumbList","@id":"https:\/\/verdadeon.com.br\/portal\/2022\/09\/14\/zona-leste-lidera-acidentes-de-transito-em-franca\/#breadcrumb","itemListElement":[{"@type":"ListItem","position":1,"name":"In\u00edcio","item":"https:\/\/verdadeon.com.br\/portal\/"},{"@type":"ListItem","position":2,"name":"Zona leste lidera acidentes de tr\u00e2nsito em Franca"}]},{"@type":"WebSite","@id":"https:\/\/verdadeon.com.br\/portal\/#website","url":"https:\/\/verdadeon.com.br\/portal\/","name":"VerdadeOn","description":"Not\u00edcias di\u00e1rias sobre Franca, Regi\u00e3o, Esporte, Cultura, Cotidiano, Colunas. Cobertura nos principais eventos da cidade \u00e9 aqui - Verdadeon Franca","potentialAction":[{"@type":"SearchAction","target":{"@type":"EntryPoint","urlTemplate":"https:\/\/verdadeon.com.br\/portal\/?s={search_term_string}"},"query-input":{"@type":"PropertyValueSpecification","valueRequired":true,"valueName":"search_term_string"}}],"inLanguage":"pt-BR"},{"@type":"Person","@id":"https:\/\/verdadeon.com.br\/portal\/#\/schema\/person\/cc32be22b8e8599387c480bc83e1d11a","name":"Fernando Lima","image":{"@type":"ImageObject","inLanguage":"pt-BR","@id":"https:\/\/verdadeon.com.br\/portal\/#\/schema\/person\/image\/","url":"https:\/\/secure.gravatar.com\/avatar\/df4c8e132080d2b3a4841d5d232045464e0eed11a1d6e43115ca0843d48768d3?s=96&d=mm&r=g","contentUrl":"https:\/\/secure.gravatar.com\/avatar\/df4c8e132080d2b3a4841d5d232045464e0eed11a1d6e43115ca0843d48768d3?s=96&d=mm&r=g","caption":"Fernando Lima"},"sameAs":["http:\/\/verdadeon.com.br\/"],"url":"https:\/\/verdadeon.com.br\/portal\/author\/fernando-lima\/"}]}},"jetpack_publicize_connections":[],"jetpack_featured_media_url":"https:\/\/i0.wp.com\/verdadeon.com.br\/portal\/wp-content\/uploads\/2022\/07\/MONTAGEM-ACIDENTE.png?fit=2684%2C1584&ssl=1","jetpack_sharing_enabled":true,"_links":{"self":[{"href":"https:\/\/verdadeon.com.br\/portal\/wp-json\/wp\/v2\/posts\/27952","targetHints":{"allow":["GET"]}}],"collection":[{"href":"https:\/\/verdadeon.com.br\/portal\/wp-json\/wp\/v2\/posts"}],"about":[{"href":"https:\/\/verdadeon.com.br\/portal\/wp-json\/wp\/v2\/types\/post"}],"author":[{"embeddable":true,"href":"https:\/\/verdadeon.com.br\/portal\/wp-json\/wp\/v2\/users\/7"}],"replies":[{"embeddable":true,"href":"https:\/\/verdadeon.com.br\/portal\/wp-json\/wp\/v2\/comments?post=27952"}],"version-history":[{"count":2,"href":"https:\/\/verdadeon.com.br\/portal\/wp-json\/wp\/v2\/posts\/27952\/revisions"}],"predecessor-version":[{"id":27972,"href":"https:\/\/verdadeon.com.br\/portal\/wp-json\/wp\/v2\/posts\/27952\/revisions\/27972"}],"wp:featuredmedia":[{"embeddable":true,"href":"https:\/\/verdadeon.com.br\/portal\/wp-json\/wp\/v2\/media\/26340"}],"wp:attachment":[{"href":"https:\/\/verdadeon.com.br\/portal\/wp-json\/wp\/v2\/media?parent=27952"}],"wp:term":[{"taxonomy":"category","embeddable":true,"href":"https:\/\/verdadeon.com.br\/portal\/wp-json\/wp\/v2\/categories?post=27952"},{"taxonomy":"post_tag","embeddable":true,"href":"https:\/\/verdadeon.com.br\/portal\/wp-json\/wp\/v2\/tags?post=27952"}],"curies":[{"name":"wp","href":"https:\/\/api.w.org\/{rel}","templated":true}]}}