{"id":27928,"date":"2022-09-13T16:01:03","date_gmt":"2022-09-13T19:01:03","guid":{"rendered":"https:\/\/verdadeon.com.br\/portal\/?p=27928"},"modified":"2022-09-13T16:01:03","modified_gmt":"2022-09-13T19:01:03","slug":"maconha-crack-e-cocaina-sao-incineradas-pela-dise-de-franca","status":"publish","type":"post","link":"https:\/\/verdadeon.com.br\/portal\/2022\/09\/13\/maconha-crack-e-cocaina-sao-incineradas-pela-dise-de-franca\/","title":{"rendered":"Maconha, crack e coca\u00edna s\u00e3o incineradas pela DISE de Franca"},"content":{"rendered":"<h2>Montante \u00e9 relativo a quatro meses de trabalho da Pol\u00edcia Civil e militar, descarte aconteceu em Patroc\u00ednio Paulista<\/h2>\n<p>Cerca de 80 kg de drogas foram incineradas pela DISE de Franca nesta ter\u00e7a-feira (13), em uma caldeira de uma empresa de latic\u00ednios da cidade de Patroc\u00ednio Paulista.<\/p>\n<p>Segundo o delegado Alan Bazalha Lopes, cerca de 77 kg eram de maconha, 2.6 kg de coca\u00edna e pouco mais de um quilo de crack. Al\u00e9m disso, materiais para o tr\u00e1fico, como balan\u00e7a, cadernos com anota\u00e7\u00f5es e outros objetos foram descartados no fogo.<\/p>\n<p>\u201cA gente n\u00e3o mensura o valor disso, mas certamente demonstra uma grande perda para o tr\u00e1fico\u201d, destacou o delegado.<\/p>\n<p>De acordo com os dados oficiais do Estado de S\u00e3o Paulo, de janeiro a julho deste ano, foram 171 ocorr\u00eancias de porte de drogas em Franca, 179 de tr\u00e1fico de entorpecentes, al\u00e9m de 13 apreens\u00f5es, que s\u00e3o aquelas onde apenas drogas s\u00e3o apreendidas sem que haja algum preso.<\/p>\n<h4>Regi\u00e3o norte<\/h4>\n<p>Os dados apontam ainda que a zona norte de Franca \u00e9 campe\u00e3 de ocorr\u00eancias relacionadas \u00e0s drogas, foram 112 no total em sete meses. Ela \u00e9 seguida pela regi\u00e3o oeste, com 93 ocorr\u00eancias.<\/p>\n<p>Em seguida a zona sul de Franca com 75 casos, j\u00e1 zona leste registrou 64 ocorr\u00eancias com drogas. A \u00e1rea central de Franca \u00e9 a que menos registrou ocorr\u00eancias com entorpecentes, apenas 19.<\/p>\n<p>A DISE possui um whatsapp onde den\u00fancias podem ser feitas de forma an\u00f4nima, o telefone \u00e9 o (16) 9.9112-6162. O sigilo \u00e9 absoluto.<\/p>\n","protected":false},"excerpt":{"rendered":"<p>Montante \u00e9 relativo a quatro meses de trabalho da Pol\u00edcia Civil e militar, descarte aconteceu em Patroc\u00ednio Paulista Cerca de 80 kg de drogas foram incineradas<span class=\"excerpt-hellip\"> [\u2026]<\/span><\/p>\n","protected":false},"author":7,"featured_media":27931,"comment_status":"open","ping_status":"open","sticky":false,"template":"","format":"standard","meta":{"_jetpack_memberships_contains_paid_content":false,"footnotes":"","jetpack_publicize_message":"","jetpack_publicize_feature_enabled":true,"jetpack_social_post_already_shared":false,"jetpack_social_options":{"image_generator_settings":{"template":"highway","default_image_id":0,"enabled":false},"version":2}},"categories":[28,81],"tags":[],"class_list":["post-27928","post","type-post","status-publish","format-standard","has-post-thumbnail","hentry","category-cotidiano","category-manchete"],"yoast_head":"<!-- This site is optimized with the Yoast SEO plugin v25.6 - https:\/\/yoast.com\/wordpress\/plugins\/seo\/ -->\n<title>Maconha, crack e coca\u00edna s\u00e3o incineradas pela DISE de Franca - VerdadeOn<\/title>\n<meta name=\"robots\" content=\"index, follow, max-snippet:-1, max-image-preview:large, max-video-preview:-1\" \/>\n<link rel=\"canonical\" href=\"https:\/\/verdadeon.com.br\/portal\/2022\/09\/13\/maconha-crack-e-cocaina-sao-incineradas-pela-dise-de-franca\/\" \/>\n<meta property=\"og:locale\" content=\"pt_BR\" \/>\n<meta property=\"og:type\" content=\"article\" \/>\n<meta property=\"og:title\" content=\"Maconha, crack e coca\u00edna s\u00e3o incineradas pela DISE de Franca - VerdadeOn\" \/>\n<meta property=\"og:description\" content=\"Montante \u00e9 relativo a quatro meses de trabalho da Pol\u00edcia Civil e militar, descarte aconteceu em Patroc\u00ednio Paulista Cerca de 80 kg de drogas foram incineradas [\u2026]\" \/>\n<meta property=\"og:url\" content=\"https:\/\/verdadeon.com.br\/portal\/2022\/09\/13\/maconha-crack-e-cocaina-sao-incineradas-pela-dise-de-franca\/\" \/>\n<meta property=\"og:site_name\" content=\"VerdadeOn\" \/>\n<meta property=\"article:published_time\" content=\"2022-09-13T19:01:03+00:00\" \/>\n<meta property=\"og:image\" content=\"https:\/\/verdadeon.com.br\/portal\/wp-content\/uploads\/2022\/09\/WhatsApp-Image-2022-09-13-at-10.12.48.jpeg\" \/>\n\t<meta property=\"og:image:width\" content=\"1599\" \/>\n\t<meta property=\"og:image:height\" content=\"899\" \/>\n\t<meta property=\"og:image:type\" content=\"image\/jpeg\" \/>\n<meta name=\"author\" content=\"Fernando Lima\" \/>\n<meta name=\"twitter:card\" content=\"summary_large_image\" \/>\n<meta name=\"twitter:label1\" content=\"Escrito por\" \/>\n\t<meta name=\"twitter:data1\" content=\"Fernando Lima\" \/>\n\t<meta name=\"twitter:label2\" content=\"Est. tempo de leitura\" \/>\n\t<meta name=\"twitter:data2\" content=\"2 minutos\" \/>\n<script type=\"application\/ld+json\" class=\"yoast-schema-graph\">{\"@context\":\"https:\/\/schema.org\",\"@graph\":[{\"@type\":\"WebPage\",\"@id\":\"https:\/\/verdadeon.com.br\/portal\/2022\/09\/13\/maconha-crack-e-cocaina-sao-incineradas-pela-dise-de-franca\/\",\"url\":\"https:\/\/verdadeon.com.br\/portal\/2022\/09\/13\/maconha-crack-e-cocaina-sao-incineradas-pela-dise-de-franca\/\",\"name\":\"Maconha, crack e coca\u00edna s\u00e3o incineradas pela DISE de Franca - VerdadeOn\",\"isPartOf\":{\"@id\":\"https:\/\/verdadeon.com.br\/portal\/#website\"},\"primaryImageOfPage\":{\"@id\":\"https:\/\/verdadeon.com.br\/portal\/2022\/09\/13\/maconha-crack-e-cocaina-sao-incineradas-pela-dise-de-franca\/#primaryimage\"},\"image\":{\"@id\":\"https:\/\/verdadeon.com.br\/portal\/2022\/09\/13\/maconha-crack-e-cocaina-sao-incineradas-pela-dise-de-franca\/#primaryimage\"},\"thumbnailUrl\":\"https:\/\/i0.wp.com\/verdadeon.com.br\/portal\/wp-content\/uploads\/2022\/09\/WhatsApp-Image-2022-09-13-at-10.12.48.jpeg?fit=1599%2C899&ssl=1\",\"datePublished\":\"2022-09-13T19:01:03+00:00\",\"author\":{\"@id\":\"https:\/\/verdadeon.com.br\/portal\/#\/schema\/person\/cc32be22b8e8599387c480bc83e1d11a\"},\"breadcrumb\":{\"@id\":\"https:\/\/verdadeon.com.br\/portal\/2022\/09\/13\/maconha-crack-e-cocaina-sao-incineradas-pela-dise-de-franca\/#breadcrumb\"},\"inLanguage\":\"pt-BR\",\"potentialAction\":[{\"@type\":\"ReadAction\",\"target\":[\"https:\/\/verdadeon.com.br\/portal\/2022\/09\/13\/maconha-crack-e-cocaina-sao-incineradas-pela-dise-de-franca\/\"]}]},{\"@type\":\"ImageObject\",\"inLanguage\":\"pt-BR\",\"@id\":\"https:\/\/verdadeon.com.br\/portal\/2022\/09\/13\/maconha-crack-e-cocaina-sao-incineradas-pela-dise-de-franca\/#primaryimage\",\"url\":\"https:\/\/i0.wp.com\/verdadeon.com.br\/portal\/wp-content\/uploads\/2022\/09\/WhatsApp-Image-2022-09-13-at-10.12.48.jpeg?fit=1599%2C899&ssl=1\",\"contentUrl\":\"https:\/\/i0.wp.com\/verdadeon.com.br\/portal\/wp-content\/uploads\/2022\/09\/WhatsApp-Image-2022-09-13-at-10.12.48.jpeg?fit=1599%2C899&ssl=1\",\"width\":1599,\"height\":899,\"caption\":\"Entorpecentes foram descartados em uma caldeira de uma empresa na cidade de Patroc\u00ednio Paulista | Foto: DISE\"},{\"@type\":\"BreadcrumbList\",\"@id\":\"https:\/\/verdadeon.com.br\/portal\/2022\/09\/13\/maconha-crack-e-cocaina-sao-incineradas-pela-dise-de-franca\/#breadcrumb\",\"itemListElement\":[{\"@type\":\"ListItem\",\"position\":1,\"name\":\"In\u00edcio\",\"item\":\"https:\/\/verdadeon.com.br\/portal\/\"},{\"@type\":\"ListItem\",\"position\":2,\"name\":\"Maconha, crack e coca\u00edna s\u00e3o incineradas pela DISE de Franca\"}]},{\"@type\":\"WebSite\",\"@id\":\"https:\/\/verdadeon.com.br\/portal\/#website\",\"url\":\"https:\/\/verdadeon.com.br\/portal\/\",\"name\":\"VerdadeOn\",\"description\":\"Not\u00edcias di\u00e1rias sobre Franca, Regi\u00e3o, Esporte, Cultura, Cotidiano, Colunas. Cobertura nos principais eventos da cidade \u00e9 aqui - Verdadeon Franca\",\"potentialAction\":[{\"@type\":\"SearchAction\",\"target\":{\"@type\":\"EntryPoint\",\"urlTemplate\":\"https:\/\/verdadeon.com.br\/portal\/?s={search_term_string}\"},\"query-input\":{\"@type\":\"PropertyValueSpecification\",\"valueRequired\":true,\"valueName\":\"search_term_string\"}}],\"inLanguage\":\"pt-BR\"},{\"@type\":\"Person\",\"@id\":\"https:\/\/verdadeon.com.br\/portal\/#\/schema\/person\/cc32be22b8e8599387c480bc83e1d11a\",\"name\":\"Fernando Lima\",\"image\":{\"@type\":\"ImageObject\",\"inLanguage\":\"pt-BR\",\"@id\":\"https:\/\/verdadeon.com.br\/portal\/#\/schema\/person\/image\/\",\"url\":\"https:\/\/secure.gravatar.com\/avatar\/df4c8e132080d2b3a4841d5d232045464e0eed11a1d6e43115ca0843d48768d3?s=96&d=mm&r=g\",\"contentUrl\":\"https:\/\/secure.gravatar.com\/avatar\/df4c8e132080d2b3a4841d5d232045464e0eed11a1d6e43115ca0843d48768d3?s=96&d=mm&r=g\",\"caption\":\"Fernando Lima\"},\"sameAs\":[\"http:\/\/verdadeon.com.br\/\"],\"url\":\"https:\/\/verdadeon.com.br\/portal\/author\/fernando-lima\/\"}]}<\/script>\n<!-- \/ Yoast SEO plugin. -->","yoast_head_json":{"title":"Maconha, crack e coca\u00edna s\u00e3o incineradas pela DISE de Franca - VerdadeOn","robots":{"index":"index","follow":"follow","max-snippet":"max-snippet:-1","max-image-preview":"max-image-preview:large","max-video-preview":"max-video-preview:-1"},"canonical":"https:\/\/verdadeon.com.br\/portal\/2022\/09\/13\/maconha-crack-e-cocaina-sao-incineradas-pela-dise-de-franca\/","og_locale":"pt_BR","og_type":"article","og_title":"Maconha, crack e coca\u00edna s\u00e3o incineradas pela DISE de Franca - VerdadeOn","og_description":"Montante \u00e9 relativo a quatro meses de trabalho da Pol\u00edcia Civil e militar, descarte aconteceu em Patroc\u00ednio Paulista Cerca de 80 kg de drogas foram incineradas [\u2026]","og_url":"https:\/\/verdadeon.com.br\/portal\/2022\/09\/13\/maconha-crack-e-cocaina-sao-incineradas-pela-dise-de-franca\/","og_site_name":"VerdadeOn","article_published_time":"2022-09-13T19:01:03+00:00","og_image":[{"width":1599,"height":899,"url":"https:\/\/verdadeon.com.br\/portal\/wp-content\/uploads\/2022\/09\/WhatsApp-Image-2022-09-13-at-10.12.48.jpeg","type":"image\/jpeg"}],"author":"Fernando Lima","twitter_card":"summary_large_image","twitter_misc":{"Escrito por":"Fernando Lima","Est. tempo de leitura":"2 minutos"},"schema":{"@context":"https:\/\/schema.org","@graph":[{"@type":"WebPage","@id":"https:\/\/verdadeon.com.br\/portal\/2022\/09\/13\/maconha-crack-e-cocaina-sao-incineradas-pela-dise-de-franca\/","url":"https:\/\/verdadeon.com.br\/portal\/2022\/09\/13\/maconha-crack-e-cocaina-sao-incineradas-pela-dise-de-franca\/","name":"Maconha, crack e coca\u00edna s\u00e3o incineradas pela DISE de Franca - VerdadeOn","isPartOf":{"@id":"https:\/\/verdadeon.com.br\/portal\/#website"},"primaryImageOfPage":{"@id":"https:\/\/verdadeon.com.br\/portal\/2022\/09\/13\/maconha-crack-e-cocaina-sao-incineradas-pela-dise-de-franca\/#primaryimage"},"image":{"@id":"https:\/\/verdadeon.com.br\/portal\/2022\/09\/13\/maconha-crack-e-cocaina-sao-incineradas-pela-dise-de-franca\/#primaryimage"},"thumbnailUrl":"https:\/\/i0.wp.com\/verdadeon.com.br\/portal\/wp-content\/uploads\/2022\/09\/WhatsApp-Image-2022-09-13-at-10.12.48.jpeg?fit=1599%2C899&ssl=1","datePublished":"2022-09-13T19:01:03+00:00","author":{"@id":"https:\/\/verdadeon.com.br\/portal\/#\/schema\/person\/cc32be22b8e8599387c480bc83e1d11a"},"breadcrumb":{"@id":"https:\/\/verdadeon.com.br\/portal\/2022\/09\/13\/maconha-crack-e-cocaina-sao-incineradas-pela-dise-de-franca\/#breadcrumb"},"inLanguage":"pt-BR","potentialAction":[{"@type":"ReadAction","target":["https:\/\/verdadeon.com.br\/portal\/2022\/09\/13\/maconha-crack-e-cocaina-sao-incineradas-pela-dise-de-franca\/"]}]},{"@type":"ImageObject","inLanguage":"pt-BR","@id":"https:\/\/verdadeon.com.br\/portal\/2022\/09\/13\/maconha-crack-e-cocaina-sao-incineradas-pela-dise-de-franca\/#primaryimage","url":"https:\/\/i0.wp.com\/verdadeon.com.br\/portal\/wp-content\/uploads\/2022\/09\/WhatsApp-Image-2022-09-13-at-10.12.48.jpeg?fit=1599%2C899&ssl=1","contentUrl":"https:\/\/i0.wp.com\/verdadeon.com.br\/portal\/wp-content\/uploads\/2022\/09\/WhatsApp-Image-2022-09-13-at-10.12.48.jpeg?fit=1599%2C899&ssl=1","width":1599,"height":899,"caption":"Entorpecentes foram descartados em uma caldeira de uma empresa na cidade de Patroc\u00ednio Paulista | Foto: DISE"},{"@type":"BreadcrumbList","@id":"https:\/\/verdadeon.com.br\/portal\/2022\/09\/13\/maconha-crack-e-cocaina-sao-incineradas-pela-dise-de-franca\/#breadcrumb","itemListElement":[{"@type":"ListItem","position":1,"name":"In\u00edcio","item":"https:\/\/verdadeon.com.br\/portal\/"},{"@type":"ListItem","position":2,"name":"Maconha, crack e coca\u00edna s\u00e3o incineradas pela DISE de Franca"}]},{"@type":"WebSite","@id":"https:\/\/verdadeon.com.br\/portal\/#website","url":"https:\/\/verdadeon.com.br\/portal\/","name":"VerdadeOn","description":"Not\u00edcias di\u00e1rias sobre Franca, Regi\u00e3o, Esporte, Cultura, Cotidiano, Colunas. Cobertura nos principais eventos da cidade \u00e9 aqui - Verdadeon Franca","potentialAction":[{"@type":"SearchAction","target":{"@type":"EntryPoint","urlTemplate":"https:\/\/verdadeon.com.br\/portal\/?s={search_term_string}"},"query-input":{"@type":"PropertyValueSpecification","valueRequired":true,"valueName":"search_term_string"}}],"inLanguage":"pt-BR"},{"@type":"Person","@id":"https:\/\/verdadeon.com.br\/portal\/#\/schema\/person\/cc32be22b8e8599387c480bc83e1d11a","name":"Fernando Lima","image":{"@type":"ImageObject","inLanguage":"pt-BR","@id":"https:\/\/verdadeon.com.br\/portal\/#\/schema\/person\/image\/","url":"https:\/\/secure.gravatar.com\/avatar\/df4c8e132080d2b3a4841d5d232045464e0eed11a1d6e43115ca0843d48768d3?s=96&d=mm&r=g","contentUrl":"https:\/\/secure.gravatar.com\/avatar\/df4c8e132080d2b3a4841d5d232045464e0eed11a1d6e43115ca0843d48768d3?s=96&d=mm&r=g","caption":"Fernando Lima"},"sameAs":["http:\/\/verdadeon.com.br\/"],"url":"https:\/\/verdadeon.com.br\/portal\/author\/fernando-lima\/"}]}},"jetpack_publicize_connections":[],"jetpack_featured_media_url":"https:\/\/i0.wp.com\/verdadeon.com.br\/portal\/wp-content\/uploads\/2022\/09\/WhatsApp-Image-2022-09-13-at-10.12.48.jpeg?fit=1599%2C899&ssl=1","jetpack_sharing_enabled":true,"_links":{"self":[{"href":"https:\/\/verdadeon.com.br\/portal\/wp-json\/wp\/v2\/posts\/27928","targetHints":{"allow":["GET"]}}],"collection":[{"href":"https:\/\/verdadeon.com.br\/portal\/wp-json\/wp\/v2\/posts"}],"about":[{"href":"https:\/\/verdadeon.com.br\/portal\/wp-json\/wp\/v2\/types\/post"}],"author":[{"embeddable":true,"href":"https:\/\/verdadeon.com.br\/portal\/wp-json\/wp\/v2\/users\/7"}],"replies":[{"embeddable":true,"href":"https:\/\/verdadeon.com.br\/portal\/wp-json\/wp\/v2\/comments?post=27928"}],"version-history":[{"count":1,"href":"https:\/\/verdadeon.com.br\/portal\/wp-json\/wp\/v2\/posts\/27928\/revisions"}],"predecessor-version":[{"id":27930,"href":"https:\/\/verdadeon.com.br\/portal\/wp-json\/wp\/v2\/posts\/27928\/revisions\/27930"}],"wp:featuredmedia":[{"embeddable":true,"href":"https:\/\/verdadeon.com.br\/portal\/wp-json\/wp\/v2\/media\/27931"}],"wp:attachment":[{"href":"https:\/\/verdadeon.com.br\/portal\/wp-json\/wp\/v2\/media?parent=27928"}],"wp:term":[{"taxonomy":"category","embeddable":true,"href":"https:\/\/verdadeon.com.br\/portal\/wp-json\/wp\/v2\/categories?post=27928"},{"taxonomy":"post_tag","embeddable":true,"href":"https:\/\/verdadeon.com.br\/portal\/wp-json\/wp\/v2\/tags?post=27928"}],"curies":[{"name":"wp","href":"https:\/\/api.w.org\/{rel}","templated":true}]}}