{"id":27912,"date":"2022-09-12T15:05:11","date_gmt":"2022-09-12T18:05:11","guid":{"rendered":"https:\/\/verdadeon.com.br\/portal\/?p=27912"},"modified":"2022-09-12T16:03:28","modified_gmt":"2022-09-12T19:03:28","slug":"enterrado-em-franca-homem-que-morreu-afogado-em-ribeirao-corrente","status":"publish","type":"post","link":"https:\/\/verdadeon.com.br\/portal\/2022\/09\/12\/enterrado-em-franca-homem-que-morreu-afogado-em-ribeirao-corrente\/","title":{"rendered":"Enterrado em Franca homem que morreu afogado em Ribeir\u00e3o Corrente"},"content":{"rendered":"<h2>O eletricista tentou atravessar uma represa na zona rural e acabou afogando, caso \u00e9 apurado pela Pol\u00edcia Civil<\/h2>\n<p>Foi enterrado na tarde desta segunda-feira (12), o corpo de Werbet Mendanha Silva, de 37 anos, ele morreu afogado enquanto tentava atravessar uma represa na zona rural de Ribeir\u00e3o Corrente.<\/p>\n<p>Segundo o registro, ele estava em um rancho com familiares e amigos, e desapareceu enquanto tentava atravessar o local. Os bombeiros de Franca foram acionados e encontraram o corpo cerca de uma hora ap\u00f3s o in\u00edcio das buscas. Werbet foi levado para o Instituto M\u00e9dico Legal (IML) de Franca, e ap\u00f3s liberado para os familiares.<\/p>\n<p>Ele foi velado e sepultado no cemit\u00e9rio Santo Agostinho, na zona norte da cidade.<\/p>\n<p>Nas redes sociais a morte do homem causou como\u00e7\u00e3o. &#8220;Descanse em paz meu cunhado,Deus te receba de bra\u00e7os abertos&#8221;, escreveu Francielle Mota.\u00a0 &#8220;Que o Esp\u00edrito Santo Consolador possa confortar o cora\u00e7\u00e3o de voc\u00eas e de todos os familiares&#8221;, escreveu outra usu\u00e1ria do facebook.<\/p>\n<p>Werbet deixa dois filhos e a esposa.<\/p>\n<h4>Perigo<\/h4>\n<p>Com a aproxima\u00e7\u00e3o do ver\u00e3o as temperaturas tendem a subir, e a ida a cachoeiras, rios e represas se tornam mais comuns. Em mar\u00e7o deste ano, o Jornal Verdade mostrou o caso de tr\u00eas jovens que morreram na Cacheira dos Dourados, em Nuporanga na regi\u00e3o de Franca.<\/p>\n<p>Jos\u00e9 Leomar e Wanderson Cruz, ambos de 22 anos, e Luan Rodrigues, de 18, estavam nadando quando afundaram e foram levados pela correnteza do rio Sapuca\u00ed, no dia 6 de mar\u00e7o.\u00a0\u201cO Leomar foi primeiro, junto com outro amigo nosso. Eles come\u00e7aram a afundar, e eu, o Wanderson e o Luan, fomos at\u00e9 l\u00e1 para tentar ajudar. N\u00f3s conseguimos salvar o Matheus, mas os outros cansaram de nadar e come\u00e7aram a afundar at\u00e9 que sumiram. Foi um desespero muito grande\u201d, contou Jhonatan Raylan, operador de m\u00e1quinas que testemunhou tudo.<\/p>\n<p>Ainda segundo Jhonatan, eles subiram at\u00e9 pr\u00f3ximo a rodovia onde conseguiram sinal de celular para acionar os bombeiros. Eles estiveram no local, mas por conta da baixa luminosidade e a for\u00e7a da correnteza, as buscas tiveram in\u00edcio apenas na manh\u00e3 de segunda-feira (7).<\/p>\n<p>Jos\u00e9 Leomar e Wanderson Cruz foram encontrados por familiares que faziam uma busca paralela a dos bombeiros, enquanto que o corpo de Luan continua desaparecido.<\/p>\n<p>No site do Corpo de Bombeiros existem dicas para a popula\u00e7\u00e3o prevenir afogamentos como estes, entre elas est\u00e1 a de n\u00e3o entrar em locais com correntezas, e caso estiver em alguma embarca\u00e7\u00e3o, usar sempre o colete salva-vidas.<\/p>\n<p>\u201cEm rios sem corredeiras, n\u00e3o ultrapasse a altura do joelho, pois o n\u00edvel pode aumentar rapidamente. Em represas, cuidado para n\u00e3o enroscar partes do corpo na vegeta\u00e7\u00e3o que pode estar no fundo\u201d.<\/p>\n<p>Em casos de afogamento a principal recomenda\u00e7\u00e3o \u00e9 imediatamente acionar o Corpo de Bombeiros. \u201c\u00c9 muito perigoso tentar salvar uma v\u00edtima de afogamento sem o treinamento adequado, n\u00e3o coloque em risco sua vida. Tente jogar algum objeto para a pessoa flutuar ou uma corda\u201d, informou o \u00f3rg\u00e3o.<\/p>\n","protected":false},"excerpt":{"rendered":"<p>O eletricista tentou atravessar uma represa na zona rural e acabou afogando, caso \u00e9 apurado pela Pol\u00edcia Civil Foi enterrado na tarde desta segunda-feira (12), o<span class=\"excerpt-hellip\"> [\u2026]<\/span><\/p>\n","protected":false},"author":7,"featured_media":27913,"comment_status":"open","ping_status":"open","sticky":false,"template":"","format":"standard","meta":{"_jetpack_memberships_contains_paid_content":false,"footnotes":"","jetpack_publicize_message":"","jetpack_publicize_feature_enabled":true,"jetpack_social_post_already_shared":false,"jetpack_social_options":{"image_generator_settings":{"template":"highway","default_image_id":0,"enabled":false},"version":2}},"categories":[28,81],"tags":[],"class_list":["post-27912","post","type-post","status-publish","format-standard","has-post-thumbnail","hentry","category-cotidiano","category-manchete"],"yoast_head":"<!-- This site is optimized with the Yoast SEO plugin v25.6 - https:\/\/yoast.com\/wordpress\/plugins\/seo\/ -->\n<title>Enterrado em Franca homem que morreu afogado em Ribeir\u00e3o Corrente - VerdadeOn<\/title>\n<meta name=\"robots\" content=\"index, follow, max-snippet:-1, max-image-preview:large, max-video-preview:-1\" \/>\n<link rel=\"canonical\" href=\"https:\/\/verdadeon.com.br\/portal\/2022\/09\/12\/enterrado-em-franca-homem-que-morreu-afogado-em-ribeirao-corrente\/\" \/>\n<meta property=\"og:locale\" content=\"pt_BR\" \/>\n<meta property=\"og:type\" content=\"article\" \/>\n<meta property=\"og:title\" content=\"Enterrado em Franca homem que morreu afogado em Ribeir\u00e3o Corrente - VerdadeOn\" \/>\n<meta property=\"og:description\" content=\"O eletricista tentou atravessar uma represa na zona rural e acabou afogando, caso \u00e9 apurado pela Pol\u00edcia Civil Foi enterrado na tarde desta segunda-feira (12), o [\u2026]\" \/>\n<meta property=\"og:url\" content=\"https:\/\/verdadeon.com.br\/portal\/2022\/09\/12\/enterrado-em-franca-homem-que-morreu-afogado-em-ribeirao-corrente\/\" \/>\n<meta property=\"og:site_name\" content=\"VerdadeOn\" \/>\n<meta property=\"article:published_time\" content=\"2022-09-12T18:05:11+00:00\" \/>\n<meta property=\"article:modified_time\" content=\"2022-09-12T19:03:28+00:00\" \/>\n<meta property=\"og:image\" content=\"https:\/\/verdadeon.com.br\/portal\/wp-content\/uploads\/2022\/09\/WhatsApp-Image-2022-09-12-at-15.28.34.jpeg\" \/>\n\t<meta property=\"og:image:width\" content=\"1000\" \/>\n\t<meta property=\"og:image:height\" content=\"670\" \/>\n\t<meta property=\"og:image:type\" content=\"image\/jpeg\" \/>\n<meta name=\"author\" content=\"Fernando Lima\" \/>\n<meta name=\"twitter:card\" content=\"summary_large_image\" \/>\n<meta name=\"twitter:label1\" content=\"Escrito por\" \/>\n\t<meta name=\"twitter:data1\" content=\"Fernando Lima\" \/>\n\t<meta name=\"twitter:label2\" content=\"Est. tempo de leitura\" \/>\n\t<meta name=\"twitter:data2\" content=\"3 minutos\" \/>\n<script type=\"application\/ld+json\" class=\"yoast-schema-graph\">{\"@context\":\"https:\/\/schema.org\",\"@graph\":[{\"@type\":\"WebPage\",\"@id\":\"https:\/\/verdadeon.com.br\/portal\/2022\/09\/12\/enterrado-em-franca-homem-que-morreu-afogado-em-ribeirao-corrente\/\",\"url\":\"https:\/\/verdadeon.com.br\/portal\/2022\/09\/12\/enterrado-em-franca-homem-que-morreu-afogado-em-ribeirao-corrente\/\",\"name\":\"Enterrado em Franca homem que morreu afogado em Ribeir\u00e3o Corrente - VerdadeOn\",\"isPartOf\":{\"@id\":\"https:\/\/verdadeon.com.br\/portal\/#website\"},\"primaryImageOfPage\":{\"@id\":\"https:\/\/verdadeon.com.br\/portal\/2022\/09\/12\/enterrado-em-franca-homem-que-morreu-afogado-em-ribeirao-corrente\/#primaryimage\"},\"image\":{\"@id\":\"https:\/\/verdadeon.com.br\/portal\/2022\/09\/12\/enterrado-em-franca-homem-que-morreu-afogado-em-ribeirao-corrente\/#primaryimage\"},\"thumbnailUrl\":\"https:\/\/i0.wp.com\/verdadeon.com.br\/portal\/wp-content\/uploads\/2022\/09\/WhatsApp-Image-2022-09-12-at-15.28.34.jpeg?fit=1000%2C670&ssl=1\",\"datePublished\":\"2022-09-12T18:05:11+00:00\",\"dateModified\":\"2022-09-12T19:03:28+00:00\",\"author\":{\"@id\":\"https:\/\/verdadeon.com.br\/portal\/#\/schema\/person\/cc32be22b8e8599387c480bc83e1d11a\"},\"breadcrumb\":{\"@id\":\"https:\/\/verdadeon.com.br\/portal\/2022\/09\/12\/enterrado-em-franca-homem-que-morreu-afogado-em-ribeirao-corrente\/#breadcrumb\"},\"inLanguage\":\"pt-BR\",\"potentialAction\":[{\"@type\":\"ReadAction\",\"target\":[\"https:\/\/verdadeon.com.br\/portal\/2022\/09\/12\/enterrado-em-franca-homem-que-morreu-afogado-em-ribeirao-corrente\/\"]}]},{\"@type\":\"ImageObject\",\"inLanguage\":\"pt-BR\",\"@id\":\"https:\/\/verdadeon.com.br\/portal\/2022\/09\/12\/enterrado-em-franca-homem-que-morreu-afogado-em-ribeirao-corrente\/#primaryimage\",\"url\":\"https:\/\/i0.wp.com\/verdadeon.com.br\/portal\/wp-content\/uploads\/2022\/09\/WhatsApp-Image-2022-09-12-at-15.28.34.jpeg?fit=1000%2C670&ssl=1\",\"contentUrl\":\"https:\/\/i0.wp.com\/verdadeon.com.br\/portal\/wp-content\/uploads\/2022\/09\/WhatsApp-Image-2022-09-12-at-15.28.34.jpeg?fit=1000%2C670&ssl=1\",\"width\":1000,\"height\":670,\"caption\":\"A v\u00edtima foi encontrada pelos bombeiros de Franca cerca de uma hora depois de ter desaparecido, caso ser\u00e1 apurado pela Pol\u00edcia Civil | Foto: Arquivo pessoal\"},{\"@type\":\"BreadcrumbList\",\"@id\":\"https:\/\/verdadeon.com.br\/portal\/2022\/09\/12\/enterrado-em-franca-homem-que-morreu-afogado-em-ribeirao-corrente\/#breadcrumb\",\"itemListElement\":[{\"@type\":\"ListItem\",\"position\":1,\"name\":\"In\u00edcio\",\"item\":\"https:\/\/verdadeon.com.br\/portal\/\"},{\"@type\":\"ListItem\",\"position\":2,\"name\":\"Enterrado em Franca homem que morreu afogado em Ribeir\u00e3o Corrente\"}]},{\"@type\":\"WebSite\",\"@id\":\"https:\/\/verdadeon.com.br\/portal\/#website\",\"url\":\"https:\/\/verdadeon.com.br\/portal\/\",\"name\":\"VerdadeOn\",\"description\":\"Not\u00edcias di\u00e1rias sobre Franca, Regi\u00e3o, Esporte, Cultura, Cotidiano, Colunas. Cobertura nos principais eventos da cidade \u00e9 aqui - Verdadeon Franca\",\"potentialAction\":[{\"@type\":\"SearchAction\",\"target\":{\"@type\":\"EntryPoint\",\"urlTemplate\":\"https:\/\/verdadeon.com.br\/portal\/?s={search_term_string}\"},\"query-input\":{\"@type\":\"PropertyValueSpecification\",\"valueRequired\":true,\"valueName\":\"search_term_string\"}}],\"inLanguage\":\"pt-BR\"},{\"@type\":\"Person\",\"@id\":\"https:\/\/verdadeon.com.br\/portal\/#\/schema\/person\/cc32be22b8e8599387c480bc83e1d11a\",\"name\":\"Fernando Lima\",\"image\":{\"@type\":\"ImageObject\",\"inLanguage\":\"pt-BR\",\"@id\":\"https:\/\/verdadeon.com.br\/portal\/#\/schema\/person\/image\/\",\"url\":\"https:\/\/secure.gravatar.com\/avatar\/df4c8e132080d2b3a4841d5d232045464e0eed11a1d6e43115ca0843d48768d3?s=96&d=mm&r=g\",\"contentUrl\":\"https:\/\/secure.gravatar.com\/avatar\/df4c8e132080d2b3a4841d5d232045464e0eed11a1d6e43115ca0843d48768d3?s=96&d=mm&r=g\",\"caption\":\"Fernando Lima\"},\"sameAs\":[\"http:\/\/verdadeon.com.br\/\"],\"url\":\"https:\/\/verdadeon.com.br\/portal\/author\/fernando-lima\/\"}]}<\/script>\n<!-- \/ Yoast SEO plugin. -->","yoast_head_json":{"title":"Enterrado em Franca homem que morreu afogado em Ribeir\u00e3o Corrente - VerdadeOn","robots":{"index":"index","follow":"follow","max-snippet":"max-snippet:-1","max-image-preview":"max-image-preview:large","max-video-preview":"max-video-preview:-1"},"canonical":"https:\/\/verdadeon.com.br\/portal\/2022\/09\/12\/enterrado-em-franca-homem-que-morreu-afogado-em-ribeirao-corrente\/","og_locale":"pt_BR","og_type":"article","og_title":"Enterrado em Franca homem que morreu afogado em Ribeir\u00e3o Corrente - VerdadeOn","og_description":"O eletricista tentou atravessar uma represa na zona rural e acabou afogando, caso \u00e9 apurado pela Pol\u00edcia Civil Foi enterrado na tarde desta segunda-feira (12), o [\u2026]","og_url":"https:\/\/verdadeon.com.br\/portal\/2022\/09\/12\/enterrado-em-franca-homem-que-morreu-afogado-em-ribeirao-corrente\/","og_site_name":"VerdadeOn","article_published_time":"2022-09-12T18:05:11+00:00","article_modified_time":"2022-09-12T19:03:28+00:00","og_image":[{"width":1000,"height":670,"url":"https:\/\/verdadeon.com.br\/portal\/wp-content\/uploads\/2022\/09\/WhatsApp-Image-2022-09-12-at-15.28.34.jpeg","type":"image\/jpeg"}],"author":"Fernando Lima","twitter_card":"summary_large_image","twitter_misc":{"Escrito por":"Fernando Lima","Est. tempo de leitura":"3 minutos"},"schema":{"@context":"https:\/\/schema.org","@graph":[{"@type":"WebPage","@id":"https:\/\/verdadeon.com.br\/portal\/2022\/09\/12\/enterrado-em-franca-homem-que-morreu-afogado-em-ribeirao-corrente\/","url":"https:\/\/verdadeon.com.br\/portal\/2022\/09\/12\/enterrado-em-franca-homem-que-morreu-afogado-em-ribeirao-corrente\/","name":"Enterrado em Franca homem que morreu afogado em Ribeir\u00e3o Corrente - VerdadeOn","isPartOf":{"@id":"https:\/\/verdadeon.com.br\/portal\/#website"},"primaryImageOfPage":{"@id":"https:\/\/verdadeon.com.br\/portal\/2022\/09\/12\/enterrado-em-franca-homem-que-morreu-afogado-em-ribeirao-corrente\/#primaryimage"},"image":{"@id":"https:\/\/verdadeon.com.br\/portal\/2022\/09\/12\/enterrado-em-franca-homem-que-morreu-afogado-em-ribeirao-corrente\/#primaryimage"},"thumbnailUrl":"https:\/\/i0.wp.com\/verdadeon.com.br\/portal\/wp-content\/uploads\/2022\/09\/WhatsApp-Image-2022-09-12-at-15.28.34.jpeg?fit=1000%2C670&ssl=1","datePublished":"2022-09-12T18:05:11+00:00","dateModified":"2022-09-12T19:03:28+00:00","author":{"@id":"https:\/\/verdadeon.com.br\/portal\/#\/schema\/person\/cc32be22b8e8599387c480bc83e1d11a"},"breadcrumb":{"@id":"https:\/\/verdadeon.com.br\/portal\/2022\/09\/12\/enterrado-em-franca-homem-que-morreu-afogado-em-ribeirao-corrente\/#breadcrumb"},"inLanguage":"pt-BR","potentialAction":[{"@type":"ReadAction","target":["https:\/\/verdadeon.com.br\/portal\/2022\/09\/12\/enterrado-em-franca-homem-que-morreu-afogado-em-ribeirao-corrente\/"]}]},{"@type":"ImageObject","inLanguage":"pt-BR","@id":"https:\/\/verdadeon.com.br\/portal\/2022\/09\/12\/enterrado-em-franca-homem-que-morreu-afogado-em-ribeirao-corrente\/#primaryimage","url":"https:\/\/i0.wp.com\/verdadeon.com.br\/portal\/wp-content\/uploads\/2022\/09\/WhatsApp-Image-2022-09-12-at-15.28.34.jpeg?fit=1000%2C670&ssl=1","contentUrl":"https:\/\/i0.wp.com\/verdadeon.com.br\/portal\/wp-content\/uploads\/2022\/09\/WhatsApp-Image-2022-09-12-at-15.28.34.jpeg?fit=1000%2C670&ssl=1","width":1000,"height":670,"caption":"A v\u00edtima foi encontrada pelos bombeiros de Franca cerca de uma hora depois de ter desaparecido, caso ser\u00e1 apurado pela Pol\u00edcia Civil | Foto: Arquivo pessoal"},{"@type":"BreadcrumbList","@id":"https:\/\/verdadeon.com.br\/portal\/2022\/09\/12\/enterrado-em-franca-homem-que-morreu-afogado-em-ribeirao-corrente\/#breadcrumb","itemListElement":[{"@type":"ListItem","position":1,"name":"In\u00edcio","item":"https:\/\/verdadeon.com.br\/portal\/"},{"@type":"ListItem","position":2,"name":"Enterrado em Franca homem que morreu afogado em Ribeir\u00e3o Corrente"}]},{"@type":"WebSite","@id":"https:\/\/verdadeon.com.br\/portal\/#website","url":"https:\/\/verdadeon.com.br\/portal\/","name":"VerdadeOn","description":"Not\u00edcias di\u00e1rias sobre Franca, Regi\u00e3o, Esporte, Cultura, Cotidiano, Colunas. Cobertura nos principais eventos da cidade \u00e9 aqui - Verdadeon Franca","potentialAction":[{"@type":"SearchAction","target":{"@type":"EntryPoint","urlTemplate":"https:\/\/verdadeon.com.br\/portal\/?s={search_term_string}"},"query-input":{"@type":"PropertyValueSpecification","valueRequired":true,"valueName":"search_term_string"}}],"inLanguage":"pt-BR"},{"@type":"Person","@id":"https:\/\/verdadeon.com.br\/portal\/#\/schema\/person\/cc32be22b8e8599387c480bc83e1d11a","name":"Fernando Lima","image":{"@type":"ImageObject","inLanguage":"pt-BR","@id":"https:\/\/verdadeon.com.br\/portal\/#\/schema\/person\/image\/","url":"https:\/\/secure.gravatar.com\/avatar\/df4c8e132080d2b3a4841d5d232045464e0eed11a1d6e43115ca0843d48768d3?s=96&d=mm&r=g","contentUrl":"https:\/\/secure.gravatar.com\/avatar\/df4c8e132080d2b3a4841d5d232045464e0eed11a1d6e43115ca0843d48768d3?s=96&d=mm&r=g","caption":"Fernando Lima"},"sameAs":["http:\/\/verdadeon.com.br\/"],"url":"https:\/\/verdadeon.com.br\/portal\/author\/fernando-lima\/"}]}},"jetpack_publicize_connections":[],"jetpack_featured_media_url":"https:\/\/i0.wp.com\/verdadeon.com.br\/portal\/wp-content\/uploads\/2022\/09\/WhatsApp-Image-2022-09-12-at-15.28.34.jpeg?fit=1000%2C670&ssl=1","jetpack_sharing_enabled":true,"_links":{"self":[{"href":"https:\/\/verdadeon.com.br\/portal\/wp-json\/wp\/v2\/posts\/27912","targetHints":{"allow":["GET"]}}],"collection":[{"href":"https:\/\/verdadeon.com.br\/portal\/wp-json\/wp\/v2\/posts"}],"about":[{"href":"https:\/\/verdadeon.com.br\/portal\/wp-json\/wp\/v2\/types\/post"}],"author":[{"embeddable":true,"href":"https:\/\/verdadeon.com.br\/portal\/wp-json\/wp\/v2\/users\/7"}],"replies":[{"embeddable":true,"href":"https:\/\/verdadeon.com.br\/portal\/wp-json\/wp\/v2\/comments?post=27912"}],"version-history":[{"count":1,"href":"https:\/\/verdadeon.com.br\/portal\/wp-json\/wp\/v2\/posts\/27912\/revisions"}],"predecessor-version":[{"id":27914,"href":"https:\/\/verdadeon.com.br\/portal\/wp-json\/wp\/v2\/posts\/27912\/revisions\/27914"}],"wp:featuredmedia":[{"embeddable":true,"href":"https:\/\/verdadeon.com.br\/portal\/wp-json\/wp\/v2\/media\/27913"}],"wp:attachment":[{"href":"https:\/\/verdadeon.com.br\/portal\/wp-json\/wp\/v2\/media?parent=27912"}],"wp:term":[{"taxonomy":"category","embeddable":true,"href":"https:\/\/verdadeon.com.br\/portal\/wp-json\/wp\/v2\/categories?post=27912"},{"taxonomy":"post_tag","embeddable":true,"href":"https:\/\/verdadeon.com.br\/portal\/wp-json\/wp\/v2\/tags?post=27912"}],"curies":[{"name":"wp","href":"https:\/\/api.w.org\/{rel}","templated":true}]}}