{"id":27895,"date":"2022-09-10T13:30:26","date_gmt":"2022-09-10T16:30:26","guid":{"rendered":"https:\/\/verdadeon.com.br\/portal\/?p=27895"},"modified":"2022-09-10T17:35:14","modified_gmt":"2022-09-10T20:35:14","slug":"carteira-de-identificacao-para-pessoas-autistas-passa-por-votacao-na-camara-de-franca","status":"publish","type":"post","link":"https:\/\/verdadeon.com.br\/portal\/2022\/09\/10\/carteira-de-identificacao-para-pessoas-autistas-passa-por-votacao-na-camara-de-franca\/","title":{"rendered":"Carteira de identifica\u00e7\u00e3o para pessoas autistas passa por vota\u00e7\u00e3o na C\u00e2mara de Franca"},"content":{"rendered":"<h2>No total 10 itens ser\u00e3o analisados pelos parlamentares, entre projetos da Prefeitura e de autoria dos pr\u00f3prios vereadores<\/h2>\n<p>A C\u00e2mara de Franca vota na pr\u00f3xima sess\u00e3o, o projeto que cria a Carteira de Identifica\u00e7\u00e3o da Pessoa com Transtorno do Espectro Autista, o objetivo \u00e9 facilitar a identifica\u00e7\u00e3o das pessoas autistas, assegurando os seus direitos como atendimento preferencial, principalmente pelo fato de o autismo n\u00e3o ser facilmente identific\u00e1vel em alguns casos.<\/p>\n<p>\u201cS\u00e3o transtornos que causam problemas no desenvolvimento da linguagem, nos processos de comunica\u00e7\u00e3o, na intera\u00e7\u00e3o e comportamento social. Os sinais geralmente desenvolvem-se gradualmente, mas algumas crian\u00e7as com autismo alcan\u00e7am o marco de desenvolvimento em um ritmo normal e depois regridem\u201d, justificaram os autores da proposta, os vereadores Donizete da Farm\u00e1cia (MDB),\u00a0Carlinho Petr\u00f3polis Farm\u00e1cia (PL),\u00a0Daniel Bassi (PSDB)\u00a0e\u00a0Marcelo Tidy (Uni\u00e3o).<\/p>\n<h4>Moderniza\u00e7\u00e3o<\/h4>\n<p>Outra mat\u00e9ria que passa por an\u00e1lise dos parlamentares \u00e9 o que prev\u00ea a moderniza\u00e7\u00e3o de leis para a instala\u00e7\u00e3o de transmissores para a tecnologia 5g.<\/p>\n<p>\u201cA moderniza\u00e7\u00e3o da legisla\u00e7\u00e3o se faz necess\u00e1ria para dar viabilidade \u00e0 instala\u00e7\u00e3o de equipamentos para a disponibilidade da nova tecnologia \u00e0 comunidade Francana, quando houver a autoriza\u00e7\u00e3o da ANATEL \u2013 Ag\u00eancia Nacional de Telecomunica\u00e7\u00f5es, para a presta\u00e7\u00e3o dos referidos servi\u00e7os\u201d, justificou a Prefeitura.<\/p>\n<p>Entre os pontos previstos na lei, est\u00e1 o que define crit\u00e9rios para a implanta\u00e7\u00e3o de torres e antenas aos servi\u00e7os de telecomunica\u00e7\u00f5es na cidade, ordenando a distribui\u00e7\u00e3o dos equipamentos, priorizando as instala\u00e7\u00f5es compartilhadas, garantindo a qualidade da paisagem urbana e melhorias na urbaniza\u00e7\u00e3o do entorno, diminuindo o impacto da polui\u00e7\u00e3o visual.<\/p>\n<h4>Identifica\u00e7\u00e3o de assentos preferenciais<\/h4>\n<p>O projeto que obriga a identifica\u00e7\u00e3o de assentos prefer\u00eancias ser\u00e1 analisado pelos vereadores de Franca. Pela proposta, no ato da venda dos ingressos em cinemas, teatros, entre outros, o estabelecimento dever\u00e1 oferecer um mapa de assentos preferenciais, para pessoas em cadeira de rodas e assentos reservados para pessoas com defici\u00eancia ou com mobilidade reduzida.<\/p>\n<p>A proposta \u00e9 de autoria dos vereadores Donizete da Farm\u00e1cia (MDB), Carlinho Petr\u00f3polis (PL), Daniel Bassi (PSDB), Gilson Pelizaro (PT), Ilton Ferreira (PL) e Marcelo Tidy (Uni\u00e3o).<\/p>\n","protected":false},"excerpt":{"rendered":"<p>No total 10 itens ser\u00e3o analisados pelos parlamentares, entre projetos da Prefeitura e de autoria dos pr\u00f3prios vereadores A C\u00e2mara de Franca vota na pr\u00f3xima sess\u00e3o,<span class=\"excerpt-hellip\"> [\u2026]<\/span><\/p>\n","protected":false},"author":7,"featured_media":26311,"comment_status":"open","ping_status":"open","sticky":false,"template":"","format":"standard","meta":{"_jetpack_memberships_contains_paid_content":false,"footnotes":"","jetpack_publicize_message":"","jetpack_publicize_feature_enabled":true,"jetpack_social_post_already_shared":false,"jetpack_social_options":{"image_generator_settings":{"template":"highway","default_image_id":0,"enabled":false},"version":2}},"categories":[28,81],"tags":[],"class_list":["post-27895","post","type-post","status-publish","format-standard","has-post-thumbnail","hentry","category-cotidiano","category-manchete"],"yoast_head":"<!-- This site is optimized with the Yoast SEO plugin v25.6 - https:\/\/yoast.com\/wordpress\/plugins\/seo\/ -->\n<title>Carteira de identifica\u00e7\u00e3o para pessoas autistas passa por vota\u00e7\u00e3o na C\u00e2mara de Franca - VerdadeOn<\/title>\n<meta name=\"robots\" content=\"index, follow, max-snippet:-1, max-image-preview:large, max-video-preview:-1\" \/>\n<link rel=\"canonical\" href=\"https:\/\/verdadeon.com.br\/portal\/2022\/09\/10\/carteira-de-identificacao-para-pessoas-autistas-passa-por-votacao-na-camara-de-franca\/\" \/>\n<meta property=\"og:locale\" content=\"pt_BR\" \/>\n<meta property=\"og:type\" content=\"article\" \/>\n<meta property=\"og:title\" content=\"Carteira de identifica\u00e7\u00e3o para pessoas autistas passa por vota\u00e7\u00e3o na C\u00e2mara de Franca - VerdadeOn\" \/>\n<meta property=\"og:description\" content=\"No total 10 itens ser\u00e3o analisados pelos parlamentares, entre projetos da Prefeitura e de autoria dos pr\u00f3prios vereadores A C\u00e2mara de Franca vota na pr\u00f3xima sess\u00e3o, [\u2026]\" \/>\n<meta property=\"og:url\" content=\"https:\/\/verdadeon.com.br\/portal\/2022\/09\/10\/carteira-de-identificacao-para-pessoas-autistas-passa-por-votacao-na-camara-de-franca\/\" \/>\n<meta property=\"og:site_name\" content=\"VerdadeOn\" \/>\n<meta property=\"article:published_time\" content=\"2022-09-10T16:30:26+00:00\" \/>\n<meta property=\"article:modified_time\" content=\"2022-09-10T20:35:14+00:00\" \/>\n<meta property=\"og:image\" content=\"https:\/\/verdadeon.com.br\/portal\/wp-content\/uploads\/2022\/07\/23SESSAO-1-e1657058914419.jpg\" \/>\n\t<meta property=\"og:image:width\" content=\"998\" \/>\n\t<meta property=\"og:image:height\" content=\"670\" \/>\n\t<meta property=\"og:image:type\" content=\"image\/jpeg\" \/>\n<meta name=\"author\" content=\"Fernando Lima\" \/>\n<meta name=\"twitter:card\" content=\"summary_large_image\" \/>\n<meta name=\"twitter:label1\" content=\"Escrito por\" \/>\n\t<meta name=\"twitter:data1\" content=\"Fernando Lima\" \/>\n\t<meta name=\"twitter:label2\" content=\"Est. tempo de leitura\" \/>\n\t<meta name=\"twitter:data2\" content=\"2 minutos\" \/>\n<script type=\"application\/ld+json\" class=\"yoast-schema-graph\">{\"@context\":\"https:\/\/schema.org\",\"@graph\":[{\"@type\":\"WebPage\",\"@id\":\"https:\/\/verdadeon.com.br\/portal\/2022\/09\/10\/carteira-de-identificacao-para-pessoas-autistas-passa-por-votacao-na-camara-de-franca\/\",\"url\":\"https:\/\/verdadeon.com.br\/portal\/2022\/09\/10\/carteira-de-identificacao-para-pessoas-autistas-passa-por-votacao-na-camara-de-franca\/\",\"name\":\"Carteira de identifica\u00e7\u00e3o para pessoas autistas passa por vota\u00e7\u00e3o na C\u00e2mara de Franca - VerdadeOn\",\"isPartOf\":{\"@id\":\"https:\/\/verdadeon.com.br\/portal\/#website\"},\"primaryImageOfPage\":{\"@id\":\"https:\/\/verdadeon.com.br\/portal\/2022\/09\/10\/carteira-de-identificacao-para-pessoas-autistas-passa-por-votacao-na-camara-de-franca\/#primaryimage\"},\"image\":{\"@id\":\"https:\/\/verdadeon.com.br\/portal\/2022\/09\/10\/carteira-de-identificacao-para-pessoas-autistas-passa-por-votacao-na-camara-de-franca\/#primaryimage\"},\"thumbnailUrl\":\"https:\/\/i0.wp.com\/verdadeon.com.br\/portal\/wp-content\/uploads\/2022\/07\/23SESSAO-1-e1657058914419.jpg?fit=998%2C670&ssl=1\",\"datePublished\":\"2022-09-10T16:30:26+00:00\",\"dateModified\":\"2022-09-10T20:35:14+00:00\",\"author\":{\"@id\":\"https:\/\/verdadeon.com.br\/portal\/#\/schema\/person\/cc32be22b8e8599387c480bc83e1d11a\"},\"breadcrumb\":{\"@id\":\"https:\/\/verdadeon.com.br\/portal\/2022\/09\/10\/carteira-de-identificacao-para-pessoas-autistas-passa-por-votacao-na-camara-de-franca\/#breadcrumb\"},\"inLanguage\":\"pt-BR\",\"potentialAction\":[{\"@type\":\"ReadAction\",\"target\":[\"https:\/\/verdadeon.com.br\/portal\/2022\/09\/10\/carteira-de-identificacao-para-pessoas-autistas-passa-por-votacao-na-camara-de-franca\/\"]}]},{\"@type\":\"ImageObject\",\"inLanguage\":\"pt-BR\",\"@id\":\"https:\/\/verdadeon.com.br\/portal\/2022\/09\/10\/carteira-de-identificacao-para-pessoas-autistas-passa-por-votacao-na-camara-de-franca\/#primaryimage\",\"url\":\"https:\/\/i0.wp.com\/verdadeon.com.br\/portal\/wp-content\/uploads\/2022\/07\/23SESSAO-1-e1657058914419.jpg?fit=998%2C670&ssl=1\",\"contentUrl\":\"https:\/\/i0.wp.com\/verdadeon.com.br\/portal\/wp-content\/uploads\/2022\/07\/23SESSAO-1-e1657058914419.jpg?fit=998%2C670&ssl=1\",\"width\":998,\"height\":670,\"caption\":\"Sess\u00e3o pode ser acompanhada pela popula\u00e7\u00e3o no Plen\u00e1rio da Casa de Leis, al\u00e9m da TV C\u00e2mara e redes sociais | Foto: Divulga\u00e7\u00e3o\"},{\"@type\":\"BreadcrumbList\",\"@id\":\"https:\/\/verdadeon.com.br\/portal\/2022\/09\/10\/carteira-de-identificacao-para-pessoas-autistas-passa-por-votacao-na-camara-de-franca\/#breadcrumb\",\"itemListElement\":[{\"@type\":\"ListItem\",\"position\":1,\"name\":\"In\u00edcio\",\"item\":\"https:\/\/verdadeon.com.br\/portal\/\"},{\"@type\":\"ListItem\",\"position\":2,\"name\":\"Carteira de identifica\u00e7\u00e3o para pessoas autistas passa por vota\u00e7\u00e3o na C\u00e2mara de Franca\"}]},{\"@type\":\"WebSite\",\"@id\":\"https:\/\/verdadeon.com.br\/portal\/#website\",\"url\":\"https:\/\/verdadeon.com.br\/portal\/\",\"name\":\"VerdadeOn\",\"description\":\"Not\u00edcias di\u00e1rias sobre Franca, Regi\u00e3o, Esporte, Cultura, Cotidiano, Colunas. Cobertura nos principais eventos da cidade \u00e9 aqui - Verdadeon Franca\",\"potentialAction\":[{\"@type\":\"SearchAction\",\"target\":{\"@type\":\"EntryPoint\",\"urlTemplate\":\"https:\/\/verdadeon.com.br\/portal\/?s={search_term_string}\"},\"query-input\":{\"@type\":\"PropertyValueSpecification\",\"valueRequired\":true,\"valueName\":\"search_term_string\"}}],\"inLanguage\":\"pt-BR\"},{\"@type\":\"Person\",\"@id\":\"https:\/\/verdadeon.com.br\/portal\/#\/schema\/person\/cc32be22b8e8599387c480bc83e1d11a\",\"name\":\"Fernando Lima\",\"image\":{\"@type\":\"ImageObject\",\"inLanguage\":\"pt-BR\",\"@id\":\"https:\/\/verdadeon.com.br\/portal\/#\/schema\/person\/image\/\",\"url\":\"https:\/\/secure.gravatar.com\/avatar\/df4c8e132080d2b3a4841d5d232045464e0eed11a1d6e43115ca0843d48768d3?s=96&d=mm&r=g\",\"contentUrl\":\"https:\/\/secure.gravatar.com\/avatar\/df4c8e132080d2b3a4841d5d232045464e0eed11a1d6e43115ca0843d48768d3?s=96&d=mm&r=g\",\"caption\":\"Fernando Lima\"},\"sameAs\":[\"http:\/\/verdadeon.com.br\/\"],\"url\":\"https:\/\/verdadeon.com.br\/portal\/author\/fernando-lima\/\"}]}<\/script>\n<!-- \/ Yoast SEO plugin. -->","yoast_head_json":{"title":"Carteira de identifica\u00e7\u00e3o para pessoas autistas passa por vota\u00e7\u00e3o na C\u00e2mara de Franca - VerdadeOn","robots":{"index":"index","follow":"follow","max-snippet":"max-snippet:-1","max-image-preview":"max-image-preview:large","max-video-preview":"max-video-preview:-1"},"canonical":"https:\/\/verdadeon.com.br\/portal\/2022\/09\/10\/carteira-de-identificacao-para-pessoas-autistas-passa-por-votacao-na-camara-de-franca\/","og_locale":"pt_BR","og_type":"article","og_title":"Carteira de identifica\u00e7\u00e3o para pessoas autistas passa por vota\u00e7\u00e3o na C\u00e2mara de Franca - VerdadeOn","og_description":"No total 10 itens ser\u00e3o analisados pelos parlamentares, entre projetos da Prefeitura e de autoria dos pr\u00f3prios vereadores A C\u00e2mara de Franca vota na pr\u00f3xima sess\u00e3o, [\u2026]","og_url":"https:\/\/verdadeon.com.br\/portal\/2022\/09\/10\/carteira-de-identificacao-para-pessoas-autistas-passa-por-votacao-na-camara-de-franca\/","og_site_name":"VerdadeOn","article_published_time":"2022-09-10T16:30:26+00:00","article_modified_time":"2022-09-10T20:35:14+00:00","og_image":[{"width":998,"height":670,"url":"https:\/\/verdadeon.com.br\/portal\/wp-content\/uploads\/2022\/07\/23SESSAO-1-e1657058914419.jpg","type":"image\/jpeg"}],"author":"Fernando Lima","twitter_card":"summary_large_image","twitter_misc":{"Escrito por":"Fernando Lima","Est. tempo de leitura":"2 minutos"},"schema":{"@context":"https:\/\/schema.org","@graph":[{"@type":"WebPage","@id":"https:\/\/verdadeon.com.br\/portal\/2022\/09\/10\/carteira-de-identificacao-para-pessoas-autistas-passa-por-votacao-na-camara-de-franca\/","url":"https:\/\/verdadeon.com.br\/portal\/2022\/09\/10\/carteira-de-identificacao-para-pessoas-autistas-passa-por-votacao-na-camara-de-franca\/","name":"Carteira de identifica\u00e7\u00e3o para pessoas autistas passa por vota\u00e7\u00e3o na C\u00e2mara de Franca - VerdadeOn","isPartOf":{"@id":"https:\/\/verdadeon.com.br\/portal\/#website"},"primaryImageOfPage":{"@id":"https:\/\/verdadeon.com.br\/portal\/2022\/09\/10\/carteira-de-identificacao-para-pessoas-autistas-passa-por-votacao-na-camara-de-franca\/#primaryimage"},"image":{"@id":"https:\/\/verdadeon.com.br\/portal\/2022\/09\/10\/carteira-de-identificacao-para-pessoas-autistas-passa-por-votacao-na-camara-de-franca\/#primaryimage"},"thumbnailUrl":"https:\/\/i0.wp.com\/verdadeon.com.br\/portal\/wp-content\/uploads\/2022\/07\/23SESSAO-1-e1657058914419.jpg?fit=998%2C670&ssl=1","datePublished":"2022-09-10T16:30:26+00:00","dateModified":"2022-09-10T20:35:14+00:00","author":{"@id":"https:\/\/verdadeon.com.br\/portal\/#\/schema\/person\/cc32be22b8e8599387c480bc83e1d11a"},"breadcrumb":{"@id":"https:\/\/verdadeon.com.br\/portal\/2022\/09\/10\/carteira-de-identificacao-para-pessoas-autistas-passa-por-votacao-na-camara-de-franca\/#breadcrumb"},"inLanguage":"pt-BR","potentialAction":[{"@type":"ReadAction","target":["https:\/\/verdadeon.com.br\/portal\/2022\/09\/10\/carteira-de-identificacao-para-pessoas-autistas-passa-por-votacao-na-camara-de-franca\/"]}]},{"@type":"ImageObject","inLanguage":"pt-BR","@id":"https:\/\/verdadeon.com.br\/portal\/2022\/09\/10\/carteira-de-identificacao-para-pessoas-autistas-passa-por-votacao-na-camara-de-franca\/#primaryimage","url":"https:\/\/i0.wp.com\/verdadeon.com.br\/portal\/wp-content\/uploads\/2022\/07\/23SESSAO-1-e1657058914419.jpg?fit=998%2C670&ssl=1","contentUrl":"https:\/\/i0.wp.com\/verdadeon.com.br\/portal\/wp-content\/uploads\/2022\/07\/23SESSAO-1-e1657058914419.jpg?fit=998%2C670&ssl=1","width":998,"height":670,"caption":"Sess\u00e3o pode ser acompanhada pela popula\u00e7\u00e3o no Plen\u00e1rio da Casa de Leis, al\u00e9m da TV C\u00e2mara e redes sociais | Foto: Divulga\u00e7\u00e3o"},{"@type":"BreadcrumbList","@id":"https:\/\/verdadeon.com.br\/portal\/2022\/09\/10\/carteira-de-identificacao-para-pessoas-autistas-passa-por-votacao-na-camara-de-franca\/#breadcrumb","itemListElement":[{"@type":"ListItem","position":1,"name":"In\u00edcio","item":"https:\/\/verdadeon.com.br\/portal\/"},{"@type":"ListItem","position":2,"name":"Carteira de identifica\u00e7\u00e3o para pessoas autistas passa por vota\u00e7\u00e3o na C\u00e2mara de Franca"}]},{"@type":"WebSite","@id":"https:\/\/verdadeon.com.br\/portal\/#website","url":"https:\/\/verdadeon.com.br\/portal\/","name":"VerdadeOn","description":"Not\u00edcias di\u00e1rias sobre Franca, Regi\u00e3o, Esporte, Cultura, Cotidiano, Colunas. Cobertura nos principais eventos da cidade \u00e9 aqui - Verdadeon Franca","potentialAction":[{"@type":"SearchAction","target":{"@type":"EntryPoint","urlTemplate":"https:\/\/verdadeon.com.br\/portal\/?s={search_term_string}"},"query-input":{"@type":"PropertyValueSpecification","valueRequired":true,"valueName":"search_term_string"}}],"inLanguage":"pt-BR"},{"@type":"Person","@id":"https:\/\/verdadeon.com.br\/portal\/#\/schema\/person\/cc32be22b8e8599387c480bc83e1d11a","name":"Fernando Lima","image":{"@type":"ImageObject","inLanguage":"pt-BR","@id":"https:\/\/verdadeon.com.br\/portal\/#\/schema\/person\/image\/","url":"https:\/\/secure.gravatar.com\/avatar\/df4c8e132080d2b3a4841d5d232045464e0eed11a1d6e43115ca0843d48768d3?s=96&d=mm&r=g","contentUrl":"https:\/\/secure.gravatar.com\/avatar\/df4c8e132080d2b3a4841d5d232045464e0eed11a1d6e43115ca0843d48768d3?s=96&d=mm&r=g","caption":"Fernando Lima"},"sameAs":["http:\/\/verdadeon.com.br\/"],"url":"https:\/\/verdadeon.com.br\/portal\/author\/fernando-lima\/"}]}},"jetpack_publicize_connections":[],"jetpack_featured_media_url":"https:\/\/i0.wp.com\/verdadeon.com.br\/portal\/wp-content\/uploads\/2022\/07\/23SESSAO-1-e1657058914419.jpg?fit=998%2C670&ssl=1","jetpack_sharing_enabled":true,"_links":{"self":[{"href":"https:\/\/verdadeon.com.br\/portal\/wp-json\/wp\/v2\/posts\/27895","targetHints":{"allow":["GET"]}}],"collection":[{"href":"https:\/\/verdadeon.com.br\/portal\/wp-json\/wp\/v2\/posts"}],"about":[{"href":"https:\/\/verdadeon.com.br\/portal\/wp-json\/wp\/v2\/types\/post"}],"author":[{"embeddable":true,"href":"https:\/\/verdadeon.com.br\/portal\/wp-json\/wp\/v2\/users\/7"}],"replies":[{"embeddable":true,"href":"https:\/\/verdadeon.com.br\/portal\/wp-json\/wp\/v2\/comments?post=27895"}],"version-history":[{"count":1,"href":"https:\/\/verdadeon.com.br\/portal\/wp-json\/wp\/v2\/posts\/27895\/revisions"}],"predecessor-version":[{"id":27897,"href":"https:\/\/verdadeon.com.br\/portal\/wp-json\/wp\/v2\/posts\/27895\/revisions\/27897"}],"wp:featuredmedia":[{"embeddable":true,"href":"https:\/\/verdadeon.com.br\/portal\/wp-json\/wp\/v2\/media\/26311"}],"wp:attachment":[{"href":"https:\/\/verdadeon.com.br\/portal\/wp-json\/wp\/v2\/media?parent=27895"}],"wp:term":[{"taxonomy":"category","embeddable":true,"href":"https:\/\/verdadeon.com.br\/portal\/wp-json\/wp\/v2\/categories?post=27895"},{"taxonomy":"post_tag","embeddable":true,"href":"https:\/\/verdadeon.com.br\/portal\/wp-json\/wp\/v2\/tags?post=27895"}],"curies":[{"name":"wp","href":"https:\/\/api.w.org\/{rel}","templated":true}]}}