{"id":27829,"date":"2022-09-08T15:37:07","date_gmt":"2022-09-08T18:37:07","guid":{"rendered":"https:\/\/verdadeon.com.br\/portal\/?p=27829"},"modified":"2022-09-08T16:17:02","modified_gmt":"2022-09-08T19:17:02","slug":"politica-fiscal-pode-explicar-baixo-orcamento-de-franca-aponta-especialista","status":"publish","type":"post","link":"https:\/\/verdadeon.com.br\/portal\/2022\/09\/08\/politica-fiscal-pode-explicar-baixo-orcamento-de-franca-aponta-especialista\/","title":{"rendered":"Pol\u00edtica fiscal pode explicar baixo or\u00e7amento de Franca, aponta especialista"},"content":{"rendered":"<h2>Texto foi aprovado por unanimidade na C\u00e2mara Municipal de Franca e segue agora para ser sancionado pela Prefeitura<\/h2>\n<p>Fernando Lima<\/p>\n<p>Com um or\u00e7amento de R$ 1.3 bilh\u00e3o, a administra\u00e7\u00e3o p\u00fablica de Franca tem um grande desafio pela frente, o de gerenciar bem o valor, especialmente se levarmos em conta a alta da infla\u00e7\u00e3o, que atinge itens que devem ser comprados pelo poder p\u00fablico, como insumos para a sa\u00fade, alimentos para as escolas, entre outros.<\/p>\n<p>A princ\u00edpio o montante pode parecer estrondoso, mas se compararmos Franca com cidades do mesmo porte fica claro o abismo, como Uberaba por exemplo, que tem um or\u00e7amento de R$ 1.7 bilh\u00e3o para 2023. Al\u00e9m disso \u00e9 necess\u00e1rio lembrar que \u00e9 do or\u00e7amento que v\u00e3o sair os investimentos em todas as secretarias, como sa\u00fade, educa\u00e7\u00e3o, seguran\u00e7a, infraestrutura entre outros.<\/p>\n<p>\u201cA Lei de Diretrizes Or\u00e7ament\u00e1rias estabelece o or\u00e7amento para o gestor j\u00e1 prevendo o que ele vai ter de arrecada\u00e7\u00e3o e de despesas. O nosso gestor tem que cumprir a lei, ele n\u00e3o pode se afastar do cumprimento dela. Por isso a partir do momento em que ela for sancionada, ela \u00e9 o marco, o norte, a b\u00fassola que o gestor precisa cumprir\u201d, avaliou o advogado Augusto Rodarte.<\/p>\n<p>Para ele, faltam incentivos fiscais que tornem a cidade mais atraente para investidores, empresas nacionais e multinacionais, o que poderia melhorar a arrecada\u00e7\u00e3o da cidade e consequentemente refletir no or\u00e7amento.<\/p>\n<p>\u201cO gestor vai ter que rebolar, esta \u00e9 a quest\u00e3o. N\u00f3s vivemos a pandemia, a baixa da arrecada\u00e7\u00e3o \u00e9 not\u00f3ria, n\u00e3o \u00e9 s\u00f3 em Franca. Mas n\u00f3s tamb\u00e9m n\u00e3o temos uma diversifica\u00e7\u00e3o da economia por aqui. Temos uma baixa capacidade de concorrer com outras cidades. Porque a Heineken se estabeleceu em Passos e n\u00e3o em Franca? Porque outras empresas se estabelecem em outras cidades? Eu dou um exemplo, o nosso imposto, o ISS tem uma al\u00edquota muito maior do que as outras cidades, isso nos deixa fracos na concorr\u00eancia. N\u00f3s n\u00e3o temos uma multinacional para gerar empregos, para gerar neg\u00f3cios, impostos, melhorar a arrecada\u00e7\u00e3o. N\u00f3s precisamos ser mais atrativos para investidores, empreendedores, multinacionais. Nossa arrecada\u00e7\u00e3o est\u00e1 ligada ao or\u00e7amento\u201d, destacou.<\/p>\n<h4>Solu\u00e7\u00e3o<\/h4>\n<p>Augusto Rodarte finalizou destacando que temos que pensar Franca de uma maneira aberta, com liga\u00e7\u00f5es pol\u00edticas que articulem para o desenvolvimento do munic\u00edpio. \u201cUma Franca que tenha um gestor disciplinado, uma c\u00e2mara que fiscalize o prefeito e uma cidade com cidad\u00e3os que fiscalizam os vereadores tamb\u00e9m. N\u00e3o podemos nos acomodar. A LDO tem um bilh\u00e3o, n\u00f3s temos um fund\u00e3o eleitoral que \u00e9 cinco vezes quase. Com o fund\u00e3o a gente tocaria Franca por quatro anos\u201d.<\/p>\n","protected":false},"excerpt":{"rendered":"<p>Texto foi aprovado por unanimidade na C\u00e2mara Municipal de Franca e segue agora para ser sancionado pela Prefeitura Fernando Lima Com um or\u00e7amento de R$ 1.3<span class=\"excerpt-hellip\"> [\u2026]<\/span><\/p>\n","protected":false},"author":7,"featured_media":27830,"comment_status":"open","ping_status":"open","sticky":false,"template":"","format":"standard","meta":{"_jetpack_memberships_contains_paid_content":false,"footnotes":"","jetpack_publicize_message":"","jetpack_publicize_feature_enabled":true,"jetpack_social_post_already_shared":false,"jetpack_social_options":{"image_generator_settings":{"template":"highway","default_image_id":0,"enabled":false},"version":2}},"categories":[28,81],"tags":[],"class_list":["post-27829","post","type-post","status-publish","format-standard","has-post-thumbnail","hentry","category-cotidiano","category-manchete"],"yoast_head":"<!-- This site is optimized with the Yoast SEO plugin v25.6 - https:\/\/yoast.com\/wordpress\/plugins\/seo\/ -->\n<title>Pol\u00edtica fiscal pode explicar baixo or\u00e7amento de Franca, aponta especialista - VerdadeOn<\/title>\n<meta name=\"robots\" content=\"index, follow, max-snippet:-1, max-image-preview:large, max-video-preview:-1\" \/>\n<link rel=\"canonical\" href=\"https:\/\/verdadeon.com.br\/portal\/2022\/09\/08\/politica-fiscal-pode-explicar-baixo-orcamento-de-franca-aponta-especialista\/\" \/>\n<meta property=\"og:locale\" content=\"pt_BR\" \/>\n<meta property=\"og:type\" content=\"article\" \/>\n<meta property=\"og:title\" content=\"Pol\u00edtica fiscal pode explicar baixo or\u00e7amento de Franca, aponta especialista - VerdadeOn\" \/>\n<meta property=\"og:description\" content=\"Texto foi aprovado por unanimidade na C\u00e2mara Municipal de Franca e segue agora para ser sancionado pela Prefeitura Fernando Lima Com um or\u00e7amento de R$ 1.3 [\u2026]\" \/>\n<meta property=\"og:url\" content=\"https:\/\/verdadeon.com.br\/portal\/2022\/09\/08\/politica-fiscal-pode-explicar-baixo-orcamento-de-franca-aponta-especialista\/\" \/>\n<meta property=\"og:site_name\" content=\"VerdadeOn\" \/>\n<meta property=\"article:published_time\" content=\"2022-09-08T18:37:07+00:00\" \/>\n<meta property=\"article:modified_time\" content=\"2022-09-08T19:17:02+00:00\" \/>\n<meta property=\"og:image\" content=\"https:\/\/verdadeon.com.br\/portal\/wp-content\/uploads\/2022\/09\/WhatsApp-Image-2022-09-08-at-15.32.11-e1662662145222.jpeg\" \/>\n\t<meta property=\"og:image:width\" content=\"1001\" \/>\n\t<meta property=\"og:image:height\" content=\"668\" \/>\n\t<meta property=\"og:image:type\" content=\"image\/jpeg\" \/>\n<meta name=\"author\" content=\"Fernando Lima\" \/>\n<meta name=\"twitter:card\" content=\"summary_large_image\" \/>\n<meta name=\"twitter:label1\" content=\"Escrito por\" \/>\n\t<meta name=\"twitter:data1\" content=\"Fernando Lima\" \/>\n\t<meta name=\"twitter:label2\" content=\"Est. tempo de leitura\" \/>\n\t<meta name=\"twitter:data2\" content=\"3 minutos\" \/>\n<script type=\"application\/ld+json\" class=\"yoast-schema-graph\">{\"@context\":\"https:\/\/schema.org\",\"@graph\":[{\"@type\":\"WebPage\",\"@id\":\"https:\/\/verdadeon.com.br\/portal\/2022\/09\/08\/politica-fiscal-pode-explicar-baixo-orcamento-de-franca-aponta-especialista\/\",\"url\":\"https:\/\/verdadeon.com.br\/portal\/2022\/09\/08\/politica-fiscal-pode-explicar-baixo-orcamento-de-franca-aponta-especialista\/\",\"name\":\"Pol\u00edtica fiscal pode explicar baixo or\u00e7amento de Franca, aponta especialista - VerdadeOn\",\"isPartOf\":{\"@id\":\"https:\/\/verdadeon.com.br\/portal\/#website\"},\"primaryImageOfPage\":{\"@id\":\"https:\/\/verdadeon.com.br\/portal\/2022\/09\/08\/politica-fiscal-pode-explicar-baixo-orcamento-de-franca-aponta-especialista\/#primaryimage\"},\"image\":{\"@id\":\"https:\/\/verdadeon.com.br\/portal\/2022\/09\/08\/politica-fiscal-pode-explicar-baixo-orcamento-de-franca-aponta-especialista\/#primaryimage\"},\"thumbnailUrl\":\"https:\/\/i0.wp.com\/verdadeon.com.br\/portal\/wp-content\/uploads\/2022\/09\/WhatsApp-Image-2022-09-08-at-15.32.11-e1662662145222.jpeg?fit=1001%2C668&ssl=1\",\"datePublished\":\"2022-09-08T18:37:07+00:00\",\"dateModified\":\"2022-09-08T19:17:02+00:00\",\"author\":{\"@id\":\"https:\/\/verdadeon.com.br\/portal\/#\/schema\/person\/cc32be22b8e8599387c480bc83e1d11a\"},\"breadcrumb\":{\"@id\":\"https:\/\/verdadeon.com.br\/portal\/2022\/09\/08\/politica-fiscal-pode-explicar-baixo-orcamento-de-franca-aponta-especialista\/#breadcrumb\"},\"inLanguage\":\"pt-BR\",\"potentialAction\":[{\"@type\":\"ReadAction\",\"target\":[\"https:\/\/verdadeon.com.br\/portal\/2022\/09\/08\/politica-fiscal-pode-explicar-baixo-orcamento-de-franca-aponta-especialista\/\"]}]},{\"@type\":\"ImageObject\",\"inLanguage\":\"pt-BR\",\"@id\":\"https:\/\/verdadeon.com.br\/portal\/2022\/09\/08\/politica-fiscal-pode-explicar-baixo-orcamento-de-franca-aponta-especialista\/#primaryimage\",\"url\":\"https:\/\/i0.wp.com\/verdadeon.com.br\/portal\/wp-content\/uploads\/2022\/09\/WhatsApp-Image-2022-09-08-at-15.32.11-e1662662145222.jpeg?fit=1001%2C668&ssl=1\",\"contentUrl\":\"https:\/\/i0.wp.com\/verdadeon.com.br\/portal\/wp-content\/uploads\/2022\/09\/WhatsApp-Image-2022-09-08-at-15.32.11-e1662662145222.jpeg?fit=1001%2C668&ssl=1\",\"width\":1001,\"height\":668,\"caption\":\"Para o advogado ouvido pela reportagem, Augusto Rodarte, Franca precisa de um novo modelo para atrair empresas novas e melhorar arrecada\u00e7\u00e3o | Foto: Arquivo pessoal\"},{\"@type\":\"BreadcrumbList\",\"@id\":\"https:\/\/verdadeon.com.br\/portal\/2022\/09\/08\/politica-fiscal-pode-explicar-baixo-orcamento-de-franca-aponta-especialista\/#breadcrumb\",\"itemListElement\":[{\"@type\":\"ListItem\",\"position\":1,\"name\":\"In\u00edcio\",\"item\":\"https:\/\/verdadeon.com.br\/portal\/\"},{\"@type\":\"ListItem\",\"position\":2,\"name\":\"Pol\u00edtica fiscal pode explicar baixo or\u00e7amento de Franca, aponta especialista\"}]},{\"@type\":\"WebSite\",\"@id\":\"https:\/\/verdadeon.com.br\/portal\/#website\",\"url\":\"https:\/\/verdadeon.com.br\/portal\/\",\"name\":\"VerdadeOn\",\"description\":\"Not\u00edcias di\u00e1rias sobre Franca, Regi\u00e3o, Esporte, Cultura, Cotidiano, Colunas. Cobertura nos principais eventos da cidade \u00e9 aqui - Verdadeon Franca\",\"potentialAction\":[{\"@type\":\"SearchAction\",\"target\":{\"@type\":\"EntryPoint\",\"urlTemplate\":\"https:\/\/verdadeon.com.br\/portal\/?s={search_term_string}\"},\"query-input\":{\"@type\":\"PropertyValueSpecification\",\"valueRequired\":true,\"valueName\":\"search_term_string\"}}],\"inLanguage\":\"pt-BR\"},{\"@type\":\"Person\",\"@id\":\"https:\/\/verdadeon.com.br\/portal\/#\/schema\/person\/cc32be22b8e8599387c480bc83e1d11a\",\"name\":\"Fernando Lima\",\"image\":{\"@type\":\"ImageObject\",\"inLanguage\":\"pt-BR\",\"@id\":\"https:\/\/verdadeon.com.br\/portal\/#\/schema\/person\/image\/\",\"url\":\"https:\/\/secure.gravatar.com\/avatar\/df4c8e132080d2b3a4841d5d232045464e0eed11a1d6e43115ca0843d48768d3?s=96&d=mm&r=g\",\"contentUrl\":\"https:\/\/secure.gravatar.com\/avatar\/df4c8e132080d2b3a4841d5d232045464e0eed11a1d6e43115ca0843d48768d3?s=96&d=mm&r=g\",\"caption\":\"Fernando Lima\"},\"sameAs\":[\"http:\/\/verdadeon.com.br\/\"],\"url\":\"https:\/\/verdadeon.com.br\/portal\/author\/fernando-lima\/\"}]}<\/script>\n<!-- \/ Yoast SEO plugin. -->","yoast_head_json":{"title":"Pol\u00edtica fiscal pode explicar baixo or\u00e7amento de Franca, aponta especialista - VerdadeOn","robots":{"index":"index","follow":"follow","max-snippet":"max-snippet:-1","max-image-preview":"max-image-preview:large","max-video-preview":"max-video-preview:-1"},"canonical":"https:\/\/verdadeon.com.br\/portal\/2022\/09\/08\/politica-fiscal-pode-explicar-baixo-orcamento-de-franca-aponta-especialista\/","og_locale":"pt_BR","og_type":"article","og_title":"Pol\u00edtica fiscal pode explicar baixo or\u00e7amento de Franca, aponta especialista - VerdadeOn","og_description":"Texto foi aprovado por unanimidade na C\u00e2mara Municipal de Franca e segue agora para ser sancionado pela Prefeitura Fernando Lima Com um or\u00e7amento de R$ 1.3 [\u2026]","og_url":"https:\/\/verdadeon.com.br\/portal\/2022\/09\/08\/politica-fiscal-pode-explicar-baixo-orcamento-de-franca-aponta-especialista\/","og_site_name":"VerdadeOn","article_published_time":"2022-09-08T18:37:07+00:00","article_modified_time":"2022-09-08T19:17:02+00:00","og_image":[{"width":1001,"height":668,"url":"https:\/\/verdadeon.com.br\/portal\/wp-content\/uploads\/2022\/09\/WhatsApp-Image-2022-09-08-at-15.32.11-e1662662145222.jpeg","type":"image\/jpeg"}],"author":"Fernando Lima","twitter_card":"summary_large_image","twitter_misc":{"Escrito por":"Fernando Lima","Est. tempo de leitura":"3 minutos"},"schema":{"@context":"https:\/\/schema.org","@graph":[{"@type":"WebPage","@id":"https:\/\/verdadeon.com.br\/portal\/2022\/09\/08\/politica-fiscal-pode-explicar-baixo-orcamento-de-franca-aponta-especialista\/","url":"https:\/\/verdadeon.com.br\/portal\/2022\/09\/08\/politica-fiscal-pode-explicar-baixo-orcamento-de-franca-aponta-especialista\/","name":"Pol\u00edtica fiscal pode explicar baixo or\u00e7amento de Franca, aponta especialista - VerdadeOn","isPartOf":{"@id":"https:\/\/verdadeon.com.br\/portal\/#website"},"primaryImageOfPage":{"@id":"https:\/\/verdadeon.com.br\/portal\/2022\/09\/08\/politica-fiscal-pode-explicar-baixo-orcamento-de-franca-aponta-especialista\/#primaryimage"},"image":{"@id":"https:\/\/verdadeon.com.br\/portal\/2022\/09\/08\/politica-fiscal-pode-explicar-baixo-orcamento-de-franca-aponta-especialista\/#primaryimage"},"thumbnailUrl":"https:\/\/i0.wp.com\/verdadeon.com.br\/portal\/wp-content\/uploads\/2022\/09\/WhatsApp-Image-2022-09-08-at-15.32.11-e1662662145222.jpeg?fit=1001%2C668&ssl=1","datePublished":"2022-09-08T18:37:07+00:00","dateModified":"2022-09-08T19:17:02+00:00","author":{"@id":"https:\/\/verdadeon.com.br\/portal\/#\/schema\/person\/cc32be22b8e8599387c480bc83e1d11a"},"breadcrumb":{"@id":"https:\/\/verdadeon.com.br\/portal\/2022\/09\/08\/politica-fiscal-pode-explicar-baixo-orcamento-de-franca-aponta-especialista\/#breadcrumb"},"inLanguage":"pt-BR","potentialAction":[{"@type":"ReadAction","target":["https:\/\/verdadeon.com.br\/portal\/2022\/09\/08\/politica-fiscal-pode-explicar-baixo-orcamento-de-franca-aponta-especialista\/"]}]},{"@type":"ImageObject","inLanguage":"pt-BR","@id":"https:\/\/verdadeon.com.br\/portal\/2022\/09\/08\/politica-fiscal-pode-explicar-baixo-orcamento-de-franca-aponta-especialista\/#primaryimage","url":"https:\/\/i0.wp.com\/verdadeon.com.br\/portal\/wp-content\/uploads\/2022\/09\/WhatsApp-Image-2022-09-08-at-15.32.11-e1662662145222.jpeg?fit=1001%2C668&ssl=1","contentUrl":"https:\/\/i0.wp.com\/verdadeon.com.br\/portal\/wp-content\/uploads\/2022\/09\/WhatsApp-Image-2022-09-08-at-15.32.11-e1662662145222.jpeg?fit=1001%2C668&ssl=1","width":1001,"height":668,"caption":"Para o advogado ouvido pela reportagem, Augusto Rodarte, Franca precisa de um novo modelo para atrair empresas novas e melhorar arrecada\u00e7\u00e3o | Foto: Arquivo pessoal"},{"@type":"BreadcrumbList","@id":"https:\/\/verdadeon.com.br\/portal\/2022\/09\/08\/politica-fiscal-pode-explicar-baixo-orcamento-de-franca-aponta-especialista\/#breadcrumb","itemListElement":[{"@type":"ListItem","position":1,"name":"In\u00edcio","item":"https:\/\/verdadeon.com.br\/portal\/"},{"@type":"ListItem","position":2,"name":"Pol\u00edtica fiscal pode explicar baixo or\u00e7amento de Franca, aponta especialista"}]},{"@type":"WebSite","@id":"https:\/\/verdadeon.com.br\/portal\/#website","url":"https:\/\/verdadeon.com.br\/portal\/","name":"VerdadeOn","description":"Not\u00edcias di\u00e1rias sobre Franca, Regi\u00e3o, Esporte, Cultura, Cotidiano, Colunas. Cobertura nos principais eventos da cidade \u00e9 aqui - Verdadeon Franca","potentialAction":[{"@type":"SearchAction","target":{"@type":"EntryPoint","urlTemplate":"https:\/\/verdadeon.com.br\/portal\/?s={search_term_string}"},"query-input":{"@type":"PropertyValueSpecification","valueRequired":true,"valueName":"search_term_string"}}],"inLanguage":"pt-BR"},{"@type":"Person","@id":"https:\/\/verdadeon.com.br\/portal\/#\/schema\/person\/cc32be22b8e8599387c480bc83e1d11a","name":"Fernando Lima","image":{"@type":"ImageObject","inLanguage":"pt-BR","@id":"https:\/\/verdadeon.com.br\/portal\/#\/schema\/person\/image\/","url":"https:\/\/secure.gravatar.com\/avatar\/df4c8e132080d2b3a4841d5d232045464e0eed11a1d6e43115ca0843d48768d3?s=96&d=mm&r=g","contentUrl":"https:\/\/secure.gravatar.com\/avatar\/df4c8e132080d2b3a4841d5d232045464e0eed11a1d6e43115ca0843d48768d3?s=96&d=mm&r=g","caption":"Fernando Lima"},"sameAs":["http:\/\/verdadeon.com.br\/"],"url":"https:\/\/verdadeon.com.br\/portal\/author\/fernando-lima\/"}]}},"jetpack_publicize_connections":[],"jetpack_featured_media_url":"https:\/\/i0.wp.com\/verdadeon.com.br\/portal\/wp-content\/uploads\/2022\/09\/WhatsApp-Image-2022-09-08-at-15.32.11-e1662662145222.jpeg?fit=1001%2C668&ssl=1","jetpack_sharing_enabled":true,"_links":{"self":[{"href":"https:\/\/verdadeon.com.br\/portal\/wp-json\/wp\/v2\/posts\/27829","targetHints":{"allow":["GET"]}}],"collection":[{"href":"https:\/\/verdadeon.com.br\/portal\/wp-json\/wp\/v2\/posts"}],"about":[{"href":"https:\/\/verdadeon.com.br\/portal\/wp-json\/wp\/v2\/types\/post"}],"author":[{"embeddable":true,"href":"https:\/\/verdadeon.com.br\/portal\/wp-json\/wp\/v2\/users\/7"}],"replies":[{"embeddable":true,"href":"https:\/\/verdadeon.com.br\/portal\/wp-json\/wp\/v2\/comments?post=27829"}],"version-history":[{"count":2,"href":"https:\/\/verdadeon.com.br\/portal\/wp-json\/wp\/v2\/posts\/27829\/revisions"}],"predecessor-version":[{"id":27834,"href":"https:\/\/verdadeon.com.br\/portal\/wp-json\/wp\/v2\/posts\/27829\/revisions\/27834"}],"wp:featuredmedia":[{"embeddable":true,"href":"https:\/\/verdadeon.com.br\/portal\/wp-json\/wp\/v2\/media\/27830"}],"wp:attachment":[{"href":"https:\/\/verdadeon.com.br\/portal\/wp-json\/wp\/v2\/media?parent=27829"}],"wp:term":[{"taxonomy":"category","embeddable":true,"href":"https:\/\/verdadeon.com.br\/portal\/wp-json\/wp\/v2\/categories?post=27829"},{"taxonomy":"post_tag","embeddable":true,"href":"https:\/\/verdadeon.com.br\/portal\/wp-json\/wp\/v2\/tags?post=27829"}],"curies":[{"name":"wp","href":"https:\/\/api.w.org\/{rel}","templated":true}]}}