{"id":27811,"date":"2022-09-07T10:20:27","date_gmt":"2022-09-07T13:20:27","guid":{"rendered":"https:\/\/verdadeon.com.br\/portal\/?p=27811"},"modified":"2022-09-07T10:20:27","modified_gmt":"2022-09-07T13:20:27","slug":"desfile-da-independencia-reune-milhares-de-pessoas-em-franca","status":"publish","type":"post","link":"https:\/\/verdadeon.com.br\/portal\/2022\/09\/07\/desfile-da-independencia-reune-milhares-de-pessoas-em-franca\/","title":{"rendered":"Desfile da Independ\u00eancia re\u00fane milhares de pessoas em Franca"},"content":{"rendered":"<h2><span style=\"font-weight: 400;\">Mais de 30 entidades estiveram representadas no desfile c\u00edvico na Avenida Presidente Vargas<\/span><\/h2>\n<p>&nbsp;<\/p>\n<p><span style=\"font-weight: 400;\">O feriado da Independ\u00eancia resgatou a tradi\u00e7\u00e3o do desfile c\u00edvico na Avenida Presidente Vargas desde as primeiras horas da manh\u00e3. A popula\u00e7\u00e3o compareceu em peso para prestigiar o evento, que teve a participa\u00e7\u00e3o de crian\u00e7as das escolas municipais, idosos, Tiro de Guerra, Bombeiros, Pol\u00edcia Militar e outras institui\u00e7\u00f5es, como clubes de carros antigos e Escoteiros. Mais de 30 entidades estiveram representadas na avenida.<\/span><\/p>\n<p><span style=\"font-weight: 400;\">A Guarda Municipal estimava a presen\u00e7a de um p\u00fablico entre oito mil e dez mil pessoas. Segundo a Prefeitura, baseada em proje\u00e7\u00f5es da Pol\u00edcia Militar, o evento reuniu 25 mil pessoas.<\/span><\/p>\n<p><span style=\"font-weight: 400;\">O desfile de 7 de Setembro em Franca voltou a ser realizado depois de dois anos suspenso devido \u00e0 pandemia. O ato marcou os 200 anos da Independ\u00eancia do Brasil em rela\u00e7\u00e3o aos portugueses.<\/span><\/p>\n<p><span style=\"font-weight: 400;\">A desenhista Martha Faria Rossignoli assistiu \u00e0 participa\u00e7\u00e3o da filha Luiza, que tem 7 anos, e se emocionou durante a apresenta\u00e7\u00e3o. \u201cVemos idosos e crian\u00e7as reunidos e vem muitas lembran\u00e7as na cabe\u00e7a, penso em nosso pa\u00eds, no nosso futuro. Eu acho muito importante minha filha participar, porque \u00e9 uma forma de ajudar a construir um amor e respeito \u00e0 p\u00e1tria,\u201d, afirmou ela.<\/span><\/p>\n<h4>Confira as imagens do desfile:<\/h4>\n<p><img data-recalc-dims=\"1\" loading=\"lazy\" decoding=\"async\" class=\"alignnone wp-image-27822 size-full\" src=\"https:\/\/i0.wp.com\/verdadeon.com.br\/portal\/wp-content\/uploads\/2022\/09\/DESFILE-DE-7-DE-SETEMBRO-FRANCA-2022-2.jpeg?resize=1220%2C610&#038;ssl=1\" alt=\"\" width=\"1220\" height=\"610\" srcset=\"https:\/\/i0.wp.com\/verdadeon.com.br\/portal\/wp-content\/uploads\/2022\/09\/DESFILE-DE-7-DE-SETEMBRO-FRANCA-2022-2.jpeg?w=1600&amp;ssl=1 1600w, https:\/\/i0.wp.com\/verdadeon.com.br\/portal\/wp-content\/uploads\/2022\/09\/DESFILE-DE-7-DE-SETEMBRO-FRANCA-2022-2.jpeg?resize=300%2C150&amp;ssl=1 300w, https:\/\/i0.wp.com\/verdadeon.com.br\/portal\/wp-content\/uploads\/2022\/09\/DESFILE-DE-7-DE-SETEMBRO-FRANCA-2022-2.jpeg?resize=1024%2C512&amp;ssl=1 1024w, https:\/\/i0.wp.com\/verdadeon.com.br\/portal\/wp-content\/uploads\/2022\/09\/DESFILE-DE-7-DE-SETEMBRO-FRANCA-2022-2.jpeg?resize=768%2C384&amp;ssl=1 768w, https:\/\/i0.wp.com\/verdadeon.com.br\/portal\/wp-content\/uploads\/2022\/09\/DESFILE-DE-7-DE-SETEMBRO-FRANCA-2022-2.jpeg?resize=1536%2C768&amp;ssl=1 1536w, https:\/\/i0.wp.com\/verdadeon.com.br\/portal\/wp-content\/uploads\/2022\/09\/DESFILE-DE-7-DE-SETEMBRO-FRANCA-2022-2.jpeg?resize=260%2C130&amp;ssl=1 260w, https:\/\/i0.wp.com\/verdadeon.com.br\/portal\/wp-content\/uploads\/2022\/09\/DESFILE-DE-7-DE-SETEMBRO-FRANCA-2022-2.jpeg?resize=50%2C25&amp;ssl=1 50w, https:\/\/i0.wp.com\/verdadeon.com.br\/portal\/wp-content\/uploads\/2022\/09\/DESFILE-DE-7-DE-SETEMBRO-FRANCA-2022-2.jpeg?resize=150%2C75&amp;ssl=1 150w\" sizes=\"auto, (max-width: 1220px) 100vw, 1220px\" \/> <img data-recalc-dims=\"1\" loading=\"lazy\" decoding=\"async\" class=\"alignnone wp-image-27821 size-full\" src=\"https:\/\/i0.wp.com\/verdadeon.com.br\/portal\/wp-content\/uploads\/2022\/09\/DESFILE-DE-7-DE-SETEMBRO-FRANCA-2022-1.jpeg?resize=1220%2C610&#038;ssl=1\" alt=\"\" width=\"1220\" height=\"610\" srcset=\"https:\/\/i0.wp.com\/verdadeon.com.br\/portal\/wp-content\/uploads\/2022\/09\/DESFILE-DE-7-DE-SETEMBRO-FRANCA-2022-1.jpeg?w=1600&amp;ssl=1 1600w, https:\/\/i0.wp.com\/verdadeon.com.br\/portal\/wp-content\/uploads\/2022\/09\/DESFILE-DE-7-DE-SETEMBRO-FRANCA-2022-1.jpeg?resize=300%2C150&amp;ssl=1 300w, https:\/\/i0.wp.com\/verdadeon.com.br\/portal\/wp-content\/uploads\/2022\/09\/DESFILE-DE-7-DE-SETEMBRO-FRANCA-2022-1.jpeg?resize=1024%2C512&amp;ssl=1 1024w, https:\/\/i0.wp.com\/verdadeon.com.br\/portal\/wp-content\/uploads\/2022\/09\/DESFILE-DE-7-DE-SETEMBRO-FRANCA-2022-1.jpeg?resize=768%2C384&amp;ssl=1 768w, https:\/\/i0.wp.com\/verdadeon.com.br\/portal\/wp-content\/uploads\/2022\/09\/DESFILE-DE-7-DE-SETEMBRO-FRANCA-2022-1.jpeg?resize=1536%2C768&amp;ssl=1 1536w, https:\/\/i0.wp.com\/verdadeon.com.br\/portal\/wp-content\/uploads\/2022\/09\/DESFILE-DE-7-DE-SETEMBRO-FRANCA-2022-1.jpeg?resize=260%2C130&amp;ssl=1 260w, https:\/\/i0.wp.com\/verdadeon.com.br\/portal\/wp-content\/uploads\/2022\/09\/DESFILE-DE-7-DE-SETEMBRO-FRANCA-2022-1.jpeg?resize=50%2C25&amp;ssl=1 50w, https:\/\/i0.wp.com\/verdadeon.com.br\/portal\/wp-content\/uploads\/2022\/09\/DESFILE-DE-7-DE-SETEMBRO-FRANCA-2022-1.jpeg?resize=150%2C75&amp;ssl=1 150w\" sizes=\"auto, (max-width: 1220px) 100vw, 1220px\" \/> <img data-recalc-dims=\"1\" loading=\"lazy\" decoding=\"async\" class=\"alignnone wp-image-27823 size-full\" src=\"https:\/\/i0.wp.com\/verdadeon.com.br\/portal\/wp-content\/uploads\/2022\/09\/DESFILE-DE-7-DE-SETEMBRO-FRANCA-2022-4.jpeg?resize=1220%2C550&#038;ssl=1\" alt=\"\" width=\"1220\" height=\"550\" srcset=\"https:\/\/i0.wp.com\/verdadeon.com.br\/portal\/wp-content\/uploads\/2022\/09\/DESFILE-DE-7-DE-SETEMBRO-FRANCA-2022-4.jpeg?w=1600&amp;ssl=1 1600w, https:\/\/i0.wp.com\/verdadeon.com.br\/portal\/wp-content\/uploads\/2022\/09\/DESFILE-DE-7-DE-SETEMBRO-FRANCA-2022-4.jpeg?resize=300%2C135&amp;ssl=1 300w, https:\/\/i0.wp.com\/verdadeon.com.br\/portal\/wp-content\/uploads\/2022\/09\/DESFILE-DE-7-DE-SETEMBRO-FRANCA-2022-4.jpeg?resize=1024%2C461&amp;ssl=1 1024w, https:\/\/i0.wp.com\/verdadeon.com.br\/portal\/wp-content\/uploads\/2022\/09\/DESFILE-DE-7-DE-SETEMBRO-FRANCA-2022-4.jpeg?resize=768%2C346&amp;ssl=1 768w, https:\/\/i0.wp.com\/verdadeon.com.br\/portal\/wp-content\/uploads\/2022\/09\/DESFILE-DE-7-DE-SETEMBRO-FRANCA-2022-4.jpeg?resize=1536%2C692&amp;ssl=1 1536w, https:\/\/i0.wp.com\/verdadeon.com.br\/portal\/wp-content\/uploads\/2022\/09\/DESFILE-DE-7-DE-SETEMBRO-FRANCA-2022-4.jpeg?resize=260%2C117&amp;ssl=1 260w, https:\/\/i0.wp.com\/verdadeon.com.br\/portal\/wp-content\/uploads\/2022\/09\/DESFILE-DE-7-DE-SETEMBRO-FRANCA-2022-4.jpeg?resize=50%2C23&amp;ssl=1 50w, https:\/\/i0.wp.com\/verdadeon.com.br\/portal\/wp-content\/uploads\/2022\/09\/DESFILE-DE-7-DE-SETEMBRO-FRANCA-2022-4.jpeg?resize=150%2C68&amp;ssl=1 150w\" sizes=\"auto, (max-width: 1220px) 100vw, 1220px\" \/> <img data-recalc-dims=\"1\" loading=\"lazy\" decoding=\"async\" class=\"alignnone wp-image-27818 size-full\" src=\"https:\/\/i0.wp.com\/verdadeon.com.br\/portal\/wp-content\/uploads\/2022\/09\/DESFILE-DE-7-DE-SETEMBRO-FRANCA-2022-13.jpeg?resize=1220%2C550&#038;ssl=1\" alt=\"\" width=\"1220\" height=\"550\" srcset=\"https:\/\/i0.wp.com\/verdadeon.com.br\/portal\/wp-content\/uploads\/2022\/09\/DESFILE-DE-7-DE-SETEMBRO-FRANCA-2022-13.jpeg?w=1600&amp;ssl=1 1600w, https:\/\/i0.wp.com\/verdadeon.com.br\/portal\/wp-content\/uploads\/2022\/09\/DESFILE-DE-7-DE-SETEMBRO-FRANCA-2022-13.jpeg?resize=300%2C135&amp;ssl=1 300w, https:\/\/i0.wp.com\/verdadeon.com.br\/portal\/wp-content\/uploads\/2022\/09\/DESFILE-DE-7-DE-SETEMBRO-FRANCA-2022-13.jpeg?resize=1024%2C461&amp;ssl=1 1024w, https:\/\/i0.wp.com\/verdadeon.com.br\/portal\/wp-content\/uploads\/2022\/09\/DESFILE-DE-7-DE-SETEMBRO-FRANCA-2022-13.jpeg?resize=768%2C346&amp;ssl=1 768w, https:\/\/i0.wp.com\/verdadeon.com.br\/portal\/wp-content\/uploads\/2022\/09\/DESFILE-DE-7-DE-SETEMBRO-FRANCA-2022-13.jpeg?resize=1536%2C692&amp;ssl=1 1536w, https:\/\/i0.wp.com\/verdadeon.com.br\/portal\/wp-content\/uploads\/2022\/09\/DESFILE-DE-7-DE-SETEMBRO-FRANCA-2022-13.jpeg?resize=260%2C117&amp;ssl=1 260w, https:\/\/i0.wp.com\/verdadeon.com.br\/portal\/wp-content\/uploads\/2022\/09\/DESFILE-DE-7-DE-SETEMBRO-FRANCA-2022-13.jpeg?resize=50%2C23&amp;ssl=1 50w, https:\/\/i0.wp.com\/verdadeon.com.br\/portal\/wp-content\/uploads\/2022\/09\/DESFILE-DE-7-DE-SETEMBRO-FRANCA-2022-13.jpeg?resize=150%2C68&amp;ssl=1 150w\" sizes=\"auto, (max-width: 1220px) 100vw, 1220px\" \/> <img data-recalc-dims=\"1\" loading=\"lazy\" decoding=\"async\" class=\"alignnone wp-image-27817 size-full\" src=\"https:\/\/i0.wp.com\/verdadeon.com.br\/portal\/wp-content\/uploads\/2022\/09\/DESFILE-DE-7-DE-SETEMBRO-FRANCA-2022-12.jpeg?resize=1220%2C550&#038;ssl=1\" alt=\"\" width=\"1220\" height=\"550\" srcset=\"https:\/\/i0.wp.com\/verdadeon.com.br\/portal\/wp-content\/uploads\/2022\/09\/DESFILE-DE-7-DE-SETEMBRO-FRANCA-2022-12.jpeg?w=1600&amp;ssl=1 1600w, https:\/\/i0.wp.com\/verdadeon.com.br\/portal\/wp-content\/uploads\/2022\/09\/DESFILE-DE-7-DE-SETEMBRO-FRANCA-2022-12.jpeg?resize=300%2C135&amp;ssl=1 300w, https:\/\/i0.wp.com\/verdadeon.com.br\/portal\/wp-content\/uploads\/2022\/09\/DESFILE-DE-7-DE-SETEMBRO-FRANCA-2022-12.jpeg?resize=1024%2C461&amp;ssl=1 1024w, https:\/\/i0.wp.com\/verdadeon.com.br\/portal\/wp-content\/uploads\/2022\/09\/DESFILE-DE-7-DE-SETEMBRO-FRANCA-2022-12.jpeg?resize=768%2C346&amp;ssl=1 768w, https:\/\/i0.wp.com\/verdadeon.com.br\/portal\/wp-content\/uploads\/2022\/09\/DESFILE-DE-7-DE-SETEMBRO-FRANCA-2022-12.jpeg?resize=1536%2C692&amp;ssl=1 1536w, https:\/\/i0.wp.com\/verdadeon.com.br\/portal\/wp-content\/uploads\/2022\/09\/DESFILE-DE-7-DE-SETEMBRO-FRANCA-2022-12.jpeg?resize=260%2C117&amp;ssl=1 260w, https:\/\/i0.wp.com\/verdadeon.com.br\/portal\/wp-content\/uploads\/2022\/09\/DESFILE-DE-7-DE-SETEMBRO-FRANCA-2022-12.jpeg?resize=50%2C23&amp;ssl=1 50w, https:\/\/i0.wp.com\/verdadeon.com.br\/portal\/wp-content\/uploads\/2022\/09\/DESFILE-DE-7-DE-SETEMBRO-FRANCA-2022-12.jpeg?resize=150%2C68&amp;ssl=1 150w\" sizes=\"auto, (max-width: 1220px) 100vw, 1220px\" \/> <img data-recalc-dims=\"1\" loading=\"lazy\" decoding=\"async\" class=\"alignnone wp-image-27815 size-full\" src=\"https:\/\/i0.wp.com\/verdadeon.com.br\/portal\/wp-content\/uploads\/2022\/09\/DESFILE-DE-7-DE-SETEMBRO-FRANCA-2022-10.jpeg?resize=1220%2C548&#038;ssl=1\" alt=\"\" width=\"1220\" height=\"548\" srcset=\"https:\/\/i0.wp.com\/verdadeon.com.br\/portal\/wp-content\/uploads\/2022\/09\/DESFILE-DE-7-DE-SETEMBRO-FRANCA-2022-10.jpeg?w=1600&amp;ssl=1 1600w, https:\/\/i0.wp.com\/verdadeon.com.br\/portal\/wp-content\/uploads\/2022\/09\/DESFILE-DE-7-DE-SETEMBRO-FRANCA-2022-10.jpeg?resize=300%2C135&amp;ssl=1 300w, https:\/\/i0.wp.com\/verdadeon.com.br\/portal\/wp-content\/uploads\/2022\/09\/DESFILE-DE-7-DE-SETEMBRO-FRANCA-2022-10.jpeg?resize=1024%2C460&amp;ssl=1 1024w, https:\/\/i0.wp.com\/verdadeon.com.br\/portal\/wp-content\/uploads\/2022\/09\/DESFILE-DE-7-DE-SETEMBRO-FRANCA-2022-10.jpeg?resize=768%2C345&amp;ssl=1 768w, https:\/\/i0.wp.com\/verdadeon.com.br\/portal\/wp-content\/uploads\/2022\/09\/DESFILE-DE-7-DE-SETEMBRO-FRANCA-2022-10.jpeg?resize=1536%2C690&amp;ssl=1 1536w, https:\/\/i0.wp.com\/verdadeon.com.br\/portal\/wp-content\/uploads\/2022\/09\/DESFILE-DE-7-DE-SETEMBRO-FRANCA-2022-10.jpeg?resize=260%2C117&amp;ssl=1 260w, https:\/\/i0.wp.com\/verdadeon.com.br\/portal\/wp-content\/uploads\/2022\/09\/DESFILE-DE-7-DE-SETEMBRO-FRANCA-2022-10.jpeg?resize=50%2C22&amp;ssl=1 50w, https:\/\/i0.wp.com\/verdadeon.com.br\/portal\/wp-content\/uploads\/2022\/09\/DESFILE-DE-7-DE-SETEMBRO-FRANCA-2022-10.jpeg?resize=150%2C67&amp;ssl=1 150w\" sizes=\"auto, (max-width: 1220px) 100vw, 1220px\" \/> <img data-recalc-dims=\"1\" loading=\"lazy\" decoding=\"async\" class=\"alignnone wp-image-27814 size-full\" src=\"https:\/\/i0.wp.com\/verdadeon.com.br\/portal\/wp-content\/uploads\/2022\/09\/DESFILE-DE-7-DE-SETEMBRO-FRANCA-2022-8.jpeg?resize=1220%2C550&#038;ssl=1\" alt=\"\" width=\"1220\" height=\"550\" srcset=\"https:\/\/i0.wp.com\/verdadeon.com.br\/portal\/wp-content\/uploads\/2022\/09\/DESFILE-DE-7-DE-SETEMBRO-FRANCA-2022-8.jpeg?w=1600&amp;ssl=1 1600w, https:\/\/i0.wp.com\/verdadeon.com.br\/portal\/wp-content\/uploads\/2022\/09\/DESFILE-DE-7-DE-SETEMBRO-FRANCA-2022-8.jpeg?resize=300%2C135&amp;ssl=1 300w, https:\/\/i0.wp.com\/verdadeon.com.br\/portal\/wp-content\/uploads\/2022\/09\/DESFILE-DE-7-DE-SETEMBRO-FRANCA-2022-8.jpeg?resize=1024%2C461&amp;ssl=1 1024w, https:\/\/i0.wp.com\/verdadeon.com.br\/portal\/wp-content\/uploads\/2022\/09\/DESFILE-DE-7-DE-SETEMBRO-FRANCA-2022-8.jpeg?resize=768%2C346&amp;ssl=1 768w, https:\/\/i0.wp.com\/verdadeon.com.br\/portal\/wp-content\/uploads\/2022\/09\/DESFILE-DE-7-DE-SETEMBRO-FRANCA-2022-8.jpeg?resize=1536%2C692&amp;ssl=1 1536w, https:\/\/i0.wp.com\/verdadeon.com.br\/portal\/wp-content\/uploads\/2022\/09\/DESFILE-DE-7-DE-SETEMBRO-FRANCA-2022-8.jpeg?resize=260%2C117&amp;ssl=1 260w, https:\/\/i0.wp.com\/verdadeon.com.br\/portal\/wp-content\/uploads\/2022\/09\/DESFILE-DE-7-DE-SETEMBRO-FRANCA-2022-8.jpeg?resize=50%2C23&amp;ssl=1 50w, https:\/\/i0.wp.com\/verdadeon.com.br\/portal\/wp-content\/uploads\/2022\/09\/DESFILE-DE-7-DE-SETEMBRO-FRANCA-2022-8.jpeg?resize=150%2C68&amp;ssl=1 150w\" sizes=\"auto, (max-width: 1220px) 100vw, 1220px\" \/> <img data-recalc-dims=\"1\" loading=\"lazy\" decoding=\"async\" class=\"alignnone wp-image-27813 size-full\" src=\"https:\/\/i0.wp.com\/verdadeon.com.br\/portal\/wp-content\/uploads\/2022\/09\/DESFILE-DE-7-DE-SETEMBRO-FRANCA-2022-7.jpeg?resize=1220%2C550&#038;ssl=1\" alt=\"\" width=\"1220\" height=\"550\" srcset=\"https:\/\/i0.wp.com\/verdadeon.com.br\/portal\/wp-content\/uploads\/2022\/09\/DESFILE-DE-7-DE-SETEMBRO-FRANCA-2022-7.jpeg?w=1600&amp;ssl=1 1600w, https:\/\/i0.wp.com\/verdadeon.com.br\/portal\/wp-content\/uploads\/2022\/09\/DESFILE-DE-7-DE-SETEMBRO-FRANCA-2022-7.jpeg?resize=300%2C135&amp;ssl=1 300w, https:\/\/i0.wp.com\/verdadeon.com.br\/portal\/wp-content\/uploads\/2022\/09\/DESFILE-DE-7-DE-SETEMBRO-FRANCA-2022-7.jpeg?resize=1024%2C461&amp;ssl=1 1024w, https:\/\/i0.wp.com\/verdadeon.com.br\/portal\/wp-content\/uploads\/2022\/09\/DESFILE-DE-7-DE-SETEMBRO-FRANCA-2022-7.jpeg?resize=768%2C346&amp;ssl=1 768w, https:\/\/i0.wp.com\/verdadeon.com.br\/portal\/wp-content\/uploads\/2022\/09\/DESFILE-DE-7-DE-SETEMBRO-FRANCA-2022-7.jpeg?resize=1536%2C692&amp;ssl=1 1536w, https:\/\/i0.wp.com\/verdadeon.com.br\/portal\/wp-content\/uploads\/2022\/09\/DESFILE-DE-7-DE-SETEMBRO-FRANCA-2022-7.jpeg?resize=260%2C117&amp;ssl=1 260w, https:\/\/i0.wp.com\/verdadeon.com.br\/portal\/wp-content\/uploads\/2022\/09\/DESFILE-DE-7-DE-SETEMBRO-FRANCA-2022-7.jpeg?resize=50%2C23&amp;ssl=1 50w, https:\/\/i0.wp.com\/verdadeon.com.br\/portal\/wp-content\/uploads\/2022\/09\/DESFILE-DE-7-DE-SETEMBRO-FRANCA-2022-7.jpeg?resize=150%2C68&amp;ssl=1 150w\" sizes=\"auto, (max-width: 1220px) 100vw, 1220px\" \/> <img data-recalc-dims=\"1\" loading=\"lazy\" decoding=\"async\" class=\"alignnone wp-image-27812 size-full\" src=\"https:\/\/i0.wp.com\/verdadeon.com.br\/portal\/wp-content\/uploads\/2022\/09\/DESFILE-DE-7-DE-SETEMBRO-FRANCA-2022-5.jpeg?resize=1220%2C550&#038;ssl=1\" alt=\"\" width=\"1220\" height=\"550\" srcset=\"https:\/\/i0.wp.com\/verdadeon.com.br\/portal\/wp-content\/uploads\/2022\/09\/DESFILE-DE-7-DE-SETEMBRO-FRANCA-2022-5.jpeg?w=1600&amp;ssl=1 1600w, https:\/\/i0.wp.com\/verdadeon.com.br\/portal\/wp-content\/uploads\/2022\/09\/DESFILE-DE-7-DE-SETEMBRO-FRANCA-2022-5.jpeg?resize=300%2C135&amp;ssl=1 300w, https:\/\/i0.wp.com\/verdadeon.com.br\/portal\/wp-content\/uploads\/2022\/09\/DESFILE-DE-7-DE-SETEMBRO-FRANCA-2022-5.jpeg?resize=1024%2C461&amp;ssl=1 1024w, https:\/\/i0.wp.com\/verdadeon.com.br\/portal\/wp-content\/uploads\/2022\/09\/DESFILE-DE-7-DE-SETEMBRO-FRANCA-2022-5.jpeg?resize=768%2C346&amp;ssl=1 768w, https:\/\/i0.wp.com\/verdadeon.com.br\/portal\/wp-content\/uploads\/2022\/09\/DESFILE-DE-7-DE-SETEMBRO-FRANCA-2022-5.jpeg?resize=1536%2C692&amp;ssl=1 1536w, https:\/\/i0.wp.com\/verdadeon.com.br\/portal\/wp-content\/uploads\/2022\/09\/DESFILE-DE-7-DE-SETEMBRO-FRANCA-2022-5.jpeg?resize=260%2C117&amp;ssl=1 260w, https:\/\/i0.wp.com\/verdadeon.com.br\/portal\/wp-content\/uploads\/2022\/09\/DESFILE-DE-7-DE-SETEMBRO-FRANCA-2022-5.jpeg?resize=50%2C23&amp;ssl=1 50w, https:\/\/i0.wp.com\/verdadeon.com.br\/portal\/wp-content\/uploads\/2022\/09\/DESFILE-DE-7-DE-SETEMBRO-FRANCA-2022-5.jpeg?resize=150%2C68&amp;ssl=1 150w\" sizes=\"auto, (max-width: 1220px) 100vw, 1220px\" \/><\/p>\n<p>&nbsp;<\/p>\n","protected":false},"excerpt":{"rendered":"<p>Mais de 30 entidades estiveram representadas no desfile c\u00edvico na Avenida Presidente Vargas &nbsp; O feriado da Independ\u00eancia resgatou a tradi\u00e7\u00e3o do desfile c\u00edvico na Avenida<span class=\"excerpt-hellip\"> [\u2026]<\/span><\/p>\n","protected":false},"author":12,"featured_media":27825,"comment_status":"open","ping_status":"open","sticky":false,"template":"","format":"standard","meta":{"_jetpack_memberships_contains_paid_content":false,"footnotes":"","jetpack_publicize_message":"","jetpack_publicize_feature_enabled":true,"jetpack_social_post_already_shared":false,"jetpack_social_options":{"image_generator_settings":{"template":"highway","default_image_id":0,"enabled":false},"version":2}},"categories":[28,81],"tags":[],"class_list":["post-27811","post","type-post","status-publish","format-standard","has-post-thumbnail","hentry","category-cotidiano","category-manchete"],"yoast_head":"<!-- This site is optimized with the Yoast SEO plugin v25.6 - https:\/\/yoast.com\/wordpress\/plugins\/seo\/ -->\n<title>Desfile da Independ\u00eancia re\u00fane milhares de pessoas em Franca - VerdadeOn<\/title>\n<meta name=\"robots\" content=\"index, follow, max-snippet:-1, max-image-preview:large, max-video-preview:-1\" \/>\n<link rel=\"canonical\" href=\"https:\/\/verdadeon.com.br\/portal\/2022\/09\/07\/desfile-da-independencia-reune-milhares-de-pessoas-em-franca\/\" \/>\n<meta property=\"og:locale\" content=\"pt_BR\" \/>\n<meta property=\"og:type\" content=\"article\" \/>\n<meta property=\"og:title\" content=\"Desfile da Independ\u00eancia re\u00fane milhares de pessoas em Franca - VerdadeOn\" \/>\n<meta property=\"og:description\" content=\"Mais de 30 entidades estiveram representadas no desfile c\u00edvico na Avenida Presidente Vargas &nbsp; O feriado da Independ\u00eancia resgatou a tradi\u00e7\u00e3o do desfile c\u00edvico na Avenida [\u2026]\" \/>\n<meta property=\"og:url\" content=\"https:\/\/verdadeon.com.br\/portal\/2022\/09\/07\/desfile-da-independencia-reune-milhares-de-pessoas-em-franca\/\" \/>\n<meta property=\"og:site_name\" content=\"VerdadeOn\" \/>\n<meta property=\"article:published_time\" content=\"2022-09-07T13:20:27+00:00\" \/>\n<meta property=\"og:image\" content=\"https:\/\/verdadeon.com.br\/portal\/wp-content\/uploads\/2022\/09\/DESFILE-DE-7-DE-SETEMBRO-FRANCA-2022-11-1.jpeg\" \/>\n\t<meta property=\"og:image:width\" content=\"1600\" \/>\n\t<meta property=\"og:image:height\" content=\"721\" \/>\n\t<meta property=\"og:image:type\" content=\"image\/jpeg\" \/>\n<meta name=\"author\" content=\"Nelise Luques\" \/>\n<meta name=\"twitter:card\" content=\"summary_large_image\" \/>\n<meta name=\"twitter:label1\" content=\"Escrito por\" \/>\n\t<meta name=\"twitter:data1\" content=\"Nelise Luques\" \/>\n\t<meta name=\"twitter:label2\" content=\"Est. tempo de leitura\" \/>\n\t<meta name=\"twitter:data2\" content=\"3 minutos\" \/>\n<script type=\"application\/ld+json\" class=\"yoast-schema-graph\">{\"@context\":\"https:\/\/schema.org\",\"@graph\":[{\"@type\":\"WebPage\",\"@id\":\"https:\/\/verdadeon.com.br\/portal\/2022\/09\/07\/desfile-da-independencia-reune-milhares-de-pessoas-em-franca\/\",\"url\":\"https:\/\/verdadeon.com.br\/portal\/2022\/09\/07\/desfile-da-independencia-reune-milhares-de-pessoas-em-franca\/\",\"name\":\"Desfile da Independ\u00eancia re\u00fane milhares de pessoas em Franca - VerdadeOn\",\"isPartOf\":{\"@id\":\"https:\/\/verdadeon.com.br\/portal\/#website\"},\"primaryImageOfPage\":{\"@id\":\"https:\/\/verdadeon.com.br\/portal\/2022\/09\/07\/desfile-da-independencia-reune-milhares-de-pessoas-em-franca\/#primaryimage\"},\"image\":{\"@id\":\"https:\/\/verdadeon.com.br\/portal\/2022\/09\/07\/desfile-da-independencia-reune-milhares-de-pessoas-em-franca\/#primaryimage\"},\"thumbnailUrl\":\"https:\/\/i0.wp.com\/verdadeon.com.br\/portal\/wp-content\/uploads\/2022\/09\/DESFILE-DE-7-DE-SETEMBRO-FRANCA-2022-11-1.jpeg?fit=1600%2C721&ssl=1\",\"datePublished\":\"2022-09-07T13:20:27+00:00\",\"author\":{\"@id\":\"https:\/\/verdadeon.com.br\/portal\/#\/schema\/person\/8248726d36015c1916636fabb175d972\"},\"breadcrumb\":{\"@id\":\"https:\/\/verdadeon.com.br\/portal\/2022\/09\/07\/desfile-da-independencia-reune-milhares-de-pessoas-em-franca\/#breadcrumb\"},\"inLanguage\":\"pt-BR\",\"potentialAction\":[{\"@type\":\"ReadAction\",\"target\":[\"https:\/\/verdadeon.com.br\/portal\/2022\/09\/07\/desfile-da-independencia-reune-milhares-de-pessoas-em-franca\/\"]}]},{\"@type\":\"ImageObject\",\"inLanguage\":\"pt-BR\",\"@id\":\"https:\/\/verdadeon.com.br\/portal\/2022\/09\/07\/desfile-da-independencia-reune-milhares-de-pessoas-em-franca\/#primaryimage\",\"url\":\"https:\/\/i0.wp.com\/verdadeon.com.br\/portal\/wp-content\/uploads\/2022\/09\/DESFILE-DE-7-DE-SETEMBRO-FRANCA-2022-11-1.jpeg?fit=1600%2C721&ssl=1\",\"contentUrl\":\"https:\/\/i0.wp.com\/verdadeon.com.br\/portal\/wp-content\/uploads\/2022\/09\/DESFILE-DE-7-DE-SETEMBRO-FRANCA-2022-11-1.jpeg?fit=1600%2C721&ssl=1\",\"width\":1600,\"height\":721,\"caption\":\"O Desfile de 7 de Setembro, que neste ano marca dos 200 anos de Independ\u00eancia do Brasil reuniu mais 25 mil pessoas em Franca, segundo estimativa da Pol\u00edcia Militar | Fotos: Fernando Lima \/ Jornal Verdade e Martha Faria\"},{\"@type\":\"BreadcrumbList\",\"@id\":\"https:\/\/verdadeon.com.br\/portal\/2022\/09\/07\/desfile-da-independencia-reune-milhares-de-pessoas-em-franca\/#breadcrumb\",\"itemListElement\":[{\"@type\":\"ListItem\",\"position\":1,\"name\":\"In\u00edcio\",\"item\":\"https:\/\/verdadeon.com.br\/portal\/\"},{\"@type\":\"ListItem\",\"position\":2,\"name\":\"Desfile da Independ\u00eancia re\u00fane milhares de pessoas em Franca\"}]},{\"@type\":\"WebSite\",\"@id\":\"https:\/\/verdadeon.com.br\/portal\/#website\",\"url\":\"https:\/\/verdadeon.com.br\/portal\/\",\"name\":\"VerdadeOn\",\"description\":\"Not\u00edcias di\u00e1rias sobre Franca, Regi\u00e3o, Esporte, Cultura, Cotidiano, Colunas. Cobertura nos principais eventos da cidade \u00e9 aqui - Verdadeon Franca\",\"potentialAction\":[{\"@type\":\"SearchAction\",\"target\":{\"@type\":\"EntryPoint\",\"urlTemplate\":\"https:\/\/verdadeon.com.br\/portal\/?s={search_term_string}\"},\"query-input\":{\"@type\":\"PropertyValueSpecification\",\"valueRequired\":true,\"valueName\":\"search_term_string\"}}],\"inLanguage\":\"pt-BR\"},{\"@type\":\"Person\",\"@id\":\"https:\/\/verdadeon.com.br\/portal\/#\/schema\/person\/8248726d36015c1916636fabb175d972\",\"name\":\"Nelise Luques\",\"image\":{\"@type\":\"ImageObject\",\"inLanguage\":\"pt-BR\",\"@id\":\"https:\/\/verdadeon.com.br\/portal\/#\/schema\/person\/image\/\",\"url\":\"https:\/\/secure.gravatar.com\/avatar\/29b2a17f5bcadeb827411b66f48ac13c3e0ecaf5906c0f5745ecc5d41c24eada?s=96&d=mm&r=g\",\"contentUrl\":\"https:\/\/secure.gravatar.com\/avatar\/29b2a17f5bcadeb827411b66f48ac13c3e0ecaf5906c0f5745ecc5d41c24eada?s=96&d=mm&r=g\",\"caption\":\"Nelise Luques\"},\"url\":\"https:\/\/verdadeon.com.br\/portal\/author\/verdade\/\"}]}<\/script>\n<!-- \/ Yoast SEO plugin. -->","yoast_head_json":{"title":"Desfile da Independ\u00eancia re\u00fane milhares de pessoas em Franca - VerdadeOn","robots":{"index":"index","follow":"follow","max-snippet":"max-snippet:-1","max-image-preview":"max-image-preview:large","max-video-preview":"max-video-preview:-1"},"canonical":"https:\/\/verdadeon.com.br\/portal\/2022\/09\/07\/desfile-da-independencia-reune-milhares-de-pessoas-em-franca\/","og_locale":"pt_BR","og_type":"article","og_title":"Desfile da Independ\u00eancia re\u00fane milhares de pessoas em Franca - VerdadeOn","og_description":"Mais de 30 entidades estiveram representadas no desfile c\u00edvico na Avenida Presidente Vargas &nbsp; O feriado da Independ\u00eancia resgatou a tradi\u00e7\u00e3o do desfile c\u00edvico na Avenida [\u2026]","og_url":"https:\/\/verdadeon.com.br\/portal\/2022\/09\/07\/desfile-da-independencia-reune-milhares-de-pessoas-em-franca\/","og_site_name":"VerdadeOn","article_published_time":"2022-09-07T13:20:27+00:00","og_image":[{"width":1600,"height":721,"url":"https:\/\/verdadeon.com.br\/portal\/wp-content\/uploads\/2022\/09\/DESFILE-DE-7-DE-SETEMBRO-FRANCA-2022-11-1.jpeg","type":"image\/jpeg"}],"author":"Nelise Luques","twitter_card":"summary_large_image","twitter_misc":{"Escrito por":"Nelise Luques","Est. tempo de leitura":"3 minutos"},"schema":{"@context":"https:\/\/schema.org","@graph":[{"@type":"WebPage","@id":"https:\/\/verdadeon.com.br\/portal\/2022\/09\/07\/desfile-da-independencia-reune-milhares-de-pessoas-em-franca\/","url":"https:\/\/verdadeon.com.br\/portal\/2022\/09\/07\/desfile-da-independencia-reune-milhares-de-pessoas-em-franca\/","name":"Desfile da Independ\u00eancia re\u00fane milhares de pessoas em Franca - VerdadeOn","isPartOf":{"@id":"https:\/\/verdadeon.com.br\/portal\/#website"},"primaryImageOfPage":{"@id":"https:\/\/verdadeon.com.br\/portal\/2022\/09\/07\/desfile-da-independencia-reune-milhares-de-pessoas-em-franca\/#primaryimage"},"image":{"@id":"https:\/\/verdadeon.com.br\/portal\/2022\/09\/07\/desfile-da-independencia-reune-milhares-de-pessoas-em-franca\/#primaryimage"},"thumbnailUrl":"https:\/\/i0.wp.com\/verdadeon.com.br\/portal\/wp-content\/uploads\/2022\/09\/DESFILE-DE-7-DE-SETEMBRO-FRANCA-2022-11-1.jpeg?fit=1600%2C721&ssl=1","datePublished":"2022-09-07T13:20:27+00:00","author":{"@id":"https:\/\/verdadeon.com.br\/portal\/#\/schema\/person\/8248726d36015c1916636fabb175d972"},"breadcrumb":{"@id":"https:\/\/verdadeon.com.br\/portal\/2022\/09\/07\/desfile-da-independencia-reune-milhares-de-pessoas-em-franca\/#breadcrumb"},"inLanguage":"pt-BR","potentialAction":[{"@type":"ReadAction","target":["https:\/\/verdadeon.com.br\/portal\/2022\/09\/07\/desfile-da-independencia-reune-milhares-de-pessoas-em-franca\/"]}]},{"@type":"ImageObject","inLanguage":"pt-BR","@id":"https:\/\/verdadeon.com.br\/portal\/2022\/09\/07\/desfile-da-independencia-reune-milhares-de-pessoas-em-franca\/#primaryimage","url":"https:\/\/i0.wp.com\/verdadeon.com.br\/portal\/wp-content\/uploads\/2022\/09\/DESFILE-DE-7-DE-SETEMBRO-FRANCA-2022-11-1.jpeg?fit=1600%2C721&ssl=1","contentUrl":"https:\/\/i0.wp.com\/verdadeon.com.br\/portal\/wp-content\/uploads\/2022\/09\/DESFILE-DE-7-DE-SETEMBRO-FRANCA-2022-11-1.jpeg?fit=1600%2C721&ssl=1","width":1600,"height":721,"caption":"O Desfile de 7 de Setembro, que neste ano marca dos 200 anos de Independ\u00eancia do Brasil reuniu mais 25 mil pessoas em Franca, segundo estimativa da Pol\u00edcia Militar | Fotos: Fernando Lima \/ Jornal Verdade e Martha Faria"},{"@type":"BreadcrumbList","@id":"https:\/\/verdadeon.com.br\/portal\/2022\/09\/07\/desfile-da-independencia-reune-milhares-de-pessoas-em-franca\/#breadcrumb","itemListElement":[{"@type":"ListItem","position":1,"name":"In\u00edcio","item":"https:\/\/verdadeon.com.br\/portal\/"},{"@type":"ListItem","position":2,"name":"Desfile da Independ\u00eancia re\u00fane milhares de pessoas em Franca"}]},{"@type":"WebSite","@id":"https:\/\/verdadeon.com.br\/portal\/#website","url":"https:\/\/verdadeon.com.br\/portal\/","name":"VerdadeOn","description":"Not\u00edcias di\u00e1rias sobre Franca, Regi\u00e3o, Esporte, Cultura, Cotidiano, Colunas. Cobertura nos principais eventos da cidade \u00e9 aqui - Verdadeon Franca","potentialAction":[{"@type":"SearchAction","target":{"@type":"EntryPoint","urlTemplate":"https:\/\/verdadeon.com.br\/portal\/?s={search_term_string}"},"query-input":{"@type":"PropertyValueSpecification","valueRequired":true,"valueName":"search_term_string"}}],"inLanguage":"pt-BR"},{"@type":"Person","@id":"https:\/\/verdadeon.com.br\/portal\/#\/schema\/person\/8248726d36015c1916636fabb175d972","name":"Nelise Luques","image":{"@type":"ImageObject","inLanguage":"pt-BR","@id":"https:\/\/verdadeon.com.br\/portal\/#\/schema\/person\/image\/","url":"https:\/\/secure.gravatar.com\/avatar\/29b2a17f5bcadeb827411b66f48ac13c3e0ecaf5906c0f5745ecc5d41c24eada?s=96&d=mm&r=g","contentUrl":"https:\/\/secure.gravatar.com\/avatar\/29b2a17f5bcadeb827411b66f48ac13c3e0ecaf5906c0f5745ecc5d41c24eada?s=96&d=mm&r=g","caption":"Nelise Luques"},"url":"https:\/\/verdadeon.com.br\/portal\/author\/verdade\/"}]}},"jetpack_publicize_connections":[],"jetpack_featured_media_url":"https:\/\/i0.wp.com\/verdadeon.com.br\/portal\/wp-content\/uploads\/2022\/09\/DESFILE-DE-7-DE-SETEMBRO-FRANCA-2022-11-1.jpeg?fit=1600%2C721&ssl=1","jetpack_sharing_enabled":true,"_links":{"self":[{"href":"https:\/\/verdadeon.com.br\/portal\/wp-json\/wp\/v2\/posts\/27811","targetHints":{"allow":["GET"]}}],"collection":[{"href":"https:\/\/verdadeon.com.br\/portal\/wp-json\/wp\/v2\/posts"}],"about":[{"href":"https:\/\/verdadeon.com.br\/portal\/wp-json\/wp\/v2\/types\/post"}],"author":[{"embeddable":true,"href":"https:\/\/verdadeon.com.br\/portal\/wp-json\/wp\/v2\/users\/12"}],"replies":[{"embeddable":true,"href":"https:\/\/verdadeon.com.br\/portal\/wp-json\/wp\/v2\/comments?post=27811"}],"version-history":[{"count":1,"href":"https:\/\/verdadeon.com.br\/portal\/wp-json\/wp\/v2\/posts\/27811\/revisions"}],"predecessor-version":[{"id":27826,"href":"https:\/\/verdadeon.com.br\/portal\/wp-json\/wp\/v2\/posts\/27811\/revisions\/27826"}],"wp:featuredmedia":[{"embeddable":true,"href":"https:\/\/verdadeon.com.br\/portal\/wp-json\/wp\/v2\/media\/27825"}],"wp:attachment":[{"href":"https:\/\/verdadeon.com.br\/portal\/wp-json\/wp\/v2\/media?parent=27811"}],"wp:term":[{"taxonomy":"category","embeddable":true,"href":"https:\/\/verdadeon.com.br\/portal\/wp-json\/wp\/v2\/categories?post=27811"},{"taxonomy":"post_tag","embeddable":true,"href":"https:\/\/verdadeon.com.br\/portal\/wp-json\/wp\/v2\/tags?post=27811"}],"curies":[{"name":"wp","href":"https:\/\/api.w.org\/{rel}","templated":true}]}}