{"id":27795,"date":"2022-09-06T18:10:31","date_gmt":"2022-09-06T21:10:31","guid":{"rendered":"https:\/\/verdadeon.com.br\/portal\/?p=27795"},"modified":"2022-09-06T18:10:31","modified_gmt":"2022-09-06T21:10:31","slug":"lei-de-diretrizes-orcamentarias-e-aprovada-em-segundo-turno-na-camara-municipal","status":"publish","type":"post","link":"https:\/\/verdadeon.com.br\/portal\/2022\/09\/06\/lei-de-diretrizes-orcamentarias-e-aprovada-em-segundo-turno-na-camara-municipal\/","title":{"rendered":"Lei de Diretrizes Or\u00e7ament\u00e1rias \u00e9 aprovada em segundo turno na C\u00e2mara Municipal"},"content":{"rendered":"<h2>Texto segue agora para ser sancionado pela Prefeitura, 38 emendas tamb\u00e9m foram aprovadas pelos parlamentares<\/h2>\n<p>A C\u00e2mara Municipal de Franca aprovou em segundo turno, a Lei de Diretrizes Or\u00e7ament\u00e1rias (LDO), para 2023, que prev\u00ea um or\u00e7amento para a cidade de mais de R$ 1.3 bilh\u00e3o. A primeira aprova\u00e7\u00e3o aconteceu na semana passada, no dia 30 de agosto.<\/p>\n<p>Pelo Projeto de Lei, o or\u00e7amento previsto \u00e9 de R$ 1.214 bilh\u00e3o, mas se somado a arrecada\u00e7\u00e3o do Centro Universit\u00e1rio de Franca \u2013 Uni-Facef, Faculdade de Direito de Franca, Servi\u00e7o de Assist\u00eancia e Seguro Social Munic\u00edpio de Franca \u2013 SASSOM e a Funda\u00e7\u00e3o Esporte Arte e Cultura \u2013 FEAC, a receita chega a R$ 1.3 bilh\u00e3o.<\/p>\n<p>Durante a reuni\u00e3o em Plen\u00e1rio os vereadores analisaram e aprovaram as 38 emendas, sendo 37 impositivas e 1 propositiva apresentadas a Lei de Diretrizes Or\u00e7ament\u00e1rias (LDO). \u00a0As vota\u00e7\u00f5es foram feitas por blocos conforme as \u00e1reas que receberam a destina\u00e7\u00e3o dos recursos.<\/p>\n<p>Os parlamentares destinaram no total com as impositivas R$ 14.067.000,00, sendo 19 emendas para a\u00e7\u00f5es e servi\u00e7os p\u00fablicos de sa\u00fade totalizando o valor de R$ 13.280.200,00, representando o percentual de 94,41% do total de emendas. Destes, mais de R$ 12 milh\u00f5es foram destinados pelos vereadores para a constru\u00e7\u00e3o do novo complexo NGA-16.<\/p>\n<p>Ainda nas transfer\u00eancias para entidades que prestam servi\u00e7os na \u00e1rea de sa\u00fade foram destinados R$ 550 mil para Funda\u00e7\u00e3o Santa Casa de Miseric\u00f3rdia, R$ 100 mil para Funda\u00e7\u00e3o Esp\u00edrita Alan Kardec, R$ 100 mil para Associa\u00e7\u00e3o dos Pais e Amigos dos Excepcionais (APAE) e R$ 50 mil para Ber\u00e7\u00e1rio Dona Nina. O total de recursos soma R$ 800 mil.<\/p>\n<p>Tamb\u00e9m foram destinados R$ 210 mil para entidades que prestam Assist\u00eancia \u00e0 Pessoa Idosa sendo R$ 80 mil para Lar Euripedes Barsanulfo, R$ 50 mil para Casa S\u00e3o Camilo de Lelis, R$ 50 mil para Institui\u00e7\u00e3o Esp\u00edrita Nosso Lar Dona Leonor e R$ 30 mil para Funda\u00e7\u00e3o Esp\u00edrita Judas Icariotes \u2013 Lar de Of\u00e9lia.<\/p>\n<p>Na \u00e1rea de educa\u00e7\u00e3o foram destinados R$ 87.800,00 para aporte \u00e0 merenda escolar, R$ 30 mil para Associa\u00e7\u00e3o Santa Gianna Beretta Molla, R$ 50 mil para Creche Bom Pastor, R$ 50 mil para CCI Nossa Senhora Concei\u00e7\u00e3o.<\/p>\n<p>Ainda foram destinadas R$ 9 mil para Liga Francana de Futebol de Ch\u00e1cara e R$ 50 mil para Associa\u00e7\u00e3o \u00c9 o Bicho que presta servi\u00e7os nas atividades de prote\u00e7\u00e3o aos animais.<\/p>\n<p>Tamb\u00e9m foram destinados recursos para \u00e1rea social como, por exemplo, R$ 50 mil para Caminhar \u2013 Associa\u00e7\u00e3o das Fam\u00edlias e Pessoas com Paralisia Cerebral de Franca, R$ 30 mil para Centro Esp\u00edrita Sebastiana Barbosa Ferreira \u2013 Casa do P\u00e3o, R$ 100 mil para Obras Assistenciais Dr. Ismael Alonso e Alonso, R$ 20 mil para Promo\u00e7\u00e3o Humana e Moradia da Capelinha e R$ 100 mil para Associa\u00e7\u00e3o e Recupera\u00e7\u00e3o da Vida \u2013 Narev.<\/p>\n<p>O vereador Zezinho Cabeleireiro (PP) disse \u2018o Hospital da Caridade a gente precisa colocar para funcionar e esses R$ 100 mil foram destinados para fazer\u00a0alguns melhoramentos exigidos pela Vigil\u00e2ncia Sanit\u00e1ria. \u00c9 um hospital que est\u00e1 pronto e falta pouca coisa para fazer as adequa\u00e7\u00f5es\u2019.<\/p>\n","protected":false},"excerpt":{"rendered":"<p>Texto segue agora para ser sancionado pela Prefeitura, 38 emendas tamb\u00e9m foram aprovadas pelos parlamentares A C\u00e2mara Municipal de Franca aprovou em segundo turno, a Lei<span class=\"excerpt-hellip\"> [\u2026]<\/span><\/p>\n","protected":false},"author":7,"featured_media":24949,"comment_status":"open","ping_status":"open","sticky":false,"template":"","format":"standard","meta":{"_jetpack_memberships_contains_paid_content":false,"footnotes":"","jetpack_publicize_message":"","jetpack_publicize_feature_enabled":true,"jetpack_social_post_already_shared":false,"jetpack_social_options":{"image_generator_settings":{"template":"highway","default_image_id":0,"enabled":false},"version":2}},"categories":[28,44],"tags":[],"class_list":["post-27795","post","type-post","status-publish","format-standard","has-post-thumbnail","hentry","category-cotidiano","category-noticias"],"yoast_head":"<!-- This site is optimized with the Yoast SEO plugin v25.6 - https:\/\/yoast.com\/wordpress\/plugins\/seo\/ -->\n<title>Lei de Diretrizes Or\u00e7ament\u00e1rias \u00e9 aprovada em segundo turno na C\u00e2mara Municipal - VerdadeOn<\/title>\n<meta name=\"robots\" content=\"index, follow, max-snippet:-1, max-image-preview:large, max-video-preview:-1\" \/>\n<link rel=\"canonical\" href=\"https:\/\/verdadeon.com.br\/portal\/2022\/09\/06\/lei-de-diretrizes-orcamentarias-e-aprovada-em-segundo-turno-na-camara-municipal\/\" \/>\n<meta property=\"og:locale\" content=\"pt_BR\" \/>\n<meta property=\"og:type\" content=\"article\" \/>\n<meta property=\"og:title\" content=\"Lei de Diretrizes Or\u00e7ament\u00e1rias \u00e9 aprovada em segundo turno na C\u00e2mara Municipal - VerdadeOn\" \/>\n<meta property=\"og:description\" content=\"Texto segue agora para ser sancionado pela Prefeitura, 38 emendas tamb\u00e9m foram aprovadas pelos parlamentares A C\u00e2mara Municipal de Franca aprovou em segundo turno, a Lei [\u2026]\" \/>\n<meta property=\"og:url\" content=\"https:\/\/verdadeon.com.br\/portal\/2022\/09\/06\/lei-de-diretrizes-orcamentarias-e-aprovada-em-segundo-turno-na-camara-municipal\/\" \/>\n<meta property=\"og:site_name\" content=\"VerdadeOn\" \/>\n<meta property=\"article:published_time\" content=\"2022-09-06T21:10:31+00:00\" \/>\n<meta property=\"og:image\" content=\"https:\/\/verdadeon.com.br\/portal\/wp-content\/uploads\/2022\/05\/fachadaplenario2022-2.jpeg\" \/>\n\t<meta property=\"og:image:width\" content=\"1000\" \/>\n\t<meta property=\"og:image:height\" content=\"666\" \/>\n\t<meta property=\"og:image:type\" content=\"image\/jpeg\" \/>\n<meta name=\"author\" content=\"Fernando Lima\" \/>\n<meta name=\"twitter:card\" content=\"summary_large_image\" \/>\n<meta name=\"twitter:label1\" content=\"Escrito por\" \/>\n\t<meta name=\"twitter:data1\" content=\"Fernando Lima\" \/>\n\t<meta name=\"twitter:label2\" content=\"Est. tempo de leitura\" \/>\n\t<meta name=\"twitter:data2\" content=\"3 minutos\" \/>\n<script type=\"application\/ld+json\" class=\"yoast-schema-graph\">{\"@context\":\"https:\/\/schema.org\",\"@graph\":[{\"@type\":\"WebPage\",\"@id\":\"https:\/\/verdadeon.com.br\/portal\/2022\/09\/06\/lei-de-diretrizes-orcamentarias-e-aprovada-em-segundo-turno-na-camara-municipal\/\",\"url\":\"https:\/\/verdadeon.com.br\/portal\/2022\/09\/06\/lei-de-diretrizes-orcamentarias-e-aprovada-em-segundo-turno-na-camara-municipal\/\",\"name\":\"Lei de Diretrizes Or\u00e7ament\u00e1rias \u00e9 aprovada em segundo turno na C\u00e2mara Municipal - VerdadeOn\",\"isPartOf\":{\"@id\":\"https:\/\/verdadeon.com.br\/portal\/#website\"},\"primaryImageOfPage\":{\"@id\":\"https:\/\/verdadeon.com.br\/portal\/2022\/09\/06\/lei-de-diretrizes-orcamentarias-e-aprovada-em-segundo-turno-na-camara-municipal\/#primaryimage\"},\"image\":{\"@id\":\"https:\/\/verdadeon.com.br\/portal\/2022\/09\/06\/lei-de-diretrizes-orcamentarias-e-aprovada-em-segundo-turno-na-camara-municipal\/#primaryimage\"},\"thumbnailUrl\":\"https:\/\/i0.wp.com\/verdadeon.com.br\/portal\/wp-content\/uploads\/2022\/05\/fachadaplenario2022-2.jpeg?fit=1000%2C666&ssl=1\",\"datePublished\":\"2022-09-06T21:10:31+00:00\",\"author\":{\"@id\":\"https:\/\/verdadeon.com.br\/portal\/#\/schema\/person\/cc32be22b8e8599387c480bc83e1d11a\"},\"breadcrumb\":{\"@id\":\"https:\/\/verdadeon.com.br\/portal\/2022\/09\/06\/lei-de-diretrizes-orcamentarias-e-aprovada-em-segundo-turno-na-camara-municipal\/#breadcrumb\"},\"inLanguage\":\"pt-BR\",\"potentialAction\":[{\"@type\":\"ReadAction\",\"target\":[\"https:\/\/verdadeon.com.br\/portal\/2022\/09\/06\/lei-de-diretrizes-orcamentarias-e-aprovada-em-segundo-turno-na-camara-municipal\/\"]}]},{\"@type\":\"ImageObject\",\"inLanguage\":\"pt-BR\",\"@id\":\"https:\/\/verdadeon.com.br\/portal\/2022\/09\/06\/lei-de-diretrizes-orcamentarias-e-aprovada-em-segundo-turno-na-camara-municipal\/#primaryimage\",\"url\":\"https:\/\/i0.wp.com\/verdadeon.com.br\/portal\/wp-content\/uploads\/2022\/05\/fachadaplenario2022-2.jpeg?fit=1000%2C666&ssl=1\",\"contentUrl\":\"https:\/\/i0.wp.com\/verdadeon.com.br\/portal\/wp-content\/uploads\/2022\/05\/fachadaplenario2022-2.jpeg?fit=1000%2C666&ssl=1\",\"width\":1000,\"height\":666,\"caption\":\"O texto segue agora para ser sancionado pela prefeitura, a data limite \u00e9 o dia 21 de setembro | Foto: C\u00e2mara Municipal\"},{\"@type\":\"BreadcrumbList\",\"@id\":\"https:\/\/verdadeon.com.br\/portal\/2022\/09\/06\/lei-de-diretrizes-orcamentarias-e-aprovada-em-segundo-turno-na-camara-municipal\/#breadcrumb\",\"itemListElement\":[{\"@type\":\"ListItem\",\"position\":1,\"name\":\"In\u00edcio\",\"item\":\"https:\/\/verdadeon.com.br\/portal\/\"},{\"@type\":\"ListItem\",\"position\":2,\"name\":\"Lei de Diretrizes Or\u00e7ament\u00e1rias \u00e9 aprovada em segundo turno na C\u00e2mara Municipal\"}]},{\"@type\":\"WebSite\",\"@id\":\"https:\/\/verdadeon.com.br\/portal\/#website\",\"url\":\"https:\/\/verdadeon.com.br\/portal\/\",\"name\":\"VerdadeOn\",\"description\":\"Not\u00edcias di\u00e1rias sobre Franca, Regi\u00e3o, Esporte, Cultura, Cotidiano, Colunas. Cobertura nos principais eventos da cidade \u00e9 aqui - Verdadeon Franca\",\"potentialAction\":[{\"@type\":\"SearchAction\",\"target\":{\"@type\":\"EntryPoint\",\"urlTemplate\":\"https:\/\/verdadeon.com.br\/portal\/?s={search_term_string}\"},\"query-input\":{\"@type\":\"PropertyValueSpecification\",\"valueRequired\":true,\"valueName\":\"search_term_string\"}}],\"inLanguage\":\"pt-BR\"},{\"@type\":\"Person\",\"@id\":\"https:\/\/verdadeon.com.br\/portal\/#\/schema\/person\/cc32be22b8e8599387c480bc83e1d11a\",\"name\":\"Fernando Lima\",\"image\":{\"@type\":\"ImageObject\",\"inLanguage\":\"pt-BR\",\"@id\":\"https:\/\/verdadeon.com.br\/portal\/#\/schema\/person\/image\/\",\"url\":\"https:\/\/secure.gravatar.com\/avatar\/df4c8e132080d2b3a4841d5d232045464e0eed11a1d6e43115ca0843d48768d3?s=96&d=mm&r=g\",\"contentUrl\":\"https:\/\/secure.gravatar.com\/avatar\/df4c8e132080d2b3a4841d5d232045464e0eed11a1d6e43115ca0843d48768d3?s=96&d=mm&r=g\",\"caption\":\"Fernando Lima\"},\"sameAs\":[\"http:\/\/verdadeon.com.br\/\"],\"url\":\"https:\/\/verdadeon.com.br\/portal\/author\/fernando-lima\/\"}]}<\/script>\n<!-- \/ Yoast SEO plugin. -->","yoast_head_json":{"title":"Lei de Diretrizes Or\u00e7ament\u00e1rias \u00e9 aprovada em segundo turno na C\u00e2mara Municipal - VerdadeOn","robots":{"index":"index","follow":"follow","max-snippet":"max-snippet:-1","max-image-preview":"max-image-preview:large","max-video-preview":"max-video-preview:-1"},"canonical":"https:\/\/verdadeon.com.br\/portal\/2022\/09\/06\/lei-de-diretrizes-orcamentarias-e-aprovada-em-segundo-turno-na-camara-municipal\/","og_locale":"pt_BR","og_type":"article","og_title":"Lei de Diretrizes Or\u00e7ament\u00e1rias \u00e9 aprovada em segundo turno na C\u00e2mara Municipal - VerdadeOn","og_description":"Texto segue agora para ser sancionado pela Prefeitura, 38 emendas tamb\u00e9m foram aprovadas pelos parlamentares A C\u00e2mara Municipal de Franca aprovou em segundo turno, a Lei [\u2026]","og_url":"https:\/\/verdadeon.com.br\/portal\/2022\/09\/06\/lei-de-diretrizes-orcamentarias-e-aprovada-em-segundo-turno-na-camara-municipal\/","og_site_name":"VerdadeOn","article_published_time":"2022-09-06T21:10:31+00:00","og_image":[{"width":1000,"height":666,"url":"https:\/\/verdadeon.com.br\/portal\/wp-content\/uploads\/2022\/05\/fachadaplenario2022-2.jpeg","type":"image\/jpeg"}],"author":"Fernando Lima","twitter_card":"summary_large_image","twitter_misc":{"Escrito por":"Fernando Lima","Est. tempo de leitura":"3 minutos"},"schema":{"@context":"https:\/\/schema.org","@graph":[{"@type":"WebPage","@id":"https:\/\/verdadeon.com.br\/portal\/2022\/09\/06\/lei-de-diretrizes-orcamentarias-e-aprovada-em-segundo-turno-na-camara-municipal\/","url":"https:\/\/verdadeon.com.br\/portal\/2022\/09\/06\/lei-de-diretrizes-orcamentarias-e-aprovada-em-segundo-turno-na-camara-municipal\/","name":"Lei de Diretrizes Or\u00e7ament\u00e1rias \u00e9 aprovada em segundo turno na C\u00e2mara Municipal - VerdadeOn","isPartOf":{"@id":"https:\/\/verdadeon.com.br\/portal\/#website"},"primaryImageOfPage":{"@id":"https:\/\/verdadeon.com.br\/portal\/2022\/09\/06\/lei-de-diretrizes-orcamentarias-e-aprovada-em-segundo-turno-na-camara-municipal\/#primaryimage"},"image":{"@id":"https:\/\/verdadeon.com.br\/portal\/2022\/09\/06\/lei-de-diretrizes-orcamentarias-e-aprovada-em-segundo-turno-na-camara-municipal\/#primaryimage"},"thumbnailUrl":"https:\/\/i0.wp.com\/verdadeon.com.br\/portal\/wp-content\/uploads\/2022\/05\/fachadaplenario2022-2.jpeg?fit=1000%2C666&ssl=1","datePublished":"2022-09-06T21:10:31+00:00","author":{"@id":"https:\/\/verdadeon.com.br\/portal\/#\/schema\/person\/cc32be22b8e8599387c480bc83e1d11a"},"breadcrumb":{"@id":"https:\/\/verdadeon.com.br\/portal\/2022\/09\/06\/lei-de-diretrizes-orcamentarias-e-aprovada-em-segundo-turno-na-camara-municipal\/#breadcrumb"},"inLanguage":"pt-BR","potentialAction":[{"@type":"ReadAction","target":["https:\/\/verdadeon.com.br\/portal\/2022\/09\/06\/lei-de-diretrizes-orcamentarias-e-aprovada-em-segundo-turno-na-camara-municipal\/"]}]},{"@type":"ImageObject","inLanguage":"pt-BR","@id":"https:\/\/verdadeon.com.br\/portal\/2022\/09\/06\/lei-de-diretrizes-orcamentarias-e-aprovada-em-segundo-turno-na-camara-municipal\/#primaryimage","url":"https:\/\/i0.wp.com\/verdadeon.com.br\/portal\/wp-content\/uploads\/2022\/05\/fachadaplenario2022-2.jpeg?fit=1000%2C666&ssl=1","contentUrl":"https:\/\/i0.wp.com\/verdadeon.com.br\/portal\/wp-content\/uploads\/2022\/05\/fachadaplenario2022-2.jpeg?fit=1000%2C666&ssl=1","width":1000,"height":666,"caption":"O texto segue agora para ser sancionado pela prefeitura, a data limite \u00e9 o dia 21 de setembro | Foto: C\u00e2mara Municipal"},{"@type":"BreadcrumbList","@id":"https:\/\/verdadeon.com.br\/portal\/2022\/09\/06\/lei-de-diretrizes-orcamentarias-e-aprovada-em-segundo-turno-na-camara-municipal\/#breadcrumb","itemListElement":[{"@type":"ListItem","position":1,"name":"In\u00edcio","item":"https:\/\/verdadeon.com.br\/portal\/"},{"@type":"ListItem","position":2,"name":"Lei de Diretrizes Or\u00e7ament\u00e1rias \u00e9 aprovada em segundo turno na C\u00e2mara Municipal"}]},{"@type":"WebSite","@id":"https:\/\/verdadeon.com.br\/portal\/#website","url":"https:\/\/verdadeon.com.br\/portal\/","name":"VerdadeOn","description":"Not\u00edcias di\u00e1rias sobre Franca, Regi\u00e3o, Esporte, Cultura, Cotidiano, Colunas. Cobertura nos principais eventos da cidade \u00e9 aqui - Verdadeon Franca","potentialAction":[{"@type":"SearchAction","target":{"@type":"EntryPoint","urlTemplate":"https:\/\/verdadeon.com.br\/portal\/?s={search_term_string}"},"query-input":{"@type":"PropertyValueSpecification","valueRequired":true,"valueName":"search_term_string"}}],"inLanguage":"pt-BR"},{"@type":"Person","@id":"https:\/\/verdadeon.com.br\/portal\/#\/schema\/person\/cc32be22b8e8599387c480bc83e1d11a","name":"Fernando Lima","image":{"@type":"ImageObject","inLanguage":"pt-BR","@id":"https:\/\/verdadeon.com.br\/portal\/#\/schema\/person\/image\/","url":"https:\/\/secure.gravatar.com\/avatar\/df4c8e132080d2b3a4841d5d232045464e0eed11a1d6e43115ca0843d48768d3?s=96&d=mm&r=g","contentUrl":"https:\/\/secure.gravatar.com\/avatar\/df4c8e132080d2b3a4841d5d232045464e0eed11a1d6e43115ca0843d48768d3?s=96&d=mm&r=g","caption":"Fernando Lima"},"sameAs":["http:\/\/verdadeon.com.br\/"],"url":"https:\/\/verdadeon.com.br\/portal\/author\/fernando-lima\/"}]}},"jetpack_publicize_connections":[],"jetpack_featured_media_url":"https:\/\/i0.wp.com\/verdadeon.com.br\/portal\/wp-content\/uploads\/2022\/05\/fachadaplenario2022-2.jpeg?fit=1000%2C666&ssl=1","jetpack_sharing_enabled":true,"_links":{"self":[{"href":"https:\/\/verdadeon.com.br\/portal\/wp-json\/wp\/v2\/posts\/27795","targetHints":{"allow":["GET"]}}],"collection":[{"href":"https:\/\/verdadeon.com.br\/portal\/wp-json\/wp\/v2\/posts"}],"about":[{"href":"https:\/\/verdadeon.com.br\/portal\/wp-json\/wp\/v2\/types\/post"}],"author":[{"embeddable":true,"href":"https:\/\/verdadeon.com.br\/portal\/wp-json\/wp\/v2\/users\/7"}],"replies":[{"embeddable":true,"href":"https:\/\/verdadeon.com.br\/portal\/wp-json\/wp\/v2\/comments?post=27795"}],"version-history":[{"count":1,"href":"https:\/\/verdadeon.com.br\/portal\/wp-json\/wp\/v2\/posts\/27795\/revisions"}],"predecessor-version":[{"id":27796,"href":"https:\/\/verdadeon.com.br\/portal\/wp-json\/wp\/v2\/posts\/27795\/revisions\/27796"}],"wp:featuredmedia":[{"embeddable":true,"href":"https:\/\/verdadeon.com.br\/portal\/wp-json\/wp\/v2\/media\/24949"}],"wp:attachment":[{"href":"https:\/\/verdadeon.com.br\/portal\/wp-json\/wp\/v2\/media?parent=27795"}],"wp:term":[{"taxonomy":"category","embeddable":true,"href":"https:\/\/verdadeon.com.br\/portal\/wp-json\/wp\/v2\/categories?post=27795"},{"taxonomy":"post_tag","embeddable":true,"href":"https:\/\/verdadeon.com.br\/portal\/wp-json\/wp\/v2\/tags?post=27795"}],"curies":[{"name":"wp","href":"https:\/\/api.w.org\/{rel}","templated":true}]}}