{"id":27788,"date":"2022-09-06T17:37:56","date_gmt":"2022-09-06T20:37:56","guid":{"rendered":"https:\/\/verdadeon.com.br\/portal\/?p=27788"},"modified":"2022-09-06T17:37:56","modified_gmt":"2022-09-06T20:37:56","slug":"homem-e-preso-por-vender-drogas-em-proximidades-de-escolas-de-franca","status":"publish","type":"post","link":"https:\/\/verdadeon.com.br\/portal\/2022\/09\/06\/homem-e-preso-por-vender-drogas-em-proximidades-de-escolas-de-franca\/","title":{"rendered":"Homem \u00e9 preso por vender drogas em proximidades de escolas de Franca"},"content":{"rendered":"<h2>DISE realizou investiga\u00e7\u00e3o por cerca de um m\u00eas, e com autoriza\u00e7\u00e3o da Justi\u00e7a realizou buscas na casa dele<\/h2>\n<p>A Delegacia de Investiga\u00e7\u00f5es Sobre Entorpecentes (DISE) de Franca, prendeu um homem de 45 anos, por tr\u00e1fico de drogas na regi\u00e3o central da cidade. Quatro tijolos e 14 por\u00e7\u00f5es de maconha, haxixe, 45 pontos de LSD, 14 comprimidos de ecstasy, al\u00e9m de droga conhecida como \u201ccristal\u201d e materiais para o tr\u00e1fico foram apreendidas com o suspeito.<\/p>\n<p>Ainda de acordo com a DISE, o autom\u00f3vel do homem foi apreendido, j\u00e1 que ele era usado para a entrega dos entorpecentes em diferentes pontos da cidade, al\u00e9m de quase R$ 1.500.<\/p>\n<p>O delegado Alan Bazalha informou que a equipe de investigadores da DISE realizava trabalho de campo, o principal objetivo era coibir o tr\u00e1fico nas proximidades de unidades escolares.<\/p>\n<p>\u201cEm trabalho de campo junto a um col\u00e9gio na regi\u00e3o central os investigadores presenciaram uma movimenta\u00e7\u00e3o anormal de diferentes pessoas defronte uma certa resid\u00eancia. Realizado aprofundamento na investiga\u00e7\u00e3o foi verificado durante os monitoramentos uma atividade incomum, muito sugestiva de tr\u00e1fico de drogas, pois o morador recebia pessoas distintas a sua porta constantemente\u201d, informou.<\/p>\n<p>A investiga\u00e7\u00e3o durou aproximadamente um m\u00eas e as suspeitas foram se confirmando. \u201cO investigado certamente se dedica a trafic\u00e2ncia de drogas nesta cidade e foi verificado que seus clientes eram pessoas pertencentes a um estrato socioecon\u00f4mico mais elevado da sociedade, pois os ve\u00edculos que estacionavam em frente sua casa eram, na maioria das vezes, autom\u00f3veis de luxo\u201d, disse o delegado.<\/p>\n<p>Diante as evid\u00eancias das investiga\u00e7\u00f5es, a DISE solicitou mandado de busca domiciliar junto ao Poder Judici\u00e1rio, que foi autorizado e cumprido nesta ter\u00e7a-feira.<\/p>\n<p>O homem foi abordado no carro dele enquanto saia para realizar mais uma entrega. Ele foi preso em flagrante por tr\u00e1fico de drogas, para a pol\u00edcia ele disse que vendia apenas a maconha, sendo que as outras drogas eram para o seu consumo pr\u00f3prio. Ele disse ainda que vendia os entorpecentes para pagar pens\u00e3o por ter um filho com necessidades especiais e para sustentar o v\u00edcio.<\/p>\n<p>&nbsp;<\/p>\n","protected":false},"excerpt":{"rendered":"<p>DISE realizou investiga\u00e7\u00e3o por cerca de um m\u00eas, e com autoriza\u00e7\u00e3o da Justi\u00e7a realizou buscas na casa dele A Delegacia de Investiga\u00e7\u00f5es Sobre Entorpecentes (DISE) de<span class=\"excerpt-hellip\"> [\u2026]<\/span><\/p>\n","protected":false},"author":7,"featured_media":27791,"comment_status":"open","ping_status":"open","sticky":false,"template":"","format":"standard","meta":{"_jetpack_memberships_contains_paid_content":false,"footnotes":"","jetpack_publicize_message":"","jetpack_publicize_feature_enabled":true,"jetpack_social_post_already_shared":false,"jetpack_social_options":{"image_generator_settings":{"template":"highway","default_image_id":0,"enabled":false},"version":2}},"categories":[28,81],"tags":[],"class_list":["post-27788","post","type-post","status-publish","format-standard","has-post-thumbnail","hentry","category-cotidiano","category-manchete"],"yoast_head":"<!-- This site is optimized with the Yoast SEO plugin v25.6 - https:\/\/yoast.com\/wordpress\/plugins\/seo\/ -->\n<title>Homem \u00e9 preso por vender drogas em proximidades de escolas de Franca - VerdadeOn<\/title>\n<meta name=\"robots\" content=\"index, follow, max-snippet:-1, max-image-preview:large, max-video-preview:-1\" \/>\n<link rel=\"canonical\" href=\"https:\/\/verdadeon.com.br\/portal\/2022\/09\/06\/homem-e-preso-por-vender-drogas-em-proximidades-de-escolas-de-franca\/\" \/>\n<meta property=\"og:locale\" content=\"pt_BR\" \/>\n<meta property=\"og:type\" content=\"article\" \/>\n<meta property=\"og:title\" content=\"Homem \u00e9 preso por vender drogas em proximidades de escolas de Franca - VerdadeOn\" \/>\n<meta property=\"og:description\" content=\"DISE realizou investiga\u00e7\u00e3o por cerca de um m\u00eas, e com autoriza\u00e7\u00e3o da Justi\u00e7a realizou buscas na casa dele A Delegacia de Investiga\u00e7\u00f5es Sobre Entorpecentes (DISE) de [\u2026]\" \/>\n<meta property=\"og:url\" content=\"https:\/\/verdadeon.com.br\/portal\/2022\/09\/06\/homem-e-preso-por-vender-drogas-em-proximidades-de-escolas-de-franca\/\" \/>\n<meta property=\"og:site_name\" content=\"VerdadeOn\" \/>\n<meta property=\"article:published_time\" content=\"2022-09-06T20:37:56+00:00\" \/>\n<meta property=\"og:image\" content=\"https:\/\/verdadeon.com.br\/portal\/wp-content\/uploads\/2022\/09\/WhatsApp-Image-2022-09-06-at-15.44.46-e1662496566660.jpeg\" \/>\n\t<meta property=\"og:image:width\" content=\"1144\" \/>\n\t<meta property=\"og:image:height\" content=\"724\" \/>\n\t<meta property=\"og:image:type\" content=\"image\/jpeg\" \/>\n<meta name=\"author\" content=\"Fernando Lima\" \/>\n<meta name=\"twitter:card\" content=\"summary_large_image\" \/>\n<meta name=\"twitter:label1\" content=\"Escrito por\" \/>\n\t<meta name=\"twitter:data1\" content=\"Fernando Lima\" \/>\n\t<meta name=\"twitter:label2\" content=\"Est. tempo de leitura\" \/>\n\t<meta name=\"twitter:data2\" content=\"2 minutos\" \/>\n<script type=\"application\/ld+json\" class=\"yoast-schema-graph\">{\"@context\":\"https:\/\/schema.org\",\"@graph\":[{\"@type\":\"WebPage\",\"@id\":\"https:\/\/verdadeon.com.br\/portal\/2022\/09\/06\/homem-e-preso-por-vender-drogas-em-proximidades-de-escolas-de-franca\/\",\"url\":\"https:\/\/verdadeon.com.br\/portal\/2022\/09\/06\/homem-e-preso-por-vender-drogas-em-proximidades-de-escolas-de-franca\/\",\"name\":\"Homem \u00e9 preso por vender drogas em proximidades de escolas de Franca - VerdadeOn\",\"isPartOf\":{\"@id\":\"https:\/\/verdadeon.com.br\/portal\/#website\"},\"primaryImageOfPage\":{\"@id\":\"https:\/\/verdadeon.com.br\/portal\/2022\/09\/06\/homem-e-preso-por-vender-drogas-em-proximidades-de-escolas-de-franca\/#primaryimage\"},\"image\":{\"@id\":\"https:\/\/verdadeon.com.br\/portal\/2022\/09\/06\/homem-e-preso-por-vender-drogas-em-proximidades-de-escolas-de-franca\/#primaryimage\"},\"thumbnailUrl\":\"https:\/\/i0.wp.com\/verdadeon.com.br\/portal\/wp-content\/uploads\/2022\/09\/WhatsApp-Image-2022-09-06-at-15.44.46-e1662496566660.jpeg?fit=1144%2C724&ssl=1\",\"datePublished\":\"2022-09-06T20:37:56+00:00\",\"author\":{\"@id\":\"https:\/\/verdadeon.com.br\/portal\/#\/schema\/person\/cc32be22b8e8599387c480bc83e1d11a\"},\"breadcrumb\":{\"@id\":\"https:\/\/verdadeon.com.br\/portal\/2022\/09\/06\/homem-e-preso-por-vender-drogas-em-proximidades-de-escolas-de-franca\/#breadcrumb\"},\"inLanguage\":\"pt-BR\",\"potentialAction\":[{\"@type\":\"ReadAction\",\"target\":[\"https:\/\/verdadeon.com.br\/portal\/2022\/09\/06\/homem-e-preso-por-vender-drogas-em-proximidades-de-escolas-de-franca\/\"]}]},{\"@type\":\"ImageObject\",\"inLanguage\":\"pt-BR\",\"@id\":\"https:\/\/verdadeon.com.br\/portal\/2022\/09\/06\/homem-e-preso-por-vender-drogas-em-proximidades-de-escolas-de-franca\/#primaryimage\",\"url\":\"https:\/\/i0.wp.com\/verdadeon.com.br\/portal\/wp-content\/uploads\/2022\/09\/WhatsApp-Image-2022-09-06-at-15.44.46-e1662496566660.jpeg?fit=1144%2C724&ssl=1\",\"contentUrl\":\"https:\/\/i0.wp.com\/verdadeon.com.br\/portal\/wp-content\/uploads\/2022\/09\/WhatsApp-Image-2022-09-06-at-15.44.46-e1662496566660.jpeg?fit=1144%2C724&ssl=1\",\"width\":1144,\"height\":724,\"caption\":\"Cerca de R$ 1.500 foram apreendidos com o suspeito, ele usava um ve\u00edculo para entregar as drogas em diversos pontos da cidade | Foto: Divulga\u00e7\u00e3o DISE\"},{\"@type\":\"BreadcrumbList\",\"@id\":\"https:\/\/verdadeon.com.br\/portal\/2022\/09\/06\/homem-e-preso-por-vender-drogas-em-proximidades-de-escolas-de-franca\/#breadcrumb\",\"itemListElement\":[{\"@type\":\"ListItem\",\"position\":1,\"name\":\"In\u00edcio\",\"item\":\"https:\/\/verdadeon.com.br\/portal\/\"},{\"@type\":\"ListItem\",\"position\":2,\"name\":\"Homem \u00e9 preso por vender drogas em proximidades de escolas de Franca\"}]},{\"@type\":\"WebSite\",\"@id\":\"https:\/\/verdadeon.com.br\/portal\/#website\",\"url\":\"https:\/\/verdadeon.com.br\/portal\/\",\"name\":\"VerdadeOn\",\"description\":\"Not\u00edcias di\u00e1rias sobre Franca, Regi\u00e3o, Esporte, Cultura, Cotidiano, Colunas. Cobertura nos principais eventos da cidade \u00e9 aqui - Verdadeon Franca\",\"potentialAction\":[{\"@type\":\"SearchAction\",\"target\":{\"@type\":\"EntryPoint\",\"urlTemplate\":\"https:\/\/verdadeon.com.br\/portal\/?s={search_term_string}\"},\"query-input\":{\"@type\":\"PropertyValueSpecification\",\"valueRequired\":true,\"valueName\":\"search_term_string\"}}],\"inLanguage\":\"pt-BR\"},{\"@type\":\"Person\",\"@id\":\"https:\/\/verdadeon.com.br\/portal\/#\/schema\/person\/cc32be22b8e8599387c480bc83e1d11a\",\"name\":\"Fernando Lima\",\"image\":{\"@type\":\"ImageObject\",\"inLanguage\":\"pt-BR\",\"@id\":\"https:\/\/verdadeon.com.br\/portal\/#\/schema\/person\/image\/\",\"url\":\"https:\/\/secure.gravatar.com\/avatar\/df4c8e132080d2b3a4841d5d232045464e0eed11a1d6e43115ca0843d48768d3?s=96&d=mm&r=g\",\"contentUrl\":\"https:\/\/secure.gravatar.com\/avatar\/df4c8e132080d2b3a4841d5d232045464e0eed11a1d6e43115ca0843d48768d3?s=96&d=mm&r=g\",\"caption\":\"Fernando Lima\"},\"sameAs\":[\"http:\/\/verdadeon.com.br\/\"],\"url\":\"https:\/\/verdadeon.com.br\/portal\/author\/fernando-lima\/\"}]}<\/script>\n<!-- \/ Yoast SEO plugin. -->","yoast_head_json":{"title":"Homem \u00e9 preso por vender drogas em proximidades de escolas de Franca - VerdadeOn","robots":{"index":"index","follow":"follow","max-snippet":"max-snippet:-1","max-image-preview":"max-image-preview:large","max-video-preview":"max-video-preview:-1"},"canonical":"https:\/\/verdadeon.com.br\/portal\/2022\/09\/06\/homem-e-preso-por-vender-drogas-em-proximidades-de-escolas-de-franca\/","og_locale":"pt_BR","og_type":"article","og_title":"Homem \u00e9 preso por vender drogas em proximidades de escolas de Franca - VerdadeOn","og_description":"DISE realizou investiga\u00e7\u00e3o por cerca de um m\u00eas, e com autoriza\u00e7\u00e3o da Justi\u00e7a realizou buscas na casa dele A Delegacia de Investiga\u00e7\u00f5es Sobre Entorpecentes (DISE) de [\u2026]","og_url":"https:\/\/verdadeon.com.br\/portal\/2022\/09\/06\/homem-e-preso-por-vender-drogas-em-proximidades-de-escolas-de-franca\/","og_site_name":"VerdadeOn","article_published_time":"2022-09-06T20:37:56+00:00","og_image":[{"width":1144,"height":724,"url":"https:\/\/verdadeon.com.br\/portal\/wp-content\/uploads\/2022\/09\/WhatsApp-Image-2022-09-06-at-15.44.46-e1662496566660.jpeg","type":"image\/jpeg"}],"author":"Fernando Lima","twitter_card":"summary_large_image","twitter_misc":{"Escrito por":"Fernando Lima","Est. tempo de leitura":"2 minutos"},"schema":{"@context":"https:\/\/schema.org","@graph":[{"@type":"WebPage","@id":"https:\/\/verdadeon.com.br\/portal\/2022\/09\/06\/homem-e-preso-por-vender-drogas-em-proximidades-de-escolas-de-franca\/","url":"https:\/\/verdadeon.com.br\/portal\/2022\/09\/06\/homem-e-preso-por-vender-drogas-em-proximidades-de-escolas-de-franca\/","name":"Homem \u00e9 preso por vender drogas em proximidades de escolas de Franca - VerdadeOn","isPartOf":{"@id":"https:\/\/verdadeon.com.br\/portal\/#website"},"primaryImageOfPage":{"@id":"https:\/\/verdadeon.com.br\/portal\/2022\/09\/06\/homem-e-preso-por-vender-drogas-em-proximidades-de-escolas-de-franca\/#primaryimage"},"image":{"@id":"https:\/\/verdadeon.com.br\/portal\/2022\/09\/06\/homem-e-preso-por-vender-drogas-em-proximidades-de-escolas-de-franca\/#primaryimage"},"thumbnailUrl":"https:\/\/i0.wp.com\/verdadeon.com.br\/portal\/wp-content\/uploads\/2022\/09\/WhatsApp-Image-2022-09-06-at-15.44.46-e1662496566660.jpeg?fit=1144%2C724&ssl=1","datePublished":"2022-09-06T20:37:56+00:00","author":{"@id":"https:\/\/verdadeon.com.br\/portal\/#\/schema\/person\/cc32be22b8e8599387c480bc83e1d11a"},"breadcrumb":{"@id":"https:\/\/verdadeon.com.br\/portal\/2022\/09\/06\/homem-e-preso-por-vender-drogas-em-proximidades-de-escolas-de-franca\/#breadcrumb"},"inLanguage":"pt-BR","potentialAction":[{"@type":"ReadAction","target":["https:\/\/verdadeon.com.br\/portal\/2022\/09\/06\/homem-e-preso-por-vender-drogas-em-proximidades-de-escolas-de-franca\/"]}]},{"@type":"ImageObject","inLanguage":"pt-BR","@id":"https:\/\/verdadeon.com.br\/portal\/2022\/09\/06\/homem-e-preso-por-vender-drogas-em-proximidades-de-escolas-de-franca\/#primaryimage","url":"https:\/\/i0.wp.com\/verdadeon.com.br\/portal\/wp-content\/uploads\/2022\/09\/WhatsApp-Image-2022-09-06-at-15.44.46-e1662496566660.jpeg?fit=1144%2C724&ssl=1","contentUrl":"https:\/\/i0.wp.com\/verdadeon.com.br\/portal\/wp-content\/uploads\/2022\/09\/WhatsApp-Image-2022-09-06-at-15.44.46-e1662496566660.jpeg?fit=1144%2C724&ssl=1","width":1144,"height":724,"caption":"Cerca de R$ 1.500 foram apreendidos com o suspeito, ele usava um ve\u00edculo para entregar as drogas em diversos pontos da cidade | Foto: Divulga\u00e7\u00e3o DISE"},{"@type":"BreadcrumbList","@id":"https:\/\/verdadeon.com.br\/portal\/2022\/09\/06\/homem-e-preso-por-vender-drogas-em-proximidades-de-escolas-de-franca\/#breadcrumb","itemListElement":[{"@type":"ListItem","position":1,"name":"In\u00edcio","item":"https:\/\/verdadeon.com.br\/portal\/"},{"@type":"ListItem","position":2,"name":"Homem \u00e9 preso por vender drogas em proximidades de escolas de Franca"}]},{"@type":"WebSite","@id":"https:\/\/verdadeon.com.br\/portal\/#website","url":"https:\/\/verdadeon.com.br\/portal\/","name":"VerdadeOn","description":"Not\u00edcias di\u00e1rias sobre Franca, Regi\u00e3o, Esporte, Cultura, Cotidiano, Colunas. Cobertura nos principais eventos da cidade \u00e9 aqui - Verdadeon Franca","potentialAction":[{"@type":"SearchAction","target":{"@type":"EntryPoint","urlTemplate":"https:\/\/verdadeon.com.br\/portal\/?s={search_term_string}"},"query-input":{"@type":"PropertyValueSpecification","valueRequired":true,"valueName":"search_term_string"}}],"inLanguage":"pt-BR"},{"@type":"Person","@id":"https:\/\/verdadeon.com.br\/portal\/#\/schema\/person\/cc32be22b8e8599387c480bc83e1d11a","name":"Fernando Lima","image":{"@type":"ImageObject","inLanguage":"pt-BR","@id":"https:\/\/verdadeon.com.br\/portal\/#\/schema\/person\/image\/","url":"https:\/\/secure.gravatar.com\/avatar\/df4c8e132080d2b3a4841d5d232045464e0eed11a1d6e43115ca0843d48768d3?s=96&d=mm&r=g","contentUrl":"https:\/\/secure.gravatar.com\/avatar\/df4c8e132080d2b3a4841d5d232045464e0eed11a1d6e43115ca0843d48768d3?s=96&d=mm&r=g","caption":"Fernando Lima"},"sameAs":["http:\/\/verdadeon.com.br\/"],"url":"https:\/\/verdadeon.com.br\/portal\/author\/fernando-lima\/"}]}},"jetpack_publicize_connections":[],"jetpack_featured_media_url":"https:\/\/i0.wp.com\/verdadeon.com.br\/portal\/wp-content\/uploads\/2022\/09\/WhatsApp-Image-2022-09-06-at-15.44.46-e1662496566660.jpeg?fit=1144%2C724&ssl=1","jetpack_sharing_enabled":true,"_links":{"self":[{"href":"https:\/\/verdadeon.com.br\/portal\/wp-json\/wp\/v2\/posts\/27788","targetHints":{"allow":["GET"]}}],"collection":[{"href":"https:\/\/verdadeon.com.br\/portal\/wp-json\/wp\/v2\/posts"}],"about":[{"href":"https:\/\/verdadeon.com.br\/portal\/wp-json\/wp\/v2\/types\/post"}],"author":[{"embeddable":true,"href":"https:\/\/verdadeon.com.br\/portal\/wp-json\/wp\/v2\/users\/7"}],"replies":[{"embeddable":true,"href":"https:\/\/verdadeon.com.br\/portal\/wp-json\/wp\/v2\/comments?post=27788"}],"version-history":[{"count":1,"href":"https:\/\/verdadeon.com.br\/portal\/wp-json\/wp\/v2\/posts\/27788\/revisions"}],"predecessor-version":[{"id":27792,"href":"https:\/\/verdadeon.com.br\/portal\/wp-json\/wp\/v2\/posts\/27788\/revisions\/27792"}],"wp:featuredmedia":[{"embeddable":true,"href":"https:\/\/verdadeon.com.br\/portal\/wp-json\/wp\/v2\/media\/27791"}],"wp:attachment":[{"href":"https:\/\/verdadeon.com.br\/portal\/wp-json\/wp\/v2\/media?parent=27788"}],"wp:term":[{"taxonomy":"category","embeddable":true,"href":"https:\/\/verdadeon.com.br\/portal\/wp-json\/wp\/v2\/categories?post=27788"},{"taxonomy":"post_tag","embeddable":true,"href":"https:\/\/verdadeon.com.br\/portal\/wp-json\/wp\/v2\/tags?post=27788"}],"curies":[{"name":"wp","href":"https:\/\/api.w.org\/{rel}","templated":true}]}}