{"id":27782,"date":"2022-09-06T15:44:16","date_gmt":"2022-09-06T18:44:16","guid":{"rendered":"https:\/\/verdadeon.com.br\/portal\/?p=27782"},"modified":"2022-09-06T18:15:57","modified_gmt":"2022-09-06T21:15:57","slug":"justica-determina-que-ubiali-retire-propaganda-eleitoral-por-fake-news","status":"publish","type":"post","link":"https:\/\/verdadeon.com.br\/portal\/2022\/09\/06\/justica-determina-que-ubiali-retire-propaganda-eleitoral-por-fake-news\/","title":{"rendered":"Justi\u00e7a determina que Ubiali retire propaganda eleitoral por &#8216;Fake News&#8217;"},"content":{"rendered":"<h2>Candidato afirmou que, durante o per\u00edodo em que foi deputado, Franca n\u00e3o tinha moradores em situa\u00e7\u00e3o de rua<\/h2>\n<p>O candidato a deputado federal por Franca, Dr. Ubiali (PSB), foi condenado nesta segunda-feira (5), a retirar de suas redes sociais propaganda eleitoral considerada mentirosa. A ordem partiu do desembargador do TRE (Tribunal Regional Eleitoral) de S\u00e3o Paulo, Jos\u00e9 Ant\u00f4nio Encinas Manfr\u00e9 em uma representa\u00e7\u00e3o movida pela tamb\u00e9m candidata \u00e1 deputada federal Fl\u00e1via Lancha (PSD). Fl\u00e1via denunciou ao TRE que Ubiali utilizou informa\u00e7\u00f5es inver\u00eddicas em suas redes sociais com fins de propaganda eleitoral, o que \u00e9 proibido por lei.<\/p>\n<p>Em seu Instagram, Ubiali afirmou que, durante o per\u00edodo que esteve como deputado federal, entre os anos de 2007 e 2014, a cidade de Franca n\u00e3o tinha moradores de rua e teria recebido em recursos federais R$ 40 milh\u00f5es. Al\u00e9m disso, afirmou que, nos anos seguintes, entre 2015 e 2022, quando ele n\u00e3o era mais deputado, a cidade n\u00e3o teria recebido a visita de ministros de Estado, n\u00e3o teria aberto nenhuma faculdade ou universidade e ainda teria recebido apenas R$ 4 milh\u00f5es em recursos federais. Todas afirma\u00e7\u00f5es consideradas mentirosas.<\/p>\n<p>Diante disso, o desembargador determinou que o candidato retire de suas redes todas as informa\u00e7\u00f5es e n\u00e3o volte a public\u00e1-las. \u201cN\u00e3o veross\u00edmeis essas afirma\u00e7\u00f5es, pois n\u00e3o correspondentes \u00e0s not\u00edcias veiculadas por m\u00eddia impressa (exibidas, ali\u00e1s, pela representante) em rela\u00e7\u00e3o a essas ocorr\u00eancias\u201d, afirmou.<\/p>\n<p>O magistrado ainda usou o trecho de um posicionamento do TSE (Tribunal Superior Eleitoral) nas elei\u00e7\u00f5es de 2018 para embasar sua decis\u00e3o. \u201cA pr\u00e1tica das fake news n\u00e3o \u00e9 recente. \u00c9 estrat\u00e9gia eleitoral antiga daqueles que fazem pol\u00edtica. Como a recep\u00e7\u00e3o de conte\u00fados pelos seres humanos \u00e9 seletiva e a desinforma\u00e7\u00e3o reverbera mais que a verdade, o uso de fake news \u00e9 antigo e eficaz mecanismo para elevar o alcance da informa\u00e7\u00e3o e, como consequ\u00eancia, enfraquecer candidaturas (&#8230;) \u00c9 a for\u00e7a da mentira vencendo os reais acontecimentos, a qual estimula a polariza\u00e7\u00e3o pol\u00edtica desmedida, gerando terreno f\u00e9rtil para a desinforma\u00e7\u00e3o do eleitor\u201d.<\/p>\n<p>E decide. \u201cReconhece-se conter as supracitadas postagens veicula\u00e7\u00e3o de mensagens descontextualizadas a caracterizar, assim, divulga\u00e7\u00e3o de fato sabidamente inver\u00eddico com potencialidade para causar preju\u00edzo, pois poss\u00edvel a indu\u00e7\u00e3o do eleitorado em erro\u201d.<\/p>\n<p>Diante da decis\u00e3o, Ubiali retirou as informa\u00e7\u00f5es de suas redes.<\/p>\n<p>Para os advogados Fabr\u00edcio Facury Fidalgo, J\u00falio Taliberti e Rafael Pustrelo, que representam Fl\u00e1via Lancha, a decis\u00e3o foi acertada e deve servir de exemplo. \u201cInfelizmente, nas \u00faltimas elei\u00e7\u00f5es, presenciamos tempos de in\u00fameras inverdades ditas por candidatos ao pleito, as conhecidas \u201cFake News\u201d.\u00a0 No Direito Eleitoral, preza-se muito pela liberdade de express\u00e3o dos candidatos, mas, acima de tudo, busca-se o cumprimento do princ\u00edpio da veracidade na propaganda eleitoral, em um fiel compromisso com o eleitor. Por isso, n\u00e3o \u00e9 tolerada a divulga\u00e7\u00e3o de fatos sabidamente inver\u00eddicos ou gravemente descontextualizados e que atinjam a integridade do processo eleitoral\u201d.<\/p>\n<h4>Outro lado<\/h4>\n<p>O Jornal Verdade pediu um posicionamento ao candidato Dr. Ubiali. Confira a nota na \u00edntegra:<\/p>\n<p>&#8220;Na \u00faltima semana a candidata Fl\u00e1via Lancha entrou na justi\u00e7a com reclama\u00e7\u00e3o eleitoral contra v\u00e1rios candidatos da nossa cidade, inclusive contra o Dr. Ubiali.<br \/>\nA sua estrat\u00e9gia de buscar a justi\u00e7a eleitoral antes do di\u00e1logo contra seus advers\u00e1rios, inclusive o Dr. Ubiali, que a apoiou na elei\u00e7\u00e3o passada, afasta o debate e prejudica Franca. Dr. Ubiali tem experi\u00eancia, trabalho comprovado, vai lutar pela sa\u00fade, e \u00e9 isso que queremos mostrar. Franca perdeu muito sem Dr. Ubiali como deputado federal. Perdeu a Embrapa, perdeu emendas federais, perdeu representatividade pol\u00edtica, entre outros fatos reconhecidos pela pr\u00f3pria Flavia em discursos p\u00fablicos e debates em 2020.<br \/>\nN\u00e3o existe ganhos em ataques, afinal pol\u00edtica \u00e9 feita de di\u00e1logo e ningu\u00e9m constr\u00f3i nada sozinho.<br \/>\nPor isso, seguimos firmes na nossa caminhada, solid\u00e1rios aos outros candidatos e abertos ao di\u00e1logo caso a Fl\u00e1via queira.<br \/>\nFranca merece um Deputado Federal e estamos confiantes que teremos novamente nossa voz no Congresso com Dr. Ubiali Federal&#8221;.<\/p>\n","protected":false},"excerpt":{"rendered":"<p>Candidato afirmou que, durante o per\u00edodo em que foi deputado, Franca n\u00e3o tinha moradores em situa\u00e7\u00e3o de rua O candidato a deputado federal por Franca, Dr.<span class=\"excerpt-hellip\"> [\u2026]<\/span><\/p>\n","protected":false},"author":7,"featured_media":27783,"comment_status":"open","ping_status":"open","sticky":false,"template":"","format":"standard","meta":{"_jetpack_memberships_contains_paid_content":false,"footnotes":"","jetpack_publicize_message":"","jetpack_publicize_feature_enabled":true,"jetpack_social_post_already_shared":false,"jetpack_social_options":{"image_generator_settings":{"template":"highway","default_image_id":0,"enabled":false},"version":2}},"categories":[28,44],"tags":[],"class_list":["post-27782","post","type-post","status-publish","format-standard","has-post-thumbnail","hentry","category-cotidiano","category-noticias"],"yoast_head":"<!-- This site is optimized with the Yoast SEO plugin v25.6 - https:\/\/yoast.com\/wordpress\/plugins\/seo\/ -->\n<title>Justi\u00e7a determina que Ubiali retire propaganda eleitoral por &#039;Fake News&#039; - VerdadeOn<\/title>\n<meta name=\"robots\" content=\"index, follow, max-snippet:-1, max-image-preview:large, max-video-preview:-1\" \/>\n<link rel=\"canonical\" href=\"https:\/\/verdadeon.com.br\/portal\/2022\/09\/06\/justica-determina-que-ubiali-retire-propaganda-eleitoral-por-fake-news\/\" \/>\n<meta property=\"og:locale\" content=\"pt_BR\" \/>\n<meta property=\"og:type\" content=\"article\" \/>\n<meta property=\"og:title\" content=\"Justi\u00e7a determina que Ubiali retire propaganda eleitoral por &#039;Fake News&#039; - VerdadeOn\" \/>\n<meta property=\"og:description\" content=\"Candidato afirmou que, durante o per\u00edodo em que foi deputado, Franca n\u00e3o tinha moradores em situa\u00e7\u00e3o de rua O candidato a deputado federal por Franca, Dr. [\u2026]\" \/>\n<meta property=\"og:url\" content=\"https:\/\/verdadeon.com.br\/portal\/2022\/09\/06\/justica-determina-que-ubiali-retire-propaganda-eleitoral-por-fake-news\/\" \/>\n<meta property=\"og:site_name\" content=\"VerdadeOn\" \/>\n<meta property=\"article:published_time\" content=\"2022-09-06T18:44:16+00:00\" \/>\n<meta property=\"article:modified_time\" content=\"2022-09-06T21:15:57+00:00\" \/>\n<meta property=\"og:image\" content=\"https:\/\/verdadeon.com.br\/portal\/wp-content\/uploads\/2022\/09\/WhatsApp-Image-2022-09-06-at-15.11.08.jpeg\" \/>\n\t<meta property=\"og:image:width\" content=\"1000\" \/>\n\t<meta property=\"og:image:height\" content=\"670\" \/>\n\t<meta property=\"og:image:type\" content=\"image\/jpeg\" \/>\n<meta name=\"author\" content=\"Fernando Lima\" \/>\n<meta name=\"twitter:card\" content=\"summary_large_image\" \/>\n<meta name=\"twitter:label1\" content=\"Escrito por\" \/>\n\t<meta name=\"twitter:data1\" content=\"Fernando Lima\" \/>\n\t<meta name=\"twitter:label2\" content=\"Est. tempo de leitura\" \/>\n\t<meta name=\"twitter:data2\" content=\"4 minutos\" \/>\n<script type=\"application\/ld+json\" class=\"yoast-schema-graph\">{\"@context\":\"https:\/\/schema.org\",\"@graph\":[{\"@type\":\"WebPage\",\"@id\":\"https:\/\/verdadeon.com.br\/portal\/2022\/09\/06\/justica-determina-que-ubiali-retire-propaganda-eleitoral-por-fake-news\/\",\"url\":\"https:\/\/verdadeon.com.br\/portal\/2022\/09\/06\/justica-determina-que-ubiali-retire-propaganda-eleitoral-por-fake-news\/\",\"name\":\"Justi\u00e7a determina que Ubiali retire propaganda eleitoral por 'Fake News' - VerdadeOn\",\"isPartOf\":{\"@id\":\"https:\/\/verdadeon.com.br\/portal\/#website\"},\"primaryImageOfPage\":{\"@id\":\"https:\/\/verdadeon.com.br\/portal\/2022\/09\/06\/justica-determina-que-ubiali-retire-propaganda-eleitoral-por-fake-news\/#primaryimage\"},\"image\":{\"@id\":\"https:\/\/verdadeon.com.br\/portal\/2022\/09\/06\/justica-determina-que-ubiali-retire-propaganda-eleitoral-por-fake-news\/#primaryimage\"},\"thumbnailUrl\":\"https:\/\/i0.wp.com\/verdadeon.com.br\/portal\/wp-content\/uploads\/2022\/09\/WhatsApp-Image-2022-09-06-at-15.11.08.jpeg?fit=1000%2C670&ssl=1\",\"datePublished\":\"2022-09-06T18:44:16+00:00\",\"dateModified\":\"2022-09-06T21:15:57+00:00\",\"author\":{\"@id\":\"https:\/\/verdadeon.com.br\/portal\/#\/schema\/person\/cc32be22b8e8599387c480bc83e1d11a\"},\"breadcrumb\":{\"@id\":\"https:\/\/verdadeon.com.br\/portal\/2022\/09\/06\/justica-determina-que-ubiali-retire-propaganda-eleitoral-por-fake-news\/#breadcrumb\"},\"inLanguage\":\"pt-BR\",\"potentialAction\":[{\"@type\":\"ReadAction\",\"target\":[\"https:\/\/verdadeon.com.br\/portal\/2022\/09\/06\/justica-determina-que-ubiali-retire-propaganda-eleitoral-por-fake-news\/\"]}]},{\"@type\":\"ImageObject\",\"inLanguage\":\"pt-BR\",\"@id\":\"https:\/\/verdadeon.com.br\/portal\/2022\/09\/06\/justica-determina-que-ubiali-retire-propaganda-eleitoral-por-fake-news\/#primaryimage\",\"url\":\"https:\/\/i0.wp.com\/verdadeon.com.br\/portal\/wp-content\/uploads\/2022\/09\/WhatsApp-Image-2022-09-06-at-15.11.08.jpeg?fit=1000%2C670&ssl=1\",\"contentUrl\":\"https:\/\/i0.wp.com\/verdadeon.com.br\/portal\/wp-content\/uploads\/2022\/09\/WhatsApp-Image-2022-09-06-at-15.11.08.jpeg?fit=1000%2C670&ssl=1\",\"width\":1000,\"height\":670,\"caption\":\"Na decis\u00e3o o desembargador determinou que o candidato retire de suas redes todas as informa\u00e7\u00f5es e n\u00e3o volte a public\u00e1-las | Foto: Reprodu\u00e7\u00e3o\"},{\"@type\":\"BreadcrumbList\",\"@id\":\"https:\/\/verdadeon.com.br\/portal\/2022\/09\/06\/justica-determina-que-ubiali-retire-propaganda-eleitoral-por-fake-news\/#breadcrumb\",\"itemListElement\":[{\"@type\":\"ListItem\",\"position\":1,\"name\":\"In\u00edcio\",\"item\":\"https:\/\/verdadeon.com.br\/portal\/\"},{\"@type\":\"ListItem\",\"position\":2,\"name\":\"Justi\u00e7a determina que Ubiali retire propaganda eleitoral por &#8216;Fake News&#8217;\"}]},{\"@type\":\"WebSite\",\"@id\":\"https:\/\/verdadeon.com.br\/portal\/#website\",\"url\":\"https:\/\/verdadeon.com.br\/portal\/\",\"name\":\"VerdadeOn\",\"description\":\"Not\u00edcias di\u00e1rias sobre Franca, Regi\u00e3o, Esporte, Cultura, Cotidiano, Colunas. Cobertura nos principais eventos da cidade \u00e9 aqui - Verdadeon Franca\",\"potentialAction\":[{\"@type\":\"SearchAction\",\"target\":{\"@type\":\"EntryPoint\",\"urlTemplate\":\"https:\/\/verdadeon.com.br\/portal\/?s={search_term_string}\"},\"query-input\":{\"@type\":\"PropertyValueSpecification\",\"valueRequired\":true,\"valueName\":\"search_term_string\"}}],\"inLanguage\":\"pt-BR\"},{\"@type\":\"Person\",\"@id\":\"https:\/\/verdadeon.com.br\/portal\/#\/schema\/person\/cc32be22b8e8599387c480bc83e1d11a\",\"name\":\"Fernando Lima\",\"image\":{\"@type\":\"ImageObject\",\"inLanguage\":\"pt-BR\",\"@id\":\"https:\/\/verdadeon.com.br\/portal\/#\/schema\/person\/image\/\",\"url\":\"https:\/\/secure.gravatar.com\/avatar\/df4c8e132080d2b3a4841d5d232045464e0eed11a1d6e43115ca0843d48768d3?s=96&d=mm&r=g\",\"contentUrl\":\"https:\/\/secure.gravatar.com\/avatar\/df4c8e132080d2b3a4841d5d232045464e0eed11a1d6e43115ca0843d48768d3?s=96&d=mm&r=g\",\"caption\":\"Fernando Lima\"},\"sameAs\":[\"http:\/\/verdadeon.com.br\/\"],\"url\":\"https:\/\/verdadeon.com.br\/portal\/author\/fernando-lima\/\"}]}<\/script>\n<!-- \/ Yoast SEO plugin. -->","yoast_head_json":{"title":"Justi\u00e7a determina que Ubiali retire propaganda eleitoral por 'Fake News' - VerdadeOn","robots":{"index":"index","follow":"follow","max-snippet":"max-snippet:-1","max-image-preview":"max-image-preview:large","max-video-preview":"max-video-preview:-1"},"canonical":"https:\/\/verdadeon.com.br\/portal\/2022\/09\/06\/justica-determina-que-ubiali-retire-propaganda-eleitoral-por-fake-news\/","og_locale":"pt_BR","og_type":"article","og_title":"Justi\u00e7a determina que Ubiali retire propaganda eleitoral por 'Fake News' - VerdadeOn","og_description":"Candidato afirmou que, durante o per\u00edodo em que foi deputado, Franca n\u00e3o tinha moradores em situa\u00e7\u00e3o de rua O candidato a deputado federal por Franca, Dr. [\u2026]","og_url":"https:\/\/verdadeon.com.br\/portal\/2022\/09\/06\/justica-determina-que-ubiali-retire-propaganda-eleitoral-por-fake-news\/","og_site_name":"VerdadeOn","article_published_time":"2022-09-06T18:44:16+00:00","article_modified_time":"2022-09-06T21:15:57+00:00","og_image":[{"width":1000,"height":670,"url":"https:\/\/verdadeon.com.br\/portal\/wp-content\/uploads\/2022\/09\/WhatsApp-Image-2022-09-06-at-15.11.08.jpeg","type":"image\/jpeg"}],"author":"Fernando Lima","twitter_card":"summary_large_image","twitter_misc":{"Escrito por":"Fernando Lima","Est. tempo de leitura":"4 minutos"},"schema":{"@context":"https:\/\/schema.org","@graph":[{"@type":"WebPage","@id":"https:\/\/verdadeon.com.br\/portal\/2022\/09\/06\/justica-determina-que-ubiali-retire-propaganda-eleitoral-por-fake-news\/","url":"https:\/\/verdadeon.com.br\/portal\/2022\/09\/06\/justica-determina-que-ubiali-retire-propaganda-eleitoral-por-fake-news\/","name":"Justi\u00e7a determina que Ubiali retire propaganda eleitoral por 'Fake News' - VerdadeOn","isPartOf":{"@id":"https:\/\/verdadeon.com.br\/portal\/#website"},"primaryImageOfPage":{"@id":"https:\/\/verdadeon.com.br\/portal\/2022\/09\/06\/justica-determina-que-ubiali-retire-propaganda-eleitoral-por-fake-news\/#primaryimage"},"image":{"@id":"https:\/\/verdadeon.com.br\/portal\/2022\/09\/06\/justica-determina-que-ubiali-retire-propaganda-eleitoral-por-fake-news\/#primaryimage"},"thumbnailUrl":"https:\/\/i0.wp.com\/verdadeon.com.br\/portal\/wp-content\/uploads\/2022\/09\/WhatsApp-Image-2022-09-06-at-15.11.08.jpeg?fit=1000%2C670&ssl=1","datePublished":"2022-09-06T18:44:16+00:00","dateModified":"2022-09-06T21:15:57+00:00","author":{"@id":"https:\/\/verdadeon.com.br\/portal\/#\/schema\/person\/cc32be22b8e8599387c480bc83e1d11a"},"breadcrumb":{"@id":"https:\/\/verdadeon.com.br\/portal\/2022\/09\/06\/justica-determina-que-ubiali-retire-propaganda-eleitoral-por-fake-news\/#breadcrumb"},"inLanguage":"pt-BR","potentialAction":[{"@type":"ReadAction","target":["https:\/\/verdadeon.com.br\/portal\/2022\/09\/06\/justica-determina-que-ubiali-retire-propaganda-eleitoral-por-fake-news\/"]}]},{"@type":"ImageObject","inLanguage":"pt-BR","@id":"https:\/\/verdadeon.com.br\/portal\/2022\/09\/06\/justica-determina-que-ubiali-retire-propaganda-eleitoral-por-fake-news\/#primaryimage","url":"https:\/\/i0.wp.com\/verdadeon.com.br\/portal\/wp-content\/uploads\/2022\/09\/WhatsApp-Image-2022-09-06-at-15.11.08.jpeg?fit=1000%2C670&ssl=1","contentUrl":"https:\/\/i0.wp.com\/verdadeon.com.br\/portal\/wp-content\/uploads\/2022\/09\/WhatsApp-Image-2022-09-06-at-15.11.08.jpeg?fit=1000%2C670&ssl=1","width":1000,"height":670,"caption":"Na decis\u00e3o o desembargador determinou que o candidato retire de suas redes todas as informa\u00e7\u00f5es e n\u00e3o volte a public\u00e1-las | Foto: Reprodu\u00e7\u00e3o"},{"@type":"BreadcrumbList","@id":"https:\/\/verdadeon.com.br\/portal\/2022\/09\/06\/justica-determina-que-ubiali-retire-propaganda-eleitoral-por-fake-news\/#breadcrumb","itemListElement":[{"@type":"ListItem","position":1,"name":"In\u00edcio","item":"https:\/\/verdadeon.com.br\/portal\/"},{"@type":"ListItem","position":2,"name":"Justi\u00e7a determina que Ubiali retire propaganda eleitoral por &#8216;Fake News&#8217;"}]},{"@type":"WebSite","@id":"https:\/\/verdadeon.com.br\/portal\/#website","url":"https:\/\/verdadeon.com.br\/portal\/","name":"VerdadeOn","description":"Not\u00edcias di\u00e1rias sobre Franca, Regi\u00e3o, Esporte, Cultura, Cotidiano, Colunas. Cobertura nos principais eventos da cidade \u00e9 aqui - Verdadeon Franca","potentialAction":[{"@type":"SearchAction","target":{"@type":"EntryPoint","urlTemplate":"https:\/\/verdadeon.com.br\/portal\/?s={search_term_string}"},"query-input":{"@type":"PropertyValueSpecification","valueRequired":true,"valueName":"search_term_string"}}],"inLanguage":"pt-BR"},{"@type":"Person","@id":"https:\/\/verdadeon.com.br\/portal\/#\/schema\/person\/cc32be22b8e8599387c480bc83e1d11a","name":"Fernando Lima","image":{"@type":"ImageObject","inLanguage":"pt-BR","@id":"https:\/\/verdadeon.com.br\/portal\/#\/schema\/person\/image\/","url":"https:\/\/secure.gravatar.com\/avatar\/df4c8e132080d2b3a4841d5d232045464e0eed11a1d6e43115ca0843d48768d3?s=96&d=mm&r=g","contentUrl":"https:\/\/secure.gravatar.com\/avatar\/df4c8e132080d2b3a4841d5d232045464e0eed11a1d6e43115ca0843d48768d3?s=96&d=mm&r=g","caption":"Fernando Lima"},"sameAs":["http:\/\/verdadeon.com.br\/"],"url":"https:\/\/verdadeon.com.br\/portal\/author\/fernando-lima\/"}]}},"jetpack_publicize_connections":[],"jetpack_featured_media_url":"https:\/\/i0.wp.com\/verdadeon.com.br\/portal\/wp-content\/uploads\/2022\/09\/WhatsApp-Image-2022-09-06-at-15.11.08.jpeg?fit=1000%2C670&ssl=1","jetpack_sharing_enabled":true,"_links":{"self":[{"href":"https:\/\/verdadeon.com.br\/portal\/wp-json\/wp\/v2\/posts\/27782","targetHints":{"allow":["GET"]}}],"collection":[{"href":"https:\/\/verdadeon.com.br\/portal\/wp-json\/wp\/v2\/posts"}],"about":[{"href":"https:\/\/verdadeon.com.br\/portal\/wp-json\/wp\/v2\/types\/post"}],"author":[{"embeddable":true,"href":"https:\/\/verdadeon.com.br\/portal\/wp-json\/wp\/v2\/users\/7"}],"replies":[{"embeddable":true,"href":"https:\/\/verdadeon.com.br\/portal\/wp-json\/wp\/v2\/comments?post=27782"}],"version-history":[{"count":4,"href":"https:\/\/verdadeon.com.br\/portal\/wp-json\/wp\/v2\/posts\/27782\/revisions"}],"predecessor-version":[{"id":27799,"href":"https:\/\/verdadeon.com.br\/portal\/wp-json\/wp\/v2\/posts\/27782\/revisions\/27799"}],"wp:featuredmedia":[{"embeddable":true,"href":"https:\/\/verdadeon.com.br\/portal\/wp-json\/wp\/v2\/media\/27783"}],"wp:attachment":[{"href":"https:\/\/verdadeon.com.br\/portal\/wp-json\/wp\/v2\/media?parent=27782"}],"wp:term":[{"taxonomy":"category","embeddable":true,"href":"https:\/\/verdadeon.com.br\/portal\/wp-json\/wp\/v2\/categories?post=27782"},{"taxonomy":"post_tag","embeddable":true,"href":"https:\/\/verdadeon.com.br\/portal\/wp-json\/wp\/v2\/tags?post=27782"}],"curies":[{"name":"wp","href":"https:\/\/api.w.org\/{rel}","templated":true}]}}