{"id":27756,"date":"2022-09-05T16:51:29","date_gmt":"2022-09-05T19:51:29","guid":{"rendered":"https:\/\/verdadeon.com.br\/portal\/?p=27756"},"modified":"2022-09-05T17:18:07","modified_gmt":"2022-09-05T20:18:07","slug":"somente-neste-ano-franca-registrou-389-ataques-de-escorpioes","status":"publish","type":"post","link":"https:\/\/verdadeon.com.br\/portal\/2022\/09\/05\/somente-neste-ano-franca-registrou-389-ataques-de-escorpioes\/","title":{"rendered":"Somente neste ano, Franca registrou 389 ataques de escorpi\u00f5es"},"content":{"rendered":"<h2>Picada pode provocar morte; Vigil\u00e2ncia Ambiental recomenda cuidados para evitar prolifera\u00e7\u00e3o dos animais<\/h2>\n<p>&nbsp;<\/p>\n<p><span style=\"font-weight: 400;\">Pelo menos 389 pessoas foram picadas por escorpi\u00e3o em Franca somente neste ano. Os dados s\u00e3o da Vigil\u00e2ncia Epidemiol\u00f3gica Municipal, com base no Sinan (Sistema de Informa\u00e7\u00e3o de Agravos de Notifica\u00e7\u00e3o) e consideram os registros feitos entre janeiro e agosto. A m\u00e9dia mensal \u00e9 de 48 ocorr\u00eancias em m\u00e9dia por m\u00eas, contra 46 em 2021, quando foram contabilizados 557 casos ao longo de todo ano. Desde 2019, n\u00e3o h\u00e1 registro de morte por picada de escorpi\u00e3o na cidade.<\/span><\/p>\n<p><span style=\"font-weight: 400;\">O m\u00eas de setembro \u00e9 mais prop\u00edcio \u00e0 apari\u00e7\u00e3o dos bichos, que procuram as superf\u00edcies para se reproduzirem. A esp\u00e9cie mais comum encontrada no munic\u00edpio \u00e9 o escorpi\u00e3o amarelo (<\/span><i><span style=\"font-weight: 400;\">Tityus serrulatus<\/span><\/i><span style=\"font-weight: 400;\">).<\/span><\/p>\n<p><span style=\"font-weight: 400;\">Para evitar acidentes com os animais pe\u00e7onhentos, a Vigil\u00e2ncia Ambiental presta orienta\u00e7\u00f5es aos moradores que foram picados ou quando os mun\u00edcipes solicitam; promove tamb\u00e9m palestras educativas em escolas, centros comunit\u00e1rios, condom\u00ednios e empresas que reivindicarem.<\/span><\/p>\n<p><span style=\"font-weight: 400;\">A Vigil\u00e2ncia alerta que os escorpi\u00f5es podem ter acesso aos im\u00f3veis atrav\u00e9s de ductos de eletricidade e encanamentos, por isso \u00e9 importante manter ralos de pias, tanques e no ch\u00e3o sempre vedados, manter caixa de gordura e de inspe\u00e7\u00e3o el\u00e9trica bem vedadas. \u201cSe forem picadas, as crian\u00e7as at\u00e9 14 anos devem ser imediatamente levadas ao atendimento m\u00e9dico, n\u00e3o se deve esperar. Com crian\u00e7as, o atendimento tem que ser imediato, pois elas possuem maior probabilidade de evolu\u00edrem para casos graves\u201d, afirmou Caio Carvalho, diretor da Vigil\u00e2ncia em Sa\u00fade de Franca.<\/span><\/p>\n<p><span style=\"font-weight: 400;\">O lixo precisa ser mantido em sacos ou lat\u00f5es bem fechados para evitar baratas, que servem de alimento para os escorpi\u00f5es, al\u00e9m de elimar entulhos que eles usam para se abrigar.<\/span><\/p>\n<h4>Sem uso de veneno<\/h4>\n<p><span style=\"font-weight: 400;\">Outro ponto destacado \u00e9 em rela\u00e7\u00e3o ao uso de venenos, que n\u00e3o s\u00e3o recomendados. \u201cMuitas pessoas acreditam que o veneno mata escorpi\u00e3o e dedetizam as resid\u00eancias com essa falsa ilus\u00e3o. Na verdade, ainda n\u00e3o h\u00e1 veneno residual pr\u00f3prio para escorpi\u00e3o. Sendo assim, produtos qu\u00edmicos devem ser evitados, pois desalojam os escorpi\u00f5es e aumentam os riscos de acidentes, al\u00e9m de poder provocar contamina\u00e7\u00e3o ambiental, e risco de intoxica\u00e7\u00e3o de animais dom\u00e9sticos e humanos.\u201d<\/span><\/p>\n<p>&nbsp;<\/p>\n","protected":false},"excerpt":{"rendered":"<p>Picada pode provocar morte; Vigil\u00e2ncia Ambiental recomenda cuidados para evitar prolifera\u00e7\u00e3o dos animais &nbsp; Pelo menos 389 pessoas foram picadas por escorpi\u00e3o em Franca somente neste<span class=\"excerpt-hellip\"> [\u2026]<\/span><\/p>\n","protected":false},"author":12,"featured_media":27759,"comment_status":"open","ping_status":"open","sticky":false,"template":"","format":"standard","meta":{"_jetpack_memberships_contains_paid_content":false,"footnotes":"","jetpack_publicize_message":"","jetpack_publicize_feature_enabled":true,"jetpack_social_post_already_shared":false,"jetpack_social_options":{"image_generator_settings":{"template":"highway","default_image_id":0,"enabled":false},"version":2}},"categories":[28,81],"tags":[],"class_list":["post-27756","post","type-post","status-publish","format-standard","has-post-thumbnail","hentry","category-cotidiano","category-manchete"],"yoast_head":"<!-- This site is optimized with the Yoast SEO plugin v25.6 - https:\/\/yoast.com\/wordpress\/plugins\/seo\/ -->\n<title>Somente neste ano, Franca registrou 389 ataques de escorpi\u00f5es - VerdadeOn<\/title>\n<meta name=\"robots\" content=\"index, follow, max-snippet:-1, max-image-preview:large, max-video-preview:-1\" \/>\n<link rel=\"canonical\" href=\"https:\/\/verdadeon.com.br\/portal\/2022\/09\/05\/somente-neste-ano-franca-registrou-389-ataques-de-escorpioes\/\" \/>\n<meta property=\"og:locale\" content=\"pt_BR\" \/>\n<meta property=\"og:type\" content=\"article\" \/>\n<meta property=\"og:title\" content=\"Somente neste ano, Franca registrou 389 ataques de escorpi\u00f5es - VerdadeOn\" \/>\n<meta property=\"og:description\" content=\"Picada pode provocar morte; Vigil\u00e2ncia Ambiental recomenda cuidados para evitar prolifera\u00e7\u00e3o dos animais &nbsp; Pelo menos 389 pessoas foram picadas por escorpi\u00e3o em Franca somente neste [\u2026]\" \/>\n<meta property=\"og:url\" content=\"https:\/\/verdadeon.com.br\/portal\/2022\/09\/05\/somente-neste-ano-franca-registrou-389-ataques-de-escorpioes\/\" \/>\n<meta property=\"og:site_name\" content=\"VerdadeOn\" \/>\n<meta property=\"article:published_time\" content=\"2022-09-05T19:51:29+00:00\" \/>\n<meta property=\"article:modified_time\" content=\"2022-09-05T20:18:07+00:00\" \/>\n<meta property=\"og:image\" content=\"https:\/\/verdadeon.com.br\/portal\/wp-content\/uploads\/2022\/09\/escorpiao-capa-ms-e1662407203223.jpg\" \/>\n\t<meta property=\"og:image:width\" content=\"1000\" \/>\n\t<meta property=\"og:image:height\" content=\"669\" \/>\n\t<meta property=\"og:image:type\" content=\"image\/jpeg\" \/>\n<meta name=\"author\" content=\"Nelise Luques\" \/>\n<meta name=\"twitter:card\" content=\"summary_large_image\" \/>\n<meta name=\"twitter:label1\" content=\"Escrito por\" \/>\n\t<meta name=\"twitter:data1\" content=\"Nelise Luques\" \/>\n\t<meta name=\"twitter:label2\" content=\"Est. tempo de leitura\" \/>\n\t<meta name=\"twitter:data2\" content=\"2 minutos\" \/>\n<script type=\"application\/ld+json\" class=\"yoast-schema-graph\">{\"@context\":\"https:\/\/schema.org\",\"@graph\":[{\"@type\":\"WebPage\",\"@id\":\"https:\/\/verdadeon.com.br\/portal\/2022\/09\/05\/somente-neste-ano-franca-registrou-389-ataques-de-escorpioes\/\",\"url\":\"https:\/\/verdadeon.com.br\/portal\/2022\/09\/05\/somente-neste-ano-franca-registrou-389-ataques-de-escorpioes\/\",\"name\":\"Somente neste ano, Franca registrou 389 ataques de escorpi\u00f5es - VerdadeOn\",\"isPartOf\":{\"@id\":\"https:\/\/verdadeon.com.br\/portal\/#website\"},\"primaryImageOfPage\":{\"@id\":\"https:\/\/verdadeon.com.br\/portal\/2022\/09\/05\/somente-neste-ano-franca-registrou-389-ataques-de-escorpioes\/#primaryimage\"},\"image\":{\"@id\":\"https:\/\/verdadeon.com.br\/portal\/2022\/09\/05\/somente-neste-ano-franca-registrou-389-ataques-de-escorpioes\/#primaryimage\"},\"thumbnailUrl\":\"https:\/\/i0.wp.com\/verdadeon.com.br\/portal\/wp-content\/uploads\/2022\/09\/escorpiao-capa-ms-e1662407203223.jpg?fit=1000%2C669&ssl=1\",\"datePublished\":\"2022-09-05T19:51:29+00:00\",\"dateModified\":\"2022-09-05T20:18:07+00:00\",\"author\":{\"@id\":\"https:\/\/verdadeon.com.br\/portal\/#\/schema\/person\/8248726d36015c1916636fabb175d972\"},\"breadcrumb\":{\"@id\":\"https:\/\/verdadeon.com.br\/portal\/2022\/09\/05\/somente-neste-ano-franca-registrou-389-ataques-de-escorpioes\/#breadcrumb\"},\"inLanguage\":\"pt-BR\",\"potentialAction\":[{\"@type\":\"ReadAction\",\"target\":[\"https:\/\/verdadeon.com.br\/portal\/2022\/09\/05\/somente-neste-ano-franca-registrou-389-ataques-de-escorpioes\/\"]}]},{\"@type\":\"ImageObject\",\"inLanguage\":\"pt-BR\",\"@id\":\"https:\/\/verdadeon.com.br\/portal\/2022\/09\/05\/somente-neste-ano-franca-registrou-389-ataques-de-escorpioes\/#primaryimage\",\"url\":\"https:\/\/i0.wp.com\/verdadeon.com.br\/portal\/wp-content\/uploads\/2022\/09\/escorpiao-capa-ms-e1662407203223.jpg?fit=1000%2C669&ssl=1\",\"contentUrl\":\"https:\/\/i0.wp.com\/verdadeon.com.br\/portal\/wp-content\/uploads\/2022\/09\/escorpiao-capa-ms-e1662407203223.jpg?fit=1000%2C669&ssl=1\",\"width\":1000,\"height\":669,\"caption\":\"Das 1.776 ocorr\u00eancias, 1566 foram apenas de escorpi\u00f5es (\u00a9Ag\u00eancia Brasil)\"},{\"@type\":\"BreadcrumbList\",\"@id\":\"https:\/\/verdadeon.com.br\/portal\/2022\/09\/05\/somente-neste-ano-franca-registrou-389-ataques-de-escorpioes\/#breadcrumb\",\"itemListElement\":[{\"@type\":\"ListItem\",\"position\":1,\"name\":\"In\u00edcio\",\"item\":\"https:\/\/verdadeon.com.br\/portal\/\"},{\"@type\":\"ListItem\",\"position\":2,\"name\":\"Somente neste ano, Franca registrou 389 ataques de escorpi\u00f5es\"}]},{\"@type\":\"WebSite\",\"@id\":\"https:\/\/verdadeon.com.br\/portal\/#website\",\"url\":\"https:\/\/verdadeon.com.br\/portal\/\",\"name\":\"VerdadeOn\",\"description\":\"Not\u00edcias di\u00e1rias sobre Franca, Regi\u00e3o, Esporte, Cultura, Cotidiano, Colunas. Cobertura nos principais eventos da cidade \u00e9 aqui - Verdadeon Franca\",\"potentialAction\":[{\"@type\":\"SearchAction\",\"target\":{\"@type\":\"EntryPoint\",\"urlTemplate\":\"https:\/\/verdadeon.com.br\/portal\/?s={search_term_string}\"},\"query-input\":{\"@type\":\"PropertyValueSpecification\",\"valueRequired\":true,\"valueName\":\"search_term_string\"}}],\"inLanguage\":\"pt-BR\"},{\"@type\":\"Person\",\"@id\":\"https:\/\/verdadeon.com.br\/portal\/#\/schema\/person\/8248726d36015c1916636fabb175d972\",\"name\":\"Nelise Luques\",\"image\":{\"@type\":\"ImageObject\",\"inLanguage\":\"pt-BR\",\"@id\":\"https:\/\/verdadeon.com.br\/portal\/#\/schema\/person\/image\/\",\"url\":\"https:\/\/secure.gravatar.com\/avatar\/29b2a17f5bcadeb827411b66f48ac13c3e0ecaf5906c0f5745ecc5d41c24eada?s=96&d=mm&r=g\",\"contentUrl\":\"https:\/\/secure.gravatar.com\/avatar\/29b2a17f5bcadeb827411b66f48ac13c3e0ecaf5906c0f5745ecc5d41c24eada?s=96&d=mm&r=g\",\"caption\":\"Nelise Luques\"},\"url\":\"https:\/\/verdadeon.com.br\/portal\/author\/verdade\/\"}]}<\/script>\n<!-- \/ Yoast SEO plugin. -->","yoast_head_json":{"title":"Somente neste ano, Franca registrou 389 ataques de escorpi\u00f5es - VerdadeOn","robots":{"index":"index","follow":"follow","max-snippet":"max-snippet:-1","max-image-preview":"max-image-preview:large","max-video-preview":"max-video-preview:-1"},"canonical":"https:\/\/verdadeon.com.br\/portal\/2022\/09\/05\/somente-neste-ano-franca-registrou-389-ataques-de-escorpioes\/","og_locale":"pt_BR","og_type":"article","og_title":"Somente neste ano, Franca registrou 389 ataques de escorpi\u00f5es - VerdadeOn","og_description":"Picada pode provocar morte; Vigil\u00e2ncia Ambiental recomenda cuidados para evitar prolifera\u00e7\u00e3o dos animais &nbsp; Pelo menos 389 pessoas foram picadas por escorpi\u00e3o em Franca somente neste [\u2026]","og_url":"https:\/\/verdadeon.com.br\/portal\/2022\/09\/05\/somente-neste-ano-franca-registrou-389-ataques-de-escorpioes\/","og_site_name":"VerdadeOn","article_published_time":"2022-09-05T19:51:29+00:00","article_modified_time":"2022-09-05T20:18:07+00:00","og_image":[{"width":1000,"height":669,"url":"https:\/\/verdadeon.com.br\/portal\/wp-content\/uploads\/2022\/09\/escorpiao-capa-ms-e1662407203223.jpg","type":"image\/jpeg"}],"author":"Nelise Luques","twitter_card":"summary_large_image","twitter_misc":{"Escrito por":"Nelise Luques","Est. tempo de leitura":"2 minutos"},"schema":{"@context":"https:\/\/schema.org","@graph":[{"@type":"WebPage","@id":"https:\/\/verdadeon.com.br\/portal\/2022\/09\/05\/somente-neste-ano-franca-registrou-389-ataques-de-escorpioes\/","url":"https:\/\/verdadeon.com.br\/portal\/2022\/09\/05\/somente-neste-ano-franca-registrou-389-ataques-de-escorpioes\/","name":"Somente neste ano, Franca registrou 389 ataques de escorpi\u00f5es - VerdadeOn","isPartOf":{"@id":"https:\/\/verdadeon.com.br\/portal\/#website"},"primaryImageOfPage":{"@id":"https:\/\/verdadeon.com.br\/portal\/2022\/09\/05\/somente-neste-ano-franca-registrou-389-ataques-de-escorpioes\/#primaryimage"},"image":{"@id":"https:\/\/verdadeon.com.br\/portal\/2022\/09\/05\/somente-neste-ano-franca-registrou-389-ataques-de-escorpioes\/#primaryimage"},"thumbnailUrl":"https:\/\/i0.wp.com\/verdadeon.com.br\/portal\/wp-content\/uploads\/2022\/09\/escorpiao-capa-ms-e1662407203223.jpg?fit=1000%2C669&ssl=1","datePublished":"2022-09-05T19:51:29+00:00","dateModified":"2022-09-05T20:18:07+00:00","author":{"@id":"https:\/\/verdadeon.com.br\/portal\/#\/schema\/person\/8248726d36015c1916636fabb175d972"},"breadcrumb":{"@id":"https:\/\/verdadeon.com.br\/portal\/2022\/09\/05\/somente-neste-ano-franca-registrou-389-ataques-de-escorpioes\/#breadcrumb"},"inLanguage":"pt-BR","potentialAction":[{"@type":"ReadAction","target":["https:\/\/verdadeon.com.br\/portal\/2022\/09\/05\/somente-neste-ano-franca-registrou-389-ataques-de-escorpioes\/"]}]},{"@type":"ImageObject","inLanguage":"pt-BR","@id":"https:\/\/verdadeon.com.br\/portal\/2022\/09\/05\/somente-neste-ano-franca-registrou-389-ataques-de-escorpioes\/#primaryimage","url":"https:\/\/i0.wp.com\/verdadeon.com.br\/portal\/wp-content\/uploads\/2022\/09\/escorpiao-capa-ms-e1662407203223.jpg?fit=1000%2C669&ssl=1","contentUrl":"https:\/\/i0.wp.com\/verdadeon.com.br\/portal\/wp-content\/uploads\/2022\/09\/escorpiao-capa-ms-e1662407203223.jpg?fit=1000%2C669&ssl=1","width":1000,"height":669,"caption":"Das 1.776 ocorr\u00eancias, 1566 foram apenas de escorpi\u00f5es (\u00a9Ag\u00eancia Brasil)"},{"@type":"BreadcrumbList","@id":"https:\/\/verdadeon.com.br\/portal\/2022\/09\/05\/somente-neste-ano-franca-registrou-389-ataques-de-escorpioes\/#breadcrumb","itemListElement":[{"@type":"ListItem","position":1,"name":"In\u00edcio","item":"https:\/\/verdadeon.com.br\/portal\/"},{"@type":"ListItem","position":2,"name":"Somente neste ano, Franca registrou 389 ataques de escorpi\u00f5es"}]},{"@type":"WebSite","@id":"https:\/\/verdadeon.com.br\/portal\/#website","url":"https:\/\/verdadeon.com.br\/portal\/","name":"VerdadeOn","description":"Not\u00edcias di\u00e1rias sobre Franca, Regi\u00e3o, Esporte, Cultura, Cotidiano, Colunas. Cobertura nos principais eventos da cidade \u00e9 aqui - Verdadeon Franca","potentialAction":[{"@type":"SearchAction","target":{"@type":"EntryPoint","urlTemplate":"https:\/\/verdadeon.com.br\/portal\/?s={search_term_string}"},"query-input":{"@type":"PropertyValueSpecification","valueRequired":true,"valueName":"search_term_string"}}],"inLanguage":"pt-BR"},{"@type":"Person","@id":"https:\/\/verdadeon.com.br\/portal\/#\/schema\/person\/8248726d36015c1916636fabb175d972","name":"Nelise Luques","image":{"@type":"ImageObject","inLanguage":"pt-BR","@id":"https:\/\/verdadeon.com.br\/portal\/#\/schema\/person\/image\/","url":"https:\/\/secure.gravatar.com\/avatar\/29b2a17f5bcadeb827411b66f48ac13c3e0ecaf5906c0f5745ecc5d41c24eada?s=96&d=mm&r=g","contentUrl":"https:\/\/secure.gravatar.com\/avatar\/29b2a17f5bcadeb827411b66f48ac13c3e0ecaf5906c0f5745ecc5d41c24eada?s=96&d=mm&r=g","caption":"Nelise Luques"},"url":"https:\/\/verdadeon.com.br\/portal\/author\/verdade\/"}]}},"jetpack_publicize_connections":[],"jetpack_featured_media_url":"https:\/\/i0.wp.com\/verdadeon.com.br\/portal\/wp-content\/uploads\/2022\/09\/escorpiao-capa-ms-e1662407203223.jpg?fit=1000%2C669&ssl=1","jetpack_sharing_enabled":true,"_links":{"self":[{"href":"https:\/\/verdadeon.com.br\/portal\/wp-json\/wp\/v2\/posts\/27756","targetHints":{"allow":["GET"]}}],"collection":[{"href":"https:\/\/verdadeon.com.br\/portal\/wp-json\/wp\/v2\/posts"}],"about":[{"href":"https:\/\/verdadeon.com.br\/portal\/wp-json\/wp\/v2\/types\/post"}],"author":[{"embeddable":true,"href":"https:\/\/verdadeon.com.br\/portal\/wp-json\/wp\/v2\/users\/12"}],"replies":[{"embeddable":true,"href":"https:\/\/verdadeon.com.br\/portal\/wp-json\/wp\/v2\/comments?post=27756"}],"version-history":[{"count":2,"href":"https:\/\/verdadeon.com.br\/portal\/wp-json\/wp\/v2\/posts\/27756\/revisions"}],"predecessor-version":[{"id":27762,"href":"https:\/\/verdadeon.com.br\/portal\/wp-json\/wp\/v2\/posts\/27756\/revisions\/27762"}],"wp:featuredmedia":[{"embeddable":true,"href":"https:\/\/verdadeon.com.br\/portal\/wp-json\/wp\/v2\/media\/27759"}],"wp:attachment":[{"href":"https:\/\/verdadeon.com.br\/portal\/wp-json\/wp\/v2\/media?parent=27756"}],"wp:term":[{"taxonomy":"category","embeddable":true,"href":"https:\/\/verdadeon.com.br\/portal\/wp-json\/wp\/v2\/categories?post=27756"},{"taxonomy":"post_tag","embeddable":true,"href":"https:\/\/verdadeon.com.br\/portal\/wp-json\/wp\/v2\/tags?post=27756"}],"curies":[{"name":"wp","href":"https:\/\/api.w.org\/{rel}","templated":true}]}}