{"id":27745,"date":"2022-09-05T15:21:55","date_gmt":"2022-09-05T18:21:55","guid":{"rendered":"https:\/\/verdadeon.com.br\/portal\/?p=27745"},"modified":"2022-09-05T15:21:55","modified_gmt":"2022-09-05T18:21:55","slug":"marcelo-morickochi-participa-de-importante-evento-com-liderancas-politicas","status":"publish","type":"post","link":"https:\/\/verdadeon.com.br\/portal\/2022\/09\/05\/marcelo-morickochi-participa-de-importante-evento-com-liderancas-politicas\/","title":{"rendered":"Marcelo Morickochi participa de importante evento com lideran\u00e7as pol\u00edticas"},"content":{"rendered":"<h2>M\u00e9dico \u00e9 estreante na pol\u00edtica e busca renova\u00e7\u00e3o para representar Franca e regi\u00e3o<\/h2>\n<p>O candidato a deputado federal por Franca e regi\u00e3o, Marcelo Morickochi, participou do lan\u00e7amento oficial da candidatura do deputado estadual Rog\u00e9rio Nogueira, em Indaiatuba. O evento reuniu Maur\u00edcio Neves, vice-presidente do Partido Progressista, o governador Rodrigo Garcia, al\u00e9m de cerca de mil lideran\u00e7as pol\u00edticas de 180 cidades, como vereadores, prefeitos, empres\u00e1rios e esportistas.<br \/>\nO deputado Rog\u00e9rio Nogueira \u00e9 padrinho pol\u00edtico do Dr. Marcelo, foi ele que fez o convite para que o m\u00e9dico se candidatasse a deputado federal, por acreditar no preparo e no potencial de trabalho dele por Franca e regi\u00e3o. Para ele, a elei\u00e7\u00e3o de Morickochi vai ampliar a representatividade do munic\u00edpio na esfera federal, al\u00e9m de somar esfor\u00e7os em um projeto pol\u00edtico amplo que tem como prioridade a sa\u00fade.<br \/>\nEsportista, Rog\u00e9rio Nogueira est\u00e1 em seu 5\u00b0 mandato como deputado estadual, ele \u00e9 piloto de motocross com v\u00e1rios t\u00edtulos conquistados e, al\u00e9m disso, foi Presidente das Comiss\u00f5es do Esporte e Transporte da Alesp e atualmente \u00e9 membro da mesa diretora como 2\u00b0 Secret\u00e1rio.<br \/>\n\u201cCom Rog\u00e9rio Nogueira reeleito Deputado Estadual e comigo eleito Deputado Federal, poderemos fazer muito mais por Franca, pela nossa regi\u00e3o e por S\u00e3o Paulo!&#8221;, disse o doutor Marcelo Morickochi.<\/p>\n<h4>Estreante<\/h4>\n<p>Esta \u00e9 a primeira vez que o doutor Marcelo Morickochi concorre ao cargo de deputado federal, ele \u00e9 um estreante na pol\u00edtica. A vontade de fazer diferente e de trabalhar por Franca e toda a regi\u00e3o, fez com que ele aceitasse o convite do deputado estadual Rog\u00e9rio Nogueira. A oficializa\u00e7\u00e3o veio no m\u00eas de julho, em um evento em S\u00e3o Paulo.<br \/>\nA proposta do mandato do doutor Marcelo \u00e9 baseada em di\u00e1logo e aten\u00e7\u00e3o absoluta com a sa\u00fade. Al\u00e9m de ficha limpa e honesto, Morickochi tem um hist\u00f3rico de trabalho pela comunidade, acredita em uma maneira diferente de fazer pol\u00edtica, sempre colocando a popula\u00e7\u00e3o em primeiro lugar, longe de interesses particulares.<br \/>\n\u201cFranca e regi\u00e3o podem esperar dinamismo na intera\u00e7\u00e3o com os v\u00e1rios segmentos da sociedade, comprometimento com as causas da \u00e1rea da sa\u00fade, com aten\u00e7\u00e3o especial \u00e0 popula\u00e7\u00e3o mais vulner\u00e1vel\u201d, ressaltou.<br \/>\nH\u00e1 anos Franca n\u00e3o elege um Deputado Federal e h\u00e1 diversas explica\u00e7\u00f5es para isso e uma delas \u00e9 o cansa\u00e7o dos eleitores com os mesmos nomes.<br \/>\nPor isso, o Doutor Marcelo Morickochi se destaca como uma lideran\u00e7a nova, longe da velha pol\u00edtica e que, al\u00e9m de representar Franca e regi\u00e3o, prop\u00f5e um trabalho bem pr\u00f3ximo do povo.<br \/>\n\u201cA popula\u00e7\u00e3o pode esperar de mim muito trabalho, comprometimento e proximidade. Al\u00e9m da sa\u00fade, temos grandes propostas para a Educa\u00e7\u00e3o, Desenvolvimento Social, sem esquecermos do apoio aos empres\u00e1rios e ao agroneg\u00f3cio regional. S\u00e3o muitos desafios, como ampliar a transfer\u00eancia de recursos por meio de emendas parlamentares e de outras fontes para o Munic\u00edpio de Franca e regi\u00e3o. Vamos trabalhar ainda na articula\u00e7\u00e3o com os v\u00e1rios segmentos sempre buscando solu\u00e7\u00f5es inovadoras para os problemas das cidades\u201d, finalizou.<\/p>\n","protected":false},"excerpt":{"rendered":"<p>M\u00e9dico \u00e9 estreante na pol\u00edtica e busca renova\u00e7\u00e3o para representar Franca e regi\u00e3o O candidato a deputado federal por Franca e regi\u00e3o, Marcelo Morickochi, participou do<span class=\"excerpt-hellip\"> [\u2026]<\/span><\/p>\n","protected":false},"author":7,"featured_media":27748,"comment_status":"open","ping_status":"open","sticky":false,"template":"","format":"standard","meta":{"_jetpack_memberships_contains_paid_content":false,"footnotes":"","jetpack_publicize_message":"","jetpack_publicize_feature_enabled":true,"jetpack_social_post_already_shared":false,"jetpack_social_options":{"image_generator_settings":{"template":"highway","default_image_id":0,"enabled":false},"version":2}},"categories":[28,44],"tags":[],"class_list":["post-27745","post","type-post","status-publish","format-standard","has-post-thumbnail","hentry","category-cotidiano","category-noticias"],"yoast_head":"<!-- This site is optimized with the Yoast SEO plugin v25.6 - https:\/\/yoast.com\/wordpress\/plugins\/seo\/ -->\n<title>Marcelo Morickochi participa de importante evento com lideran\u00e7as pol\u00edticas - VerdadeOn<\/title>\n<meta name=\"robots\" content=\"index, follow, max-snippet:-1, max-image-preview:large, max-video-preview:-1\" \/>\n<link rel=\"canonical\" href=\"https:\/\/verdadeon.com.br\/portal\/2022\/09\/05\/marcelo-morickochi-participa-de-importante-evento-com-liderancas-politicas\/\" \/>\n<meta property=\"og:locale\" content=\"pt_BR\" \/>\n<meta property=\"og:type\" content=\"article\" \/>\n<meta property=\"og:title\" content=\"Marcelo Morickochi participa de importante evento com lideran\u00e7as pol\u00edticas - VerdadeOn\" \/>\n<meta property=\"og:description\" content=\"M\u00e9dico \u00e9 estreante na pol\u00edtica e busca renova\u00e7\u00e3o para representar Franca e regi\u00e3o O candidato a deputado federal por Franca e regi\u00e3o, Marcelo Morickochi, participou do [\u2026]\" \/>\n<meta property=\"og:url\" content=\"https:\/\/verdadeon.com.br\/portal\/2022\/09\/05\/marcelo-morickochi-participa-de-importante-evento-com-liderancas-politicas\/\" \/>\n<meta property=\"og:site_name\" content=\"VerdadeOn\" \/>\n<meta property=\"article:published_time\" content=\"2022-09-05T18:21:55+00:00\" \/>\n<meta property=\"og:image\" content=\"https:\/\/verdadeon.com.br\/portal\/wp-content\/uploads\/2022\/09\/WhatsApp-Image-2022-09-05-at-15.20.29.jpeg\" \/>\n\t<meta property=\"og:image:width\" content=\"1000\" \/>\n\t<meta property=\"og:image:height\" content=\"670\" \/>\n\t<meta property=\"og:image:type\" content=\"image\/jpeg\" \/>\n<meta name=\"author\" content=\"Fernando Lima\" \/>\n<meta name=\"twitter:card\" content=\"summary_large_image\" \/>\n<meta name=\"twitter:label1\" content=\"Escrito por\" \/>\n\t<meta name=\"twitter:data1\" content=\"Fernando Lima\" \/>\n\t<meta name=\"twitter:label2\" content=\"Est. tempo de leitura\" \/>\n\t<meta name=\"twitter:data2\" content=\"3 minutos\" \/>\n<script type=\"application\/ld+json\" class=\"yoast-schema-graph\">{\"@context\":\"https:\/\/schema.org\",\"@graph\":[{\"@type\":\"WebPage\",\"@id\":\"https:\/\/verdadeon.com.br\/portal\/2022\/09\/05\/marcelo-morickochi-participa-de-importante-evento-com-liderancas-politicas\/\",\"url\":\"https:\/\/verdadeon.com.br\/portal\/2022\/09\/05\/marcelo-morickochi-participa-de-importante-evento-com-liderancas-politicas\/\",\"name\":\"Marcelo Morickochi participa de importante evento com lideran\u00e7as pol\u00edticas - VerdadeOn\",\"isPartOf\":{\"@id\":\"https:\/\/verdadeon.com.br\/portal\/#website\"},\"primaryImageOfPage\":{\"@id\":\"https:\/\/verdadeon.com.br\/portal\/2022\/09\/05\/marcelo-morickochi-participa-de-importante-evento-com-liderancas-politicas\/#primaryimage\"},\"image\":{\"@id\":\"https:\/\/verdadeon.com.br\/portal\/2022\/09\/05\/marcelo-morickochi-participa-de-importante-evento-com-liderancas-politicas\/#primaryimage\"},\"thumbnailUrl\":\"https:\/\/i0.wp.com\/verdadeon.com.br\/portal\/wp-content\/uploads\/2022\/09\/WhatsApp-Image-2022-09-05-at-15.20.29.jpeg?fit=1000%2C670&ssl=1\",\"datePublished\":\"2022-09-05T18:21:55+00:00\",\"author\":{\"@id\":\"https:\/\/verdadeon.com.br\/portal\/#\/schema\/person\/cc32be22b8e8599387c480bc83e1d11a\"},\"breadcrumb\":{\"@id\":\"https:\/\/verdadeon.com.br\/portal\/2022\/09\/05\/marcelo-morickochi-participa-de-importante-evento-com-liderancas-politicas\/#breadcrumb\"},\"inLanguage\":\"pt-BR\",\"potentialAction\":[{\"@type\":\"ReadAction\",\"target\":[\"https:\/\/verdadeon.com.br\/portal\/2022\/09\/05\/marcelo-morickochi-participa-de-importante-evento-com-liderancas-politicas\/\"]}]},{\"@type\":\"ImageObject\",\"inLanguage\":\"pt-BR\",\"@id\":\"https:\/\/verdadeon.com.br\/portal\/2022\/09\/05\/marcelo-morickochi-participa-de-importante-evento-com-liderancas-politicas\/#primaryimage\",\"url\":\"https:\/\/i0.wp.com\/verdadeon.com.br\/portal\/wp-content\/uploads\/2022\/09\/WhatsApp-Image-2022-09-05-at-15.20.29.jpeg?fit=1000%2C670&ssl=1\",\"contentUrl\":\"https:\/\/i0.wp.com\/verdadeon.com.br\/portal\/wp-content\/uploads\/2022\/09\/WhatsApp-Image-2022-09-05-at-15.20.29.jpeg?fit=1000%2C670&ssl=1\",\"width\":1000,\"height\":670,\"caption\":\"Evento foi marcado por participa\u00e7\u00e3o de milhares de lideran\u00e7as pol\u00edticas de importantes regi\u00f5es do estado | Foto: Divulga\u00e7\u00e3o\"},{\"@type\":\"BreadcrumbList\",\"@id\":\"https:\/\/verdadeon.com.br\/portal\/2022\/09\/05\/marcelo-morickochi-participa-de-importante-evento-com-liderancas-politicas\/#breadcrumb\",\"itemListElement\":[{\"@type\":\"ListItem\",\"position\":1,\"name\":\"In\u00edcio\",\"item\":\"https:\/\/verdadeon.com.br\/portal\/\"},{\"@type\":\"ListItem\",\"position\":2,\"name\":\"Marcelo Morickochi participa de importante evento com lideran\u00e7as pol\u00edticas\"}]},{\"@type\":\"WebSite\",\"@id\":\"https:\/\/verdadeon.com.br\/portal\/#website\",\"url\":\"https:\/\/verdadeon.com.br\/portal\/\",\"name\":\"VerdadeOn\",\"description\":\"Not\u00edcias di\u00e1rias sobre Franca, Regi\u00e3o, Esporte, Cultura, Cotidiano, Colunas. Cobertura nos principais eventos da cidade \u00e9 aqui - Verdadeon Franca\",\"potentialAction\":[{\"@type\":\"SearchAction\",\"target\":{\"@type\":\"EntryPoint\",\"urlTemplate\":\"https:\/\/verdadeon.com.br\/portal\/?s={search_term_string}\"},\"query-input\":{\"@type\":\"PropertyValueSpecification\",\"valueRequired\":true,\"valueName\":\"search_term_string\"}}],\"inLanguage\":\"pt-BR\"},{\"@type\":\"Person\",\"@id\":\"https:\/\/verdadeon.com.br\/portal\/#\/schema\/person\/cc32be22b8e8599387c480bc83e1d11a\",\"name\":\"Fernando Lima\",\"image\":{\"@type\":\"ImageObject\",\"inLanguage\":\"pt-BR\",\"@id\":\"https:\/\/verdadeon.com.br\/portal\/#\/schema\/person\/image\/\",\"url\":\"https:\/\/secure.gravatar.com\/avatar\/df4c8e132080d2b3a4841d5d232045464e0eed11a1d6e43115ca0843d48768d3?s=96&d=mm&r=g\",\"contentUrl\":\"https:\/\/secure.gravatar.com\/avatar\/df4c8e132080d2b3a4841d5d232045464e0eed11a1d6e43115ca0843d48768d3?s=96&d=mm&r=g\",\"caption\":\"Fernando Lima\"},\"sameAs\":[\"http:\/\/verdadeon.com.br\/\"],\"url\":\"https:\/\/verdadeon.com.br\/portal\/author\/fernando-lima\/\"}]}<\/script>\n<!-- \/ Yoast SEO plugin. -->","yoast_head_json":{"title":"Marcelo Morickochi participa de importante evento com lideran\u00e7as pol\u00edticas - VerdadeOn","robots":{"index":"index","follow":"follow","max-snippet":"max-snippet:-1","max-image-preview":"max-image-preview:large","max-video-preview":"max-video-preview:-1"},"canonical":"https:\/\/verdadeon.com.br\/portal\/2022\/09\/05\/marcelo-morickochi-participa-de-importante-evento-com-liderancas-politicas\/","og_locale":"pt_BR","og_type":"article","og_title":"Marcelo Morickochi participa de importante evento com lideran\u00e7as pol\u00edticas - VerdadeOn","og_description":"M\u00e9dico \u00e9 estreante na pol\u00edtica e busca renova\u00e7\u00e3o para representar Franca e regi\u00e3o O candidato a deputado federal por Franca e regi\u00e3o, Marcelo Morickochi, participou do [\u2026]","og_url":"https:\/\/verdadeon.com.br\/portal\/2022\/09\/05\/marcelo-morickochi-participa-de-importante-evento-com-liderancas-politicas\/","og_site_name":"VerdadeOn","article_published_time":"2022-09-05T18:21:55+00:00","og_image":[{"width":1000,"height":670,"url":"https:\/\/verdadeon.com.br\/portal\/wp-content\/uploads\/2022\/09\/WhatsApp-Image-2022-09-05-at-15.20.29.jpeg","type":"image\/jpeg"}],"author":"Fernando Lima","twitter_card":"summary_large_image","twitter_misc":{"Escrito por":"Fernando Lima","Est. tempo de leitura":"3 minutos"},"schema":{"@context":"https:\/\/schema.org","@graph":[{"@type":"WebPage","@id":"https:\/\/verdadeon.com.br\/portal\/2022\/09\/05\/marcelo-morickochi-participa-de-importante-evento-com-liderancas-politicas\/","url":"https:\/\/verdadeon.com.br\/portal\/2022\/09\/05\/marcelo-morickochi-participa-de-importante-evento-com-liderancas-politicas\/","name":"Marcelo Morickochi participa de importante evento com lideran\u00e7as pol\u00edticas - VerdadeOn","isPartOf":{"@id":"https:\/\/verdadeon.com.br\/portal\/#website"},"primaryImageOfPage":{"@id":"https:\/\/verdadeon.com.br\/portal\/2022\/09\/05\/marcelo-morickochi-participa-de-importante-evento-com-liderancas-politicas\/#primaryimage"},"image":{"@id":"https:\/\/verdadeon.com.br\/portal\/2022\/09\/05\/marcelo-morickochi-participa-de-importante-evento-com-liderancas-politicas\/#primaryimage"},"thumbnailUrl":"https:\/\/i0.wp.com\/verdadeon.com.br\/portal\/wp-content\/uploads\/2022\/09\/WhatsApp-Image-2022-09-05-at-15.20.29.jpeg?fit=1000%2C670&ssl=1","datePublished":"2022-09-05T18:21:55+00:00","author":{"@id":"https:\/\/verdadeon.com.br\/portal\/#\/schema\/person\/cc32be22b8e8599387c480bc83e1d11a"},"breadcrumb":{"@id":"https:\/\/verdadeon.com.br\/portal\/2022\/09\/05\/marcelo-morickochi-participa-de-importante-evento-com-liderancas-politicas\/#breadcrumb"},"inLanguage":"pt-BR","potentialAction":[{"@type":"ReadAction","target":["https:\/\/verdadeon.com.br\/portal\/2022\/09\/05\/marcelo-morickochi-participa-de-importante-evento-com-liderancas-politicas\/"]}]},{"@type":"ImageObject","inLanguage":"pt-BR","@id":"https:\/\/verdadeon.com.br\/portal\/2022\/09\/05\/marcelo-morickochi-participa-de-importante-evento-com-liderancas-politicas\/#primaryimage","url":"https:\/\/i0.wp.com\/verdadeon.com.br\/portal\/wp-content\/uploads\/2022\/09\/WhatsApp-Image-2022-09-05-at-15.20.29.jpeg?fit=1000%2C670&ssl=1","contentUrl":"https:\/\/i0.wp.com\/verdadeon.com.br\/portal\/wp-content\/uploads\/2022\/09\/WhatsApp-Image-2022-09-05-at-15.20.29.jpeg?fit=1000%2C670&ssl=1","width":1000,"height":670,"caption":"Evento foi marcado por participa\u00e7\u00e3o de milhares de lideran\u00e7as pol\u00edticas de importantes regi\u00f5es do estado | Foto: Divulga\u00e7\u00e3o"},{"@type":"BreadcrumbList","@id":"https:\/\/verdadeon.com.br\/portal\/2022\/09\/05\/marcelo-morickochi-participa-de-importante-evento-com-liderancas-politicas\/#breadcrumb","itemListElement":[{"@type":"ListItem","position":1,"name":"In\u00edcio","item":"https:\/\/verdadeon.com.br\/portal\/"},{"@type":"ListItem","position":2,"name":"Marcelo Morickochi participa de importante evento com lideran\u00e7as pol\u00edticas"}]},{"@type":"WebSite","@id":"https:\/\/verdadeon.com.br\/portal\/#website","url":"https:\/\/verdadeon.com.br\/portal\/","name":"VerdadeOn","description":"Not\u00edcias di\u00e1rias sobre Franca, Regi\u00e3o, Esporte, Cultura, Cotidiano, Colunas. Cobertura nos principais eventos da cidade \u00e9 aqui - Verdadeon Franca","potentialAction":[{"@type":"SearchAction","target":{"@type":"EntryPoint","urlTemplate":"https:\/\/verdadeon.com.br\/portal\/?s={search_term_string}"},"query-input":{"@type":"PropertyValueSpecification","valueRequired":true,"valueName":"search_term_string"}}],"inLanguage":"pt-BR"},{"@type":"Person","@id":"https:\/\/verdadeon.com.br\/portal\/#\/schema\/person\/cc32be22b8e8599387c480bc83e1d11a","name":"Fernando Lima","image":{"@type":"ImageObject","inLanguage":"pt-BR","@id":"https:\/\/verdadeon.com.br\/portal\/#\/schema\/person\/image\/","url":"https:\/\/secure.gravatar.com\/avatar\/df4c8e132080d2b3a4841d5d232045464e0eed11a1d6e43115ca0843d48768d3?s=96&d=mm&r=g","contentUrl":"https:\/\/secure.gravatar.com\/avatar\/df4c8e132080d2b3a4841d5d232045464e0eed11a1d6e43115ca0843d48768d3?s=96&d=mm&r=g","caption":"Fernando Lima"},"sameAs":["http:\/\/verdadeon.com.br\/"],"url":"https:\/\/verdadeon.com.br\/portal\/author\/fernando-lima\/"}]}},"jetpack_publicize_connections":[],"jetpack_featured_media_url":"https:\/\/i0.wp.com\/verdadeon.com.br\/portal\/wp-content\/uploads\/2022\/09\/WhatsApp-Image-2022-09-05-at-15.20.29.jpeg?fit=1000%2C670&ssl=1","jetpack_sharing_enabled":true,"_links":{"self":[{"href":"https:\/\/verdadeon.com.br\/portal\/wp-json\/wp\/v2\/posts\/27745","targetHints":{"allow":["GET"]}}],"collection":[{"href":"https:\/\/verdadeon.com.br\/portal\/wp-json\/wp\/v2\/posts"}],"about":[{"href":"https:\/\/verdadeon.com.br\/portal\/wp-json\/wp\/v2\/types\/post"}],"author":[{"embeddable":true,"href":"https:\/\/verdadeon.com.br\/portal\/wp-json\/wp\/v2\/users\/7"}],"replies":[{"embeddable":true,"href":"https:\/\/verdadeon.com.br\/portal\/wp-json\/wp\/v2\/comments?post=27745"}],"version-history":[{"count":1,"href":"https:\/\/verdadeon.com.br\/portal\/wp-json\/wp\/v2\/posts\/27745\/revisions"}],"predecessor-version":[{"id":27749,"href":"https:\/\/verdadeon.com.br\/portal\/wp-json\/wp\/v2\/posts\/27745\/revisions\/27749"}],"wp:featuredmedia":[{"embeddable":true,"href":"https:\/\/verdadeon.com.br\/portal\/wp-json\/wp\/v2\/media\/27748"}],"wp:attachment":[{"href":"https:\/\/verdadeon.com.br\/portal\/wp-json\/wp\/v2\/media?parent=27745"}],"wp:term":[{"taxonomy":"category","embeddable":true,"href":"https:\/\/verdadeon.com.br\/portal\/wp-json\/wp\/v2\/categories?post=27745"},{"taxonomy":"post_tag","embeddable":true,"href":"https:\/\/verdadeon.com.br\/portal\/wp-json\/wp\/v2\/tags?post=27745"}],"curies":[{"name":"wp","href":"https:\/\/api.w.org\/{rel}","templated":true}]}}