{"id":27727,"date":"2022-09-03T16:00:56","date_gmt":"2022-09-03T19:00:56","guid":{"rendered":"https:\/\/verdadeon.com.br\/portal\/?p=27727"},"modified":"2022-09-03T14:45:34","modified_gmt":"2022-09-03T17:45:34","slug":"estados-e-municipios-podem-solicitar-gratuidade-no-transporte-publico","status":"publish","type":"post","link":"https:\/\/verdadeon.com.br\/portal\/2022\/09\/03\/estados-e-municipios-podem-solicitar-gratuidade-no-transporte-publico\/","title":{"rendered":"Estados e munic\u00edpios podem solicitar gratuidade no transporte p\u00fablico"},"content":{"rendered":"<h2 class=\"col-10 offset-1 animated fadeInDown dealy-900 display-8 display-md-8 alt-font font-italic my-1 text-center\">Uni\u00e3o vai disponibilizar R$ 2,5 bilh\u00f5es para financiar benef\u00edcio, que \u00e9 concedido \u00e0 pessoas idosas<\/h2>\n<p>Estados, munic\u00edpios e o Distrito Federal j\u00e1 podem submeter \u00e0 Uni\u00e3o os pedidos de repasse de recursos para custear a gratuidade no transporte p\u00fablico aos idosos com 65 anos ou mais. A\u00a0medida provis\u00f3ria\u00a0que disponibilizou os R$ 2,5 bilh\u00f5es que v\u00e3o financiar o benef\u00edcio j\u00e1 havia sido publicada na semana passada.<img data-recalc-dims=\"1\" decoding=\"async\" src=\"https:\/\/i0.wp.com\/agenciabrasil.ebc.com.br\/ebc.png?w=1220&#038;ssl=1\" \/><img data-recalc-dims=\"1\" decoding=\"async\" src=\"https:\/\/i0.wp.com\/agenciabrasil.ebc.com.br\/ebc.gif?w=1220&#038;ssl=1\" \/><\/p>\n<p>Nesta sexta-feira (2), uma\u00a0portaria\u00a0que regulamenta os procedimentos para o repasse de recursos tamb\u00e9m saiu no Di\u00e1rio Oficial da Uni\u00e3o. O cadastramento de propostas j\u00e1 est\u00e1 aberto e pode ser feito at\u00e9 o dia\u00a09 de setembro\u00a0na Plataforma +Brasil.<\/p>\n<p>A a\u00e7\u00e3o est\u00e1 prevista na Emenda Constitucional (EC) n\u00ba 123\/2022, promulgada em junho, que tamb\u00e9m instituiu o aumento no valor do Aux\u00edlio Brasil para R$ 600, criou um novo benef\u00edcio para caminhoneiros e aumentou no aux\u00edlio-g\u00e1s para fam\u00edlias vulner\u00e1veis. No caso do benef\u00edcio a idosos, todo o montante de R$ 2,5 bilh\u00f5es dever\u00e1 ser usado exclusivamente para pagar a gratuidade de maiores de 65 anos em sistemas regulares de transporte p\u00fablico coletivo urbano, semiurbano ou metropolitano. Os recursos ser\u00e3o aportados at\u00e9\u00a031 de dezembro\u00a0deste ano.<\/p>\n<p>A execu\u00e7\u00e3o dos recursos ser\u00e1 feita de forma descentralizada, por meio de transfer\u00eancias da Uni\u00e3o aos \u00f3rg\u00e3os vinculados a ela, \u00e0s cidades, aos estados e ao Distrito Federal. Pelas regras, os entes federativos ser\u00e3o respons\u00e1veis pelo uso e distribui\u00e7\u00e3o dos recursos aos prestadores de servi\u00e7os, observando-se a premissa do equil\u00edbrio econ\u00f4mico-financeiro dos contratos.<\/p>\n<p>O repasse dos recursos ser\u00e1 proporcional \u00e0 popula\u00e7\u00e3o maior de 65 anos residente em cada estado e munic\u00edpio, desde que possuam servi\u00e7o de transporte municipal ou intermunicipal regular em opera\u00e7\u00e3o. O c\u00e1lculo da quantidade de pessoas nesta faixa et\u00e1ria ser\u00e1 feito com base na estimativa mais atualizada publicada pelo Departamento de Inform\u00e1tica do Sistema \u00danico de Sa\u00fade (DataSUS) a partir de dados do Instituto Brasileiro de Geografia e Estat\u00edstica (IBGE).<\/p>\n<h4>Como solicitar<\/h4>\n<p>O primeiro passo \u00e9 o preenchimento dos campos obrigat\u00f3rios de cadastramento na Plataforma + Brasil. Em seguida, o representante do ente federativo dever\u00e1 incluir uma autodeclara\u00e7\u00e3o que confirme possuir servi\u00e7o de transporte p\u00fablico de passageiros de forma regular em opera\u00e7\u00e3o.<\/p>\n<p>Nos casos em que a autodeclara\u00e7\u00e3o envolver servi\u00e7os de car\u00e1ter semiurbano ou metropolitano, dever\u00e3o ser inclu\u00eddas as cidades atendidas pelo solicitante. Al\u00e9m disso, tamb\u00e9m dever\u00e1 ser preenchido o Plano de A\u00e7\u00e3o no m\u00f3dulo Fundo a Fundo da plataforma.<\/p>\n<p>A an\u00e1lise das solicita\u00e7\u00f5es ser\u00e1 feita pelo Minist\u00e9rio do Desenvolvimento Regional (MDR) at\u00e9 o dia 16 de setembro. O enquadramento final das solicita\u00e7\u00f5es, com o devido c\u00e1lculo da distribui\u00e7\u00e3o dos valores aos entes federativos eleg\u00edveis, ser\u00e1 efetivado at\u00e9 21 de setembro.<\/p>\n<p>A lista final pelo MDR ser\u00e1 publicada no dia 23 de setembro. Antes de receberem os recursos, estados, munic\u00edpios e o Distrito Federal ainda dever\u00e3o assinar um Termo de Ades\u00e3o at\u00e9 28 de setembro, que fixar\u00e1 o valor a ser transferido, al\u00e9m das condicionantes para a efetiva\u00e7\u00e3o do repasse.<\/p>\n<p>O documento ficar\u00e1 dispon\u00edvel para ser assinado eletronicamente na Plataforma + Brasil. Al\u00e9m disso, o Termo de Ades\u00e3o dever\u00e1 ser inteiramente publicado em Di\u00e1rio Oficial ou outro meio de comunica\u00e7\u00e3o oficial.<\/p>\n<p>O aporte de recursos aos entes federativos come\u00e7ar\u00e1 a ser efetuado a partir do dia\u00a030 de setembro. A data-limite de transfer\u00eancias do Aux\u00edlio pela Uni\u00e3o \u00e9\u00a031 de dezembro\u00a0deste ano.<\/p>\n<p>Fonte: Ag\u00eancia Brasil<\/p>\n","protected":false},"excerpt":{"rendered":"<p>Uni\u00e3o vai disponibilizar R$ 2,5 bilh\u00f5es para financiar benef\u00edcio, que \u00e9 concedido \u00e0 pessoas idosas Estados, munic\u00edpios e o Distrito Federal j\u00e1 podem submeter \u00e0 Uni\u00e3o<span class=\"excerpt-hellip\"> [\u2026]<\/span><\/p>\n","protected":false},"author":7,"featured_media":27728,"comment_status":"open","ping_status":"open","sticky":false,"template":"","format":"standard","meta":{"_jetpack_memberships_contains_paid_content":false,"footnotes":"","jetpack_publicize_message":"","jetpack_publicize_feature_enabled":true,"jetpack_social_post_already_shared":false,"jetpack_social_options":{"image_generator_settings":{"template":"highway","default_image_id":0,"enabled":false},"version":2}},"categories":[28,44],"tags":[],"class_list":["post-27727","post","type-post","status-publish","format-standard","has-post-thumbnail","hentry","category-cotidiano","category-noticias"],"yoast_head":"<!-- This site is optimized with the Yoast SEO plugin v25.6 - https:\/\/yoast.com\/wordpress\/plugins\/seo\/ -->\n<title>Estados e munic\u00edpios podem solicitar gratuidade no transporte p\u00fablico - VerdadeOn<\/title>\n<meta name=\"robots\" content=\"index, follow, max-snippet:-1, max-image-preview:large, max-video-preview:-1\" \/>\n<link rel=\"canonical\" href=\"https:\/\/verdadeon.com.br\/portal\/2022\/09\/03\/estados-e-municipios-podem-solicitar-gratuidade-no-transporte-publico\/\" \/>\n<meta property=\"og:locale\" content=\"pt_BR\" \/>\n<meta property=\"og:type\" content=\"article\" \/>\n<meta property=\"og:title\" content=\"Estados e munic\u00edpios podem solicitar gratuidade no transporte p\u00fablico - VerdadeOn\" \/>\n<meta property=\"og:description\" content=\"Uni\u00e3o vai disponibilizar R$ 2,5 bilh\u00f5es para financiar benef\u00edcio, que \u00e9 concedido \u00e0 pessoas idosas Estados, munic\u00edpios e o Distrito Federal j\u00e1 podem submeter \u00e0 Uni\u00e3o [\u2026]\" \/>\n<meta property=\"og:url\" content=\"https:\/\/verdadeon.com.br\/portal\/2022\/09\/03\/estados-e-municipios-podem-solicitar-gratuidade-no-transporte-publico\/\" \/>\n<meta property=\"og:site_name\" content=\"VerdadeOn\" \/>\n<meta property=\"article:published_time\" content=\"2022-09-03T19:00:56+00:00\" \/>\n<meta property=\"og:image\" content=\"https:\/\/verdadeon.com.br\/portal\/wp-content\/uploads\/2022\/09\/Transporte-publico-e1662227051282.jpg\" \/>\n\t<meta property=\"og:image:width\" content=\"1000\" \/>\n\t<meta property=\"og:image:height\" content=\"669\" \/>\n\t<meta property=\"og:image:type\" content=\"image\/jpeg\" \/>\n<meta name=\"author\" content=\"Fernando Lima\" \/>\n<meta name=\"twitter:card\" content=\"summary_large_image\" \/>\n<meta name=\"twitter:label1\" content=\"Escrito por\" \/>\n\t<meta name=\"twitter:data1\" content=\"Fernando Lima\" \/>\n\t<meta name=\"twitter:label2\" content=\"Est. tempo de leitura\" \/>\n\t<meta name=\"twitter:data2\" content=\"4 minutos\" \/>\n<script type=\"application\/ld+json\" class=\"yoast-schema-graph\">{\"@context\":\"https:\/\/schema.org\",\"@graph\":[{\"@type\":\"WebPage\",\"@id\":\"https:\/\/verdadeon.com.br\/portal\/2022\/09\/03\/estados-e-municipios-podem-solicitar-gratuidade-no-transporte-publico\/\",\"url\":\"https:\/\/verdadeon.com.br\/portal\/2022\/09\/03\/estados-e-municipios-podem-solicitar-gratuidade-no-transporte-publico\/\",\"name\":\"Estados e munic\u00edpios podem solicitar gratuidade no transporte p\u00fablico - VerdadeOn\",\"isPartOf\":{\"@id\":\"https:\/\/verdadeon.com.br\/portal\/#website\"},\"primaryImageOfPage\":{\"@id\":\"https:\/\/verdadeon.com.br\/portal\/2022\/09\/03\/estados-e-municipios-podem-solicitar-gratuidade-no-transporte-publico\/#primaryimage\"},\"image\":{\"@id\":\"https:\/\/verdadeon.com.br\/portal\/2022\/09\/03\/estados-e-municipios-podem-solicitar-gratuidade-no-transporte-publico\/#primaryimage\"},\"thumbnailUrl\":\"https:\/\/i0.wp.com\/verdadeon.com.br\/portal\/wp-content\/uploads\/2022\/09\/Transporte-publico-e1662227051282.jpg?fit=1000%2C669&ssl=1\",\"datePublished\":\"2022-09-03T19:00:56+00:00\",\"author\":{\"@id\":\"https:\/\/verdadeon.com.br\/portal\/#\/schema\/person\/cc32be22b8e8599387c480bc83e1d11a\"},\"breadcrumb\":{\"@id\":\"https:\/\/verdadeon.com.br\/portal\/2022\/09\/03\/estados-e-municipios-podem-solicitar-gratuidade-no-transporte-publico\/#breadcrumb\"},\"inLanguage\":\"pt-BR\",\"potentialAction\":[{\"@type\":\"ReadAction\",\"target\":[\"https:\/\/verdadeon.com.br\/portal\/2022\/09\/03\/estados-e-municipios-podem-solicitar-gratuidade-no-transporte-publico\/\"]}]},{\"@type\":\"ImageObject\",\"inLanguage\":\"pt-BR\",\"@id\":\"https:\/\/verdadeon.com.br\/portal\/2022\/09\/03\/estados-e-municipios-podem-solicitar-gratuidade-no-transporte-publico\/#primaryimage\",\"url\":\"https:\/\/i0.wp.com\/verdadeon.com.br\/portal\/wp-content\/uploads\/2022\/09\/Transporte-publico-e1662227051282.jpg?fit=1000%2C669&ssl=1\",\"contentUrl\":\"https:\/\/i0.wp.com\/verdadeon.com.br\/portal\/wp-content\/uploads\/2022\/09\/Transporte-publico-e1662227051282.jpg?fit=1000%2C669&ssl=1\",\"width\":1000,\"height\":669,\"caption\":\"Execu\u00e7\u00e3o dos recursos ser\u00e1 feita de forma descentralizada, por meio de transfer\u00eancias da Uni\u00e3o aos \u00f3rg\u00e3os vinculados a ela, \u00e0s cidades, aos estados e ao Distrito Federal | Foto: Ag\u00eancia Brasil\"},{\"@type\":\"BreadcrumbList\",\"@id\":\"https:\/\/verdadeon.com.br\/portal\/2022\/09\/03\/estados-e-municipios-podem-solicitar-gratuidade-no-transporte-publico\/#breadcrumb\",\"itemListElement\":[{\"@type\":\"ListItem\",\"position\":1,\"name\":\"In\u00edcio\",\"item\":\"https:\/\/verdadeon.com.br\/portal\/\"},{\"@type\":\"ListItem\",\"position\":2,\"name\":\"Estados e munic\u00edpios podem solicitar gratuidade no transporte p\u00fablico\"}]},{\"@type\":\"WebSite\",\"@id\":\"https:\/\/verdadeon.com.br\/portal\/#website\",\"url\":\"https:\/\/verdadeon.com.br\/portal\/\",\"name\":\"VerdadeOn\",\"description\":\"Not\u00edcias di\u00e1rias sobre Franca, Regi\u00e3o, Esporte, Cultura, Cotidiano, Colunas. Cobertura nos principais eventos da cidade \u00e9 aqui - Verdadeon Franca\",\"potentialAction\":[{\"@type\":\"SearchAction\",\"target\":{\"@type\":\"EntryPoint\",\"urlTemplate\":\"https:\/\/verdadeon.com.br\/portal\/?s={search_term_string}\"},\"query-input\":{\"@type\":\"PropertyValueSpecification\",\"valueRequired\":true,\"valueName\":\"search_term_string\"}}],\"inLanguage\":\"pt-BR\"},{\"@type\":\"Person\",\"@id\":\"https:\/\/verdadeon.com.br\/portal\/#\/schema\/person\/cc32be22b8e8599387c480bc83e1d11a\",\"name\":\"Fernando Lima\",\"image\":{\"@type\":\"ImageObject\",\"inLanguage\":\"pt-BR\",\"@id\":\"https:\/\/verdadeon.com.br\/portal\/#\/schema\/person\/image\/\",\"url\":\"https:\/\/secure.gravatar.com\/avatar\/df4c8e132080d2b3a4841d5d232045464e0eed11a1d6e43115ca0843d48768d3?s=96&d=mm&r=g\",\"contentUrl\":\"https:\/\/secure.gravatar.com\/avatar\/df4c8e132080d2b3a4841d5d232045464e0eed11a1d6e43115ca0843d48768d3?s=96&d=mm&r=g\",\"caption\":\"Fernando Lima\"},\"sameAs\":[\"http:\/\/verdadeon.com.br\/\"],\"url\":\"https:\/\/verdadeon.com.br\/portal\/author\/fernando-lima\/\"}]}<\/script>\n<!-- \/ Yoast SEO plugin. -->","yoast_head_json":{"title":"Estados e munic\u00edpios podem solicitar gratuidade no transporte p\u00fablico - VerdadeOn","robots":{"index":"index","follow":"follow","max-snippet":"max-snippet:-1","max-image-preview":"max-image-preview:large","max-video-preview":"max-video-preview:-1"},"canonical":"https:\/\/verdadeon.com.br\/portal\/2022\/09\/03\/estados-e-municipios-podem-solicitar-gratuidade-no-transporte-publico\/","og_locale":"pt_BR","og_type":"article","og_title":"Estados e munic\u00edpios podem solicitar gratuidade no transporte p\u00fablico - VerdadeOn","og_description":"Uni\u00e3o vai disponibilizar R$ 2,5 bilh\u00f5es para financiar benef\u00edcio, que \u00e9 concedido \u00e0 pessoas idosas Estados, munic\u00edpios e o Distrito Federal j\u00e1 podem submeter \u00e0 Uni\u00e3o [\u2026]","og_url":"https:\/\/verdadeon.com.br\/portal\/2022\/09\/03\/estados-e-municipios-podem-solicitar-gratuidade-no-transporte-publico\/","og_site_name":"VerdadeOn","article_published_time":"2022-09-03T19:00:56+00:00","og_image":[{"width":1000,"height":669,"url":"https:\/\/verdadeon.com.br\/portal\/wp-content\/uploads\/2022\/09\/Transporte-publico-e1662227051282.jpg","type":"image\/jpeg"}],"author":"Fernando Lima","twitter_card":"summary_large_image","twitter_misc":{"Escrito por":"Fernando Lima","Est. tempo de leitura":"4 minutos"},"schema":{"@context":"https:\/\/schema.org","@graph":[{"@type":"WebPage","@id":"https:\/\/verdadeon.com.br\/portal\/2022\/09\/03\/estados-e-municipios-podem-solicitar-gratuidade-no-transporte-publico\/","url":"https:\/\/verdadeon.com.br\/portal\/2022\/09\/03\/estados-e-municipios-podem-solicitar-gratuidade-no-transporte-publico\/","name":"Estados e munic\u00edpios podem solicitar gratuidade no transporte p\u00fablico - VerdadeOn","isPartOf":{"@id":"https:\/\/verdadeon.com.br\/portal\/#website"},"primaryImageOfPage":{"@id":"https:\/\/verdadeon.com.br\/portal\/2022\/09\/03\/estados-e-municipios-podem-solicitar-gratuidade-no-transporte-publico\/#primaryimage"},"image":{"@id":"https:\/\/verdadeon.com.br\/portal\/2022\/09\/03\/estados-e-municipios-podem-solicitar-gratuidade-no-transporte-publico\/#primaryimage"},"thumbnailUrl":"https:\/\/i0.wp.com\/verdadeon.com.br\/portal\/wp-content\/uploads\/2022\/09\/Transporte-publico-e1662227051282.jpg?fit=1000%2C669&ssl=1","datePublished":"2022-09-03T19:00:56+00:00","author":{"@id":"https:\/\/verdadeon.com.br\/portal\/#\/schema\/person\/cc32be22b8e8599387c480bc83e1d11a"},"breadcrumb":{"@id":"https:\/\/verdadeon.com.br\/portal\/2022\/09\/03\/estados-e-municipios-podem-solicitar-gratuidade-no-transporte-publico\/#breadcrumb"},"inLanguage":"pt-BR","potentialAction":[{"@type":"ReadAction","target":["https:\/\/verdadeon.com.br\/portal\/2022\/09\/03\/estados-e-municipios-podem-solicitar-gratuidade-no-transporte-publico\/"]}]},{"@type":"ImageObject","inLanguage":"pt-BR","@id":"https:\/\/verdadeon.com.br\/portal\/2022\/09\/03\/estados-e-municipios-podem-solicitar-gratuidade-no-transporte-publico\/#primaryimage","url":"https:\/\/i0.wp.com\/verdadeon.com.br\/portal\/wp-content\/uploads\/2022\/09\/Transporte-publico-e1662227051282.jpg?fit=1000%2C669&ssl=1","contentUrl":"https:\/\/i0.wp.com\/verdadeon.com.br\/portal\/wp-content\/uploads\/2022\/09\/Transporte-publico-e1662227051282.jpg?fit=1000%2C669&ssl=1","width":1000,"height":669,"caption":"Execu\u00e7\u00e3o dos recursos ser\u00e1 feita de forma descentralizada, por meio de transfer\u00eancias da Uni\u00e3o aos \u00f3rg\u00e3os vinculados a ela, \u00e0s cidades, aos estados e ao Distrito Federal | Foto: Ag\u00eancia Brasil"},{"@type":"BreadcrumbList","@id":"https:\/\/verdadeon.com.br\/portal\/2022\/09\/03\/estados-e-municipios-podem-solicitar-gratuidade-no-transporte-publico\/#breadcrumb","itemListElement":[{"@type":"ListItem","position":1,"name":"In\u00edcio","item":"https:\/\/verdadeon.com.br\/portal\/"},{"@type":"ListItem","position":2,"name":"Estados e munic\u00edpios podem solicitar gratuidade no transporte p\u00fablico"}]},{"@type":"WebSite","@id":"https:\/\/verdadeon.com.br\/portal\/#website","url":"https:\/\/verdadeon.com.br\/portal\/","name":"VerdadeOn","description":"Not\u00edcias di\u00e1rias sobre Franca, Regi\u00e3o, Esporte, Cultura, Cotidiano, Colunas. Cobertura nos principais eventos da cidade \u00e9 aqui - Verdadeon Franca","potentialAction":[{"@type":"SearchAction","target":{"@type":"EntryPoint","urlTemplate":"https:\/\/verdadeon.com.br\/portal\/?s={search_term_string}"},"query-input":{"@type":"PropertyValueSpecification","valueRequired":true,"valueName":"search_term_string"}}],"inLanguage":"pt-BR"},{"@type":"Person","@id":"https:\/\/verdadeon.com.br\/portal\/#\/schema\/person\/cc32be22b8e8599387c480bc83e1d11a","name":"Fernando Lima","image":{"@type":"ImageObject","inLanguage":"pt-BR","@id":"https:\/\/verdadeon.com.br\/portal\/#\/schema\/person\/image\/","url":"https:\/\/secure.gravatar.com\/avatar\/df4c8e132080d2b3a4841d5d232045464e0eed11a1d6e43115ca0843d48768d3?s=96&d=mm&r=g","contentUrl":"https:\/\/secure.gravatar.com\/avatar\/df4c8e132080d2b3a4841d5d232045464e0eed11a1d6e43115ca0843d48768d3?s=96&d=mm&r=g","caption":"Fernando Lima"},"sameAs":["http:\/\/verdadeon.com.br\/"],"url":"https:\/\/verdadeon.com.br\/portal\/author\/fernando-lima\/"}]}},"jetpack_publicize_connections":[],"jetpack_featured_media_url":"https:\/\/i0.wp.com\/verdadeon.com.br\/portal\/wp-content\/uploads\/2022\/09\/Transporte-publico-e1662227051282.jpg?fit=1000%2C669&ssl=1","jetpack_sharing_enabled":true,"_links":{"self":[{"href":"https:\/\/verdadeon.com.br\/portal\/wp-json\/wp\/v2\/posts\/27727","targetHints":{"allow":["GET"]}}],"collection":[{"href":"https:\/\/verdadeon.com.br\/portal\/wp-json\/wp\/v2\/posts"}],"about":[{"href":"https:\/\/verdadeon.com.br\/portal\/wp-json\/wp\/v2\/types\/post"}],"author":[{"embeddable":true,"href":"https:\/\/verdadeon.com.br\/portal\/wp-json\/wp\/v2\/users\/7"}],"replies":[{"embeddable":true,"href":"https:\/\/verdadeon.com.br\/portal\/wp-json\/wp\/v2\/comments?post=27727"}],"version-history":[{"count":1,"href":"https:\/\/verdadeon.com.br\/portal\/wp-json\/wp\/v2\/posts\/27727\/revisions"}],"predecessor-version":[{"id":27729,"href":"https:\/\/verdadeon.com.br\/portal\/wp-json\/wp\/v2\/posts\/27727\/revisions\/27729"}],"wp:featuredmedia":[{"embeddable":true,"href":"https:\/\/verdadeon.com.br\/portal\/wp-json\/wp\/v2\/media\/27728"}],"wp:attachment":[{"href":"https:\/\/verdadeon.com.br\/portal\/wp-json\/wp\/v2\/media?parent=27727"}],"wp:term":[{"taxonomy":"category","embeddable":true,"href":"https:\/\/verdadeon.com.br\/portal\/wp-json\/wp\/v2\/categories?post=27727"},{"taxonomy":"post_tag","embeddable":true,"href":"https:\/\/verdadeon.com.br\/portal\/wp-json\/wp\/v2\/tags?post=27727"}],"curies":[{"name":"wp","href":"https:\/\/api.w.org\/{rel}","templated":true}]}}