{"id":27715,"date":"2022-09-03T13:06:35","date_gmt":"2022-09-03T16:06:35","guid":{"rendered":"https:\/\/verdadeon.com.br\/portal\/?p=27715"},"modified":"2022-09-03T16:47:47","modified_gmt":"2022-09-03T19:47:47","slug":"o-hallel-e-uma-graca-de-deus-nos-nao-temos-nada-com-isso-e-ele-que-movimenta-instrui","status":"publish","type":"post","link":"https:\/\/verdadeon.com.br\/portal\/2022\/09\/03\/o-hallel-e-uma-graca-de-deus-nos-nao-temos-nada-com-isso-e-ele-que-movimenta-instrui\/","title":{"rendered":"\u2018O Hallel \u00e9 uma gra\u00e7a de Deus, n\u00f3s n\u00e3o temos nada com isso. \u00c9 Ele que movimenta, instrui\u2019"},"content":{"rendered":"<h2><span style=\"font-weight: 400;\">Tia Lolita \u00e9 fundadora do Hallel e se prepara para a 35\u00aa edi\u00e7\u00e3o do evento em Franca, de 9 a 11 de setembro<\/span><\/h2>\n<p>&nbsp;<\/p>\n<p>&nbsp;<\/p>\n<p>&nbsp;<\/p>\n<p><b>Nelise Luques<\/b><\/p>\n<p>&nbsp;<\/p>\n<p><span style=\"font-weight: 400;\">Poucos a conhecem pelo seu nome. A professora aposentada Maria Theodora Lemos Silveira, a tia Lolita, \u00e9 considerada a \u201cM\u00e3e do Hallel\u201d. Considerado o maior festival de m\u00fasica cat\u00f3lica da Am\u00e9rica Latina, o evento que re\u00fane padres, pregadores e bandas do Brasil todo e tamb\u00e9m do exterior \u00e9 genuinamente francano.<\/span><\/p>\n<p><span style=\"font-weight: 400;\">Enquanto rezava, Tia Lolita conta que teve uma visualiza\u00e7\u00e3o, muitos jovens formavam uma multid\u00e3o e cantavam e dan\u00e7avam. A inspira\u00e7\u00e3o se concretizou com a realiza\u00e7\u00e3o do primeiro Hallel em 1988.\u00a0<\/span><\/p>\n<p><span style=\"font-weight: 400;\">Hoje, no alto dos seus 88 anos, Tia Lolita aguarda ansiosa e alegre a 35\u00aa do Hallel, que acontece no Parque \u201cFernando Costa\u201d, de 9 a 11 de setembro, e espera milhares de pessoas.<\/span><\/p>\n<p><span style=\"font-weight: 400;\">Em entrevista ao Verdade, a \u201cM\u00e3e do Hallel\u201d, sempre com seu jeito gentil e voz suave, compartilhou suas experi\u00eancias de f\u00e9, a miss\u00e3o do Hallel e falou sobre os nomes do cen\u00e1rio cat\u00f3lico nacional que prometem abrilhantar mais essa edi\u00e7\u00e3o do encontro.<\/span><\/p>\n<p>&nbsp;<\/p>\n<p><b>Como a senhora v\u00ea o retorno do Hallel depois de dois anos suspensos por causa da pandemia?<\/b><\/p>\n<p><span style=\"font-weight: 400;\">Olha, todos n\u00f3s que pertencemos ao Hallel, a essa obra que \u00e9 de Deus para anunciar Jesus Cristo, n\u00f3s sentimos muito, n\u00e3o s\u00f3 a equipe do Hallel, mas as pessoas que vinham, que gra\u00e7as a Deus \u00e9 uma multid\u00e3o que vem, ent\u00e3o n\u00f3s sofremos com a pandemia. Fizemos Hallel online, mas n\u00e3o \u00e9 a mesma coisa, mas esse ano vai ser presencial e n\u00f3s estamos muito animados porque os pr\u00f3prios pregadores est\u00e3o querendo vir, vem sacerdotes, bandas, pregadores muito conhecidos, n\u00f3s estamos na maior alegria, est\u00e1 todo mundo trabalhando com alegria mesmo.<\/span><\/p>\n<p>&nbsp;<\/p>\n<p><b>Quais s\u00e3o os destaques da programa\u00e7\u00e3o desta edi\u00e7\u00e3o do Hallel?<\/b><b><br \/>\n<\/b><span style=\"font-weight: 400;\">Eu acho que uma das pessoas mais conhecidas, como sacerdote, \u00e9 o Padre Marcelo Rossi, o padre Adriano Zandon\u00e1, o frei Mauro, que \u00e9 muito querido por n\u00f3s aqui em Franca. N\u00f3s temos 22 sacerdotes participando. Agora eu vou falar de leigos, o Martin Valverde, que todo mundo gosta muito, a Camila Marques, a Ivoninha e quase umas 50 bandas, como a Colo de Deus.<\/span><\/p>\n<p><span style=\"font-weight: 400;\"><br \/>\n<\/span><b>Como a senhora disse, o Hallel atrai multid\u00f5es. Qual \u00e9 o p\u00fablico esperado?\u00a0<\/b><\/p>\n<p><span style=\"font-weight: 400;\">Olha, a gente sempre espera muito na f\u00e9, todo Hallel \u00e9 feito na f\u00e9, ent\u00e3o n\u00f3s estamos assim, muito animados, esperando que o pessoal volte e que aproveite aquilo que o Senhor tem reservado para n\u00f3s. O tema \u00e9 \u201cSomos todos irm\u00e3os\u201d. \u00c9 um tema que o nosso querido papa Francisco tem trabalhado muito. Ele pede uma fraternidade universal, nem \u00e9 s\u00f3 para os cat\u00f3licos, ent\u00e3o, o Hallel est\u00e1 dando a resposta atrav\u00e9s do evento. \u201cSomos todos irm\u00e3os\u201d \u00e9 um nome muito forte em que a gente, n\u00e3o s\u00f3 pela necessidade que o papa est\u00e1 falando, mas Jesus falou, \u00e9 Jesus que nos ensinou a ter o mesmo pai, pai nosso, a mesma m\u00e3e, nossa m\u00e3e. E ele mesmo fala \u2018vai avisar meus irm\u00e3os\u2019, umas tr\u00eas vezes ele fala isso no Evangelho. E no Evangelho, segundo Marcos, cap\u00edtulo 3, ele fala assim, porque vieram cham\u00e1-lo porque a m\u00e3e dele estava l\u00e1 fora esperando e falou quem \u00e9 minha m\u00e3e e meus irm\u00e3os? A\u00ed ele correu o olhar e falou: todos aqueles que fazem a vontade de Deus s\u00e3o meus irm\u00e3os, minhas irm\u00e3s, minha m\u00e3e. Ent\u00e3o n\u00f3s temos um parentesco muito forte com Jesus tamb\u00e9m. Isso \u00e9 uma grande honra.<\/span><\/p>\n<p>&nbsp;<\/p>\n<p><b>Na opini\u00e3o da senhora, qual \u00e9 a import\u00e2ncia do Hallel para Franca?<\/b><\/p>\n<p><span style=\"font-weight: 400;\">Socialmente e economicamente, eu acho que \u00e9 bom porque os hot\u00e9is ficam lotados, as lojas, os restaurantes, movimenta a cidade muito e isso \u00e9 uma coisa boa para Franca, leva o nome da cidade para fora tamb\u00e9m. Mas, espiritualmente, as pessoas t\u00eam um reencontro, um recome\u00e7o de vida, quando a gente encontra com Jesus, a nossa vida muda. E cada novo encontro, \u00e9 uma nova renova\u00e7\u00e3o para a gente seguir aquilo que Jesus est\u00e1 nos pedindo, que \u00e9 uma vida de paz, de alegria e de amor, sem m\u00e1goa, sem \u00f3dio, sem brigas, mas com reconcilia\u00e7\u00e3o e em paz.<\/span><\/p>\n<p><img data-recalc-dims=\"1\" loading=\"lazy\" decoding=\"async\" class=\"alignnone wp-image-27717 size-large\" src=\"https:\/\/i0.wp.com\/verdadeon.com.br\/portal\/wp-content\/uploads\/2022\/09\/tia-Lolita-1.jpeg?resize=1024%2C498&#038;ssl=1\" alt=\"\" width=\"1024\" height=\"498\" srcset=\"https:\/\/i0.wp.com\/verdadeon.com.br\/portal\/wp-content\/uploads\/2022\/09\/tia-Lolita-1.jpeg?resize=1024%2C498&amp;ssl=1 1024w, https:\/\/i0.wp.com\/verdadeon.com.br\/portal\/wp-content\/uploads\/2022\/09\/tia-Lolita-1.jpeg?resize=300%2C146&amp;ssl=1 300w, https:\/\/i0.wp.com\/verdadeon.com.br\/portal\/wp-content\/uploads\/2022\/09\/tia-Lolita-1.jpeg?resize=768%2C373&amp;ssl=1 768w, https:\/\/i0.wp.com\/verdadeon.com.br\/portal\/wp-content\/uploads\/2022\/09\/tia-Lolita-1.jpeg?resize=260%2C126&amp;ssl=1 260w, https:\/\/i0.wp.com\/verdadeon.com.br\/portal\/wp-content\/uploads\/2022\/09\/tia-Lolita-1.jpeg?resize=50%2C24&amp;ssl=1 50w, https:\/\/i0.wp.com\/verdadeon.com.br\/portal\/wp-content\/uploads\/2022\/09\/tia-Lolita-1.jpeg?resize=150%2C73&amp;ssl=1 150w, https:\/\/i0.wp.com\/verdadeon.com.br\/portal\/wp-content\/uploads\/2022\/09\/tia-Lolita-1.jpeg?w=1280&amp;ssl=1 1280w\" sizes=\"auto, (max-width: 1024px) 100vw, 1024px\" \/><\/p>\n<p><span style=\"font-weight: 400;\"><br \/>\n<\/span><b>Tia Lolita, s\u00e3o 35 anos de Hallel. Que hist\u00f3rias marcantes a senhora pode destacar?<\/b><\/p>\n<p><span style=\"font-weight: 400;\">A cada ano h\u00e1 uma beleza diferente, h\u00e1 um tema que atrai, Jesus se manifesta em todos os lugares, em todas as pessoas, porque n\u00e3o \u00e9 s\u00f3 a prega\u00e7\u00e3o. H\u00e1 um santo que fala assim, a gente evangeliza e, se precisar, fala. De verdade, a evangeliza\u00e7\u00e3o n\u00e3o precisa falar, \u00e9 o testemunho de acolher, de tratar bem, de sorrir, falar coisas mansas, este \u00e9 o mais importante, \u00e9 o que evangeliza mais.<\/span><\/p>\n<p>&nbsp;<\/p>\n<p><b>Como nasceu o Hallel?<\/b><b><br \/>\n<\/b><span style=\"font-weight: 400;\">A Renova\u00e7\u00e3o Carism\u00e1tica estava fazendo dez anos na Diocese de Franca e eu estava reunida em uma sala com uma jovem e um jovem, da m\u00fasica, e n\u00f3s \u00edamos rezar e eu vi o que que o Senhor queria de celebra\u00e7\u00e3o. E n\u00f3s rezamos, cantamos e eu tive uma visualiza\u00e7\u00e3o. Eu vi uma multid\u00e3o de jovens curtindo m\u00fasica e eu partilhei com eles e eles gostaram da ideia porque os dois eram m\u00fasicos. E eu abri a palavra de Deus, porque eu n\u00e3o fa\u00e7o nada sem ouvir a palavra de Deus, se Ele aprova ou n\u00e3o aprova. E caiu em Marcos, 16:15, que diz assim: Ide por todo mundo e pregai o Evangelho a toda a criatura. N\u00f3s entendemos: \u00e9 para falar de Jesus Cristo, Hallel tem que falar de Jesus Cristo, a toda a criatura e por todo o mundo. Hoje, n\u00f3s j\u00e1 estamos em dez pa\u00edses e aqui no Brasil tem muito mais de 20 cidades que realizam Hallel. Este ano eu estou fazendo uma retomada, estimulando outras cidades a voltarem a realizar o Hallel, porque nos dois anos da pandemia ficou todo mundo parado. E h\u00e1 outras cidades que ainda n\u00e3o fazem e que v\u00e3o fazer.<\/span><\/p>\n<p><span style=\"font-weight: 400;\"><br \/>\n<\/span><b>E depois dessa inspira\u00e7\u00e3o que a senhora teve, at\u00e9 nascer o primeiro Hallel, levou muito tempo de espera?<\/b><b><br \/>\n<\/b><span style=\"font-weight: 400;\">N\u00e3o, foi tudo r\u00e1pido. N\u00f3s fizemos essa reuni\u00e3o no dia 16 de janeiro de 1988, n\u00f3s fizemos o primeiro Hallel em julho. Eu falei com a minha fam\u00edlia, todo mundo aprovou, falei com o bispo, era o dom Di\u00f3genes, ele aprovou, conversei com a equipe da Renova\u00e7\u00e3o, ent\u00e3o todo mundo aprovou e n\u00f3s fizemos um evento que n\u00e3o tinha modelo para ser um ano s\u00f3, mas foi t\u00e3o bom que estamos fazendo o 35\u00ba.<\/span><\/p>\n<p>&nbsp;<\/p>\n<p><b>E como a senhora avalia o Hallel aos 35 anos?<\/b><span style=\"font-weight: 400;\"><br \/>\n<\/span><span style=\"font-weight: 400;\">Ent\u00e3o, esses dias eu ainda comentei que eu louvo e bendigo a Deus, porque se eu n\u00e3o for ao evento Hallel, eu n\u00e3o fa\u00e7o falta nenhuma, porque tem servos para todas as fun\u00e7\u00f5es, em todo lugar tem gente dispon\u00edvel, servo dispon\u00edvel, para fazer a vontade do Senhor. Ent\u00e3o, essa \u00e9 a minha grande alegria.<\/span><\/p>\n<p>&nbsp;<\/p>\n<p><b>S\u00e3o quantas pessoas mais ou menos envolvidas na organiza\u00e7\u00e3o e na realiza\u00e7\u00e3o do Hallel?<\/b><span style=\"font-weight: 400;\"><br \/>\n<\/span><span style=\"font-weight: 400;\">Antes da pandemia, n\u00f3s \u00e9ramos 5.311 pessoas trabalhando, agora eu n\u00e3o sei. Todas as barracas t\u00eam equipe do Hallel, em todos os m\u00f3dulos, tem equipe do Hallel, no palco, com a organiza\u00e7\u00e3o das bandas, tem equipe do Hallel, porque \u00e9 muita gente. Para voc\u00ea ter uma no\u00e7\u00e3o, quando o Hallel fez 25 anos ou 30, n\u00f3s tivemos 111 bandas. O Hallel \u00e9 uma gra\u00e7a de Deus, n\u00f3s n\u00e3o temos nada com isso. \u00c9 Ele que movimenta, \u00e9 Ele que instrui, \u00e9 Jesus.<\/span><\/p>\n<p><span style=\"font-weight: 400;\"><br \/>\n<\/span><b>E quais s\u00e3o os planos do Hallel?<\/b><\/p>\n<p><span style=\"font-weight: 400;\">Todo ano a gente faz um curso de capacita\u00e7\u00e3o para as cidades que querem fazer Hallel e junto a gente faz de avalia\u00e7\u00e3o com as cidades que j\u00e1 fazem Hallel, porque a partilha \u00e9 muito importante. O Hallel de Franca n\u00e3o sabe de tudo, n\u00f3s aprendemos com os outros e a gente ensina, sabe? \u00c9 uma troca de viv\u00eancia e eu acho isso muito importante.<\/span><\/p>\n<p>&nbsp;<\/p>\n<p><b>E o que a senhora deseja \u00e9 expandir mais e chegar ao m\u00e1ximo de cidades e pa\u00edses poss\u00edveis?<\/b><b><br \/>\n<\/b><span style=\"font-weight: 400;\">Para onde Jesus mandar, n\u00f3s estaremos.<\/span><\/p>\n<p>&nbsp;<\/p>\n<p><b>O Hallel \u00e9 muito mais que o festival de m\u00fasica durante tr\u00eas dias, quais s\u00e3o os outros trabalhos do Hallel Escola com o trabalho de evangeliza\u00e7\u00e3o?<\/b><\/p>\n<p><span style=\"font-weight: 400;\">Olha, quando a gente fala de Hallel, principalmente bispo e padre costumam falar assim \u2018t\u00e1 bom, fica l\u00e1 3 dias, festeja, dan\u00e7a, canta, e depois?\u2019. E eu falo que n\u00f3s temos um depois. No Hallel Escola, n\u00f3s temos hoje o curso de Anjinhos do Senhor, um acampamento para crian\u00e7as de 3, 4 e 5 anos; Acampamento Querubim, para crian\u00e7as de 6, 7 e 8 anos; o Serafim, para 9, 10 e 11; o Davi, para 12, 13 e 14; o Hacor\u00e9 e o Cana\u00e3, para 14, 15, 16 e 17 anos. O Maanaim \u00e9 a partir de 18 anos, n\u00f3s temos o Gipi, Giane e Pietro, que \u00e9 para namorados e noivos; n\u00f3s temos curso Tenda, que \u00e9 para casais; curso para vocacionados e seminaristas. N\u00f3s temos o Acorde, para m\u00fasicos, temos o curso Ternura, para as mulheres gr\u00e1vidas; n\u00f3s temos o curso Emanuel, que \u00e9 para mulheres que querem engravidar, e, gra\u00e7as a Deus, todo acampamento que a gente faz, aparece mulher gr\u00e1vida depois, o Senhor ouve. N\u00f3s temos tr\u00eas cursos prontos, que era para ter feito h\u00e1 dois anos, esses n\u00f3s ainda n\u00e3o fizemos, mas vamos fazer logo. \u00c9 o Santa Rita, que \u00e9 para pais e m\u00e3es que perderam filhos; e o acampamento para vi\u00favos e vi\u00favas. Tem tamb\u00e9m o Fij, Forma\u00e7\u00e3o Integral do Jovem, que \u00e9 para jovens. Temos o curso Padre Pio, que \u00e9 de intercess\u00e3o, porque a nossa miss\u00e3o \u00e9 muito de interceder, Jesus fala rezai, rezai, e n\u00f3s procuramos rezar muito mesmo. Ana e Joaquim s\u00e3o os pais de Maria e av\u00f3s de Jesus e n\u00f3s temos um curso chamado Ana e Joaquim para pessoas com mais de 60 anos. Temos que atender a todos. Quem quiser participar, \u00e9 s\u00f3 procurar o Hallel Escola.<\/span><\/p>\n<p>&nbsp;<\/p>\n<p><b>E, tia Lolita, como nasce a sua rela\u00e7\u00e3o com o Catolicismo?\u00a0<\/b><\/p>\n<p><span style=\"font-weight: 400;\">Tudo vem pela f\u00e9, eu acredito Nele, Ele faz tudo o que Ele fala. A minha B\u00edblia \u00e9 cheia de datas e de gra\u00e7as. Eu li, acreditei e aconteceu, e tem at\u00e9 milagres.<\/span><\/p>\n<p>&nbsp;<\/p>\n<p><b>A senhora pode compartilhar alguma hist\u00f3ria com a gente?<\/b><b><br \/>\n<\/b><span style=\"font-weight: 400;\">Posso! A minha filha mais velha, que hoje \u00e9 m\u00e9dica, com 12 anos, ela teve l\u00fapus eritematoso disseminado e os m\u00e9dicos falaram que ela n\u00e3o tinha recurso, que estava para morrer. N\u00f3s ficamos dez dias l\u00e1 no hospital esperando ela morrer. Mas eu abri a palavra de Deus e caiu em Hebreus, na passagem que fala da f\u00e9 de Abra\u00e3o. Ele foi submetido \u00e0 f\u00e9, ofereceu o seu \u00fanico filho para sacrif\u00edcio e ele foi restitu\u00eddo, isso \u00e9 um milagre. Eu acreditei na minha filha. Pedi para o meu marido trazer o padre, ele deu a un\u00e7\u00e3o e ela levantou. Fez 65 anos agora. Eu fui a um encontro em Bras\u00edlia e dei esse testemunho. E deixa eu te falar uma coisa, na palavra de Deus, fala assim: e pela f\u00e9 o filho foi restitu\u00eddo e a sua posteridade. Essa minha filha j\u00e1 era casada h\u00e1 quase tr\u00eas anos e n\u00e3o conseguia engravidar. A\u00ed eu entendi, posteridade \u00e9 filho. Eu telefonei para ela, era dia 10 de janeiro, umas dez horas da noite, de Bras\u00edlia eu telefonei para Ribeir\u00e3o, que ela mora l\u00e1, falei: Marina, voc\u00ea vai ser m\u00e3e este ano. Ela come\u00e7ou a chorar e eu tamb\u00e9m. Dia 28 de outubro, o Mateus nasceu. Deus faz tudo o que Ele fala e eu tenho f\u00e9.<\/span><\/p>\n<p><span style=\"font-weight: 400;\">\u00a0<\/span><\/p>\n<div id=\"attachment_26576\" style=\"width: 1034px\" class=\"wp-caption alignnone\"><img data-recalc-dims=\"1\" loading=\"lazy\" decoding=\"async\" aria-describedby=\"caption-attachment-26576\" class=\"wp-image-26576 size-large\" src=\"https:\/\/i0.wp.com\/verdadeon.com.br\/portal\/wp-content\/uploads\/2022\/07\/HALLEL-EM-FRANCA-2.jpeg?resize=1024%2C682&#038;ssl=1\" alt=\"\" width=\"1024\" height=\"682\" \/><p id=\"caption-attachment-26576\" class=\"wp-caption-text\">Tia Lolita, fundadora do Hallel, ao lado do Padre Marcelo Rossi, que retorna a Franca para participar do 35\u00aa edi\u00e7\u00e3o deste ano, em setembro | Foto: Igor do Valle<\/p><\/div>\n<p><span style=\"font-weight: 400;\">\u00a0<\/span><\/p>\n","protected":false},"excerpt":{"rendered":"<p>Tia Lolita \u00e9 fundadora do Hallel e se prepara para a 35\u00aa edi\u00e7\u00e3o do evento em Franca, de 9 a 11 de setembro &nbsp; &nbsp; &nbsp;<span class=\"excerpt-hellip\"> [\u2026]<\/span><\/p>\n","protected":false},"author":12,"featured_media":27731,"comment_status":"open","ping_status":"open","sticky":false,"template":"","format":"standard","meta":{"_jetpack_memberships_contains_paid_content":false,"footnotes":"","jetpack_publicize_message":"","jetpack_publicize_feature_enabled":true,"jetpack_social_post_already_shared":false,"jetpack_social_options":{"image_generator_settings":{"template":"highway","default_image_id":0,"enabled":false},"version":2}},"categories":[28,81],"tags":[],"class_list":["post-27715","post","type-post","status-publish","format-standard","has-post-thumbnail","hentry","category-cotidiano","category-manchete"],"yoast_head":"<!-- This site is optimized with the Yoast SEO plugin v25.6 - https:\/\/yoast.com\/wordpress\/plugins\/seo\/ -->\n<title>\u2018O Hallel \u00e9 uma gra\u00e7a de Deus, n\u00f3s n\u00e3o temos nada com isso. \u00c9 Ele que movimenta, instrui\u2019 - VerdadeOn<\/title>\n<meta name=\"robots\" content=\"index, follow, max-snippet:-1, max-image-preview:large, max-video-preview:-1\" \/>\n<link rel=\"canonical\" href=\"https:\/\/verdadeon.com.br\/portal\/2022\/09\/03\/o-hallel-e-uma-graca-de-deus-nos-nao-temos-nada-com-isso-e-ele-que-movimenta-instrui\/\" \/>\n<meta property=\"og:locale\" content=\"pt_BR\" \/>\n<meta property=\"og:type\" content=\"article\" \/>\n<meta property=\"og:title\" content=\"\u2018O Hallel \u00e9 uma gra\u00e7a de Deus, n\u00f3s n\u00e3o temos nada com isso. \u00c9 Ele que movimenta, instrui\u2019 - VerdadeOn\" \/>\n<meta property=\"og:description\" content=\"Tia Lolita \u00e9 fundadora do Hallel e se prepara para a 35\u00aa edi\u00e7\u00e3o do evento em Franca, de 9 a 11 de setembro &nbsp; &nbsp; &nbsp; [\u2026]\" \/>\n<meta property=\"og:url\" content=\"https:\/\/verdadeon.com.br\/portal\/2022\/09\/03\/o-hallel-e-uma-graca-de-deus-nos-nao-temos-nada-com-isso-e-ele-que-movimenta-instrui\/\" \/>\n<meta property=\"og:site_name\" content=\"VerdadeOn\" \/>\n<meta property=\"article:published_time\" content=\"2022-09-03T16:06:35+00:00\" \/>\n<meta property=\"article:modified_time\" content=\"2022-09-03T19:47:47+00:00\" \/>\n<meta property=\"og:image\" content=\"https:\/\/verdadeon.com.br\/portal\/wp-content\/uploads\/2022\/09\/WhatsApp-Image-2022-09-03-at-13.29.35-1.jpeg\" \/>\n\t<meta property=\"og:image:width\" content=\"1000\" \/>\n\t<meta property=\"og:image:height\" content=\"670\" \/>\n\t<meta property=\"og:image:type\" content=\"image\/jpeg\" \/>\n<meta name=\"author\" content=\"Nelise Luques\" \/>\n<meta name=\"twitter:card\" content=\"summary_large_image\" \/>\n<meta name=\"twitter:label1\" content=\"Escrito por\" \/>\n\t<meta name=\"twitter:data1\" content=\"Nelise Luques\" \/>\n\t<meta name=\"twitter:label2\" content=\"Est. tempo de leitura\" \/>\n\t<meta name=\"twitter:data2\" content=\"12 minutos\" \/>\n<script type=\"application\/ld+json\" class=\"yoast-schema-graph\">{\"@context\":\"https:\/\/schema.org\",\"@graph\":[{\"@type\":\"WebPage\",\"@id\":\"https:\/\/verdadeon.com.br\/portal\/2022\/09\/03\/o-hallel-e-uma-graca-de-deus-nos-nao-temos-nada-com-isso-e-ele-que-movimenta-instrui\/\",\"url\":\"https:\/\/verdadeon.com.br\/portal\/2022\/09\/03\/o-hallel-e-uma-graca-de-deus-nos-nao-temos-nada-com-isso-e-ele-que-movimenta-instrui\/\",\"name\":\"\u2018O Hallel \u00e9 uma gra\u00e7a de Deus, n\u00f3s n\u00e3o temos nada com isso. \u00c9 Ele que movimenta, instrui\u2019 - VerdadeOn\",\"isPartOf\":{\"@id\":\"https:\/\/verdadeon.com.br\/portal\/#website\"},\"primaryImageOfPage\":{\"@id\":\"https:\/\/verdadeon.com.br\/portal\/2022\/09\/03\/o-hallel-e-uma-graca-de-deus-nos-nao-temos-nada-com-isso-e-ele-que-movimenta-instrui\/#primaryimage\"},\"image\":{\"@id\":\"https:\/\/verdadeon.com.br\/portal\/2022\/09\/03\/o-hallel-e-uma-graca-de-deus-nos-nao-temos-nada-com-isso-e-ele-que-movimenta-instrui\/#primaryimage\"},\"thumbnailUrl\":\"https:\/\/i0.wp.com\/verdadeon.com.br\/portal\/wp-content\/uploads\/2022\/09\/WhatsApp-Image-2022-09-03-at-13.29.35-1.jpeg?fit=1000%2C670&ssl=1\",\"datePublished\":\"2022-09-03T16:06:35+00:00\",\"dateModified\":\"2022-09-03T19:47:47+00:00\",\"author\":{\"@id\":\"https:\/\/verdadeon.com.br\/portal\/#\/schema\/person\/8248726d36015c1916636fabb175d972\"},\"breadcrumb\":{\"@id\":\"https:\/\/verdadeon.com.br\/portal\/2022\/09\/03\/o-hallel-e-uma-graca-de-deus-nos-nao-temos-nada-com-isso-e-ele-que-movimenta-instrui\/#breadcrumb\"},\"inLanguage\":\"pt-BR\",\"potentialAction\":[{\"@type\":\"ReadAction\",\"target\":[\"https:\/\/verdadeon.com.br\/portal\/2022\/09\/03\/o-hallel-e-uma-graca-de-deus-nos-nao-temos-nada-com-isso-e-ele-que-movimenta-instrui\/\"]}]},{\"@type\":\"ImageObject\",\"inLanguage\":\"pt-BR\",\"@id\":\"https:\/\/verdadeon.com.br\/portal\/2022\/09\/03\/o-hallel-e-uma-graca-de-deus-nos-nao-temos-nada-com-isso-e-ele-que-movimenta-instrui\/#primaryimage\",\"url\":\"https:\/\/i0.wp.com\/verdadeon.com.br\/portal\/wp-content\/uploads\/2022\/09\/WhatsApp-Image-2022-09-03-at-13.29.35-1.jpeg?fit=1000%2C670&ssl=1\",\"contentUrl\":\"https:\/\/i0.wp.com\/verdadeon.com.br\/portal\/wp-content\/uploads\/2022\/09\/WhatsApp-Image-2022-09-03-at-13.29.35-1.jpeg?fit=1000%2C670&ssl=1\",\"width\":1000,\"height\":670,\"caption\":\"Maria Theodora Lemos Silveira, a tia Lolita, \u00e9 considerada a \\\"M\u00e3e do Hallel\\\", festival de m\u00fasica cat\u00f3lica nascido em Franca | Foto: Jornal Verdade\"},{\"@type\":\"BreadcrumbList\",\"@id\":\"https:\/\/verdadeon.com.br\/portal\/2022\/09\/03\/o-hallel-e-uma-graca-de-deus-nos-nao-temos-nada-com-isso-e-ele-que-movimenta-instrui\/#breadcrumb\",\"itemListElement\":[{\"@type\":\"ListItem\",\"position\":1,\"name\":\"In\u00edcio\",\"item\":\"https:\/\/verdadeon.com.br\/portal\/\"},{\"@type\":\"ListItem\",\"position\":2,\"name\":\"\u2018O Hallel \u00e9 uma gra\u00e7a de Deus, n\u00f3s n\u00e3o temos nada com isso. \u00c9 Ele que movimenta, instrui\u2019\"}]},{\"@type\":\"WebSite\",\"@id\":\"https:\/\/verdadeon.com.br\/portal\/#website\",\"url\":\"https:\/\/verdadeon.com.br\/portal\/\",\"name\":\"VerdadeOn\",\"description\":\"Not\u00edcias di\u00e1rias sobre Franca, Regi\u00e3o, Esporte, Cultura, Cotidiano, Colunas. Cobertura nos principais eventos da cidade \u00e9 aqui - Verdadeon Franca\",\"potentialAction\":[{\"@type\":\"SearchAction\",\"target\":{\"@type\":\"EntryPoint\",\"urlTemplate\":\"https:\/\/verdadeon.com.br\/portal\/?s={search_term_string}\"},\"query-input\":{\"@type\":\"PropertyValueSpecification\",\"valueRequired\":true,\"valueName\":\"search_term_string\"}}],\"inLanguage\":\"pt-BR\"},{\"@type\":\"Person\",\"@id\":\"https:\/\/verdadeon.com.br\/portal\/#\/schema\/person\/8248726d36015c1916636fabb175d972\",\"name\":\"Nelise Luques\",\"image\":{\"@type\":\"ImageObject\",\"inLanguage\":\"pt-BR\",\"@id\":\"https:\/\/verdadeon.com.br\/portal\/#\/schema\/person\/image\/\",\"url\":\"https:\/\/secure.gravatar.com\/avatar\/29b2a17f5bcadeb827411b66f48ac13c3e0ecaf5906c0f5745ecc5d41c24eada?s=96&d=mm&r=g\",\"contentUrl\":\"https:\/\/secure.gravatar.com\/avatar\/29b2a17f5bcadeb827411b66f48ac13c3e0ecaf5906c0f5745ecc5d41c24eada?s=96&d=mm&r=g\",\"caption\":\"Nelise Luques\"},\"url\":\"https:\/\/verdadeon.com.br\/portal\/author\/verdade\/\"}]}<\/script>\n<!-- \/ Yoast SEO plugin. -->","yoast_head_json":{"title":"\u2018O Hallel \u00e9 uma gra\u00e7a de Deus, n\u00f3s n\u00e3o temos nada com isso. \u00c9 Ele que movimenta, instrui\u2019 - VerdadeOn","robots":{"index":"index","follow":"follow","max-snippet":"max-snippet:-1","max-image-preview":"max-image-preview:large","max-video-preview":"max-video-preview:-1"},"canonical":"https:\/\/verdadeon.com.br\/portal\/2022\/09\/03\/o-hallel-e-uma-graca-de-deus-nos-nao-temos-nada-com-isso-e-ele-que-movimenta-instrui\/","og_locale":"pt_BR","og_type":"article","og_title":"\u2018O Hallel \u00e9 uma gra\u00e7a de Deus, n\u00f3s n\u00e3o temos nada com isso. \u00c9 Ele que movimenta, instrui\u2019 - VerdadeOn","og_description":"Tia Lolita \u00e9 fundadora do Hallel e se prepara para a 35\u00aa edi\u00e7\u00e3o do evento em Franca, de 9 a 11 de setembro &nbsp; &nbsp; &nbsp; [\u2026]","og_url":"https:\/\/verdadeon.com.br\/portal\/2022\/09\/03\/o-hallel-e-uma-graca-de-deus-nos-nao-temos-nada-com-isso-e-ele-que-movimenta-instrui\/","og_site_name":"VerdadeOn","article_published_time":"2022-09-03T16:06:35+00:00","article_modified_time":"2022-09-03T19:47:47+00:00","og_image":[{"width":1000,"height":670,"url":"https:\/\/verdadeon.com.br\/portal\/wp-content\/uploads\/2022\/09\/WhatsApp-Image-2022-09-03-at-13.29.35-1.jpeg","type":"image\/jpeg"}],"author":"Nelise Luques","twitter_card":"summary_large_image","twitter_misc":{"Escrito por":"Nelise Luques","Est. tempo de leitura":"12 minutos"},"schema":{"@context":"https:\/\/schema.org","@graph":[{"@type":"WebPage","@id":"https:\/\/verdadeon.com.br\/portal\/2022\/09\/03\/o-hallel-e-uma-graca-de-deus-nos-nao-temos-nada-com-isso-e-ele-que-movimenta-instrui\/","url":"https:\/\/verdadeon.com.br\/portal\/2022\/09\/03\/o-hallel-e-uma-graca-de-deus-nos-nao-temos-nada-com-isso-e-ele-que-movimenta-instrui\/","name":"\u2018O Hallel \u00e9 uma gra\u00e7a de Deus, n\u00f3s n\u00e3o temos nada com isso. \u00c9 Ele que movimenta, instrui\u2019 - VerdadeOn","isPartOf":{"@id":"https:\/\/verdadeon.com.br\/portal\/#website"},"primaryImageOfPage":{"@id":"https:\/\/verdadeon.com.br\/portal\/2022\/09\/03\/o-hallel-e-uma-graca-de-deus-nos-nao-temos-nada-com-isso-e-ele-que-movimenta-instrui\/#primaryimage"},"image":{"@id":"https:\/\/verdadeon.com.br\/portal\/2022\/09\/03\/o-hallel-e-uma-graca-de-deus-nos-nao-temos-nada-com-isso-e-ele-que-movimenta-instrui\/#primaryimage"},"thumbnailUrl":"https:\/\/i0.wp.com\/verdadeon.com.br\/portal\/wp-content\/uploads\/2022\/09\/WhatsApp-Image-2022-09-03-at-13.29.35-1.jpeg?fit=1000%2C670&ssl=1","datePublished":"2022-09-03T16:06:35+00:00","dateModified":"2022-09-03T19:47:47+00:00","author":{"@id":"https:\/\/verdadeon.com.br\/portal\/#\/schema\/person\/8248726d36015c1916636fabb175d972"},"breadcrumb":{"@id":"https:\/\/verdadeon.com.br\/portal\/2022\/09\/03\/o-hallel-e-uma-graca-de-deus-nos-nao-temos-nada-com-isso-e-ele-que-movimenta-instrui\/#breadcrumb"},"inLanguage":"pt-BR","potentialAction":[{"@type":"ReadAction","target":["https:\/\/verdadeon.com.br\/portal\/2022\/09\/03\/o-hallel-e-uma-graca-de-deus-nos-nao-temos-nada-com-isso-e-ele-que-movimenta-instrui\/"]}]},{"@type":"ImageObject","inLanguage":"pt-BR","@id":"https:\/\/verdadeon.com.br\/portal\/2022\/09\/03\/o-hallel-e-uma-graca-de-deus-nos-nao-temos-nada-com-isso-e-ele-que-movimenta-instrui\/#primaryimage","url":"https:\/\/i0.wp.com\/verdadeon.com.br\/portal\/wp-content\/uploads\/2022\/09\/WhatsApp-Image-2022-09-03-at-13.29.35-1.jpeg?fit=1000%2C670&ssl=1","contentUrl":"https:\/\/i0.wp.com\/verdadeon.com.br\/portal\/wp-content\/uploads\/2022\/09\/WhatsApp-Image-2022-09-03-at-13.29.35-1.jpeg?fit=1000%2C670&ssl=1","width":1000,"height":670,"caption":"Maria Theodora Lemos Silveira, a tia Lolita, \u00e9 considerada a \"M\u00e3e do Hallel\", festival de m\u00fasica cat\u00f3lica nascido em Franca | Foto: Jornal Verdade"},{"@type":"BreadcrumbList","@id":"https:\/\/verdadeon.com.br\/portal\/2022\/09\/03\/o-hallel-e-uma-graca-de-deus-nos-nao-temos-nada-com-isso-e-ele-que-movimenta-instrui\/#breadcrumb","itemListElement":[{"@type":"ListItem","position":1,"name":"In\u00edcio","item":"https:\/\/verdadeon.com.br\/portal\/"},{"@type":"ListItem","position":2,"name":"\u2018O Hallel \u00e9 uma gra\u00e7a de Deus, n\u00f3s n\u00e3o temos nada com isso. \u00c9 Ele que movimenta, instrui\u2019"}]},{"@type":"WebSite","@id":"https:\/\/verdadeon.com.br\/portal\/#website","url":"https:\/\/verdadeon.com.br\/portal\/","name":"VerdadeOn","description":"Not\u00edcias di\u00e1rias sobre Franca, Regi\u00e3o, Esporte, Cultura, Cotidiano, Colunas. Cobertura nos principais eventos da cidade \u00e9 aqui - Verdadeon Franca","potentialAction":[{"@type":"SearchAction","target":{"@type":"EntryPoint","urlTemplate":"https:\/\/verdadeon.com.br\/portal\/?s={search_term_string}"},"query-input":{"@type":"PropertyValueSpecification","valueRequired":true,"valueName":"search_term_string"}}],"inLanguage":"pt-BR"},{"@type":"Person","@id":"https:\/\/verdadeon.com.br\/portal\/#\/schema\/person\/8248726d36015c1916636fabb175d972","name":"Nelise Luques","image":{"@type":"ImageObject","inLanguage":"pt-BR","@id":"https:\/\/verdadeon.com.br\/portal\/#\/schema\/person\/image\/","url":"https:\/\/secure.gravatar.com\/avatar\/29b2a17f5bcadeb827411b66f48ac13c3e0ecaf5906c0f5745ecc5d41c24eada?s=96&d=mm&r=g","contentUrl":"https:\/\/secure.gravatar.com\/avatar\/29b2a17f5bcadeb827411b66f48ac13c3e0ecaf5906c0f5745ecc5d41c24eada?s=96&d=mm&r=g","caption":"Nelise Luques"},"url":"https:\/\/verdadeon.com.br\/portal\/author\/verdade\/"}]}},"jetpack_publicize_connections":[],"jetpack_featured_media_url":"https:\/\/i0.wp.com\/verdadeon.com.br\/portal\/wp-content\/uploads\/2022\/09\/WhatsApp-Image-2022-09-03-at-13.29.35-1.jpeg?fit=1000%2C670&ssl=1","jetpack_sharing_enabled":true,"_links":{"self":[{"href":"https:\/\/verdadeon.com.br\/portal\/wp-json\/wp\/v2\/posts\/27715","targetHints":{"allow":["GET"]}}],"collection":[{"href":"https:\/\/verdadeon.com.br\/portal\/wp-json\/wp\/v2\/posts"}],"about":[{"href":"https:\/\/verdadeon.com.br\/portal\/wp-json\/wp\/v2\/types\/post"}],"author":[{"embeddable":true,"href":"https:\/\/verdadeon.com.br\/portal\/wp-json\/wp\/v2\/users\/12"}],"replies":[{"embeddable":true,"href":"https:\/\/verdadeon.com.br\/portal\/wp-json\/wp\/v2\/comments?post=27715"}],"version-history":[{"count":2,"href":"https:\/\/verdadeon.com.br\/portal\/wp-json\/wp\/v2\/posts\/27715\/revisions"}],"predecessor-version":[{"id":27720,"href":"https:\/\/verdadeon.com.br\/portal\/wp-json\/wp\/v2\/posts\/27715\/revisions\/27720"}],"wp:featuredmedia":[{"embeddable":true,"href":"https:\/\/verdadeon.com.br\/portal\/wp-json\/wp\/v2\/media\/27731"}],"wp:attachment":[{"href":"https:\/\/verdadeon.com.br\/portal\/wp-json\/wp\/v2\/media?parent=27715"}],"wp:term":[{"taxonomy":"category","embeddable":true,"href":"https:\/\/verdadeon.com.br\/portal\/wp-json\/wp\/v2\/categories?post=27715"},{"taxonomy":"post_tag","embeddable":true,"href":"https:\/\/verdadeon.com.br\/portal\/wp-json\/wp\/v2\/tags?post=27715"}],"curies":[{"name":"wp","href":"https:\/\/api.w.org\/{rel}","templated":true}]}}