{"id":27693,"date":"2022-09-03T14:30:37","date_gmt":"2022-09-03T17:30:37","guid":{"rendered":"https:\/\/verdadeon.com.br\/portal\/?p=27693"},"modified":"2022-09-03T10:51:16","modified_gmt":"2022-09-03T13:51:16","slug":"minha-prioridade-sera-defender-nossa-regiao-tao-esquecida-nestes-ultimos-anos-afirma-flavia-lancha-candidata-a-deputada-federal","status":"publish","type":"post","link":"https:\/\/verdadeon.com.br\/portal\/2022\/09\/03\/minha-prioridade-sera-defender-nossa-regiao-tao-esquecida-nestes-ultimos-anos-afirma-flavia-lancha-candidata-a-deputada-federal\/","title":{"rendered":"&#8216;Minha prioridade ser\u00e1 defender nossa regi\u00e3o t\u00e3o esquecida nestes \u00faltimos anos&#8217;, afirma Fl\u00e1via Lancha, candidata a deputada federal"},"content":{"rendered":"<h2>Empres\u00e1ria foi um dos principais nomes da disputa pela Prefeitura de Franca e agora tenta uma cadeira no Congresso<\/h2>\n<p>A empres\u00e1ria e empreendedora social Fl\u00e1via Lancha \u00e9 uma das candidatas a deputada federal por Franca em 2022. Formada em Ci\u00eancias e Letras, Fl\u00e1via \u00e9 p\u00f3s-graduada em Gest\u00e3o e Lideran\u00e7a P\u00fablica.<\/p>\n<p>Atualmente, a empres\u00e1ria se divide entre Franca e as cidades da regi\u00e3o, onde busca votos para tentar se eleger. Em entrevista ao Verdade, ela destacou a import\u00e2ncia da representa\u00e7\u00e3o em Bras\u00edlia e falou das suas principais propostas.<\/p>\n<p>&nbsp;<\/p>\n<p><strong>O que motiva disputar uma vaga no Congresso Nacional?<\/strong><\/p>\n<p>Cresci tendo como principal exemplo o meu pai, Dr. Lancha, que tinha como lema de vida a frase \u2018A vida s\u00f3 vale a pena pelo bem que fazemos aos nossos semelhantes\u2019. E levo isso muito forte comigo. Tenho projetos sociais h\u00e1 mais de 20 anos. O primeiro deles foi o Ampliando Horizontes, que nasceu com o objetivo de alfabetizar os colaboradores da minha fazenda. Na \u00e9poca, muitos eram analfabetos. Transformamos um galp\u00e3o da fazenda em escola, contratamos duas professoras e come\u00e7amos as aulas. Um caso que me emociona at\u00e9 hoje \u00e9 o do Sebasti\u00e3o, que trabalhava conosco, frequentou as aulas e, depois de um ano, me fez um relato emocionante. Ele disse \u2018dona Fl\u00e1via pela primeira vez consegui ler o \u00f4nibus que eu precisava pegar. Me senti como um cego que passou a enxergar\u2019. O projeto existe at\u00e9 hoje.<\/p>\n<p>Em 2008, depois de receber relatos das nossas crian\u00e7as da fazenda do bullying que estavam sofrendo nas escolas que ficavam na cidade resolvi criar a GIMA (Gincana Intermunicipal pelo Meio Ambiente) e mostrar para esses alunos como era a realidade na fazenda, al\u00e9m de incentivar a conscientiza\u00e7\u00e3o com o meio ambiente. Ao longo de todos esses anos, milhares de crian\u00e7as passaram pela gincana, que cresceu e se transformou em uma feira cultural.<\/p>\n<p>Em 2018, depois de passar pela Secretaria de Desenvolvimento de Franca vi, ainda mais de perto, como a falta de capacita\u00e7\u00e3o atrapalhava quem procurava emprego. Assim, com recursos meus, sem qualquer ajuda de poder p\u00fablico, fundei o ICOL (Instituto de Capacita\u00e7\u00e3o e Orienta\u00e7\u00e3o livre) que oferece cursos gratuitos e r\u00e1pidos voltados para o mercado de trabalho. Nestes primeiros anos, mesmo com a pandemia, mais de 3 mil alunos j\u00e1 passaram pelo instituto. Eu decidi me candidatar porque quero fazer mais e por mais pessoas. N\u00e3o temos um deputado federal h\u00e1 12 anos e precisamos muito mudar essa realidade.<\/p>\n<p>&nbsp;<\/p>\n<p><strong>Quais ser\u00e3o as prioridades se eleita deputada?<\/strong><\/p>\n<p>Minha prioridade ser\u00e1 defender nossa regi\u00e3o t\u00e3o esquecida nestes \u00faltimos anos. Somos 23 munic\u00edpios, mais de 700 mil habitantes e n\u00e3o temos quem nos defenda em Bras\u00edlia. Quem seja a nossa voz. Estamos constantemente perdendo espa\u00e7o e import\u00e2ncia. Isso precisa parar. Somos fortes, temos um enorme potencial. Merecemos mais. E vou lutar para termos mais recursos e mais participa\u00e7\u00e3o nos programas federais. Quero trazer o desenvolvimento de volta. Atrair investimentos para a nossa regi\u00e3o. Aquecer nossa economia, gerando emprego e renda. Nossa popula\u00e7\u00e3o precisa de mais sa\u00fade, mais emprego, mais oportunidades. N\u00e3o podemos mais fechar os olhos para a realidade que vemos nas ruas. Um deputado federal tem emendas que chegam pr\u00f3ximo de R$ 18 milh\u00f5es por ano. \u00c9 um dinheiro que se bem empregado aqui nas nossas cidades pode mudar e muito a realidade atual.<\/p>\n<p>Eu sou mulher e sempre lutei pela igualdade de oportunidades. Por isso, tamb\u00e9m quero fortalecer a presen\u00e7a feminina na pol\u00edtica. N\u00f3s, mulheres, somo a maioria do eleitorado e ocupamos s\u00f3 15% dos cargos eletivo. \u00c9 um absurdo!<\/p>\n<p>&nbsp;<\/p>\n<p><strong>O que destaca de suas experi\u00eancias pessoais e profissionais que podem contribuir para um eventual mandato como deputada?<\/strong><\/p>\n<p>Al\u00e9m dos projetos que citei que me motivaram a querer alcan\u00e7ar ainda mais pessoas e transformar mais vidas, como empres\u00e1ria constru\u00ed uma empresa de sucesso. Meu marido e eu criamos a Labareda em 1984. Enfrentamos muitas dificuldades, mas conseguimos crescer, desenvolver e hoje exportamos para diversos pa\u00edses e temos um dos 10 melhores caf\u00e9s de todo o Brasil. \u00a0Tenho orgulho de sermos uma empresa focada nos colaboradores. Investimos no crescimento deles e nos seus talentos e individualidades.<\/p>\n<p>Desde que decidi entrar para a pol\u00edtica, tamb\u00e9m fiz quest\u00e3o de me especializar. Entender o que \u00e9 esse universo e me aprofundar. Fiz p\u00f3s-gradua\u00e7\u00e3o em Gest\u00e3o e Lideran\u00e7a P\u00fablica por um dos centros mais conceituados do mundo que \u00e9 o CLP (Centro de Lideran\u00e7a Publica), que tem uma parceria com a Universidade de Oxford, na Inglaterra. Fui secret\u00e1ria de Desenvolvimento de Franca por dois anos. Vi de perto como a m\u00e1quina p\u00fablica funciona, suas dificuldades. Aprendi muito.<\/p>\n<p>Ao longo dos \u00faltimos dois anos, viajei v\u00e1rias vezes \u00e0 Bras\u00edlia. Estive com ministros, com deputados e pude tamb\u00e9m ver como \u00e9 a vida na capital federal e os bastidores da pol\u00edtica nacional. Hoje posso garantir que estou preparada para representar Franca e regi\u00e3o em Bras\u00edlia.<\/p>\n<p>&nbsp;<\/p>\n<p><strong>Franca tem quase 20 candidatos a deputado federal. Na sua opini\u00e3o, por que voc\u00ea deve ser a representante da cidade?<\/strong><\/p>\n<p>Acredito que por toda a minha hist\u00f3ria de vida que contei um pouco aqui para voc\u00eas. Eu n\u00e3o sou e nem quero ser uma pol\u00edtica de carreira. Eu estou na pol\u00edtica. N\u00e3o sou pol\u00edtica. Estou porque quero colaborar com as pessoas, quero fazer a diferen\u00e7a na vida de quem mais precisa e n\u00e3o \u00e9 visto e nem ouvido. Eu n\u00e3o preciso da pol\u00edtica. Poderia muito bem estar na minha empresa. Mas decidi esse caminho porque acredito que pessoas boas precisam dar sua contribui\u00e7\u00e3o. N\u00e3o adianta s\u00f3 reclamar dos pol\u00edticos. Temos que fazer nossa parte, assumir nossa responsabilidade.<\/p>\n<p>Em 2020, mais de 56 mil francanos acreditaram em mim e no que eu poderia fazer pela nossa cidade. Como deputada federal sei que posso fazer muito mais por Franca e todas as cidades da nossa regi\u00e3o. Tenho visitado todas as cidades h\u00e1 quase dois anos e visto de perto a realidade da popula\u00e7\u00e3o, suas necessidades e como posso ajudar. Tenho repetido bastante e acho muito importante refor\u00e7ar: n\u00e3o temos um deputado federal h\u00e1 12 anos e isso precisa mudar. Franca perde muito com essa polariza\u00e7\u00e3o e tamb\u00e9m quando os eleitores escolhem candidatos que s\u00e3o de outras cidades e s\u00f3 nos trazem migalhas. Temos que fazer o voto \u00fatil e escolher o nome que tem condi\u00e7\u00f5es de ganhar e fazer um bom trabalho. Mesmo sem ser deputada j\u00e1 trouxe mais de R$ 5,5 milh\u00f5es para Franca e regi\u00e3o. E vou trazer muito mais como deputada federal. Pe\u00e7o s\u00f3 um voto de confian\u00e7a da popula\u00e7\u00e3o.<\/p>\n<p>&nbsp;<\/p>\n<p><strong>Que propostas tem para \u00e1reas essenciais para a popula\u00e7\u00e3o como:<\/strong><\/p>\n<p><strong><u>Economia e gera\u00e7\u00e3o de renda<\/u><\/strong><\/p>\n<p>Atualmente, 90% das empresas que est\u00e3o ativas na nossa regi\u00e3o s\u00e3o micro ou pequenas empresas. Dos empregos criados em 2021, 75% foram em micro e pequenas empresas. As micro e pequenas empresas (cerca de 37 mil na nossa regi\u00e3o) s\u00e3o respons\u00e1veis por mais de 80% das vagas de emprego. Ent\u00e3o, temos a obriga\u00e7\u00e3o de apoiar o micro e pequeno neg\u00f3cio. Uma das minhas propostas \u00e9 ampliar a presen\u00e7a da regi\u00e3o no Proger \u2013 Programa de Gera\u00e7\u00e3o de Renda, que prev\u00ea cr\u00e9dito para pequenos neg\u00f3cios, cooperativas e associa\u00e7\u00f5es. \u00c9 desenvolvido em parceria com o Sebrae. Tamb\u00e9m quero implementar programas de apoio e orienta\u00e7\u00e3o para o desenvolvimento e a estrutura\u00e7\u00e3o do pequeno empreendedor e estimular os pequenos neg\u00f3cios com a\u00e7\u00f5es regionais em conjunto com as prefeituras e as entidades.<\/p>\n<p>Muitos munic\u00edpios da nossa regi\u00e3o n\u00e3o contam com parcerias junto ao Sistema S para o oferecimento de cursos de capacita\u00e7\u00e3o gratuitos. Na maioria das cidades, os cursos de capacita\u00e7\u00e3o s\u00e3o oferecidos pela pr\u00f3pria Prefeitura, mas nem sempre voltados \u00e0s necessidades do mercado. O n\u00famero de vagas e hor\u00e1rios dispon\u00edveis s\u00e3o insuficientes para atender a toda a demanda. Por isso quero trazer o Programa Qualifica Mais, que \u00e9 ligado \u00e0 Secretaria Nacional de Tecnologia \u2013 Minist\u00e9rio da Educa\u00e7\u00e3o e oferece cursos de qualifica\u00e7\u00e3o profissional (em especial na \u00e1rea de tecnologia) em parceria com as prefeituras. Quero estreitar parcerias com o Sistema S para aumentar a oferta de cursos gratuitos nos munic\u00edpios da regi\u00e3o e intermediar parcerias com as universidades locais para que possam tamb\u00e9m servir de polo de cursos para a popula\u00e7\u00e3o.\u00a0Al\u00e9m disso, temos que valorizar nossa voca\u00e7\u00e3o econ\u00f4mica. Entre elas: o turismo, o caf\u00e9, a cacha\u00e7a, o fumo, o nosso artesanato, nossa cultura. Quero levar para as prefeituras o conceito da economia criativa e como desenvolv\u00ea-la nos munic\u00edpios. Criar, em conjunto com as prefeituras, as universidades, os governos e a iniciativa privada, um conselho de desenvolvimento econ\u00f4mico regional que tem como principal fun\u00e7\u00e3o discutir e elaborar planos para o desenvolvimento da economia de cada munic\u00edpio e da regi\u00e3o como um todo e buscar junto ao governo federal recursos para desenvolver as potencialidades econ\u00f4micas da nossa regi\u00e3o.<\/p>\n<p>O turismo \u00e9 outro setor que precisa ser melhor estruturado e desenvolvido. Dos 23 munic\u00edpios da regi\u00e3o, 13 t\u00eam potencial tur\u00edstico. J\u00e1 requereram inclusive o MIT, mas s\u00f3 sete contam com o programa. Hoje o Turismo responde por 8% do PIB nacional e movimenta por ano US$ 115,7 bilh\u00f5es (2019) e emprega no pa\u00eds 6,9 milh\u00f5es de pessoas. Podemos trazer para a regi\u00e3o o Programa Prodetur (Programa de Desenvolvimento do Turismo), fazer um mapeamento do turismo na regi\u00e3o (j\u00e1 tem modelo no programa) e ent\u00e3o solicitar recursos para os programas e iniciativas de desenvolvimento do turismo. Criar em conjunto com os munic\u00edpios um guia tur\u00edstico da nossa regi\u00e3o. Promover e melhor aproveitar as Indica\u00e7\u00f5es Geogr\u00e1ficas do Caf\u00e9 e do Cal\u00e7ado francano. Quero tamb\u00e9m promover em conjunto com as prefeituras o mapeamento de novos setores que possam obter a indica\u00e7\u00e3o geogr\u00e1fica \u2013 como \u00e9 o caso, por exemplo, da cacha\u00e7a produzida em diversos munic\u00edpios da nossa regi\u00e3o.<\/p>\n<p>Atualmente, segundo dados da FGV, 12,3 milh\u00f5es de jovens com idades at\u00e9 29 anos n\u00e3o trabalham nem estudam no Brasil. No total, 56% dos jovens at\u00e9 29 anos est\u00e3o atualmente desempregados. A regi\u00e3o administrativa de Franca conta com 167 mil jovens com idades entre 15 e 29 anos. Quero defender a cria\u00e7\u00e3o e efetiva\u00e7\u00e3o do Priore \u2013 Programa Primeira Oportunidade e Reinser\u00e7\u00e3o, proposto pelo governo federal. Ele previa incentivos para a contrata\u00e7\u00e3o de trabalhadores entre 18 e 29 anos e acima de 55. Al\u00e9m disso, previa ainda um pagamento de auxilio-b\u00f4nus de R$ 275\u00a0 O programa foi apresentado ao Congresso como medida provis\u00f3ria, mas n\u00e3o foi aprovado. Quero ainda implantar junto \u00e0s universidades os chamados Bancos de Talentos com os dados disponibilizados dos alunos formados e que t\u00eam interesse em atuar junto ao mercado de trabalho regional<\/p>\n<p>Por fim, a regi\u00e3o de Franca tem potencial para se tornar um polo de tecnologia do Estado de S\u00e3o Paulo em virtude das universidades e da sua voca\u00e7\u00e3o para novos neg\u00f3cios. O setor de tecnologia no Brasil obteve um faturamento de R$ 429 bilh\u00f5es em 2020. Hoje existem 422.000 empresas tecnol\u00f3gicas no Brasil. Metade delas no Estado de S\u00e3o Paulo. S\u00f3 no \u00faltimo ano, foram criadas 80 mil. Ent\u00e3o, podemos buscar junto aos governos federal e estadual recursos para a cria\u00e7\u00e3o do Polo de Tecnologia de Franca, nos mesmos moldes do j\u00e1 existente na cidade de Santos.<\/p>\n<p>&nbsp;<\/p>\n<p><strong>Sa\u00fade\u00a0<\/strong><\/p>\n<p>Na sa\u00fade, quero como prioridade ajudar a aumentar o n\u00famero de leitos para atendimento de pacientes SUS na regi\u00e3o de Franca. N\u00e3o \u00e9 poss\u00edvel que continuemos a ver pessoas doentes esperando por dias e semanas uma vaga de interna\u00e7\u00e3o. Isso \u00e9 inadmiss\u00edvel. Temos que agir. Temos que conseguir recursos, ajudar nossos hospitais a ampliar a capacidade. E essa ser\u00e1 minha prioridade.<\/p>\n<p>Al\u00e9m disso quero incentivar a medicina preventiva, atr\u00e1s da maior aten\u00e7\u00e3o ao atendimento b\u00e1sico com recursos para amplia\u00e7\u00e3o do programa Estrat\u00e9gia Sa\u00fade da Fam\u00edlia nas cidades.<\/p>\n<p>Tenho muitos outros projetos e pe\u00e7o a quem quiser conhecer mais que acesse minha p\u00e1gina <a href=\"http:\/\/www.flavialancha.com.br\">www.flavialancha.com.br<\/a>\u00a0 ou nas minhas redes sociais.<\/p>\n<p>&nbsp;<\/p>\n<p><strong>Gostaria de fazer mais alguma considera\u00e7\u00e3o?*<\/strong><\/p>\n<p>Franca n\u00e3o tem um representante federal h\u00e1 12 anos. Isso precisa mudar. Com o in\u00edcio da campanha, o carinho e o apoio que tenho recebido das pessoas, enxergo que a popula\u00e7\u00e3o est\u00e1 unida para eleger um representante aqui da nossa cidade. O apoio de todos \u00e9 muito importante. S\u00f3 com a nossa uni\u00e3o vamos conseguir vencer. Eu estou aqui pedindo o voto de confian\u00e7a para podermos fazer a diferen\u00e7a. Se voc\u00ea acredita que podemos ser mais fortes, que merecemos mais aten\u00e7\u00e3o, vote 5525, vote Fl\u00e1via Lancha.<\/p>\n","protected":false},"excerpt":{"rendered":"<p>Empres\u00e1ria foi um dos principais nomes da disputa pela Prefeitura de Franca e agora tenta uma cadeira no Congresso A empres\u00e1ria e empreendedora social Fl\u00e1via Lancha<span class=\"excerpt-hellip\"> [\u2026]<\/span><\/p>\n","protected":false},"author":7,"featured_media":27706,"comment_status":"open","ping_status":"open","sticky":false,"template":"","format":"standard","meta":{"_jetpack_memberships_contains_paid_content":false,"footnotes":"","jetpack_publicize_message":"","jetpack_publicize_feature_enabled":true,"jetpack_social_post_already_shared":false,"jetpack_social_options":{"image_generator_settings":{"template":"highway","default_image_id":0,"enabled":false},"version":2}},"categories":[28,81],"tags":[],"class_list":["post-27693","post","type-post","status-publish","format-standard","has-post-thumbnail","hentry","category-cotidiano","category-manchete"],"yoast_head":"<!-- This site is optimized with the Yoast SEO plugin v25.6 - https:\/\/yoast.com\/wordpress\/plugins\/seo\/ -->\n<title>&#039;Minha prioridade ser\u00e1 defender nossa regi\u00e3o t\u00e3o esquecida nestes \u00faltimos anos&#039;, afirma Fl\u00e1via Lancha, candidata a deputada federal - VerdadeOn<\/title>\n<meta name=\"robots\" content=\"index, follow, max-snippet:-1, max-image-preview:large, max-video-preview:-1\" \/>\n<link rel=\"canonical\" href=\"https:\/\/verdadeon.com.br\/portal\/2022\/09\/03\/minha-prioridade-sera-defender-nossa-regiao-tao-esquecida-nestes-ultimos-anos-afirma-flavia-lancha-candidata-a-deputada-federal\/\" \/>\n<meta property=\"og:locale\" content=\"pt_BR\" \/>\n<meta property=\"og:type\" content=\"article\" \/>\n<meta property=\"og:title\" content=\"&#039;Minha prioridade ser\u00e1 defender nossa regi\u00e3o t\u00e3o esquecida nestes \u00faltimos anos&#039;, afirma Fl\u00e1via Lancha, candidata a deputada federal - VerdadeOn\" \/>\n<meta property=\"og:description\" content=\"Empres\u00e1ria foi um dos principais nomes da disputa pela Prefeitura de Franca e agora tenta uma cadeira no Congresso A empres\u00e1ria e empreendedora social Fl\u00e1via Lancha [\u2026]\" \/>\n<meta property=\"og:url\" content=\"https:\/\/verdadeon.com.br\/portal\/2022\/09\/03\/minha-prioridade-sera-defender-nossa-regiao-tao-esquecida-nestes-ultimos-anos-afirma-flavia-lancha-candidata-a-deputada-federal\/\" \/>\n<meta property=\"og:site_name\" content=\"VerdadeOn\" \/>\n<meta property=\"article:published_time\" content=\"2022-09-03T17:30:37+00:00\" \/>\n<meta property=\"og:image\" content=\"https:\/\/verdadeon.com.br\/portal\/wp-content\/uploads\/2022\/09\/WhatsApp-Image-2022-09-02-at-16.16.04.jpeg\" \/>\n\t<meta property=\"og:image:width\" content=\"1280\" \/>\n\t<meta property=\"og:image:height\" content=\"853\" \/>\n\t<meta property=\"og:image:type\" content=\"image\/jpeg\" \/>\n<meta name=\"author\" content=\"Fernando Lima\" \/>\n<meta name=\"twitter:card\" content=\"summary_large_image\" \/>\n<meta name=\"twitter:label1\" content=\"Escrito por\" \/>\n\t<meta name=\"twitter:data1\" content=\"Fernando Lima\" \/>\n\t<meta name=\"twitter:label2\" content=\"Est. tempo de leitura\" \/>\n\t<meta name=\"twitter:data2\" content=\"12 minutos\" \/>\n<script type=\"application\/ld+json\" class=\"yoast-schema-graph\">{\"@context\":\"https:\/\/schema.org\",\"@graph\":[{\"@type\":\"WebPage\",\"@id\":\"https:\/\/verdadeon.com.br\/portal\/2022\/09\/03\/minha-prioridade-sera-defender-nossa-regiao-tao-esquecida-nestes-ultimos-anos-afirma-flavia-lancha-candidata-a-deputada-federal\/\",\"url\":\"https:\/\/verdadeon.com.br\/portal\/2022\/09\/03\/minha-prioridade-sera-defender-nossa-regiao-tao-esquecida-nestes-ultimos-anos-afirma-flavia-lancha-candidata-a-deputada-federal\/\",\"name\":\"'Minha prioridade ser\u00e1 defender nossa regi\u00e3o t\u00e3o esquecida nestes \u00faltimos anos', afirma Fl\u00e1via Lancha, candidata a deputada federal - VerdadeOn\",\"isPartOf\":{\"@id\":\"https:\/\/verdadeon.com.br\/portal\/#website\"},\"primaryImageOfPage\":{\"@id\":\"https:\/\/verdadeon.com.br\/portal\/2022\/09\/03\/minha-prioridade-sera-defender-nossa-regiao-tao-esquecida-nestes-ultimos-anos-afirma-flavia-lancha-candidata-a-deputada-federal\/#primaryimage\"},\"image\":{\"@id\":\"https:\/\/verdadeon.com.br\/portal\/2022\/09\/03\/minha-prioridade-sera-defender-nossa-regiao-tao-esquecida-nestes-ultimos-anos-afirma-flavia-lancha-candidata-a-deputada-federal\/#primaryimage\"},\"thumbnailUrl\":\"https:\/\/i0.wp.com\/verdadeon.com.br\/portal\/wp-content\/uploads\/2022\/09\/WhatsApp-Image-2022-09-02-at-16.16.04.jpeg?fit=1280%2C853&ssl=1\",\"datePublished\":\"2022-09-03T17:30:37+00:00\",\"author\":{\"@id\":\"https:\/\/verdadeon.com.br\/portal\/#\/schema\/person\/cc32be22b8e8599387c480bc83e1d11a\"},\"breadcrumb\":{\"@id\":\"https:\/\/verdadeon.com.br\/portal\/2022\/09\/03\/minha-prioridade-sera-defender-nossa-regiao-tao-esquecida-nestes-ultimos-anos-afirma-flavia-lancha-candidata-a-deputada-federal\/#breadcrumb\"},\"inLanguage\":\"pt-BR\",\"potentialAction\":[{\"@type\":\"ReadAction\",\"target\":[\"https:\/\/verdadeon.com.br\/portal\/2022\/09\/03\/minha-prioridade-sera-defender-nossa-regiao-tao-esquecida-nestes-ultimos-anos-afirma-flavia-lancha-candidata-a-deputada-federal\/\"]}]},{\"@type\":\"ImageObject\",\"inLanguage\":\"pt-BR\",\"@id\":\"https:\/\/verdadeon.com.br\/portal\/2022\/09\/03\/minha-prioridade-sera-defender-nossa-regiao-tao-esquecida-nestes-ultimos-anos-afirma-flavia-lancha-candidata-a-deputada-federal\/#primaryimage\",\"url\":\"https:\/\/i0.wp.com\/verdadeon.com.br\/portal\/wp-content\/uploads\/2022\/09\/WhatsApp-Image-2022-09-02-at-16.16.04.jpeg?fit=1280%2C853&ssl=1\",\"contentUrl\":\"https:\/\/i0.wp.com\/verdadeon.com.br\/portal\/wp-content\/uploads\/2022\/09\/WhatsApp-Image-2022-09-02-at-16.16.04.jpeg?fit=1280%2C853&ssl=1\",\"width\":1280,\"height\":853,\"caption\":\"Fl\u00e1via Lancha \u00e9 candidata a deputada federal pelo PSD | Foto: Divulga\u00e7\u00e3o\"},{\"@type\":\"BreadcrumbList\",\"@id\":\"https:\/\/verdadeon.com.br\/portal\/2022\/09\/03\/minha-prioridade-sera-defender-nossa-regiao-tao-esquecida-nestes-ultimos-anos-afirma-flavia-lancha-candidata-a-deputada-federal\/#breadcrumb\",\"itemListElement\":[{\"@type\":\"ListItem\",\"position\":1,\"name\":\"In\u00edcio\",\"item\":\"https:\/\/verdadeon.com.br\/portal\/\"},{\"@type\":\"ListItem\",\"position\":2,\"name\":\"&#8216;Minha prioridade ser\u00e1 defender nossa regi\u00e3o t\u00e3o esquecida nestes \u00faltimos anos&#8217;, afirma Fl\u00e1via Lancha, candidata a deputada federal\"}]},{\"@type\":\"WebSite\",\"@id\":\"https:\/\/verdadeon.com.br\/portal\/#website\",\"url\":\"https:\/\/verdadeon.com.br\/portal\/\",\"name\":\"VerdadeOn\",\"description\":\"Not\u00edcias di\u00e1rias sobre Franca, Regi\u00e3o, Esporte, Cultura, Cotidiano, Colunas. Cobertura nos principais eventos da cidade \u00e9 aqui - Verdadeon Franca\",\"potentialAction\":[{\"@type\":\"SearchAction\",\"target\":{\"@type\":\"EntryPoint\",\"urlTemplate\":\"https:\/\/verdadeon.com.br\/portal\/?s={search_term_string}\"},\"query-input\":{\"@type\":\"PropertyValueSpecification\",\"valueRequired\":true,\"valueName\":\"search_term_string\"}}],\"inLanguage\":\"pt-BR\"},{\"@type\":\"Person\",\"@id\":\"https:\/\/verdadeon.com.br\/portal\/#\/schema\/person\/cc32be22b8e8599387c480bc83e1d11a\",\"name\":\"Fernando Lima\",\"image\":{\"@type\":\"ImageObject\",\"inLanguage\":\"pt-BR\",\"@id\":\"https:\/\/verdadeon.com.br\/portal\/#\/schema\/person\/image\/\",\"url\":\"https:\/\/secure.gravatar.com\/avatar\/df4c8e132080d2b3a4841d5d232045464e0eed11a1d6e43115ca0843d48768d3?s=96&d=mm&r=g\",\"contentUrl\":\"https:\/\/secure.gravatar.com\/avatar\/df4c8e132080d2b3a4841d5d232045464e0eed11a1d6e43115ca0843d48768d3?s=96&d=mm&r=g\",\"caption\":\"Fernando Lima\"},\"sameAs\":[\"http:\/\/verdadeon.com.br\/\"],\"url\":\"https:\/\/verdadeon.com.br\/portal\/author\/fernando-lima\/\"}]}<\/script>\n<!-- \/ Yoast SEO plugin. -->","yoast_head_json":{"title":"'Minha prioridade ser\u00e1 defender nossa regi\u00e3o t\u00e3o esquecida nestes \u00faltimos anos', afirma Fl\u00e1via Lancha, candidata a deputada federal - VerdadeOn","robots":{"index":"index","follow":"follow","max-snippet":"max-snippet:-1","max-image-preview":"max-image-preview:large","max-video-preview":"max-video-preview:-1"},"canonical":"https:\/\/verdadeon.com.br\/portal\/2022\/09\/03\/minha-prioridade-sera-defender-nossa-regiao-tao-esquecida-nestes-ultimos-anos-afirma-flavia-lancha-candidata-a-deputada-federal\/","og_locale":"pt_BR","og_type":"article","og_title":"'Minha prioridade ser\u00e1 defender nossa regi\u00e3o t\u00e3o esquecida nestes \u00faltimos anos', afirma Fl\u00e1via Lancha, candidata a deputada federal - VerdadeOn","og_description":"Empres\u00e1ria foi um dos principais nomes da disputa pela Prefeitura de Franca e agora tenta uma cadeira no Congresso A empres\u00e1ria e empreendedora social Fl\u00e1via Lancha [\u2026]","og_url":"https:\/\/verdadeon.com.br\/portal\/2022\/09\/03\/minha-prioridade-sera-defender-nossa-regiao-tao-esquecida-nestes-ultimos-anos-afirma-flavia-lancha-candidata-a-deputada-federal\/","og_site_name":"VerdadeOn","article_published_time":"2022-09-03T17:30:37+00:00","og_image":[{"width":1280,"height":853,"url":"https:\/\/verdadeon.com.br\/portal\/wp-content\/uploads\/2022\/09\/WhatsApp-Image-2022-09-02-at-16.16.04.jpeg","type":"image\/jpeg"}],"author":"Fernando Lima","twitter_card":"summary_large_image","twitter_misc":{"Escrito por":"Fernando Lima","Est. tempo de leitura":"12 minutos"},"schema":{"@context":"https:\/\/schema.org","@graph":[{"@type":"WebPage","@id":"https:\/\/verdadeon.com.br\/portal\/2022\/09\/03\/minha-prioridade-sera-defender-nossa-regiao-tao-esquecida-nestes-ultimos-anos-afirma-flavia-lancha-candidata-a-deputada-federal\/","url":"https:\/\/verdadeon.com.br\/portal\/2022\/09\/03\/minha-prioridade-sera-defender-nossa-regiao-tao-esquecida-nestes-ultimos-anos-afirma-flavia-lancha-candidata-a-deputada-federal\/","name":"'Minha prioridade ser\u00e1 defender nossa regi\u00e3o t\u00e3o esquecida nestes \u00faltimos anos', afirma Fl\u00e1via Lancha, candidata a deputada federal - VerdadeOn","isPartOf":{"@id":"https:\/\/verdadeon.com.br\/portal\/#website"},"primaryImageOfPage":{"@id":"https:\/\/verdadeon.com.br\/portal\/2022\/09\/03\/minha-prioridade-sera-defender-nossa-regiao-tao-esquecida-nestes-ultimos-anos-afirma-flavia-lancha-candidata-a-deputada-federal\/#primaryimage"},"image":{"@id":"https:\/\/verdadeon.com.br\/portal\/2022\/09\/03\/minha-prioridade-sera-defender-nossa-regiao-tao-esquecida-nestes-ultimos-anos-afirma-flavia-lancha-candidata-a-deputada-federal\/#primaryimage"},"thumbnailUrl":"https:\/\/i0.wp.com\/verdadeon.com.br\/portal\/wp-content\/uploads\/2022\/09\/WhatsApp-Image-2022-09-02-at-16.16.04.jpeg?fit=1280%2C853&ssl=1","datePublished":"2022-09-03T17:30:37+00:00","author":{"@id":"https:\/\/verdadeon.com.br\/portal\/#\/schema\/person\/cc32be22b8e8599387c480bc83e1d11a"},"breadcrumb":{"@id":"https:\/\/verdadeon.com.br\/portal\/2022\/09\/03\/minha-prioridade-sera-defender-nossa-regiao-tao-esquecida-nestes-ultimos-anos-afirma-flavia-lancha-candidata-a-deputada-federal\/#breadcrumb"},"inLanguage":"pt-BR","potentialAction":[{"@type":"ReadAction","target":["https:\/\/verdadeon.com.br\/portal\/2022\/09\/03\/minha-prioridade-sera-defender-nossa-regiao-tao-esquecida-nestes-ultimos-anos-afirma-flavia-lancha-candidata-a-deputada-federal\/"]}]},{"@type":"ImageObject","inLanguage":"pt-BR","@id":"https:\/\/verdadeon.com.br\/portal\/2022\/09\/03\/minha-prioridade-sera-defender-nossa-regiao-tao-esquecida-nestes-ultimos-anos-afirma-flavia-lancha-candidata-a-deputada-federal\/#primaryimage","url":"https:\/\/i0.wp.com\/verdadeon.com.br\/portal\/wp-content\/uploads\/2022\/09\/WhatsApp-Image-2022-09-02-at-16.16.04.jpeg?fit=1280%2C853&ssl=1","contentUrl":"https:\/\/i0.wp.com\/verdadeon.com.br\/portal\/wp-content\/uploads\/2022\/09\/WhatsApp-Image-2022-09-02-at-16.16.04.jpeg?fit=1280%2C853&ssl=1","width":1280,"height":853,"caption":"Fl\u00e1via Lancha \u00e9 candidata a deputada federal pelo PSD | Foto: Divulga\u00e7\u00e3o"},{"@type":"BreadcrumbList","@id":"https:\/\/verdadeon.com.br\/portal\/2022\/09\/03\/minha-prioridade-sera-defender-nossa-regiao-tao-esquecida-nestes-ultimos-anos-afirma-flavia-lancha-candidata-a-deputada-federal\/#breadcrumb","itemListElement":[{"@type":"ListItem","position":1,"name":"In\u00edcio","item":"https:\/\/verdadeon.com.br\/portal\/"},{"@type":"ListItem","position":2,"name":"&#8216;Minha prioridade ser\u00e1 defender nossa regi\u00e3o t\u00e3o esquecida nestes \u00faltimos anos&#8217;, afirma Fl\u00e1via Lancha, candidata a deputada federal"}]},{"@type":"WebSite","@id":"https:\/\/verdadeon.com.br\/portal\/#website","url":"https:\/\/verdadeon.com.br\/portal\/","name":"VerdadeOn","description":"Not\u00edcias di\u00e1rias sobre Franca, Regi\u00e3o, Esporte, Cultura, Cotidiano, Colunas. Cobertura nos principais eventos da cidade \u00e9 aqui - Verdadeon Franca","potentialAction":[{"@type":"SearchAction","target":{"@type":"EntryPoint","urlTemplate":"https:\/\/verdadeon.com.br\/portal\/?s={search_term_string}"},"query-input":{"@type":"PropertyValueSpecification","valueRequired":true,"valueName":"search_term_string"}}],"inLanguage":"pt-BR"},{"@type":"Person","@id":"https:\/\/verdadeon.com.br\/portal\/#\/schema\/person\/cc32be22b8e8599387c480bc83e1d11a","name":"Fernando Lima","image":{"@type":"ImageObject","inLanguage":"pt-BR","@id":"https:\/\/verdadeon.com.br\/portal\/#\/schema\/person\/image\/","url":"https:\/\/secure.gravatar.com\/avatar\/df4c8e132080d2b3a4841d5d232045464e0eed11a1d6e43115ca0843d48768d3?s=96&d=mm&r=g","contentUrl":"https:\/\/secure.gravatar.com\/avatar\/df4c8e132080d2b3a4841d5d232045464e0eed11a1d6e43115ca0843d48768d3?s=96&d=mm&r=g","caption":"Fernando Lima"},"sameAs":["http:\/\/verdadeon.com.br\/"],"url":"https:\/\/verdadeon.com.br\/portal\/author\/fernando-lima\/"}]}},"jetpack_publicize_connections":[],"jetpack_featured_media_url":"https:\/\/i0.wp.com\/verdadeon.com.br\/portal\/wp-content\/uploads\/2022\/09\/WhatsApp-Image-2022-09-02-at-16.16.04.jpeg?fit=1280%2C853&ssl=1","jetpack_sharing_enabled":true,"_links":{"self":[{"href":"https:\/\/verdadeon.com.br\/portal\/wp-json\/wp\/v2\/posts\/27693","targetHints":{"allow":["GET"]}}],"collection":[{"href":"https:\/\/verdadeon.com.br\/portal\/wp-json\/wp\/v2\/posts"}],"about":[{"href":"https:\/\/verdadeon.com.br\/portal\/wp-json\/wp\/v2\/types\/post"}],"author":[{"embeddable":true,"href":"https:\/\/verdadeon.com.br\/portal\/wp-json\/wp\/v2\/users\/7"}],"replies":[{"embeddable":true,"href":"https:\/\/verdadeon.com.br\/portal\/wp-json\/wp\/v2\/comments?post=27693"}],"version-history":[{"count":2,"href":"https:\/\/verdadeon.com.br\/portal\/wp-json\/wp\/v2\/posts\/27693\/revisions"}],"predecessor-version":[{"id":27707,"href":"https:\/\/verdadeon.com.br\/portal\/wp-json\/wp\/v2\/posts\/27693\/revisions\/27707"}],"wp:featuredmedia":[{"embeddable":true,"href":"https:\/\/verdadeon.com.br\/portal\/wp-json\/wp\/v2\/media\/27706"}],"wp:attachment":[{"href":"https:\/\/verdadeon.com.br\/portal\/wp-json\/wp\/v2\/media?parent=27693"}],"wp:term":[{"taxonomy":"category","embeddable":true,"href":"https:\/\/verdadeon.com.br\/portal\/wp-json\/wp\/v2\/categories?post=27693"},{"taxonomy":"post_tag","embeddable":true,"href":"https:\/\/verdadeon.com.br\/portal\/wp-json\/wp\/v2\/tags?post=27693"}],"curies":[{"name":"wp","href":"https:\/\/api.w.org\/{rel}","templated":true}]}}