{"id":27646,"date":"2022-09-01T15:50:10","date_gmt":"2022-09-01T18:50:10","guid":{"rendered":"https:\/\/verdadeon.com.br\/portal\/?p=27646"},"modified":"2022-09-01T15:50:10","modified_gmt":"2022-09-01T18:50:10","slug":"a-cada-10-veiculos-roubados-ou-furtados-em-franca-4-sao-recuperados","status":"publish","type":"post","link":"https:\/\/verdadeon.com.br\/portal\/2022\/09\/01\/a-cada-10-veiculos-roubados-ou-furtados-em-franca-4-sao-recuperados\/","title":{"rendered":"A cada 10 ve\u00edculos roubados ou furtados em Franca, 4 s\u00e3o recuperados"},"content":{"rendered":"<h2>Os n\u00fameros apontam ainda que houve crescimento deste tipo de crime na cidade<\/h2>\n<p>Fernando Lima<\/p>\n<p>A cada 10 ve\u00edculos furtados ou roubados em Franca, quatro s\u00e3o recuperados, os dados s\u00e3o da Secretaria de Seguran\u00e7a P\u00fablica do Estado de S\u00e3o Paulo.<\/p>\n<p>De acordo com os n\u00fameros, de janeiro a julho deste ano foram 311 ve\u00edculos levados por criminosos, destes 122 foram recuperados, o que representa 39% do total.<\/p>\n<p>Confira os dados:<\/p>\n<table>\n<tbody>\n<tr>\n<td width=\"189\">2022<\/td>\n<td width=\"189\">Ve\u00edculos furtados<\/td>\n<td width=\"189\">Ve\u00edculos roubados<\/td>\n<\/tr>\n<tr>\n<td width=\"189\">Janeiro<\/td>\n<td width=\"189\">36<\/td>\n<td width=\"189\">8<\/td>\n<\/tr>\n<tr>\n<td width=\"189\">Fevereiro<\/td>\n<td width=\"189\">23<\/td>\n<td width=\"189\">3<\/td>\n<\/tr>\n<tr>\n<td width=\"189\">Mar\u00e7o<\/td>\n<td width=\"189\">41<\/td>\n<td width=\"189\">4<\/td>\n<\/tr>\n<tr>\n<td width=\"189\">Abril<\/td>\n<td width=\"189\">32<\/td>\n<td width=\"189\">6<\/td>\n<\/tr>\n<tr>\n<td width=\"189\">Maio<\/td>\n<td width=\"189\">50<\/td>\n<td width=\"189\">6<\/td>\n<\/tr>\n<tr>\n<td width=\"189\">Junho<\/td>\n<td width=\"189\">56<\/td>\n<td width=\"189\">5<\/td>\n<\/tr>\n<tr>\n<td width=\"189\">Julho<\/td>\n<td width=\"189\">36<\/td>\n<td width=\"189\">5<\/td>\n<\/tr>\n<tr>\n<td width=\"189\">Total<\/td>\n<td width=\"189\">274<\/td>\n<td width=\"189\">37<\/td>\n<\/tr>\n<\/tbody>\n<\/table>\n<p>&nbsp;<\/p>\n<h4>Zona oeste<\/h4>\n<p>A regi\u00e3o do 2\u00b0 Distrito Policial \u00e9 a que mais registra este tipo de crime, foram 68 furtos de ve\u00edculos e cinco roubos. Ela \u00e9 composta por bairros como a Vila S\u00e3o Sebasti\u00e3o, S\u00e3o Joaquim, Guanabara, al\u00e9m da regi\u00e3o da Esta\u00e7\u00e3o e as proximidades do Instituto M\u00e9dico Legal (IML), que pertence \u00e0 zona norte da cidade.<\/p>\n<p>A regi\u00e3o central de Franca vem em segundo lugar como a que mais registra este tipo de crime, foram 68 ve\u00edculos furtos e cinco roubados, totalizando 73. Em seguida vem a regi\u00e3o leste da cidade, composta por bairros como o Brasil\u00e2ndia, Paulistano e imedia\u00e7\u00f5es, por l\u00e1 foram 67 registros, sendo 53 furtos e 14 roubos de ve\u00edculos.<\/p>\n<p>A zona sul de Franca vem em sequ\u00eancia, por l\u00e1 foram 48 furtos e nove roubos, totalizando 57 ve\u00edculos levados por criminosos.<\/p>\n<p>A regi\u00e3o da cidade que menos registrou casos foi a zona norte, foram 36 furtos e nenhum roubo em 2022.<\/p>\n<h4>Crescimento<\/h4>\n<p>De janeiro a julho de 2022, j\u00e1 foram registrados 311 casos de ve\u00edculos levados por criminosos, destes, 274 foram furtados e 37 foram roubados.<\/p>\n<p>No mesmo per\u00edodo do ano passado, 23 ve\u00edculos haviam sido roubados, crescimento de 60% neste ano, ao mesmo tempo tinham sido 225 furtos, o que representa crescimento de 21% para 2022.<\/p>\n<h4>Retorno<\/h4>\n<p>O Jornal Verdade pediu um posicionamento para a Secretaria de Seguran\u00e7a P\u00fablica sobre o crescimento da criminalidade na cidade, eles afirmaram que o policiamento foi refor\u00e7ado tanto em Franca, quanto na regi\u00e3o, e refor\u00e7ou a import\u00e2ncia de se registrar o boletim de ocorr\u00eancia quando for v\u00edtima de algum crime.<\/p>\n","protected":false},"excerpt":{"rendered":"<p>Os n\u00fameros apontam ainda que houve crescimento deste tipo de crime na cidade Fernando Lima A cada 10 ve\u00edculos furtados ou roubados em Franca, quatro s\u00e3o<span class=\"excerpt-hellip\"> [\u2026]<\/span><\/p>\n","protected":false},"author":7,"featured_media":26565,"comment_status":"open","ping_status":"open","sticky":false,"template":"","format":"standard","meta":{"_jetpack_memberships_contains_paid_content":false,"footnotes":"","jetpack_publicize_message":"","jetpack_publicize_feature_enabled":true,"jetpack_social_post_already_shared":false,"jetpack_social_options":{"image_generator_settings":{"template":"highway","default_image_id":0,"enabled":false},"version":2}},"categories":[28,81],"tags":[],"class_list":["post-27646","post","type-post","status-publish","format-standard","has-post-thumbnail","hentry","category-cotidiano","category-manchete"],"yoast_head":"<!-- This site is optimized with the Yoast SEO plugin v25.6 - https:\/\/yoast.com\/wordpress\/plugins\/seo\/ -->\n<title>A cada 10 ve\u00edculos roubados ou furtados em Franca, 4 s\u00e3o recuperados - VerdadeOn<\/title>\n<meta name=\"robots\" content=\"index, follow, max-snippet:-1, max-image-preview:large, max-video-preview:-1\" \/>\n<link rel=\"canonical\" href=\"https:\/\/verdadeon.com.br\/portal\/2022\/09\/01\/a-cada-10-veiculos-roubados-ou-furtados-em-franca-4-sao-recuperados\/\" \/>\n<meta property=\"og:locale\" content=\"pt_BR\" \/>\n<meta property=\"og:type\" content=\"article\" \/>\n<meta property=\"og:title\" content=\"A cada 10 ve\u00edculos roubados ou furtados em Franca, 4 s\u00e3o recuperados - VerdadeOn\" \/>\n<meta property=\"og:description\" content=\"Os n\u00fameros apontam ainda que houve crescimento deste tipo de crime na cidade Fernando Lima A cada 10 ve\u00edculos furtados ou roubados em Franca, quatro s\u00e3o [\u2026]\" \/>\n<meta property=\"og:url\" content=\"https:\/\/verdadeon.com.br\/portal\/2022\/09\/01\/a-cada-10-veiculos-roubados-ou-furtados-em-franca-4-sao-recuperados\/\" \/>\n<meta property=\"og:site_name\" content=\"VerdadeOn\" \/>\n<meta property=\"article:published_time\" content=\"2022-09-01T18:50:10+00:00\" \/>\n<meta property=\"og:image\" content=\"https:\/\/verdadeon.com.br\/portal\/wp-content\/uploads\/2022\/07\/WhatsApp-Image-2022-07-16-at-13.47.46-e1662058169621.jpeg\" \/>\n\t<meta property=\"og:image:width\" content=\"1000\" \/>\n\t<meta property=\"og:image:height\" content=\"672\" \/>\n\t<meta property=\"og:image:type\" content=\"image\/jpeg\" \/>\n<meta name=\"author\" content=\"Fernando Lima\" \/>\n<meta name=\"twitter:card\" content=\"summary_large_image\" \/>\n<meta name=\"twitter:label1\" content=\"Escrito por\" \/>\n\t<meta name=\"twitter:data1\" content=\"Fernando Lima\" \/>\n\t<meta name=\"twitter:label2\" content=\"Est. tempo de leitura\" \/>\n\t<meta name=\"twitter:data2\" content=\"2 minutos\" \/>\n<script type=\"application\/ld+json\" class=\"yoast-schema-graph\">{\"@context\":\"https:\/\/schema.org\",\"@graph\":[{\"@type\":\"WebPage\",\"@id\":\"https:\/\/verdadeon.com.br\/portal\/2022\/09\/01\/a-cada-10-veiculos-roubados-ou-furtados-em-franca-4-sao-recuperados\/\",\"url\":\"https:\/\/verdadeon.com.br\/portal\/2022\/09\/01\/a-cada-10-veiculos-roubados-ou-furtados-em-franca-4-sao-recuperados\/\",\"name\":\"A cada 10 ve\u00edculos roubados ou furtados em Franca, 4 s\u00e3o recuperados - VerdadeOn\",\"isPartOf\":{\"@id\":\"https:\/\/verdadeon.com.br\/portal\/#website\"},\"primaryImageOfPage\":{\"@id\":\"https:\/\/verdadeon.com.br\/portal\/2022\/09\/01\/a-cada-10-veiculos-roubados-ou-furtados-em-franca-4-sao-recuperados\/#primaryimage\"},\"image\":{\"@id\":\"https:\/\/verdadeon.com.br\/portal\/2022\/09\/01\/a-cada-10-veiculos-roubados-ou-furtados-em-franca-4-sao-recuperados\/#primaryimage\"},\"thumbnailUrl\":\"https:\/\/i0.wp.com\/verdadeon.com.br\/portal\/wp-content\/uploads\/2022\/07\/WhatsApp-Image-2022-07-16-at-13.47.46-e1662058169621.jpeg?fit=1000%2C672&ssl=1\",\"datePublished\":\"2022-09-01T18:50:10+00:00\",\"author\":{\"@id\":\"https:\/\/verdadeon.com.br\/portal\/#\/schema\/person\/cc32be22b8e8599387c480bc83e1d11a\"},\"breadcrumb\":{\"@id\":\"https:\/\/verdadeon.com.br\/portal\/2022\/09\/01\/a-cada-10-veiculos-roubados-ou-furtados-em-franca-4-sao-recuperados\/#breadcrumb\"},\"inLanguage\":\"pt-BR\",\"potentialAction\":[{\"@type\":\"ReadAction\",\"target\":[\"https:\/\/verdadeon.com.br\/portal\/2022\/09\/01\/a-cada-10-veiculos-roubados-ou-furtados-em-franca-4-sao-recuperados\/\"]}]},{\"@type\":\"ImageObject\",\"inLanguage\":\"pt-BR\",\"@id\":\"https:\/\/verdadeon.com.br\/portal\/2022\/09\/01\/a-cada-10-veiculos-roubados-ou-furtados-em-franca-4-sao-recuperados\/#primaryimage\",\"url\":\"https:\/\/i0.wp.com\/verdadeon.com.br\/portal\/wp-content\/uploads\/2022\/07\/WhatsApp-Image-2022-07-16-at-13.47.46-e1662058169621.jpeg?fit=1000%2C672&ssl=1\",\"contentUrl\":\"https:\/\/i0.wp.com\/verdadeon.com.br\/portal\/wp-content\/uploads\/2022\/07\/WhatsApp-Image-2022-07-16-at-13.47.46-e1662058169621.jpeg?fit=1000%2C672&ssl=1\",\"width\":1000,\"height\":672,\"caption\":\"Central de Pol\u00edcia Judici\u00e1ria de Franca (\u00a9Fernando Lima)\"},{\"@type\":\"BreadcrumbList\",\"@id\":\"https:\/\/verdadeon.com.br\/portal\/2022\/09\/01\/a-cada-10-veiculos-roubados-ou-furtados-em-franca-4-sao-recuperados\/#breadcrumb\",\"itemListElement\":[{\"@type\":\"ListItem\",\"position\":1,\"name\":\"In\u00edcio\",\"item\":\"https:\/\/verdadeon.com.br\/portal\/\"},{\"@type\":\"ListItem\",\"position\":2,\"name\":\"A cada 10 ve\u00edculos roubados ou furtados em Franca, 4 s\u00e3o recuperados\"}]},{\"@type\":\"WebSite\",\"@id\":\"https:\/\/verdadeon.com.br\/portal\/#website\",\"url\":\"https:\/\/verdadeon.com.br\/portal\/\",\"name\":\"VerdadeOn\",\"description\":\"Not\u00edcias di\u00e1rias sobre Franca, Regi\u00e3o, Esporte, Cultura, Cotidiano, Colunas. Cobertura nos principais eventos da cidade \u00e9 aqui - Verdadeon Franca\",\"potentialAction\":[{\"@type\":\"SearchAction\",\"target\":{\"@type\":\"EntryPoint\",\"urlTemplate\":\"https:\/\/verdadeon.com.br\/portal\/?s={search_term_string}\"},\"query-input\":{\"@type\":\"PropertyValueSpecification\",\"valueRequired\":true,\"valueName\":\"search_term_string\"}}],\"inLanguage\":\"pt-BR\"},{\"@type\":\"Person\",\"@id\":\"https:\/\/verdadeon.com.br\/portal\/#\/schema\/person\/cc32be22b8e8599387c480bc83e1d11a\",\"name\":\"Fernando Lima\",\"image\":{\"@type\":\"ImageObject\",\"inLanguage\":\"pt-BR\",\"@id\":\"https:\/\/verdadeon.com.br\/portal\/#\/schema\/person\/image\/\",\"url\":\"https:\/\/secure.gravatar.com\/avatar\/df4c8e132080d2b3a4841d5d232045464e0eed11a1d6e43115ca0843d48768d3?s=96&d=mm&r=g\",\"contentUrl\":\"https:\/\/secure.gravatar.com\/avatar\/df4c8e132080d2b3a4841d5d232045464e0eed11a1d6e43115ca0843d48768d3?s=96&d=mm&r=g\",\"caption\":\"Fernando Lima\"},\"sameAs\":[\"http:\/\/verdadeon.com.br\/\"],\"url\":\"https:\/\/verdadeon.com.br\/portal\/author\/fernando-lima\/\"}]}<\/script>\n<!-- \/ Yoast SEO plugin. -->","yoast_head_json":{"title":"A cada 10 ve\u00edculos roubados ou furtados em Franca, 4 s\u00e3o recuperados - VerdadeOn","robots":{"index":"index","follow":"follow","max-snippet":"max-snippet:-1","max-image-preview":"max-image-preview:large","max-video-preview":"max-video-preview:-1"},"canonical":"https:\/\/verdadeon.com.br\/portal\/2022\/09\/01\/a-cada-10-veiculos-roubados-ou-furtados-em-franca-4-sao-recuperados\/","og_locale":"pt_BR","og_type":"article","og_title":"A cada 10 ve\u00edculos roubados ou furtados em Franca, 4 s\u00e3o recuperados - VerdadeOn","og_description":"Os n\u00fameros apontam ainda que houve crescimento deste tipo de crime na cidade Fernando Lima A cada 10 ve\u00edculos furtados ou roubados em Franca, quatro s\u00e3o [\u2026]","og_url":"https:\/\/verdadeon.com.br\/portal\/2022\/09\/01\/a-cada-10-veiculos-roubados-ou-furtados-em-franca-4-sao-recuperados\/","og_site_name":"VerdadeOn","article_published_time":"2022-09-01T18:50:10+00:00","og_image":[{"width":1000,"height":672,"url":"https:\/\/verdadeon.com.br\/portal\/wp-content\/uploads\/2022\/07\/WhatsApp-Image-2022-07-16-at-13.47.46-e1662058169621.jpeg","type":"image\/jpeg"}],"author":"Fernando Lima","twitter_card":"summary_large_image","twitter_misc":{"Escrito por":"Fernando Lima","Est. tempo de leitura":"2 minutos"},"schema":{"@context":"https:\/\/schema.org","@graph":[{"@type":"WebPage","@id":"https:\/\/verdadeon.com.br\/portal\/2022\/09\/01\/a-cada-10-veiculos-roubados-ou-furtados-em-franca-4-sao-recuperados\/","url":"https:\/\/verdadeon.com.br\/portal\/2022\/09\/01\/a-cada-10-veiculos-roubados-ou-furtados-em-franca-4-sao-recuperados\/","name":"A cada 10 ve\u00edculos roubados ou furtados em Franca, 4 s\u00e3o recuperados - VerdadeOn","isPartOf":{"@id":"https:\/\/verdadeon.com.br\/portal\/#website"},"primaryImageOfPage":{"@id":"https:\/\/verdadeon.com.br\/portal\/2022\/09\/01\/a-cada-10-veiculos-roubados-ou-furtados-em-franca-4-sao-recuperados\/#primaryimage"},"image":{"@id":"https:\/\/verdadeon.com.br\/portal\/2022\/09\/01\/a-cada-10-veiculos-roubados-ou-furtados-em-franca-4-sao-recuperados\/#primaryimage"},"thumbnailUrl":"https:\/\/i0.wp.com\/verdadeon.com.br\/portal\/wp-content\/uploads\/2022\/07\/WhatsApp-Image-2022-07-16-at-13.47.46-e1662058169621.jpeg?fit=1000%2C672&ssl=1","datePublished":"2022-09-01T18:50:10+00:00","author":{"@id":"https:\/\/verdadeon.com.br\/portal\/#\/schema\/person\/cc32be22b8e8599387c480bc83e1d11a"},"breadcrumb":{"@id":"https:\/\/verdadeon.com.br\/portal\/2022\/09\/01\/a-cada-10-veiculos-roubados-ou-furtados-em-franca-4-sao-recuperados\/#breadcrumb"},"inLanguage":"pt-BR","potentialAction":[{"@type":"ReadAction","target":["https:\/\/verdadeon.com.br\/portal\/2022\/09\/01\/a-cada-10-veiculos-roubados-ou-furtados-em-franca-4-sao-recuperados\/"]}]},{"@type":"ImageObject","inLanguage":"pt-BR","@id":"https:\/\/verdadeon.com.br\/portal\/2022\/09\/01\/a-cada-10-veiculos-roubados-ou-furtados-em-franca-4-sao-recuperados\/#primaryimage","url":"https:\/\/i0.wp.com\/verdadeon.com.br\/portal\/wp-content\/uploads\/2022\/07\/WhatsApp-Image-2022-07-16-at-13.47.46-e1662058169621.jpeg?fit=1000%2C672&ssl=1","contentUrl":"https:\/\/i0.wp.com\/verdadeon.com.br\/portal\/wp-content\/uploads\/2022\/07\/WhatsApp-Image-2022-07-16-at-13.47.46-e1662058169621.jpeg?fit=1000%2C672&ssl=1","width":1000,"height":672,"caption":"Central de Pol\u00edcia Judici\u00e1ria de Franca (\u00a9Fernando Lima)"},{"@type":"BreadcrumbList","@id":"https:\/\/verdadeon.com.br\/portal\/2022\/09\/01\/a-cada-10-veiculos-roubados-ou-furtados-em-franca-4-sao-recuperados\/#breadcrumb","itemListElement":[{"@type":"ListItem","position":1,"name":"In\u00edcio","item":"https:\/\/verdadeon.com.br\/portal\/"},{"@type":"ListItem","position":2,"name":"A cada 10 ve\u00edculos roubados ou furtados em Franca, 4 s\u00e3o recuperados"}]},{"@type":"WebSite","@id":"https:\/\/verdadeon.com.br\/portal\/#website","url":"https:\/\/verdadeon.com.br\/portal\/","name":"VerdadeOn","description":"Not\u00edcias di\u00e1rias sobre Franca, Regi\u00e3o, Esporte, Cultura, Cotidiano, Colunas. Cobertura nos principais eventos da cidade \u00e9 aqui - Verdadeon Franca","potentialAction":[{"@type":"SearchAction","target":{"@type":"EntryPoint","urlTemplate":"https:\/\/verdadeon.com.br\/portal\/?s={search_term_string}"},"query-input":{"@type":"PropertyValueSpecification","valueRequired":true,"valueName":"search_term_string"}}],"inLanguage":"pt-BR"},{"@type":"Person","@id":"https:\/\/verdadeon.com.br\/portal\/#\/schema\/person\/cc32be22b8e8599387c480bc83e1d11a","name":"Fernando Lima","image":{"@type":"ImageObject","inLanguage":"pt-BR","@id":"https:\/\/verdadeon.com.br\/portal\/#\/schema\/person\/image\/","url":"https:\/\/secure.gravatar.com\/avatar\/df4c8e132080d2b3a4841d5d232045464e0eed11a1d6e43115ca0843d48768d3?s=96&d=mm&r=g","contentUrl":"https:\/\/secure.gravatar.com\/avatar\/df4c8e132080d2b3a4841d5d232045464e0eed11a1d6e43115ca0843d48768d3?s=96&d=mm&r=g","caption":"Fernando Lima"},"sameAs":["http:\/\/verdadeon.com.br\/"],"url":"https:\/\/verdadeon.com.br\/portal\/author\/fernando-lima\/"}]}},"jetpack_publicize_connections":[],"jetpack_featured_media_url":"https:\/\/i0.wp.com\/verdadeon.com.br\/portal\/wp-content\/uploads\/2022\/07\/WhatsApp-Image-2022-07-16-at-13.47.46-e1662058169621.jpeg?fit=1000%2C672&ssl=1","jetpack_sharing_enabled":true,"_links":{"self":[{"href":"https:\/\/verdadeon.com.br\/portal\/wp-json\/wp\/v2\/posts\/27646","targetHints":{"allow":["GET"]}}],"collection":[{"href":"https:\/\/verdadeon.com.br\/portal\/wp-json\/wp\/v2\/posts"}],"about":[{"href":"https:\/\/verdadeon.com.br\/portal\/wp-json\/wp\/v2\/types\/post"}],"author":[{"embeddable":true,"href":"https:\/\/verdadeon.com.br\/portal\/wp-json\/wp\/v2\/users\/7"}],"replies":[{"embeddable":true,"href":"https:\/\/verdadeon.com.br\/portal\/wp-json\/wp\/v2\/comments?post=27646"}],"version-history":[{"count":1,"href":"https:\/\/verdadeon.com.br\/portal\/wp-json\/wp\/v2\/posts\/27646\/revisions"}],"predecessor-version":[{"id":27650,"href":"https:\/\/verdadeon.com.br\/portal\/wp-json\/wp\/v2\/posts\/27646\/revisions\/27650"}],"wp:featuredmedia":[{"embeddable":true,"href":"https:\/\/verdadeon.com.br\/portal\/wp-json\/wp\/v2\/media\/26565"}],"wp:attachment":[{"href":"https:\/\/verdadeon.com.br\/portal\/wp-json\/wp\/v2\/media?parent=27646"}],"wp:term":[{"taxonomy":"category","embeddable":true,"href":"https:\/\/verdadeon.com.br\/portal\/wp-json\/wp\/v2\/categories?post=27646"},{"taxonomy":"post_tag","embeddable":true,"href":"https:\/\/verdadeon.com.br\/portal\/wp-json\/wp\/v2\/tags?post=27646"}],"curies":[{"name":"wp","href":"https:\/\/api.w.org\/{rel}","templated":true}]}}