{"id":27633,"date":"2022-08-31T17:47:14","date_gmt":"2022-08-31T20:47:14","guid":{"rendered":"https:\/\/verdadeon.com.br\/portal\/?p=27633"},"modified":"2022-08-31T17:47:14","modified_gmt":"2022-08-31T20:47:14","slug":"setembro-sera-marcado-por-temperaturas-acima-da-media-em-franca-aponta-inmet","status":"publish","type":"post","link":"https:\/\/verdadeon.com.br\/portal\/2022\/08\/31\/setembro-sera-marcado-por-temperaturas-acima-da-media-em-franca-aponta-inmet\/","title":{"rendered":"Setembro ser\u00e1 marcado por temperaturas acima da m\u00e9dia em Franca, aponta Inmet"},"content":{"rendered":"<h2>Chuvas ficar\u00e3o dentro da m\u00e9dia dos \u00faltimos trinta anos, que gira em torno de 64 mm<\/h2>\n<p>O Instituto Nacional de Meteorologia (Inmet), apontou que Franca vai viver um m\u00eas de setembro com temperaturas m\u00e1ximas em torno de 28\u00b0, valor que est\u00e1 acima da m\u00e9dia de anos anteriores.<\/p>\n<p>\u201cEm agosto de 2022 por exemplo, a m\u00e9dia foi de 27\u00ba, a maior m\u00e1xima do m\u00eas 31\u00b0. Em m\u00e9dia o m\u00eas deve ser de 1\u00baC a 2\u00b0C mais quente que a de agosto 2022\u201d, informou.<\/p>\n<p>Em rela\u00e7\u00e3o a chuva, o \u00f3rg\u00e3o disse que a m\u00e9dia est\u00e1 pr\u00f3xima dos \u00faltimos 30 anos, que \u00e9 de 64,7 mm. \u201cA chuva \u00e9 um par\u00e2metro meteorol\u00f3gico que varia muito de ano para ano, dependendo de outros fatores clim\u00e1ticos. O m\u00eas mais chuvoso registrado para Franca foi em 1983 quando choveu 241,3 mm. O valor de 64,7 mm \u00e9 a m\u00e9dia e o m\u00eas de setembro ainda \u00e9 um m\u00eas que se caracteriza por poucas chuvas. Em outubro a m\u00e9dia j\u00e1 vai para 155,7 mm. As chuvas aumentam conforme avan\u00e7amos do inverno para o ver\u00e3o\u201d.<\/p>\n<h4>Primavera<\/h4>\n<p>No dia 22 de setembro tem in\u00edcio a primavera, segundo o Inmet, ainda ser\u00e3o registrados dias mais frios. \u201cO in\u00edcio da primavera \u00e9 uma data astron\u00f4mica, caracterizando a posi\u00e7\u00e3o da Terra com rela\u00e7\u00e3o a orbita em torno do sol, onde o dia e a noite t\u00eam a mesma dura\u00e7\u00e3o. Em meteorologia a mudan\u00e7a \u00e9 gradativa aumentando o volume de chuvas e a temperatura no decorrer dos dias, aumentando a m\u00e9dia mensal das temperaturas e o total mensal de chuva\u201d, informou.<\/p>\n<p>Como Franca est\u00e1 em uma zona tropical a mudan\u00e7a das esta\u00e7\u00f5es n\u00e3o fica t\u00e3o caracterizada de acordo com os meteorologistas. \u201cContinuam ocorrendo a entrada das frentes frias, com menor frequ\u00eancia e menor intensidade, mas ainda ser\u00e3o observados dias frios\u201d, finalizou.<\/p>\n","protected":false},"excerpt":{"rendered":"<p>Chuvas ficar\u00e3o dentro da m\u00e9dia dos \u00faltimos trinta anos, que gira em torno de 64 mm O Instituto Nacional de Meteorologia (Inmet), apontou que Franca vai<span class=\"excerpt-hellip\"> [\u2026]<\/span><\/p>\n","protected":false},"author":7,"featured_media":21993,"comment_status":"open","ping_status":"open","sticky":false,"template":"","format":"standard","meta":{"_jetpack_memberships_contains_paid_content":false,"footnotes":"","jetpack_publicize_message":"","jetpack_publicize_feature_enabled":true,"jetpack_social_post_already_shared":false,"jetpack_social_options":{"image_generator_settings":{"template":"highway","default_image_id":0,"enabled":false},"version":2}},"categories":[28,81],"tags":[],"class_list":["post-27633","post","type-post","status-publish","format-standard","has-post-thumbnail","hentry","category-cotidiano","category-manchete"],"yoast_head":"<!-- This site is optimized with the Yoast SEO plugin v25.6 - https:\/\/yoast.com\/wordpress\/plugins\/seo\/ -->\n<title>Setembro ser\u00e1 marcado por temperaturas acima da m\u00e9dia em Franca, aponta Inmet - VerdadeOn<\/title>\n<meta name=\"robots\" content=\"index, follow, max-snippet:-1, max-image-preview:large, max-video-preview:-1\" \/>\n<link rel=\"canonical\" href=\"https:\/\/verdadeon.com.br\/portal\/2022\/08\/31\/setembro-sera-marcado-por-temperaturas-acima-da-media-em-franca-aponta-inmet\/\" \/>\n<meta property=\"og:locale\" content=\"pt_BR\" \/>\n<meta property=\"og:type\" content=\"article\" \/>\n<meta property=\"og:title\" content=\"Setembro ser\u00e1 marcado por temperaturas acima da m\u00e9dia em Franca, aponta Inmet - VerdadeOn\" \/>\n<meta property=\"og:description\" content=\"Chuvas ficar\u00e3o dentro da m\u00e9dia dos \u00faltimos trinta anos, que gira em torno de 64 mm O Instituto Nacional de Meteorologia (Inmet), apontou que Franca vai [\u2026]\" \/>\n<meta property=\"og:url\" content=\"https:\/\/verdadeon.com.br\/portal\/2022\/08\/31\/setembro-sera-marcado-por-temperaturas-acima-da-media-em-franca-aponta-inmet\/\" \/>\n<meta property=\"og:site_name\" content=\"VerdadeOn\" \/>\n<meta property=\"article:published_time\" content=\"2022-08-31T20:47:14+00:00\" \/>\n<meta property=\"og:image\" content=\"https:\/\/verdadeon.com.br\/portal\/wp-content\/uploads\/2021\/12\/WhatsApp-Image-2021-10-14-at-16.56.11-1024x512-1.jpeg\" \/>\n\t<meta property=\"og:image:width\" content=\"1000\" \/>\n\t<meta property=\"og:image:height\" content=\"670\" \/>\n\t<meta property=\"og:image:type\" content=\"image\/jpeg\" \/>\n<meta name=\"author\" content=\"Fernando Lima\" \/>\n<meta name=\"twitter:card\" content=\"summary_large_image\" \/>\n<meta name=\"twitter:label1\" content=\"Escrito por\" \/>\n\t<meta name=\"twitter:data1\" content=\"Fernando Lima\" \/>\n\t<meta name=\"twitter:label2\" content=\"Est. tempo de leitura\" \/>\n\t<meta name=\"twitter:data2\" content=\"2 minutos\" \/>\n<script type=\"application\/ld+json\" class=\"yoast-schema-graph\">{\"@context\":\"https:\/\/schema.org\",\"@graph\":[{\"@type\":\"WebPage\",\"@id\":\"https:\/\/verdadeon.com.br\/portal\/2022\/08\/31\/setembro-sera-marcado-por-temperaturas-acima-da-media-em-franca-aponta-inmet\/\",\"url\":\"https:\/\/verdadeon.com.br\/portal\/2022\/08\/31\/setembro-sera-marcado-por-temperaturas-acima-da-media-em-franca-aponta-inmet\/\",\"name\":\"Setembro ser\u00e1 marcado por temperaturas acima da m\u00e9dia em Franca, aponta Inmet - VerdadeOn\",\"isPartOf\":{\"@id\":\"https:\/\/verdadeon.com.br\/portal\/#website\"},\"primaryImageOfPage\":{\"@id\":\"https:\/\/verdadeon.com.br\/portal\/2022\/08\/31\/setembro-sera-marcado-por-temperaturas-acima-da-media-em-franca-aponta-inmet\/#primaryimage\"},\"image\":{\"@id\":\"https:\/\/verdadeon.com.br\/portal\/2022\/08\/31\/setembro-sera-marcado-por-temperaturas-acima-da-media-em-franca-aponta-inmet\/#primaryimage\"},\"thumbnailUrl\":\"https:\/\/i0.wp.com\/verdadeon.com.br\/portal\/wp-content\/uploads\/2021\/12\/WhatsApp-Image-2021-10-14-at-16.56.11-1024x512-1.jpeg?fit=1000%2C670&ssl=1\",\"datePublished\":\"2022-08-31T20:47:14+00:00\",\"author\":{\"@id\":\"https:\/\/verdadeon.com.br\/portal\/#\/schema\/person\/cc32be22b8e8599387c480bc83e1d11a\"},\"breadcrumb\":{\"@id\":\"https:\/\/verdadeon.com.br\/portal\/2022\/08\/31\/setembro-sera-marcado-por-temperaturas-acima-da-media-em-franca-aponta-inmet\/#breadcrumb\"},\"inLanguage\":\"pt-BR\",\"potentialAction\":[{\"@type\":\"ReadAction\",\"target\":[\"https:\/\/verdadeon.com.br\/portal\/2022\/08\/31\/setembro-sera-marcado-por-temperaturas-acima-da-media-em-franca-aponta-inmet\/\"]}]},{\"@type\":\"ImageObject\",\"inLanguage\":\"pt-BR\",\"@id\":\"https:\/\/verdadeon.com.br\/portal\/2022\/08\/31\/setembro-sera-marcado-por-temperaturas-acima-da-media-em-franca-aponta-inmet\/#primaryimage\",\"url\":\"https:\/\/i0.wp.com\/verdadeon.com.br\/portal\/wp-content\/uploads\/2021\/12\/WhatsApp-Image-2021-10-14-at-16.56.11-1024x512-1.jpeg?fit=1000%2C670&ssl=1\",\"contentUrl\":\"https:\/\/i0.wp.com\/verdadeon.com.br\/portal\/wp-content\/uploads\/2021\/12\/WhatsApp-Image-2021-10-14-at-16.56.11-1024x512-1.jpeg?fit=1000%2C670&ssl=1\",\"width\":1000,\"height\":670,\"caption\":\"Para o m\u00eas s\u00e3o esperadas chuvas dentro da m\u00e9dia dos \u00faltimos 30 anos, \u00e9 o que aponta o Inmet | Foto: Fernando Lima\"},{\"@type\":\"BreadcrumbList\",\"@id\":\"https:\/\/verdadeon.com.br\/portal\/2022\/08\/31\/setembro-sera-marcado-por-temperaturas-acima-da-media-em-franca-aponta-inmet\/#breadcrumb\",\"itemListElement\":[{\"@type\":\"ListItem\",\"position\":1,\"name\":\"In\u00edcio\",\"item\":\"https:\/\/verdadeon.com.br\/portal\/\"},{\"@type\":\"ListItem\",\"position\":2,\"name\":\"Setembro ser\u00e1 marcado por temperaturas acima da m\u00e9dia em Franca, aponta Inmet\"}]},{\"@type\":\"WebSite\",\"@id\":\"https:\/\/verdadeon.com.br\/portal\/#website\",\"url\":\"https:\/\/verdadeon.com.br\/portal\/\",\"name\":\"VerdadeOn\",\"description\":\"Not\u00edcias di\u00e1rias sobre Franca, Regi\u00e3o, Esporte, Cultura, Cotidiano, Colunas. Cobertura nos principais eventos da cidade \u00e9 aqui - Verdadeon Franca\",\"potentialAction\":[{\"@type\":\"SearchAction\",\"target\":{\"@type\":\"EntryPoint\",\"urlTemplate\":\"https:\/\/verdadeon.com.br\/portal\/?s={search_term_string}\"},\"query-input\":{\"@type\":\"PropertyValueSpecification\",\"valueRequired\":true,\"valueName\":\"search_term_string\"}}],\"inLanguage\":\"pt-BR\"},{\"@type\":\"Person\",\"@id\":\"https:\/\/verdadeon.com.br\/portal\/#\/schema\/person\/cc32be22b8e8599387c480bc83e1d11a\",\"name\":\"Fernando Lima\",\"image\":{\"@type\":\"ImageObject\",\"inLanguage\":\"pt-BR\",\"@id\":\"https:\/\/verdadeon.com.br\/portal\/#\/schema\/person\/image\/\",\"url\":\"https:\/\/secure.gravatar.com\/avatar\/df4c8e132080d2b3a4841d5d232045464e0eed11a1d6e43115ca0843d48768d3?s=96&d=mm&r=g\",\"contentUrl\":\"https:\/\/secure.gravatar.com\/avatar\/df4c8e132080d2b3a4841d5d232045464e0eed11a1d6e43115ca0843d48768d3?s=96&d=mm&r=g\",\"caption\":\"Fernando Lima\"},\"sameAs\":[\"http:\/\/verdadeon.com.br\/\"],\"url\":\"https:\/\/verdadeon.com.br\/portal\/author\/fernando-lima\/\"}]}<\/script>\n<!-- \/ Yoast SEO plugin. -->","yoast_head_json":{"title":"Setembro ser\u00e1 marcado por temperaturas acima da m\u00e9dia em Franca, aponta Inmet - VerdadeOn","robots":{"index":"index","follow":"follow","max-snippet":"max-snippet:-1","max-image-preview":"max-image-preview:large","max-video-preview":"max-video-preview:-1"},"canonical":"https:\/\/verdadeon.com.br\/portal\/2022\/08\/31\/setembro-sera-marcado-por-temperaturas-acima-da-media-em-franca-aponta-inmet\/","og_locale":"pt_BR","og_type":"article","og_title":"Setembro ser\u00e1 marcado por temperaturas acima da m\u00e9dia em Franca, aponta Inmet - VerdadeOn","og_description":"Chuvas ficar\u00e3o dentro da m\u00e9dia dos \u00faltimos trinta anos, que gira em torno de 64 mm O Instituto Nacional de Meteorologia (Inmet), apontou que Franca vai [\u2026]","og_url":"https:\/\/verdadeon.com.br\/portal\/2022\/08\/31\/setembro-sera-marcado-por-temperaturas-acima-da-media-em-franca-aponta-inmet\/","og_site_name":"VerdadeOn","article_published_time":"2022-08-31T20:47:14+00:00","og_image":[{"width":1000,"height":670,"url":"https:\/\/verdadeon.com.br\/portal\/wp-content\/uploads\/2021\/12\/WhatsApp-Image-2021-10-14-at-16.56.11-1024x512-1.jpeg","type":"image\/jpeg"}],"author":"Fernando Lima","twitter_card":"summary_large_image","twitter_misc":{"Escrito por":"Fernando Lima","Est. tempo de leitura":"2 minutos"},"schema":{"@context":"https:\/\/schema.org","@graph":[{"@type":"WebPage","@id":"https:\/\/verdadeon.com.br\/portal\/2022\/08\/31\/setembro-sera-marcado-por-temperaturas-acima-da-media-em-franca-aponta-inmet\/","url":"https:\/\/verdadeon.com.br\/portal\/2022\/08\/31\/setembro-sera-marcado-por-temperaturas-acima-da-media-em-franca-aponta-inmet\/","name":"Setembro ser\u00e1 marcado por temperaturas acima da m\u00e9dia em Franca, aponta Inmet - VerdadeOn","isPartOf":{"@id":"https:\/\/verdadeon.com.br\/portal\/#website"},"primaryImageOfPage":{"@id":"https:\/\/verdadeon.com.br\/portal\/2022\/08\/31\/setembro-sera-marcado-por-temperaturas-acima-da-media-em-franca-aponta-inmet\/#primaryimage"},"image":{"@id":"https:\/\/verdadeon.com.br\/portal\/2022\/08\/31\/setembro-sera-marcado-por-temperaturas-acima-da-media-em-franca-aponta-inmet\/#primaryimage"},"thumbnailUrl":"https:\/\/i0.wp.com\/verdadeon.com.br\/portal\/wp-content\/uploads\/2021\/12\/WhatsApp-Image-2021-10-14-at-16.56.11-1024x512-1.jpeg?fit=1000%2C670&ssl=1","datePublished":"2022-08-31T20:47:14+00:00","author":{"@id":"https:\/\/verdadeon.com.br\/portal\/#\/schema\/person\/cc32be22b8e8599387c480bc83e1d11a"},"breadcrumb":{"@id":"https:\/\/verdadeon.com.br\/portal\/2022\/08\/31\/setembro-sera-marcado-por-temperaturas-acima-da-media-em-franca-aponta-inmet\/#breadcrumb"},"inLanguage":"pt-BR","potentialAction":[{"@type":"ReadAction","target":["https:\/\/verdadeon.com.br\/portal\/2022\/08\/31\/setembro-sera-marcado-por-temperaturas-acima-da-media-em-franca-aponta-inmet\/"]}]},{"@type":"ImageObject","inLanguage":"pt-BR","@id":"https:\/\/verdadeon.com.br\/portal\/2022\/08\/31\/setembro-sera-marcado-por-temperaturas-acima-da-media-em-franca-aponta-inmet\/#primaryimage","url":"https:\/\/i0.wp.com\/verdadeon.com.br\/portal\/wp-content\/uploads\/2021\/12\/WhatsApp-Image-2021-10-14-at-16.56.11-1024x512-1.jpeg?fit=1000%2C670&ssl=1","contentUrl":"https:\/\/i0.wp.com\/verdadeon.com.br\/portal\/wp-content\/uploads\/2021\/12\/WhatsApp-Image-2021-10-14-at-16.56.11-1024x512-1.jpeg?fit=1000%2C670&ssl=1","width":1000,"height":670,"caption":"Para o m\u00eas s\u00e3o esperadas chuvas dentro da m\u00e9dia dos \u00faltimos 30 anos, \u00e9 o que aponta o Inmet | Foto: Fernando Lima"},{"@type":"BreadcrumbList","@id":"https:\/\/verdadeon.com.br\/portal\/2022\/08\/31\/setembro-sera-marcado-por-temperaturas-acima-da-media-em-franca-aponta-inmet\/#breadcrumb","itemListElement":[{"@type":"ListItem","position":1,"name":"In\u00edcio","item":"https:\/\/verdadeon.com.br\/portal\/"},{"@type":"ListItem","position":2,"name":"Setembro ser\u00e1 marcado por temperaturas acima da m\u00e9dia em Franca, aponta Inmet"}]},{"@type":"WebSite","@id":"https:\/\/verdadeon.com.br\/portal\/#website","url":"https:\/\/verdadeon.com.br\/portal\/","name":"VerdadeOn","description":"Not\u00edcias di\u00e1rias sobre Franca, Regi\u00e3o, Esporte, Cultura, Cotidiano, Colunas. Cobertura nos principais eventos da cidade \u00e9 aqui - Verdadeon Franca","potentialAction":[{"@type":"SearchAction","target":{"@type":"EntryPoint","urlTemplate":"https:\/\/verdadeon.com.br\/portal\/?s={search_term_string}"},"query-input":{"@type":"PropertyValueSpecification","valueRequired":true,"valueName":"search_term_string"}}],"inLanguage":"pt-BR"},{"@type":"Person","@id":"https:\/\/verdadeon.com.br\/portal\/#\/schema\/person\/cc32be22b8e8599387c480bc83e1d11a","name":"Fernando Lima","image":{"@type":"ImageObject","inLanguage":"pt-BR","@id":"https:\/\/verdadeon.com.br\/portal\/#\/schema\/person\/image\/","url":"https:\/\/secure.gravatar.com\/avatar\/df4c8e132080d2b3a4841d5d232045464e0eed11a1d6e43115ca0843d48768d3?s=96&d=mm&r=g","contentUrl":"https:\/\/secure.gravatar.com\/avatar\/df4c8e132080d2b3a4841d5d232045464e0eed11a1d6e43115ca0843d48768d3?s=96&d=mm&r=g","caption":"Fernando Lima"},"sameAs":["http:\/\/verdadeon.com.br\/"],"url":"https:\/\/verdadeon.com.br\/portal\/author\/fernando-lima\/"}]}},"jetpack_publicize_connections":[],"jetpack_featured_media_url":"https:\/\/i0.wp.com\/verdadeon.com.br\/portal\/wp-content\/uploads\/2021\/12\/WhatsApp-Image-2021-10-14-at-16.56.11-1024x512-1.jpeg?fit=1000%2C670&ssl=1","jetpack_sharing_enabled":true,"_links":{"self":[{"href":"https:\/\/verdadeon.com.br\/portal\/wp-json\/wp\/v2\/posts\/27633","targetHints":{"allow":["GET"]}}],"collection":[{"href":"https:\/\/verdadeon.com.br\/portal\/wp-json\/wp\/v2\/posts"}],"about":[{"href":"https:\/\/verdadeon.com.br\/portal\/wp-json\/wp\/v2\/types\/post"}],"author":[{"embeddable":true,"href":"https:\/\/verdadeon.com.br\/portal\/wp-json\/wp\/v2\/users\/7"}],"replies":[{"embeddable":true,"href":"https:\/\/verdadeon.com.br\/portal\/wp-json\/wp\/v2\/comments?post=27633"}],"version-history":[{"count":1,"href":"https:\/\/verdadeon.com.br\/portal\/wp-json\/wp\/v2\/posts\/27633\/revisions"}],"predecessor-version":[{"id":27634,"href":"https:\/\/verdadeon.com.br\/portal\/wp-json\/wp\/v2\/posts\/27633\/revisions\/27634"}],"wp:featuredmedia":[{"embeddable":true,"href":"https:\/\/verdadeon.com.br\/portal\/wp-json\/wp\/v2\/media\/21993"}],"wp:attachment":[{"href":"https:\/\/verdadeon.com.br\/portal\/wp-json\/wp\/v2\/media?parent=27633"}],"wp:term":[{"taxonomy":"category","embeddable":true,"href":"https:\/\/verdadeon.com.br\/portal\/wp-json\/wp\/v2\/categories?post=27633"},{"taxonomy":"post_tag","embeddable":true,"href":"https:\/\/verdadeon.com.br\/portal\/wp-json\/wp\/v2\/tags?post=27633"}],"curies":[{"name":"wp","href":"https:\/\/api.w.org\/{rel}","templated":true}]}}