{"id":27627,"date":"2022-08-31T17:07:04","date_gmt":"2022-08-31T20:07:04","guid":{"rendered":"https:\/\/verdadeon.com.br\/portal\/?p=27627"},"modified":"2022-08-31T18:43:24","modified_gmt":"2022-08-31T21:43:24","slug":"happy-hour-da-maria-arrecadara-recursos-para-ela-se-tratar-contra-o-cancer-no-exterior","status":"publish","type":"post","link":"https:\/\/verdadeon.com.br\/portal\/2022\/08\/31\/happy-hour-da-maria-arrecadara-recursos-para-ela-se-tratar-contra-o-cancer-no-exterior\/","title":{"rendered":"&#8216;Happy Hour da Maria&#8217; arrecadar\u00e1 recursos para ela se tratar no exterior"},"content":{"rendered":"<h2>Maria Clara tem 10 anos e precisa de R$ 700 mil para fazer um tratamento especial contra um tumor cerebral na Espanha<\/h2>\n<p>&nbsp;<\/p>\n<p><span style=\"font-weight: 400;\">Mais um evento para ajudar o tratamento no exterior da Maria Clara Costa Miranda, de 10 anos, promete envolver um bom p\u00fablico no pr\u00f3ximo s\u00e1bado (3), em Franca. Um grupo de 30 volunt\u00e1rios est\u00e1 mobilizado para realizar o Happy Hour da Maria, \u00e0s 16h, no sal\u00e3o Stella Eventos, com o intuito de arrecadar recursos para que ela consiga o valor necess\u00e1rio para buscar a cura de um tumor cerebral na Espanha.<\/span><\/p>\n<p><span style=\"font-weight: 400;\">O evento ter\u00e1 atrativos para todas as idades, com m\u00fasica ao vivo, Espa\u00e7o Kids com pula pula, participa\u00e7\u00e3o da Herox, com super her\u00f3is e dan\u00e7arinos de LED, al\u00e9m da Pra\u00e7a de Alimenta\u00e7\u00e3o, que ter\u00e1 venda de chope, refrigerante, \u00e1gua<\/span><span style=\"font-weight: 400;\"> e por\u00e7\u00f5es de p<\/span><span style=\"font-weight: 400;\">orco \u00e0 pururuca, calabresa, torresmo, arroz no arado e batata chips. A entrada custa R$ 10 e crian\u00e7as at\u00e9 12 anos n\u00e3o pagam.<\/span><\/p>\n<p><span style=\"font-weight: 400;\">O sal\u00e3o Stella Eventos fica na Avenida Elias Abr\u00e3o, n\u00ba 2020, no Bairro S\u00e3o Joaquim. Os convites podem ser reservados pelo WhatsApp e pago por pix, pelos contatos (16) 99409-0971, com J\u00e9ssica Costa (m\u00e3e da Maria Clara) ou (16) 98813-1225, com Patr\u00edcia.<\/span><\/p>\n<p>&nbsp;<\/p>\n<p><img data-recalc-dims=\"1\" loading=\"lazy\" decoding=\"async\" class=\"alignnone wp-image-27628 size-large\" src=\"https:\/\/i0.wp.com\/verdadeon.com.br\/portal\/wp-content\/uploads\/2022\/08\/WhatsApp-Image-2022-08-30-at-23.07.11-614x1024.jpeg?resize=614%2C1024&#038;ssl=1\" alt=\"\" width=\"614\" height=\"1024\" \/><\/p>\n<p>&nbsp;<\/p>\n<h4><span style=\"font-weight: 400;\">A hist\u00f3ria<\/span><\/h4>\n<p><span style=\"font-weight: 400;\">Maria Clara mora em Franca e foi em fevereiro deste ano que come\u00e7ou a sentir dificuldades para enxergar. Ap\u00f3s consulta oftalmol\u00f3gica, foi encaminhada para exames mais detalhados e diagnosticada com um tumor cerebral raro (germinoma).\u00a0<\/span><\/p>\n<p><span style=\"font-weight: 400;\">A garota faz tratamento de quimioterapia em Barretos e a pr\u00f3xima etapa seriam as sess\u00f5es de radioterapia. Mas a fam\u00edlia foi informada sobre a protonterapia, que \u00e9 menos agressiva e tem menos risco de sequelas, por\u00e9m \u00e9 oferecida apenas fora do Brasil, na Espanha.<\/span><\/p>\n<p><span style=\"font-weight: 400;\">Para conseguir pagar o tratamento e passar um per\u00edodo na Europa, a fam\u00edlia est\u00e1 realizando uma campanha em prol da Maria Clara e precisa atingir R$ 700 mil. Segundo a artes\u00e3 <\/span><span style=\"font-weight: 400;\">J\u00e9ssica Aparecida Costa Lamarca, m\u00e3e dela, eles j\u00e1 est\u00e3o pr\u00f3ximos do valor. \u201cAinda n\u00e3o atingimos o valor total, mas estamos perto de conseguir. Vamos precisar estender a campanha mais uns dias, mas vai dar certo o tratamento fora do Brasil, se Deus quiser\u201d.<\/span><\/p>\n","protected":false},"excerpt":{"rendered":"<p>Maria Clara tem 10 anos e precisa de R$ 700 mil para fazer um tratamento especial contra um tumor cerebral na Espanha &nbsp; Mais um evento<span class=\"excerpt-hellip\"> [\u2026]<\/span><\/p>\n","protected":false},"author":12,"featured_media":26912,"comment_status":"open","ping_status":"open","sticky":false,"template":"","format":"standard","meta":{"_jetpack_memberships_contains_paid_content":false,"footnotes":"","jetpack_publicize_message":"","jetpack_publicize_feature_enabled":true,"jetpack_social_post_already_shared":false,"jetpack_social_options":{"image_generator_settings":{"template":"highway","default_image_id":0,"enabled":false},"version":2}},"categories":[28,81],"tags":[],"class_list":["post-27627","post","type-post","status-publish","format-standard","has-post-thumbnail","hentry","category-cotidiano","category-manchete"],"yoast_head":"<!-- This site is optimized with the Yoast SEO plugin v25.6 - https:\/\/yoast.com\/wordpress\/plugins\/seo\/ -->\n<title>&#039;Happy Hour da Maria&#039; arrecadar\u00e1 recursos para ela se tratar no exterior - VerdadeOn<\/title>\n<meta name=\"robots\" content=\"index, follow, max-snippet:-1, max-image-preview:large, max-video-preview:-1\" \/>\n<link rel=\"canonical\" href=\"https:\/\/verdadeon.com.br\/portal\/2022\/08\/31\/happy-hour-da-maria-arrecadara-recursos-para-ela-se-tratar-contra-o-cancer-no-exterior\/\" \/>\n<meta property=\"og:locale\" content=\"pt_BR\" \/>\n<meta property=\"og:type\" content=\"article\" \/>\n<meta property=\"og:title\" content=\"&#039;Happy Hour da Maria&#039; arrecadar\u00e1 recursos para ela se tratar no exterior - VerdadeOn\" \/>\n<meta property=\"og:description\" content=\"Maria Clara tem 10 anos e precisa de R$ 700 mil para fazer um tratamento especial contra um tumor cerebral na Espanha &nbsp; Mais um evento [\u2026]\" \/>\n<meta property=\"og:url\" content=\"https:\/\/verdadeon.com.br\/portal\/2022\/08\/31\/happy-hour-da-maria-arrecadara-recursos-para-ela-se-tratar-contra-o-cancer-no-exterior\/\" \/>\n<meta property=\"og:site_name\" content=\"VerdadeOn\" \/>\n<meta property=\"article:published_time\" content=\"2022-08-31T20:07:04+00:00\" \/>\n<meta property=\"article:modified_time\" content=\"2022-08-31T21:43:24+00:00\" \/>\n<meta property=\"og:image\" content=\"https:\/\/verdadeon.com.br\/portal\/wp-content\/uploads\/2022\/08\/Maria-Clara-Costa-faz-campanha-para-tratar-tumor-cerebral-na-Espanha-2-983x1024-1.jpg\" \/>\n\t<meta property=\"og:image:width\" content=\"1000\" \/>\n\t<meta property=\"og:image:height\" content=\"670\" \/>\n\t<meta property=\"og:image:type\" content=\"image\/jpeg\" \/>\n<meta name=\"author\" content=\"Nelise Luques\" \/>\n<meta name=\"twitter:card\" content=\"summary_large_image\" \/>\n<meta name=\"twitter:label1\" content=\"Escrito por\" \/>\n\t<meta name=\"twitter:data1\" content=\"Nelise Luques\" \/>\n\t<meta name=\"twitter:label2\" content=\"Est. tempo de leitura\" \/>\n\t<meta name=\"twitter:data2\" content=\"3 minutos\" \/>\n<script type=\"application\/ld+json\" class=\"yoast-schema-graph\">{\"@context\":\"https:\/\/schema.org\",\"@graph\":[{\"@type\":\"WebPage\",\"@id\":\"https:\/\/verdadeon.com.br\/portal\/2022\/08\/31\/happy-hour-da-maria-arrecadara-recursos-para-ela-se-tratar-contra-o-cancer-no-exterior\/\",\"url\":\"https:\/\/verdadeon.com.br\/portal\/2022\/08\/31\/happy-hour-da-maria-arrecadara-recursos-para-ela-se-tratar-contra-o-cancer-no-exterior\/\",\"name\":\"'Happy Hour da Maria' arrecadar\u00e1 recursos para ela se tratar no exterior - VerdadeOn\",\"isPartOf\":{\"@id\":\"https:\/\/verdadeon.com.br\/portal\/#website\"},\"primaryImageOfPage\":{\"@id\":\"https:\/\/verdadeon.com.br\/portal\/2022\/08\/31\/happy-hour-da-maria-arrecadara-recursos-para-ela-se-tratar-contra-o-cancer-no-exterior\/#primaryimage\"},\"image\":{\"@id\":\"https:\/\/verdadeon.com.br\/portal\/2022\/08\/31\/happy-hour-da-maria-arrecadara-recursos-para-ela-se-tratar-contra-o-cancer-no-exterior\/#primaryimage\"},\"thumbnailUrl\":\"https:\/\/i0.wp.com\/verdadeon.com.br\/portal\/wp-content\/uploads\/2022\/08\/Maria-Clara-Costa-faz-campanha-para-tratar-tumor-cerebral-na-Espanha-2-983x1024-1.jpg?fit=1000%2C670&ssl=1\",\"datePublished\":\"2022-08-31T20:07:04+00:00\",\"dateModified\":\"2022-08-31T21:43:24+00:00\",\"author\":{\"@id\":\"https:\/\/verdadeon.com.br\/portal\/#\/schema\/person\/8248726d36015c1916636fabb175d972\"},\"breadcrumb\":{\"@id\":\"https:\/\/verdadeon.com.br\/portal\/2022\/08\/31\/happy-hour-da-maria-arrecadara-recursos-para-ela-se-tratar-contra-o-cancer-no-exterior\/#breadcrumb\"},\"inLanguage\":\"pt-BR\",\"potentialAction\":[{\"@type\":\"ReadAction\",\"target\":[\"https:\/\/verdadeon.com.br\/portal\/2022\/08\/31\/happy-hour-da-maria-arrecadara-recursos-para-ela-se-tratar-contra-o-cancer-no-exterior\/\"]}]},{\"@type\":\"ImageObject\",\"inLanguage\":\"pt-BR\",\"@id\":\"https:\/\/verdadeon.com.br\/portal\/2022\/08\/31\/happy-hour-da-maria-arrecadara-recursos-para-ela-se-tratar-contra-o-cancer-no-exterior\/#primaryimage\",\"url\":\"https:\/\/i0.wp.com\/verdadeon.com.br\/portal\/wp-content\/uploads\/2022\/08\/Maria-Clara-Costa-faz-campanha-para-tratar-tumor-cerebral-na-Espanha-2-983x1024-1.jpg?fit=1000%2C670&ssl=1\",\"contentUrl\":\"https:\/\/i0.wp.com\/verdadeon.com.br\/portal\/wp-content\/uploads\/2022\/08\/Maria-Clara-Costa-faz-campanha-para-tratar-tumor-cerebral-na-Espanha-2-983x1024-1.jpg?fit=1000%2C670&ssl=1\",\"width\":1000,\"height\":670,\"caption\":\"Maria Clara Costa, com os pais, Bruno Miranda e J\u00e9ssica Costa Lamarca. Fam\u00edlia realiza campanha para levantar recursos para filha tratar tumor cerebral na Espanha | Foto: Arquivo Pessoal\"},{\"@type\":\"BreadcrumbList\",\"@id\":\"https:\/\/verdadeon.com.br\/portal\/2022\/08\/31\/happy-hour-da-maria-arrecadara-recursos-para-ela-se-tratar-contra-o-cancer-no-exterior\/#breadcrumb\",\"itemListElement\":[{\"@type\":\"ListItem\",\"position\":1,\"name\":\"In\u00edcio\",\"item\":\"https:\/\/verdadeon.com.br\/portal\/\"},{\"@type\":\"ListItem\",\"position\":2,\"name\":\"&#8216;Happy Hour da Maria&#8217; arrecadar\u00e1 recursos para ela se tratar no exterior\"}]},{\"@type\":\"WebSite\",\"@id\":\"https:\/\/verdadeon.com.br\/portal\/#website\",\"url\":\"https:\/\/verdadeon.com.br\/portal\/\",\"name\":\"VerdadeOn\",\"description\":\"Not\u00edcias di\u00e1rias sobre Franca, Regi\u00e3o, Esporte, Cultura, Cotidiano, Colunas. Cobertura nos principais eventos da cidade \u00e9 aqui - Verdadeon Franca\",\"potentialAction\":[{\"@type\":\"SearchAction\",\"target\":{\"@type\":\"EntryPoint\",\"urlTemplate\":\"https:\/\/verdadeon.com.br\/portal\/?s={search_term_string}\"},\"query-input\":{\"@type\":\"PropertyValueSpecification\",\"valueRequired\":true,\"valueName\":\"search_term_string\"}}],\"inLanguage\":\"pt-BR\"},{\"@type\":\"Person\",\"@id\":\"https:\/\/verdadeon.com.br\/portal\/#\/schema\/person\/8248726d36015c1916636fabb175d972\",\"name\":\"Nelise Luques\",\"image\":{\"@type\":\"ImageObject\",\"inLanguage\":\"pt-BR\",\"@id\":\"https:\/\/verdadeon.com.br\/portal\/#\/schema\/person\/image\/\",\"url\":\"https:\/\/secure.gravatar.com\/avatar\/29b2a17f5bcadeb827411b66f48ac13c3e0ecaf5906c0f5745ecc5d41c24eada?s=96&d=mm&r=g\",\"contentUrl\":\"https:\/\/secure.gravatar.com\/avatar\/29b2a17f5bcadeb827411b66f48ac13c3e0ecaf5906c0f5745ecc5d41c24eada?s=96&d=mm&r=g\",\"caption\":\"Nelise Luques\"},\"url\":\"https:\/\/verdadeon.com.br\/portal\/author\/verdade\/\"}]}<\/script>\n<!-- \/ Yoast SEO plugin. -->","yoast_head_json":{"title":"'Happy Hour da Maria' arrecadar\u00e1 recursos para ela se tratar no exterior - VerdadeOn","robots":{"index":"index","follow":"follow","max-snippet":"max-snippet:-1","max-image-preview":"max-image-preview:large","max-video-preview":"max-video-preview:-1"},"canonical":"https:\/\/verdadeon.com.br\/portal\/2022\/08\/31\/happy-hour-da-maria-arrecadara-recursos-para-ela-se-tratar-contra-o-cancer-no-exterior\/","og_locale":"pt_BR","og_type":"article","og_title":"'Happy Hour da Maria' arrecadar\u00e1 recursos para ela se tratar no exterior - VerdadeOn","og_description":"Maria Clara tem 10 anos e precisa de R$ 700 mil para fazer um tratamento especial contra um tumor cerebral na Espanha &nbsp; Mais um evento [\u2026]","og_url":"https:\/\/verdadeon.com.br\/portal\/2022\/08\/31\/happy-hour-da-maria-arrecadara-recursos-para-ela-se-tratar-contra-o-cancer-no-exterior\/","og_site_name":"VerdadeOn","article_published_time":"2022-08-31T20:07:04+00:00","article_modified_time":"2022-08-31T21:43:24+00:00","og_image":[{"width":1000,"height":670,"url":"https:\/\/verdadeon.com.br\/portal\/wp-content\/uploads\/2022\/08\/Maria-Clara-Costa-faz-campanha-para-tratar-tumor-cerebral-na-Espanha-2-983x1024-1.jpg","type":"image\/jpeg"}],"author":"Nelise Luques","twitter_card":"summary_large_image","twitter_misc":{"Escrito por":"Nelise Luques","Est. tempo de leitura":"3 minutos"},"schema":{"@context":"https:\/\/schema.org","@graph":[{"@type":"WebPage","@id":"https:\/\/verdadeon.com.br\/portal\/2022\/08\/31\/happy-hour-da-maria-arrecadara-recursos-para-ela-se-tratar-contra-o-cancer-no-exterior\/","url":"https:\/\/verdadeon.com.br\/portal\/2022\/08\/31\/happy-hour-da-maria-arrecadara-recursos-para-ela-se-tratar-contra-o-cancer-no-exterior\/","name":"'Happy Hour da Maria' arrecadar\u00e1 recursos para ela se tratar no exterior - VerdadeOn","isPartOf":{"@id":"https:\/\/verdadeon.com.br\/portal\/#website"},"primaryImageOfPage":{"@id":"https:\/\/verdadeon.com.br\/portal\/2022\/08\/31\/happy-hour-da-maria-arrecadara-recursos-para-ela-se-tratar-contra-o-cancer-no-exterior\/#primaryimage"},"image":{"@id":"https:\/\/verdadeon.com.br\/portal\/2022\/08\/31\/happy-hour-da-maria-arrecadara-recursos-para-ela-se-tratar-contra-o-cancer-no-exterior\/#primaryimage"},"thumbnailUrl":"https:\/\/i0.wp.com\/verdadeon.com.br\/portal\/wp-content\/uploads\/2022\/08\/Maria-Clara-Costa-faz-campanha-para-tratar-tumor-cerebral-na-Espanha-2-983x1024-1.jpg?fit=1000%2C670&ssl=1","datePublished":"2022-08-31T20:07:04+00:00","dateModified":"2022-08-31T21:43:24+00:00","author":{"@id":"https:\/\/verdadeon.com.br\/portal\/#\/schema\/person\/8248726d36015c1916636fabb175d972"},"breadcrumb":{"@id":"https:\/\/verdadeon.com.br\/portal\/2022\/08\/31\/happy-hour-da-maria-arrecadara-recursos-para-ela-se-tratar-contra-o-cancer-no-exterior\/#breadcrumb"},"inLanguage":"pt-BR","potentialAction":[{"@type":"ReadAction","target":["https:\/\/verdadeon.com.br\/portal\/2022\/08\/31\/happy-hour-da-maria-arrecadara-recursos-para-ela-se-tratar-contra-o-cancer-no-exterior\/"]}]},{"@type":"ImageObject","inLanguage":"pt-BR","@id":"https:\/\/verdadeon.com.br\/portal\/2022\/08\/31\/happy-hour-da-maria-arrecadara-recursos-para-ela-se-tratar-contra-o-cancer-no-exterior\/#primaryimage","url":"https:\/\/i0.wp.com\/verdadeon.com.br\/portal\/wp-content\/uploads\/2022\/08\/Maria-Clara-Costa-faz-campanha-para-tratar-tumor-cerebral-na-Espanha-2-983x1024-1.jpg?fit=1000%2C670&ssl=1","contentUrl":"https:\/\/i0.wp.com\/verdadeon.com.br\/portal\/wp-content\/uploads\/2022\/08\/Maria-Clara-Costa-faz-campanha-para-tratar-tumor-cerebral-na-Espanha-2-983x1024-1.jpg?fit=1000%2C670&ssl=1","width":1000,"height":670,"caption":"Maria Clara Costa, com os pais, Bruno Miranda e J\u00e9ssica Costa Lamarca. Fam\u00edlia realiza campanha para levantar recursos para filha tratar tumor cerebral na Espanha | Foto: Arquivo Pessoal"},{"@type":"BreadcrumbList","@id":"https:\/\/verdadeon.com.br\/portal\/2022\/08\/31\/happy-hour-da-maria-arrecadara-recursos-para-ela-se-tratar-contra-o-cancer-no-exterior\/#breadcrumb","itemListElement":[{"@type":"ListItem","position":1,"name":"In\u00edcio","item":"https:\/\/verdadeon.com.br\/portal\/"},{"@type":"ListItem","position":2,"name":"&#8216;Happy Hour da Maria&#8217; arrecadar\u00e1 recursos para ela se tratar no exterior"}]},{"@type":"WebSite","@id":"https:\/\/verdadeon.com.br\/portal\/#website","url":"https:\/\/verdadeon.com.br\/portal\/","name":"VerdadeOn","description":"Not\u00edcias di\u00e1rias sobre Franca, Regi\u00e3o, Esporte, Cultura, Cotidiano, Colunas. Cobertura nos principais eventos da cidade \u00e9 aqui - Verdadeon Franca","potentialAction":[{"@type":"SearchAction","target":{"@type":"EntryPoint","urlTemplate":"https:\/\/verdadeon.com.br\/portal\/?s={search_term_string}"},"query-input":{"@type":"PropertyValueSpecification","valueRequired":true,"valueName":"search_term_string"}}],"inLanguage":"pt-BR"},{"@type":"Person","@id":"https:\/\/verdadeon.com.br\/portal\/#\/schema\/person\/8248726d36015c1916636fabb175d972","name":"Nelise Luques","image":{"@type":"ImageObject","inLanguage":"pt-BR","@id":"https:\/\/verdadeon.com.br\/portal\/#\/schema\/person\/image\/","url":"https:\/\/secure.gravatar.com\/avatar\/29b2a17f5bcadeb827411b66f48ac13c3e0ecaf5906c0f5745ecc5d41c24eada?s=96&d=mm&r=g","contentUrl":"https:\/\/secure.gravatar.com\/avatar\/29b2a17f5bcadeb827411b66f48ac13c3e0ecaf5906c0f5745ecc5d41c24eada?s=96&d=mm&r=g","caption":"Nelise Luques"},"url":"https:\/\/verdadeon.com.br\/portal\/author\/verdade\/"}]}},"jetpack_publicize_connections":[],"jetpack_featured_media_url":"https:\/\/i0.wp.com\/verdadeon.com.br\/portal\/wp-content\/uploads\/2022\/08\/Maria-Clara-Costa-faz-campanha-para-tratar-tumor-cerebral-na-Espanha-2-983x1024-1.jpg?fit=1000%2C670&ssl=1","jetpack_sharing_enabled":true,"_links":{"self":[{"href":"https:\/\/verdadeon.com.br\/portal\/wp-json\/wp\/v2\/posts\/27627","targetHints":{"allow":["GET"]}}],"collection":[{"href":"https:\/\/verdadeon.com.br\/portal\/wp-json\/wp\/v2\/posts"}],"about":[{"href":"https:\/\/verdadeon.com.br\/portal\/wp-json\/wp\/v2\/types\/post"}],"author":[{"embeddable":true,"href":"https:\/\/verdadeon.com.br\/portal\/wp-json\/wp\/v2\/users\/12"}],"replies":[{"embeddable":true,"href":"https:\/\/verdadeon.com.br\/portal\/wp-json\/wp\/v2\/comments?post=27627"}],"version-history":[{"count":3,"href":"https:\/\/verdadeon.com.br\/portal\/wp-json\/wp\/v2\/posts\/27627\/revisions"}],"predecessor-version":[{"id":27641,"href":"https:\/\/verdadeon.com.br\/portal\/wp-json\/wp\/v2\/posts\/27627\/revisions\/27641"}],"wp:featuredmedia":[{"embeddable":true,"href":"https:\/\/verdadeon.com.br\/portal\/wp-json\/wp\/v2\/media\/26912"}],"wp:attachment":[{"href":"https:\/\/verdadeon.com.br\/portal\/wp-json\/wp\/v2\/media?parent=27627"}],"wp:term":[{"taxonomy":"category","embeddable":true,"href":"https:\/\/verdadeon.com.br\/portal\/wp-json\/wp\/v2\/categories?post=27627"},{"taxonomy":"post_tag","embeddable":true,"href":"https:\/\/verdadeon.com.br\/portal\/wp-json\/wp\/v2\/tags?post=27627"}],"curies":[{"name":"wp","href":"https:\/\/api.w.org\/{rel}","templated":true}]}}