{"id":27587,"date":"2022-08-30T14:16:47","date_gmt":"2022-08-30T17:16:47","guid":{"rendered":"https:\/\/verdadeon.com.br\/portal\/?p=27587"},"modified":"2022-08-30T14:16:47","modified_gmt":"2022-08-30T17:16:47","slug":"mulher-e-presa-por-trafico-de-drogas-no-residencial-copacabana-em-franca","status":"publish","type":"post","link":"https:\/\/verdadeon.com.br\/portal\/2022\/08\/30\/mulher-e-presa-por-trafico-de-drogas-no-residencial-copacabana-em-franca\/","title":{"rendered":"Mulher \u00e9 presa por tr\u00e1fico de drogas no Residencial Copacabana em Franca"},"content":{"rendered":"<h2>Para a Pol\u00edcia ela afirmou que vendia as drogas como uma forma de complementar a renda<\/h2>\n<p>Uma mulher de 32 anos foi presa por tr\u00e1fico de drogas na manh\u00e3 desta ter\u00e7a-feira na zona norte de Franca, por\u00e7\u00f5es de coca\u00edna, mais de R$ 300, al\u00e9m de materiais para o tr\u00e1fico foram apreendidos na casa da suspeita. Ela foi levada para a Delegacia de Investiga\u00e7\u00f5es Sobre Entorpecentes (DISE) de Franca, onde foi ouvida e ap\u00f3s recolhida ao Sistema Prisional de Franca.<\/p>\n<p>De acordo com o delegado Alan Bazalha Lopes, uma den\u00fancia an\u00f4nima levou os investigadores at\u00e9 o endere\u00e7o da suspeita. Atrav\u00e9s de campanas foram constatadas as supostas irregularidades, j\u00e1 que os investigadores notaram uma movimenta\u00e7\u00e3o t\u00edpica de tr\u00e1fico.<\/p>\n<p>&#8220;Foi solicitado pelo Delegado Titular da DISE mandado de busca domiciliar para o local, o que foi autorizado pelo Poder Judici\u00e1rio. Por volta das 7h00, a equipe deu cumprimento a ordem judicial de busca no local, encontrando a investigada dormindo&#8221;, informou a delegacia.<\/p>\n<p>A mulher n\u00e3o tem registros anteriores na pol\u00edcia, ela confessou que estava realizando o tr\u00e1fico mas como uma forma de completar a renda, j\u00e1 que tem tr\u00eas filhos. Ela foi ouvida e ap\u00f3s presa em flagrante.<\/p>\n<h4>Preso<\/h4>\n<p>Ainda no setor policial, um homem de 44 anos foi preso ap\u00f3s estuprar a enteada dele de 10 anos. De acordo com o registro a v\u00edtima possui defici\u00eancia mental e por conta disso n\u00e3o fala, mas ap\u00f3s suspeitas da fam\u00edlia, um exame confirmou que ela tinha sido v\u00edtima de abuso.<\/p>\n<p>O suspeito que \u00e9 padrasto da menor, chegou a correr e se esconder em uma mata do Jardim Cambu\u00ed, mas foi encontrado pela Pol\u00edcia Militar. Ele foi levado para a Central de Pol\u00edcia Judici\u00e1ria onde foi ouvido e ap\u00f3s preso.<\/p>\n<p>J\u00e1 na zona oeste da cidade, um homem foi preso ap\u00f3s ser flagrado furtando fia\u00e7\u00e3o el\u00e9trica no Jardim Pulicano. Segundo o registro, vizinhos viram quando o suspeito estava retirando a fia\u00e7\u00e3o de um poste e acionaram a Pol\u00edcia Militar. Quando foi abordado, o homem tinha quase 100 metros de fios em um carrinho de m\u00e3o.\u00a0Ele confessou o furto e foi preso.<\/p>\n<p>No \u00faltimo domingo o Jornal Verdade trouxe que Franca registrou 13 furtos por dia em 2022, no total foram 2.846, n\u00famero 35% maior do que o mesmo per\u00edodo do ano passando quando haviam sido registrados 2.100 casos. A Secretaria de Seguran\u00e7a P\u00fablica afirmou que refor\u00e7ou o policiamento e ressaltou a import\u00e2ncia do registro do Boletim de Ocorr\u00eancia.<\/p>\n","protected":false},"excerpt":{"rendered":"<p>Para a Pol\u00edcia ela afirmou que vendia as drogas como uma forma de complementar a renda Uma mulher de 32 anos foi presa por tr\u00e1fico de<span class=\"excerpt-hellip\"> [\u2026]<\/span><\/p>\n","protected":false},"author":7,"featured_media":27591,"comment_status":"open","ping_status":"open","sticky":false,"template":"","format":"standard","meta":{"_jetpack_memberships_contains_paid_content":false,"footnotes":"","jetpack_publicize_message":"","jetpack_publicize_feature_enabled":true,"jetpack_social_post_already_shared":false,"jetpack_social_options":{"image_generator_settings":{"template":"highway","default_image_id":0,"enabled":false},"version":2}},"categories":[28,81],"tags":[],"class_list":["post-27587","post","type-post","status-publish","format-standard","has-post-thumbnail","hentry","category-cotidiano","category-manchete"],"yoast_head":"<!-- This site is optimized with the Yoast SEO plugin v25.6 - https:\/\/yoast.com\/wordpress\/plugins\/seo\/ -->\n<title>Mulher \u00e9 presa por tr\u00e1fico de drogas no Residencial Copacabana em Franca - VerdadeOn<\/title>\n<meta name=\"robots\" content=\"index, follow, max-snippet:-1, max-image-preview:large, max-video-preview:-1\" \/>\n<link rel=\"canonical\" href=\"https:\/\/verdadeon.com.br\/portal\/2022\/08\/30\/mulher-e-presa-por-trafico-de-drogas-no-residencial-copacabana-em-franca\/\" \/>\n<meta property=\"og:locale\" content=\"pt_BR\" \/>\n<meta property=\"og:type\" content=\"article\" \/>\n<meta property=\"og:title\" content=\"Mulher \u00e9 presa por tr\u00e1fico de drogas no Residencial Copacabana em Franca - VerdadeOn\" \/>\n<meta property=\"og:description\" content=\"Para a Pol\u00edcia ela afirmou que vendia as drogas como uma forma de complementar a renda Uma mulher de 32 anos foi presa por tr\u00e1fico de [\u2026]\" \/>\n<meta property=\"og:url\" content=\"https:\/\/verdadeon.com.br\/portal\/2022\/08\/30\/mulher-e-presa-por-trafico-de-drogas-no-residencial-copacabana-em-franca\/\" \/>\n<meta property=\"og:site_name\" content=\"VerdadeOn\" \/>\n<meta property=\"article:published_time\" content=\"2022-08-30T17:16:47+00:00\" \/>\n<meta property=\"og:image\" content=\"https:\/\/verdadeon.com.br\/portal\/wp-content\/uploads\/2022\/08\/WhatsApp-Image-2022-08-30-at-09.54.16.jpeg\" \/>\n\t<meta property=\"og:image:width\" content=\"1600\" \/>\n\t<meta property=\"og:image:height\" content=\"1200\" \/>\n\t<meta property=\"og:image:type\" content=\"image\/jpeg\" \/>\n<meta name=\"author\" content=\"Fernando Lima\" \/>\n<meta name=\"twitter:card\" content=\"summary_large_image\" \/>\n<meta name=\"twitter:label1\" content=\"Escrito por\" \/>\n\t<meta name=\"twitter:data1\" content=\"Fernando Lima\" \/>\n\t<meta name=\"twitter:label2\" content=\"Est. tempo de leitura\" \/>\n\t<meta name=\"twitter:data2\" content=\"3 minutos\" \/>\n<script type=\"application\/ld+json\" class=\"yoast-schema-graph\">{\"@context\":\"https:\/\/schema.org\",\"@graph\":[{\"@type\":\"WebPage\",\"@id\":\"https:\/\/verdadeon.com.br\/portal\/2022\/08\/30\/mulher-e-presa-por-trafico-de-drogas-no-residencial-copacabana-em-franca\/\",\"url\":\"https:\/\/verdadeon.com.br\/portal\/2022\/08\/30\/mulher-e-presa-por-trafico-de-drogas-no-residencial-copacabana-em-franca\/\",\"name\":\"Mulher \u00e9 presa por tr\u00e1fico de drogas no Residencial Copacabana em Franca - VerdadeOn\",\"isPartOf\":{\"@id\":\"https:\/\/verdadeon.com.br\/portal\/#website\"},\"primaryImageOfPage\":{\"@id\":\"https:\/\/verdadeon.com.br\/portal\/2022\/08\/30\/mulher-e-presa-por-trafico-de-drogas-no-residencial-copacabana-em-franca\/#primaryimage\"},\"image\":{\"@id\":\"https:\/\/verdadeon.com.br\/portal\/2022\/08\/30\/mulher-e-presa-por-trafico-de-drogas-no-residencial-copacabana-em-franca\/#primaryimage\"},\"thumbnailUrl\":\"https:\/\/i0.wp.com\/verdadeon.com.br\/portal\/wp-content\/uploads\/2022\/08\/WhatsApp-Image-2022-08-30-at-09.54.16.jpeg?fit=1600%2C1200&ssl=1\",\"datePublished\":\"2022-08-30T17:16:47+00:00\",\"author\":{\"@id\":\"https:\/\/verdadeon.com.br\/portal\/#\/schema\/person\/cc32be22b8e8599387c480bc83e1d11a\"},\"breadcrumb\":{\"@id\":\"https:\/\/verdadeon.com.br\/portal\/2022\/08\/30\/mulher-e-presa-por-trafico-de-drogas-no-residencial-copacabana-em-franca\/#breadcrumb\"},\"inLanguage\":\"pt-BR\",\"potentialAction\":[{\"@type\":\"ReadAction\",\"target\":[\"https:\/\/verdadeon.com.br\/portal\/2022\/08\/30\/mulher-e-presa-por-trafico-de-drogas-no-residencial-copacabana-em-franca\/\"]}]},{\"@type\":\"ImageObject\",\"inLanguage\":\"pt-BR\",\"@id\":\"https:\/\/verdadeon.com.br\/portal\/2022\/08\/30\/mulher-e-presa-por-trafico-de-drogas-no-residencial-copacabana-em-franca\/#primaryimage\",\"url\":\"https:\/\/i0.wp.com\/verdadeon.com.br\/portal\/wp-content\/uploads\/2022\/08\/WhatsApp-Image-2022-08-30-at-09.54.16.jpeg?fit=1600%2C1200&ssl=1\",\"contentUrl\":\"https:\/\/i0.wp.com\/verdadeon.com.br\/portal\/wp-content\/uploads\/2022\/08\/WhatsApp-Image-2022-08-30-at-09.54.16.jpeg?fit=1600%2C1200&ssl=1\",\"width\":1600,\"height\":1200,\"caption\":\"Drogas estavam na casa da mulher no Residencial Copacabana, onde ele mora com os tr\u00eas filhos | Foto: Divulga\u00e7\u00e3o DISE\"},{\"@type\":\"BreadcrumbList\",\"@id\":\"https:\/\/verdadeon.com.br\/portal\/2022\/08\/30\/mulher-e-presa-por-trafico-de-drogas-no-residencial-copacabana-em-franca\/#breadcrumb\",\"itemListElement\":[{\"@type\":\"ListItem\",\"position\":1,\"name\":\"In\u00edcio\",\"item\":\"https:\/\/verdadeon.com.br\/portal\/\"},{\"@type\":\"ListItem\",\"position\":2,\"name\":\"Mulher \u00e9 presa por tr\u00e1fico de drogas no Residencial Copacabana em Franca\"}]},{\"@type\":\"WebSite\",\"@id\":\"https:\/\/verdadeon.com.br\/portal\/#website\",\"url\":\"https:\/\/verdadeon.com.br\/portal\/\",\"name\":\"VerdadeOn\",\"description\":\"Not\u00edcias di\u00e1rias sobre Franca, Regi\u00e3o, Esporte, Cultura, Cotidiano, Colunas. Cobertura nos principais eventos da cidade \u00e9 aqui - Verdadeon Franca\",\"potentialAction\":[{\"@type\":\"SearchAction\",\"target\":{\"@type\":\"EntryPoint\",\"urlTemplate\":\"https:\/\/verdadeon.com.br\/portal\/?s={search_term_string}\"},\"query-input\":{\"@type\":\"PropertyValueSpecification\",\"valueRequired\":true,\"valueName\":\"search_term_string\"}}],\"inLanguage\":\"pt-BR\"},{\"@type\":\"Person\",\"@id\":\"https:\/\/verdadeon.com.br\/portal\/#\/schema\/person\/cc32be22b8e8599387c480bc83e1d11a\",\"name\":\"Fernando Lima\",\"image\":{\"@type\":\"ImageObject\",\"inLanguage\":\"pt-BR\",\"@id\":\"https:\/\/verdadeon.com.br\/portal\/#\/schema\/person\/image\/\",\"url\":\"https:\/\/secure.gravatar.com\/avatar\/df4c8e132080d2b3a4841d5d232045464e0eed11a1d6e43115ca0843d48768d3?s=96&d=mm&r=g\",\"contentUrl\":\"https:\/\/secure.gravatar.com\/avatar\/df4c8e132080d2b3a4841d5d232045464e0eed11a1d6e43115ca0843d48768d3?s=96&d=mm&r=g\",\"caption\":\"Fernando Lima\"},\"sameAs\":[\"http:\/\/verdadeon.com.br\/\"],\"url\":\"https:\/\/verdadeon.com.br\/portal\/author\/fernando-lima\/\"}]}<\/script>\n<!-- \/ Yoast SEO plugin. -->","yoast_head_json":{"title":"Mulher \u00e9 presa por tr\u00e1fico de drogas no Residencial Copacabana em Franca - VerdadeOn","robots":{"index":"index","follow":"follow","max-snippet":"max-snippet:-1","max-image-preview":"max-image-preview:large","max-video-preview":"max-video-preview:-1"},"canonical":"https:\/\/verdadeon.com.br\/portal\/2022\/08\/30\/mulher-e-presa-por-trafico-de-drogas-no-residencial-copacabana-em-franca\/","og_locale":"pt_BR","og_type":"article","og_title":"Mulher \u00e9 presa por tr\u00e1fico de drogas no Residencial Copacabana em Franca - VerdadeOn","og_description":"Para a Pol\u00edcia ela afirmou que vendia as drogas como uma forma de complementar a renda Uma mulher de 32 anos foi presa por tr\u00e1fico de [\u2026]","og_url":"https:\/\/verdadeon.com.br\/portal\/2022\/08\/30\/mulher-e-presa-por-trafico-de-drogas-no-residencial-copacabana-em-franca\/","og_site_name":"VerdadeOn","article_published_time":"2022-08-30T17:16:47+00:00","og_image":[{"width":1600,"height":1200,"url":"https:\/\/verdadeon.com.br\/portal\/wp-content\/uploads\/2022\/08\/WhatsApp-Image-2022-08-30-at-09.54.16.jpeg","type":"image\/jpeg"}],"author":"Fernando Lima","twitter_card":"summary_large_image","twitter_misc":{"Escrito por":"Fernando Lima","Est. tempo de leitura":"3 minutos"},"schema":{"@context":"https:\/\/schema.org","@graph":[{"@type":"WebPage","@id":"https:\/\/verdadeon.com.br\/portal\/2022\/08\/30\/mulher-e-presa-por-trafico-de-drogas-no-residencial-copacabana-em-franca\/","url":"https:\/\/verdadeon.com.br\/portal\/2022\/08\/30\/mulher-e-presa-por-trafico-de-drogas-no-residencial-copacabana-em-franca\/","name":"Mulher \u00e9 presa por tr\u00e1fico de drogas no Residencial Copacabana em Franca - VerdadeOn","isPartOf":{"@id":"https:\/\/verdadeon.com.br\/portal\/#website"},"primaryImageOfPage":{"@id":"https:\/\/verdadeon.com.br\/portal\/2022\/08\/30\/mulher-e-presa-por-trafico-de-drogas-no-residencial-copacabana-em-franca\/#primaryimage"},"image":{"@id":"https:\/\/verdadeon.com.br\/portal\/2022\/08\/30\/mulher-e-presa-por-trafico-de-drogas-no-residencial-copacabana-em-franca\/#primaryimage"},"thumbnailUrl":"https:\/\/i0.wp.com\/verdadeon.com.br\/portal\/wp-content\/uploads\/2022\/08\/WhatsApp-Image-2022-08-30-at-09.54.16.jpeg?fit=1600%2C1200&ssl=1","datePublished":"2022-08-30T17:16:47+00:00","author":{"@id":"https:\/\/verdadeon.com.br\/portal\/#\/schema\/person\/cc32be22b8e8599387c480bc83e1d11a"},"breadcrumb":{"@id":"https:\/\/verdadeon.com.br\/portal\/2022\/08\/30\/mulher-e-presa-por-trafico-de-drogas-no-residencial-copacabana-em-franca\/#breadcrumb"},"inLanguage":"pt-BR","potentialAction":[{"@type":"ReadAction","target":["https:\/\/verdadeon.com.br\/portal\/2022\/08\/30\/mulher-e-presa-por-trafico-de-drogas-no-residencial-copacabana-em-franca\/"]}]},{"@type":"ImageObject","inLanguage":"pt-BR","@id":"https:\/\/verdadeon.com.br\/portal\/2022\/08\/30\/mulher-e-presa-por-trafico-de-drogas-no-residencial-copacabana-em-franca\/#primaryimage","url":"https:\/\/i0.wp.com\/verdadeon.com.br\/portal\/wp-content\/uploads\/2022\/08\/WhatsApp-Image-2022-08-30-at-09.54.16.jpeg?fit=1600%2C1200&ssl=1","contentUrl":"https:\/\/i0.wp.com\/verdadeon.com.br\/portal\/wp-content\/uploads\/2022\/08\/WhatsApp-Image-2022-08-30-at-09.54.16.jpeg?fit=1600%2C1200&ssl=1","width":1600,"height":1200,"caption":"Drogas estavam na casa da mulher no Residencial Copacabana, onde ele mora com os tr\u00eas filhos | Foto: Divulga\u00e7\u00e3o DISE"},{"@type":"BreadcrumbList","@id":"https:\/\/verdadeon.com.br\/portal\/2022\/08\/30\/mulher-e-presa-por-trafico-de-drogas-no-residencial-copacabana-em-franca\/#breadcrumb","itemListElement":[{"@type":"ListItem","position":1,"name":"In\u00edcio","item":"https:\/\/verdadeon.com.br\/portal\/"},{"@type":"ListItem","position":2,"name":"Mulher \u00e9 presa por tr\u00e1fico de drogas no Residencial Copacabana em Franca"}]},{"@type":"WebSite","@id":"https:\/\/verdadeon.com.br\/portal\/#website","url":"https:\/\/verdadeon.com.br\/portal\/","name":"VerdadeOn","description":"Not\u00edcias di\u00e1rias sobre Franca, Regi\u00e3o, Esporte, Cultura, Cotidiano, Colunas. Cobertura nos principais eventos da cidade \u00e9 aqui - Verdadeon Franca","potentialAction":[{"@type":"SearchAction","target":{"@type":"EntryPoint","urlTemplate":"https:\/\/verdadeon.com.br\/portal\/?s={search_term_string}"},"query-input":{"@type":"PropertyValueSpecification","valueRequired":true,"valueName":"search_term_string"}}],"inLanguage":"pt-BR"},{"@type":"Person","@id":"https:\/\/verdadeon.com.br\/portal\/#\/schema\/person\/cc32be22b8e8599387c480bc83e1d11a","name":"Fernando Lima","image":{"@type":"ImageObject","inLanguage":"pt-BR","@id":"https:\/\/verdadeon.com.br\/portal\/#\/schema\/person\/image\/","url":"https:\/\/secure.gravatar.com\/avatar\/df4c8e132080d2b3a4841d5d232045464e0eed11a1d6e43115ca0843d48768d3?s=96&d=mm&r=g","contentUrl":"https:\/\/secure.gravatar.com\/avatar\/df4c8e132080d2b3a4841d5d232045464e0eed11a1d6e43115ca0843d48768d3?s=96&d=mm&r=g","caption":"Fernando Lima"},"sameAs":["http:\/\/verdadeon.com.br\/"],"url":"https:\/\/verdadeon.com.br\/portal\/author\/fernando-lima\/"}]}},"jetpack_publicize_connections":[],"jetpack_featured_media_url":"https:\/\/i0.wp.com\/verdadeon.com.br\/portal\/wp-content\/uploads\/2022\/08\/WhatsApp-Image-2022-08-30-at-09.54.16.jpeg?fit=1600%2C1200&ssl=1","jetpack_sharing_enabled":true,"_links":{"self":[{"href":"https:\/\/verdadeon.com.br\/portal\/wp-json\/wp\/v2\/posts\/27587","targetHints":{"allow":["GET"]}}],"collection":[{"href":"https:\/\/verdadeon.com.br\/portal\/wp-json\/wp\/v2\/posts"}],"about":[{"href":"https:\/\/verdadeon.com.br\/portal\/wp-json\/wp\/v2\/types\/post"}],"author":[{"embeddable":true,"href":"https:\/\/verdadeon.com.br\/portal\/wp-json\/wp\/v2\/users\/7"}],"replies":[{"embeddable":true,"href":"https:\/\/verdadeon.com.br\/portal\/wp-json\/wp\/v2\/comments?post=27587"}],"version-history":[{"count":1,"href":"https:\/\/verdadeon.com.br\/portal\/wp-json\/wp\/v2\/posts\/27587\/revisions"}],"predecessor-version":[{"id":27592,"href":"https:\/\/verdadeon.com.br\/portal\/wp-json\/wp\/v2\/posts\/27587\/revisions\/27592"}],"wp:featuredmedia":[{"embeddable":true,"href":"https:\/\/verdadeon.com.br\/portal\/wp-json\/wp\/v2\/media\/27591"}],"wp:attachment":[{"href":"https:\/\/verdadeon.com.br\/portal\/wp-json\/wp\/v2\/media?parent=27587"}],"wp:term":[{"taxonomy":"category","embeddable":true,"href":"https:\/\/verdadeon.com.br\/portal\/wp-json\/wp\/v2\/categories?post=27587"},{"taxonomy":"post_tag","embeddable":true,"href":"https:\/\/verdadeon.com.br\/portal\/wp-json\/wp\/v2\/tags?post=27587"}],"curies":[{"name":"wp","href":"https:\/\/api.w.org\/{rel}","templated":true}]}}