{"id":27562,"date":"2022-08-29T17:36:04","date_gmt":"2022-08-29T20:36:04","guid":{"rendered":"https:\/\/verdadeon.com.br\/portal\/?p=27562"},"modified":"2022-08-29T17:36:04","modified_gmt":"2022-08-29T20:36:04","slug":"apos-tres-derrotas-consecutivas-sesi-franca-busca-reabilitacao-no-paulista-de-basquete","status":"publish","type":"post","link":"https:\/\/verdadeon.com.br\/portal\/2022\/08\/29\/apos-tres-derrotas-consecutivas-sesi-franca-busca-reabilitacao-no-paulista-de-basquete\/","title":{"rendered":"Ap\u00f3s tr\u00eas derrotas consecutivas, Sesi Franca busca reabilita\u00e7\u00e3o no Paulista de Basquete"},"content":{"rendered":"<h2>Equipe ocupa quarto lugar na classifica\u00e7\u00e3o do campeonato, desfalques continuam por conta da sele\u00e7\u00e3o<\/h2>\n<p>Ap\u00f3s tr\u00eas derrotas consecutivas o Sesi Franca Basquete entra em quadra nesta ter\u00e7a-feira (30), contra o S\u00e3o Jos\u00e9. A partida ser\u00e1 no Pedroc\u00e3o \u00e0s 20h10, com transmiss\u00e3o do canal do time no Youtube.<\/p>\n<p>A partida ser\u00e1 dif\u00edcil para os francanos por conta de importantes desfalques, j\u00e1 que Georginho, Lucas Dias e Lucas Mariano seguem com a Sele\u00e7\u00e3o Brasileira, juntamente com o t\u00e9cnico Helinho Garcia, ao mesmo tempo David Jackson estar\u00e1 de volta ap\u00f3s se recuperar de uma contus\u00e3o.<\/p>\n<p>Atual campe\u00e3o do Novo Basquete Brasil (NBB), o Franca vem de tr\u00eas derrotas consecutivas no campeonato Paulista, ocupando um quarto lugar na tabela, atr\u00e1s do Paulistano, Bauru e S\u00e3o Paulo.<\/p>\n<p>A primeira derrota veio no dia 17 de agosto, contra o Paulistano, o placar fechou em 67 a 69 para os advers\u00e1rios que garantiram a vit\u00f3ria na \u00faltima bola, os francanos lutaram at\u00e9 o fim.<\/p>\n<p>No dia 19 de agosto o algoz foi o Corinthians, com um placar bem mais el\u00e1stico, 88 a 82.<\/p>\n<p>A derrota com a maior diferen\u00e7a de pontos veio na partida seguinte, contra o atual campe\u00e3o estadual S\u00e3o Paulo, no dia 24 de agosto, foram amargos 97 pontos contra apenas 68 do time de Franca. \u00a0\u00a0\u201cFugiu um pouco o jogo da nossa m\u00e3o no segundo tempo, ainda conseguimos controlar um pouco o \u00edmpeto do S\u00e3o Paulo. A gente teve um bom aproveitamento no primeiro tempo, mas uma defesa muito aqu\u00e9m do que conversamos no vesti\u00e1rio no final do jogo. Entramos respeitando demais e n\u00e3o pressionamos da forma que a gente tinha proposto defender\u201d, disse o auxiliar t\u00e9cnico do Franca, Pablo Costa.<\/p>\n<p>\u201cO que est\u00e1 acontecendo? Os &#8220;Lucas&#8221; e o Georginho fazem tanta falta assim? Temos grandes jogadores, e a equipe est\u00e1 acostumado com a press\u00e3o!\u201d, escreveu um internauta durante a transmiss\u00e3o do canal do Youtube do time.<\/p>\n","protected":false},"excerpt":{"rendered":"<p>Equipe ocupa quarto lugar na classifica\u00e7\u00e3o do campeonato, desfalques continuam por conta da sele\u00e7\u00e3o Ap\u00f3s tr\u00eas derrotas consecutivas o Sesi Franca Basquete entra em quadra nesta<span class=\"excerpt-hellip\"> [\u2026]<\/span><\/p>\n","protected":false},"author":7,"featured_media":27565,"comment_status":"open","ping_status":"open","sticky":false,"template":"","format":"standard","meta":{"_jetpack_memberships_contains_paid_content":false,"footnotes":"","jetpack_publicize_message":"","jetpack_publicize_feature_enabled":true,"jetpack_social_post_already_shared":false,"jetpack_social_options":{"image_generator_settings":{"template":"highway","default_image_id":0,"enabled":false},"version":2}},"categories":[28,81],"tags":[],"class_list":["post-27562","post","type-post","status-publish","format-standard","has-post-thumbnail","hentry","category-cotidiano","category-manchete"],"yoast_head":"<!-- This site is optimized with the Yoast SEO plugin v25.6 - https:\/\/yoast.com\/wordpress\/plugins\/seo\/ -->\n<title>Ap\u00f3s tr\u00eas derrotas consecutivas, Sesi Franca busca reabilita\u00e7\u00e3o no Paulista de Basquete - VerdadeOn<\/title>\n<meta name=\"robots\" content=\"index, follow, max-snippet:-1, max-image-preview:large, max-video-preview:-1\" \/>\n<link rel=\"canonical\" href=\"https:\/\/verdadeon.com.br\/portal\/2022\/08\/29\/apos-tres-derrotas-consecutivas-sesi-franca-busca-reabilitacao-no-paulista-de-basquete\/\" \/>\n<meta property=\"og:locale\" content=\"pt_BR\" \/>\n<meta property=\"og:type\" content=\"article\" \/>\n<meta property=\"og:title\" content=\"Ap\u00f3s tr\u00eas derrotas consecutivas, Sesi Franca busca reabilita\u00e7\u00e3o no Paulista de Basquete - VerdadeOn\" \/>\n<meta property=\"og:description\" content=\"Equipe ocupa quarto lugar na classifica\u00e7\u00e3o do campeonato, desfalques continuam por conta da sele\u00e7\u00e3o Ap\u00f3s tr\u00eas derrotas consecutivas o Sesi Franca Basquete entra em quadra nesta [\u2026]\" \/>\n<meta property=\"og:url\" content=\"https:\/\/verdadeon.com.br\/portal\/2022\/08\/29\/apos-tres-derrotas-consecutivas-sesi-franca-busca-reabilitacao-no-paulista-de-basquete\/\" \/>\n<meta property=\"og:site_name\" content=\"VerdadeOn\" \/>\n<meta property=\"article:published_time\" content=\"2022-08-29T20:36:04+00:00\" \/>\n<meta property=\"og:image\" content=\"https:\/\/verdadeon.com.br\/portal\/wp-content\/uploads\/2022\/08\/WhatsApp-Image-2022-08-24-at-20.34.31-e1661805172982.jpeg\" \/>\n\t<meta property=\"og:image:width\" content=\"1001\" \/>\n\t<meta property=\"og:image:height\" content=\"668\" \/>\n\t<meta property=\"og:image:type\" content=\"image\/jpeg\" \/>\n<meta name=\"author\" content=\"Fernando Lima\" \/>\n<meta name=\"twitter:card\" content=\"summary_large_image\" \/>\n<meta name=\"twitter:label1\" content=\"Escrito por\" \/>\n\t<meta name=\"twitter:data1\" content=\"Fernando Lima\" \/>\n\t<meta name=\"twitter:label2\" content=\"Est. tempo de leitura\" \/>\n\t<meta name=\"twitter:data2\" content=\"2 minutos\" \/>\n<script type=\"application\/ld+json\" class=\"yoast-schema-graph\">{\"@context\":\"https:\/\/schema.org\",\"@graph\":[{\"@type\":\"WebPage\",\"@id\":\"https:\/\/verdadeon.com.br\/portal\/2022\/08\/29\/apos-tres-derrotas-consecutivas-sesi-franca-busca-reabilitacao-no-paulista-de-basquete\/\",\"url\":\"https:\/\/verdadeon.com.br\/portal\/2022\/08\/29\/apos-tres-derrotas-consecutivas-sesi-franca-busca-reabilitacao-no-paulista-de-basquete\/\",\"name\":\"Ap\u00f3s tr\u00eas derrotas consecutivas, Sesi Franca busca reabilita\u00e7\u00e3o no Paulista de Basquete - VerdadeOn\",\"isPartOf\":{\"@id\":\"https:\/\/verdadeon.com.br\/portal\/#website\"},\"primaryImageOfPage\":{\"@id\":\"https:\/\/verdadeon.com.br\/portal\/2022\/08\/29\/apos-tres-derrotas-consecutivas-sesi-franca-busca-reabilitacao-no-paulista-de-basquete\/#primaryimage\"},\"image\":{\"@id\":\"https:\/\/verdadeon.com.br\/portal\/2022\/08\/29\/apos-tres-derrotas-consecutivas-sesi-franca-busca-reabilitacao-no-paulista-de-basquete\/#primaryimage\"},\"thumbnailUrl\":\"https:\/\/i0.wp.com\/verdadeon.com.br\/portal\/wp-content\/uploads\/2022\/08\/WhatsApp-Image-2022-08-24-at-20.34.31-e1661805172982.jpeg?fit=1001%2C668&ssl=1\",\"datePublished\":\"2022-08-29T20:36:04+00:00\",\"author\":{\"@id\":\"https:\/\/verdadeon.com.br\/portal\/#\/schema\/person\/cc32be22b8e8599387c480bc83e1d11a\"},\"breadcrumb\":{\"@id\":\"https:\/\/verdadeon.com.br\/portal\/2022\/08\/29\/apos-tres-derrotas-consecutivas-sesi-franca-busca-reabilitacao-no-paulista-de-basquete\/#breadcrumb\"},\"inLanguage\":\"pt-BR\",\"potentialAction\":[{\"@type\":\"ReadAction\",\"target\":[\"https:\/\/verdadeon.com.br\/portal\/2022\/08\/29\/apos-tres-derrotas-consecutivas-sesi-franca-busca-reabilitacao-no-paulista-de-basquete\/\"]}]},{\"@type\":\"ImageObject\",\"inLanguage\":\"pt-BR\",\"@id\":\"https:\/\/verdadeon.com.br\/portal\/2022\/08\/29\/apos-tres-derrotas-consecutivas-sesi-franca-busca-reabilitacao-no-paulista-de-basquete\/#primaryimage\",\"url\":\"https:\/\/i0.wp.com\/verdadeon.com.br\/portal\/wp-content\/uploads\/2022\/08\/WhatsApp-Image-2022-08-24-at-20.34.31-e1661805172982.jpeg?fit=1001%2C668&ssl=1\",\"contentUrl\":\"https:\/\/i0.wp.com\/verdadeon.com.br\/portal\/wp-content\/uploads\/2022\/08\/WhatsApp-Image-2022-08-24-at-20.34.31-e1661805172982.jpeg?fit=1001%2C668&ssl=1\",\"width\":1001,\"height\":668,\"caption\":\"Na \u00faltima partida realizada contra o S\u00e3o Paulo, na casa do advers\u00e1rio, os francanos foram atropelados pelos atuais campe\u00f5es do Paulista | Foto: Marcos Limonti \/SFB\"},{\"@type\":\"BreadcrumbList\",\"@id\":\"https:\/\/verdadeon.com.br\/portal\/2022\/08\/29\/apos-tres-derrotas-consecutivas-sesi-franca-busca-reabilitacao-no-paulista-de-basquete\/#breadcrumb\",\"itemListElement\":[{\"@type\":\"ListItem\",\"position\":1,\"name\":\"In\u00edcio\",\"item\":\"https:\/\/verdadeon.com.br\/portal\/\"},{\"@type\":\"ListItem\",\"position\":2,\"name\":\"Ap\u00f3s tr\u00eas derrotas consecutivas, Sesi Franca busca reabilita\u00e7\u00e3o no Paulista de Basquete\"}]},{\"@type\":\"WebSite\",\"@id\":\"https:\/\/verdadeon.com.br\/portal\/#website\",\"url\":\"https:\/\/verdadeon.com.br\/portal\/\",\"name\":\"VerdadeOn\",\"description\":\"Not\u00edcias di\u00e1rias sobre Franca, Regi\u00e3o, Esporte, Cultura, Cotidiano, Colunas. Cobertura nos principais eventos da cidade \u00e9 aqui - Verdadeon Franca\",\"potentialAction\":[{\"@type\":\"SearchAction\",\"target\":{\"@type\":\"EntryPoint\",\"urlTemplate\":\"https:\/\/verdadeon.com.br\/portal\/?s={search_term_string}\"},\"query-input\":{\"@type\":\"PropertyValueSpecification\",\"valueRequired\":true,\"valueName\":\"search_term_string\"}}],\"inLanguage\":\"pt-BR\"},{\"@type\":\"Person\",\"@id\":\"https:\/\/verdadeon.com.br\/portal\/#\/schema\/person\/cc32be22b8e8599387c480bc83e1d11a\",\"name\":\"Fernando Lima\",\"image\":{\"@type\":\"ImageObject\",\"inLanguage\":\"pt-BR\",\"@id\":\"https:\/\/verdadeon.com.br\/portal\/#\/schema\/person\/image\/\",\"url\":\"https:\/\/secure.gravatar.com\/avatar\/df4c8e132080d2b3a4841d5d232045464e0eed11a1d6e43115ca0843d48768d3?s=96&d=mm&r=g\",\"contentUrl\":\"https:\/\/secure.gravatar.com\/avatar\/df4c8e132080d2b3a4841d5d232045464e0eed11a1d6e43115ca0843d48768d3?s=96&d=mm&r=g\",\"caption\":\"Fernando Lima\"},\"sameAs\":[\"http:\/\/verdadeon.com.br\/\"],\"url\":\"https:\/\/verdadeon.com.br\/portal\/author\/fernando-lima\/\"}]}<\/script>\n<!-- \/ Yoast SEO plugin. -->","yoast_head_json":{"title":"Ap\u00f3s tr\u00eas derrotas consecutivas, Sesi Franca busca reabilita\u00e7\u00e3o no Paulista de Basquete - VerdadeOn","robots":{"index":"index","follow":"follow","max-snippet":"max-snippet:-1","max-image-preview":"max-image-preview:large","max-video-preview":"max-video-preview:-1"},"canonical":"https:\/\/verdadeon.com.br\/portal\/2022\/08\/29\/apos-tres-derrotas-consecutivas-sesi-franca-busca-reabilitacao-no-paulista-de-basquete\/","og_locale":"pt_BR","og_type":"article","og_title":"Ap\u00f3s tr\u00eas derrotas consecutivas, Sesi Franca busca reabilita\u00e7\u00e3o no Paulista de Basquete - VerdadeOn","og_description":"Equipe ocupa quarto lugar na classifica\u00e7\u00e3o do campeonato, desfalques continuam por conta da sele\u00e7\u00e3o Ap\u00f3s tr\u00eas derrotas consecutivas o Sesi Franca Basquete entra em quadra nesta [\u2026]","og_url":"https:\/\/verdadeon.com.br\/portal\/2022\/08\/29\/apos-tres-derrotas-consecutivas-sesi-franca-busca-reabilitacao-no-paulista-de-basquete\/","og_site_name":"VerdadeOn","article_published_time":"2022-08-29T20:36:04+00:00","og_image":[{"width":1001,"height":668,"url":"https:\/\/verdadeon.com.br\/portal\/wp-content\/uploads\/2022\/08\/WhatsApp-Image-2022-08-24-at-20.34.31-e1661805172982.jpeg","type":"image\/jpeg"}],"author":"Fernando Lima","twitter_card":"summary_large_image","twitter_misc":{"Escrito por":"Fernando Lima","Est. tempo de leitura":"2 minutos"},"schema":{"@context":"https:\/\/schema.org","@graph":[{"@type":"WebPage","@id":"https:\/\/verdadeon.com.br\/portal\/2022\/08\/29\/apos-tres-derrotas-consecutivas-sesi-franca-busca-reabilitacao-no-paulista-de-basquete\/","url":"https:\/\/verdadeon.com.br\/portal\/2022\/08\/29\/apos-tres-derrotas-consecutivas-sesi-franca-busca-reabilitacao-no-paulista-de-basquete\/","name":"Ap\u00f3s tr\u00eas derrotas consecutivas, Sesi Franca busca reabilita\u00e7\u00e3o no Paulista de Basquete - VerdadeOn","isPartOf":{"@id":"https:\/\/verdadeon.com.br\/portal\/#website"},"primaryImageOfPage":{"@id":"https:\/\/verdadeon.com.br\/portal\/2022\/08\/29\/apos-tres-derrotas-consecutivas-sesi-franca-busca-reabilitacao-no-paulista-de-basquete\/#primaryimage"},"image":{"@id":"https:\/\/verdadeon.com.br\/portal\/2022\/08\/29\/apos-tres-derrotas-consecutivas-sesi-franca-busca-reabilitacao-no-paulista-de-basquete\/#primaryimage"},"thumbnailUrl":"https:\/\/i0.wp.com\/verdadeon.com.br\/portal\/wp-content\/uploads\/2022\/08\/WhatsApp-Image-2022-08-24-at-20.34.31-e1661805172982.jpeg?fit=1001%2C668&ssl=1","datePublished":"2022-08-29T20:36:04+00:00","author":{"@id":"https:\/\/verdadeon.com.br\/portal\/#\/schema\/person\/cc32be22b8e8599387c480bc83e1d11a"},"breadcrumb":{"@id":"https:\/\/verdadeon.com.br\/portal\/2022\/08\/29\/apos-tres-derrotas-consecutivas-sesi-franca-busca-reabilitacao-no-paulista-de-basquete\/#breadcrumb"},"inLanguage":"pt-BR","potentialAction":[{"@type":"ReadAction","target":["https:\/\/verdadeon.com.br\/portal\/2022\/08\/29\/apos-tres-derrotas-consecutivas-sesi-franca-busca-reabilitacao-no-paulista-de-basquete\/"]}]},{"@type":"ImageObject","inLanguage":"pt-BR","@id":"https:\/\/verdadeon.com.br\/portal\/2022\/08\/29\/apos-tres-derrotas-consecutivas-sesi-franca-busca-reabilitacao-no-paulista-de-basquete\/#primaryimage","url":"https:\/\/i0.wp.com\/verdadeon.com.br\/portal\/wp-content\/uploads\/2022\/08\/WhatsApp-Image-2022-08-24-at-20.34.31-e1661805172982.jpeg?fit=1001%2C668&ssl=1","contentUrl":"https:\/\/i0.wp.com\/verdadeon.com.br\/portal\/wp-content\/uploads\/2022\/08\/WhatsApp-Image-2022-08-24-at-20.34.31-e1661805172982.jpeg?fit=1001%2C668&ssl=1","width":1001,"height":668,"caption":"Na \u00faltima partida realizada contra o S\u00e3o Paulo, na casa do advers\u00e1rio, os francanos foram atropelados pelos atuais campe\u00f5es do Paulista | Foto: Marcos Limonti \/SFB"},{"@type":"BreadcrumbList","@id":"https:\/\/verdadeon.com.br\/portal\/2022\/08\/29\/apos-tres-derrotas-consecutivas-sesi-franca-busca-reabilitacao-no-paulista-de-basquete\/#breadcrumb","itemListElement":[{"@type":"ListItem","position":1,"name":"In\u00edcio","item":"https:\/\/verdadeon.com.br\/portal\/"},{"@type":"ListItem","position":2,"name":"Ap\u00f3s tr\u00eas derrotas consecutivas, Sesi Franca busca reabilita\u00e7\u00e3o no Paulista de Basquete"}]},{"@type":"WebSite","@id":"https:\/\/verdadeon.com.br\/portal\/#website","url":"https:\/\/verdadeon.com.br\/portal\/","name":"VerdadeOn","description":"Not\u00edcias di\u00e1rias sobre Franca, Regi\u00e3o, Esporte, Cultura, Cotidiano, Colunas. Cobertura nos principais eventos da cidade \u00e9 aqui - Verdadeon Franca","potentialAction":[{"@type":"SearchAction","target":{"@type":"EntryPoint","urlTemplate":"https:\/\/verdadeon.com.br\/portal\/?s={search_term_string}"},"query-input":{"@type":"PropertyValueSpecification","valueRequired":true,"valueName":"search_term_string"}}],"inLanguage":"pt-BR"},{"@type":"Person","@id":"https:\/\/verdadeon.com.br\/portal\/#\/schema\/person\/cc32be22b8e8599387c480bc83e1d11a","name":"Fernando Lima","image":{"@type":"ImageObject","inLanguage":"pt-BR","@id":"https:\/\/verdadeon.com.br\/portal\/#\/schema\/person\/image\/","url":"https:\/\/secure.gravatar.com\/avatar\/df4c8e132080d2b3a4841d5d232045464e0eed11a1d6e43115ca0843d48768d3?s=96&d=mm&r=g","contentUrl":"https:\/\/secure.gravatar.com\/avatar\/df4c8e132080d2b3a4841d5d232045464e0eed11a1d6e43115ca0843d48768d3?s=96&d=mm&r=g","caption":"Fernando Lima"},"sameAs":["http:\/\/verdadeon.com.br\/"],"url":"https:\/\/verdadeon.com.br\/portal\/author\/fernando-lima\/"}]}},"jetpack_publicize_connections":[],"jetpack_featured_media_url":"https:\/\/i0.wp.com\/verdadeon.com.br\/portal\/wp-content\/uploads\/2022\/08\/WhatsApp-Image-2022-08-24-at-20.34.31-e1661805172982.jpeg?fit=1001%2C668&ssl=1","jetpack_sharing_enabled":true,"_links":{"self":[{"href":"https:\/\/verdadeon.com.br\/portal\/wp-json\/wp\/v2\/posts\/27562","targetHints":{"allow":["GET"]}}],"collection":[{"href":"https:\/\/verdadeon.com.br\/portal\/wp-json\/wp\/v2\/posts"}],"about":[{"href":"https:\/\/verdadeon.com.br\/portal\/wp-json\/wp\/v2\/types\/post"}],"author":[{"embeddable":true,"href":"https:\/\/verdadeon.com.br\/portal\/wp-json\/wp\/v2\/users\/7"}],"replies":[{"embeddable":true,"href":"https:\/\/verdadeon.com.br\/portal\/wp-json\/wp\/v2\/comments?post=27562"}],"version-history":[{"count":1,"href":"https:\/\/verdadeon.com.br\/portal\/wp-json\/wp\/v2\/posts\/27562\/revisions"}],"predecessor-version":[{"id":27566,"href":"https:\/\/verdadeon.com.br\/portal\/wp-json\/wp\/v2\/posts\/27562\/revisions\/27566"}],"wp:featuredmedia":[{"embeddable":true,"href":"https:\/\/verdadeon.com.br\/portal\/wp-json\/wp\/v2\/media\/27565"}],"wp:attachment":[{"href":"https:\/\/verdadeon.com.br\/portal\/wp-json\/wp\/v2\/media?parent=27562"}],"wp:term":[{"taxonomy":"category","embeddable":true,"href":"https:\/\/verdadeon.com.br\/portal\/wp-json\/wp\/v2\/categories?post=27562"},{"taxonomy":"post_tag","embeddable":true,"href":"https:\/\/verdadeon.com.br\/portal\/wp-json\/wp\/v2\/tags?post=27562"}],"curies":[{"name":"wp","href":"https:\/\/api.w.org\/{rel}","templated":true}]}}