{"id":27560,"date":"2022-08-29T16:21:21","date_gmt":"2022-08-29T19:21:21","guid":{"rendered":"https:\/\/verdadeon.com.br\/portal\/?p=27560"},"modified":"2022-08-29T16:21:21","modified_gmt":"2022-08-29T19:21:21","slug":"nao-abandonem-ele-diz-mae-de-wesley-pires-desaparecido-ha-dois-anos","status":"publish","type":"post","link":"https:\/\/verdadeon.com.br\/portal\/2022\/08\/29\/nao-abandonem-ele-diz-mae-de-wesley-pires-desaparecido-ha-dois-anos\/","title":{"rendered":"&#8216;N\u00e3o abandonem ele\u2019, diz m\u00e3e de Wesley Pires desaparecido h\u00e1 dois anos"},"content":{"rendered":"<h2>Camila Alves fez uma transmiss\u00e3o ao vivo pelo Facebook e desabafou sobre o drama que vive<\/h2>\n<p>Fernando Lima<br \/>\nDois anos, este \u00e9 o tempo que Camila Alves n\u00e3o v\u00ea o rosto do filho dela de perto, apenas por fotos e imagens de circuitos de c\u00e2meras de seguran\u00e7a que rodaram o pa\u00eds.<br \/>\nNem mesmo esta repercuss\u00e3o nacional do caso e a circula\u00e7\u00e3o massiva das imagens foram suficientes para que o paradeiro de Wesley fosse desvendado, aliado a isso, buscas foram realizadas pela Pol\u00edcia Militar e Civil, al\u00e9m de um trabalho paralelo da fam\u00edlia, n\u00e3o apenas em Franca, mas em toda a regi\u00e3o, em cidades do estado de Minas Gerais, al\u00e9m de munic\u00edpios do ABC Paulista e no litoral, mas nada, absolutamente nada disso, fez com que o garoto fosse encontrado.<br \/>\n\u201cEu sigo esperando uma pista, uma not\u00edcia verdadeira, eu espero que ela apare\u00e7a. Espero algu\u00e9m que saiba o que aconteceu, seja uma coisa boa ou coisa ruim, eu preciso saber\u201d, desabafou Camila nas redes sociais.<br \/>\nA \u00faltima transmiss\u00e3o realizada pela m\u00e3e de Wesley foi em abril, ela explicou que decidiu se afastar das redes sociais por conta dos ataques que ela e a fam\u00edlia sofreram durante todo o tempo do desaparecimento.<br \/>\nSegundo a mulher, algumas pessoas chegaram a dizer que ela e o marido eram traficantes, e que o menino tinha sido levado por conta de d\u00edvidas, o que foi negado por ela, dizendo que n\u00e3o tem nada a esconder.<br \/>\n\u201cEu preciso que as pessoas denunciem no lugar certo, que \u00e9 na delegacia. Se chegar den\u00fancia e mostrar a verdade na den\u00fancia, eles v\u00e3o\u201d, disse na transmiss\u00e3o.<\/p>\n<h4>Esperan\u00e7a<\/h4>\n<p>A transmiss\u00e3o feita por Camila Alves durou quase uma hora, a princ\u00edpio, a mulher contou o motivo de ter se afastado das redes sociais, depois passou a contar todo o drama que tem vivido junto com a fam\u00edlia, mas que ainda assim a vida continua fora do Facebook.<br \/>\nAo mesmo tempo, Camila contou que tem esperan\u00e7a de encontrar o filho vivo.<br \/>\n\u201cTudo o que eu consegui fazer eu fiz, fa\u00e7o ainda at\u00e9 hoje, chega alguma coisa eu vou, eu tento. Infelizmente n\u00e3o encontrei ainda, eu quero muito um dia fazer essa live com ele aqui, que esse dia chegue logo. Eu espero que as pessoas de bem continuem divulgando. N\u00e3o abandonem ele\u201d, finalizou.<\/p>\n<h4>Relembre o caso<\/h4>\n<p>Foi no dia 28 de agosto de 2020 que Wesley Pires Filho saiu de casa na zona sul da cidade, era uma sexta-feira de mais uma semana normal na vida da fam\u00edlia.<br \/>\nO menino morava com o pai, a m\u00e3e e duas irm\u00e3s. Ele disse que iria at\u00e9 um varej\u00e3o pr\u00f3ximo a casa deles, o que, de acordo com a fam\u00edlia, era costume do adolescente, mas neste dia ele n\u00e3o voltou.<br \/>\nA fam\u00edlia realizou buscas por conta pr\u00f3pria antes de acionar a pol\u00edcia. Logo, imagens de c\u00e2meras de seguran\u00e7a davam conta que Wesley caminhou de forma tranquila pelo bairro vizinho, depois entrou em uma mata na avenida Em\u00edlio Paludetto, tudo registrado.<br \/>\nA \u00faltima pista concreta da investiga\u00e7\u00e3o \u00e9 um registro do menor empurrando uma bicicleta na Rodovia Ronan Rocha, entre Franca e Patroc\u00ednio Paulista.<br \/>\nEm dezembro do ano passado, um retrato atualizado de Wesley foi divulgado pela Delegacia de Investiga\u00e7\u00f5es Gerais de Franca. O delegado M\u00e1rcio Murari explicou que isso \u00e9 importante porque quando saiu de casa o garoto tinha treze anos, agora com quinze, o corpo j\u00e1 pode ter passado por diversas transforma\u00e7\u00f5es.<br \/>\nO caso ainda est\u00e1 aberto pela delegacia e qualquer informa\u00e7\u00e3o pode ser repassada pelo 181, ou pelo 190, de forma an\u00f4nima.<\/p>\n","protected":false},"excerpt":{"rendered":"<p>Camila Alves fez uma transmiss\u00e3o ao vivo pelo Facebook e desabafou sobre o drama que vive Fernando Lima Dois anos, este \u00e9 o tempo que Camila<span class=\"excerpt-hellip\"> [\u2026]<\/span><\/p>\n","protected":false},"author":7,"featured_media":21677,"comment_status":"open","ping_status":"open","sticky":false,"template":"","format":"standard","meta":{"_jetpack_memberships_contains_paid_content":false,"footnotes":"","jetpack_publicize_message":"","jetpack_publicize_feature_enabled":true,"jetpack_social_post_already_shared":false,"jetpack_social_options":{"image_generator_settings":{"template":"highway","default_image_id":0,"enabled":false},"version":2}},"categories":[28,81],"tags":[],"class_list":["post-27560","post","type-post","status-publish","format-standard","has-post-thumbnail","hentry","category-cotidiano","category-manchete"],"yoast_head":"<!-- This site is optimized with the Yoast SEO plugin v25.6 - https:\/\/yoast.com\/wordpress\/plugins\/seo\/ -->\n<title>&#039;N\u00e3o abandonem ele\u2019, diz m\u00e3e de Wesley Pires desaparecido h\u00e1 dois anos - VerdadeOn<\/title>\n<meta name=\"robots\" content=\"index, follow, max-snippet:-1, max-image-preview:large, max-video-preview:-1\" \/>\n<link rel=\"canonical\" href=\"https:\/\/verdadeon.com.br\/portal\/2022\/08\/29\/nao-abandonem-ele-diz-mae-de-wesley-pires-desaparecido-ha-dois-anos\/\" \/>\n<meta property=\"og:locale\" content=\"pt_BR\" \/>\n<meta property=\"og:type\" content=\"article\" \/>\n<meta property=\"og:title\" content=\"&#039;N\u00e3o abandonem ele\u2019, diz m\u00e3e de Wesley Pires desaparecido h\u00e1 dois anos - VerdadeOn\" \/>\n<meta property=\"og:description\" content=\"Camila Alves fez uma transmiss\u00e3o ao vivo pelo Facebook e desabafou sobre o drama que vive Fernando Lima Dois anos, este \u00e9 o tempo que Camila [\u2026]\" \/>\n<meta property=\"og:url\" content=\"https:\/\/verdadeon.com.br\/portal\/2022\/08\/29\/nao-abandonem-ele-diz-mae-de-wesley-pires-desaparecido-ha-dois-anos\/\" \/>\n<meta property=\"og:site_name\" content=\"VerdadeOn\" \/>\n<meta property=\"article:published_time\" content=\"2022-08-29T19:21:21+00:00\" \/>\n<meta property=\"og:image\" content=\"https:\/\/verdadeon.com.br\/portal\/wp-content\/uploads\/2021\/12\/WESLEY-01-e1639605628156.png\" \/>\n\t<meta property=\"og:image:width\" content=\"999\" \/>\n\t<meta property=\"og:image:height\" content=\"669\" \/>\n\t<meta property=\"og:image:type\" content=\"image\/png\" \/>\n<meta name=\"author\" content=\"Fernando Lima\" \/>\n<meta name=\"twitter:card\" content=\"summary_large_image\" \/>\n<meta name=\"twitter:label1\" content=\"Escrito por\" \/>\n\t<meta name=\"twitter:data1\" content=\"Fernando Lima\" \/>\n\t<meta name=\"twitter:label2\" content=\"Est. tempo de leitura\" \/>\n\t<meta name=\"twitter:data2\" content=\"4 minutos\" \/>\n<script type=\"application\/ld+json\" class=\"yoast-schema-graph\">{\"@context\":\"https:\/\/schema.org\",\"@graph\":[{\"@type\":\"WebPage\",\"@id\":\"https:\/\/verdadeon.com.br\/portal\/2022\/08\/29\/nao-abandonem-ele-diz-mae-de-wesley-pires-desaparecido-ha-dois-anos\/\",\"url\":\"https:\/\/verdadeon.com.br\/portal\/2022\/08\/29\/nao-abandonem-ele-diz-mae-de-wesley-pires-desaparecido-ha-dois-anos\/\",\"name\":\"'N\u00e3o abandonem ele\u2019, diz m\u00e3e de Wesley Pires desaparecido h\u00e1 dois anos - VerdadeOn\",\"isPartOf\":{\"@id\":\"https:\/\/verdadeon.com.br\/portal\/#website\"},\"primaryImageOfPage\":{\"@id\":\"https:\/\/verdadeon.com.br\/portal\/2022\/08\/29\/nao-abandonem-ele-diz-mae-de-wesley-pires-desaparecido-ha-dois-anos\/#primaryimage\"},\"image\":{\"@id\":\"https:\/\/verdadeon.com.br\/portal\/2022\/08\/29\/nao-abandonem-ele-diz-mae-de-wesley-pires-desaparecido-ha-dois-anos\/#primaryimage\"},\"thumbnailUrl\":\"https:\/\/i0.wp.com\/verdadeon.com.br\/portal\/wp-content\/uploads\/2021\/12\/WESLEY-01-e1639605628156.png?fit=999%2C669&ssl=1\",\"datePublished\":\"2022-08-29T19:21:21+00:00\",\"author\":{\"@id\":\"https:\/\/verdadeon.com.br\/portal\/#\/schema\/person\/cc32be22b8e8599387c480bc83e1d11a\"},\"breadcrumb\":{\"@id\":\"https:\/\/verdadeon.com.br\/portal\/2022\/08\/29\/nao-abandonem-ele-diz-mae-de-wesley-pires-desaparecido-ha-dois-anos\/#breadcrumb\"},\"inLanguage\":\"pt-BR\",\"potentialAction\":[{\"@type\":\"ReadAction\",\"target\":[\"https:\/\/verdadeon.com.br\/portal\/2022\/08\/29\/nao-abandonem-ele-diz-mae-de-wesley-pires-desaparecido-ha-dois-anos\/\"]}]},{\"@type\":\"ImageObject\",\"inLanguage\":\"pt-BR\",\"@id\":\"https:\/\/verdadeon.com.br\/portal\/2022\/08\/29\/nao-abandonem-ele-diz-mae-de-wesley-pires-desaparecido-ha-dois-anos\/#primaryimage\",\"url\":\"https:\/\/i0.wp.com\/verdadeon.com.br\/portal\/wp-content\/uploads\/2021\/12\/WESLEY-01-e1639605628156.png?fit=999%2C669&ssl=1\",\"contentUrl\":\"https:\/\/i0.wp.com\/verdadeon.com.br\/portal\/wp-content\/uploads\/2021\/12\/WESLEY-01-e1639605628156.png?fit=999%2C669&ssl=1\",\"width\":999,\"height\":669,\"caption\":\"Retrato atualizado foi divulgado pela DIG. Wesley est\u00e1 h\u00e1 dois anos desaparecido ap\u00f3s sair de casa dizendo que iria a um varej\u00e3o | Foto: Divulga\u00e7\u00e3o\"},{\"@type\":\"BreadcrumbList\",\"@id\":\"https:\/\/verdadeon.com.br\/portal\/2022\/08\/29\/nao-abandonem-ele-diz-mae-de-wesley-pires-desaparecido-ha-dois-anos\/#breadcrumb\",\"itemListElement\":[{\"@type\":\"ListItem\",\"position\":1,\"name\":\"In\u00edcio\",\"item\":\"https:\/\/verdadeon.com.br\/portal\/\"},{\"@type\":\"ListItem\",\"position\":2,\"name\":\"&#8216;N\u00e3o abandonem ele\u2019, diz m\u00e3e de Wesley Pires desaparecido h\u00e1 dois anos\"}]},{\"@type\":\"WebSite\",\"@id\":\"https:\/\/verdadeon.com.br\/portal\/#website\",\"url\":\"https:\/\/verdadeon.com.br\/portal\/\",\"name\":\"VerdadeOn\",\"description\":\"Not\u00edcias di\u00e1rias sobre Franca, Regi\u00e3o, Esporte, Cultura, Cotidiano, Colunas. Cobertura nos principais eventos da cidade \u00e9 aqui - Verdadeon Franca\",\"potentialAction\":[{\"@type\":\"SearchAction\",\"target\":{\"@type\":\"EntryPoint\",\"urlTemplate\":\"https:\/\/verdadeon.com.br\/portal\/?s={search_term_string}\"},\"query-input\":{\"@type\":\"PropertyValueSpecification\",\"valueRequired\":true,\"valueName\":\"search_term_string\"}}],\"inLanguage\":\"pt-BR\"},{\"@type\":\"Person\",\"@id\":\"https:\/\/verdadeon.com.br\/portal\/#\/schema\/person\/cc32be22b8e8599387c480bc83e1d11a\",\"name\":\"Fernando Lima\",\"image\":{\"@type\":\"ImageObject\",\"inLanguage\":\"pt-BR\",\"@id\":\"https:\/\/verdadeon.com.br\/portal\/#\/schema\/person\/image\/\",\"url\":\"https:\/\/secure.gravatar.com\/avatar\/df4c8e132080d2b3a4841d5d232045464e0eed11a1d6e43115ca0843d48768d3?s=96&d=mm&r=g\",\"contentUrl\":\"https:\/\/secure.gravatar.com\/avatar\/df4c8e132080d2b3a4841d5d232045464e0eed11a1d6e43115ca0843d48768d3?s=96&d=mm&r=g\",\"caption\":\"Fernando Lima\"},\"sameAs\":[\"http:\/\/verdadeon.com.br\/\"],\"url\":\"https:\/\/verdadeon.com.br\/portal\/author\/fernando-lima\/\"}]}<\/script>\n<!-- \/ Yoast SEO plugin. -->","yoast_head_json":{"title":"'N\u00e3o abandonem ele\u2019, diz m\u00e3e de Wesley Pires desaparecido h\u00e1 dois anos - VerdadeOn","robots":{"index":"index","follow":"follow","max-snippet":"max-snippet:-1","max-image-preview":"max-image-preview:large","max-video-preview":"max-video-preview:-1"},"canonical":"https:\/\/verdadeon.com.br\/portal\/2022\/08\/29\/nao-abandonem-ele-diz-mae-de-wesley-pires-desaparecido-ha-dois-anos\/","og_locale":"pt_BR","og_type":"article","og_title":"'N\u00e3o abandonem ele\u2019, diz m\u00e3e de Wesley Pires desaparecido h\u00e1 dois anos - VerdadeOn","og_description":"Camila Alves fez uma transmiss\u00e3o ao vivo pelo Facebook e desabafou sobre o drama que vive Fernando Lima Dois anos, este \u00e9 o tempo que Camila [\u2026]","og_url":"https:\/\/verdadeon.com.br\/portal\/2022\/08\/29\/nao-abandonem-ele-diz-mae-de-wesley-pires-desaparecido-ha-dois-anos\/","og_site_name":"VerdadeOn","article_published_time":"2022-08-29T19:21:21+00:00","og_image":[{"width":999,"height":669,"url":"https:\/\/verdadeon.com.br\/portal\/wp-content\/uploads\/2021\/12\/WESLEY-01-e1639605628156.png","type":"image\/png"}],"author":"Fernando Lima","twitter_card":"summary_large_image","twitter_misc":{"Escrito por":"Fernando Lima","Est. tempo de leitura":"4 minutos"},"schema":{"@context":"https:\/\/schema.org","@graph":[{"@type":"WebPage","@id":"https:\/\/verdadeon.com.br\/portal\/2022\/08\/29\/nao-abandonem-ele-diz-mae-de-wesley-pires-desaparecido-ha-dois-anos\/","url":"https:\/\/verdadeon.com.br\/portal\/2022\/08\/29\/nao-abandonem-ele-diz-mae-de-wesley-pires-desaparecido-ha-dois-anos\/","name":"'N\u00e3o abandonem ele\u2019, diz m\u00e3e de Wesley Pires desaparecido h\u00e1 dois anos - VerdadeOn","isPartOf":{"@id":"https:\/\/verdadeon.com.br\/portal\/#website"},"primaryImageOfPage":{"@id":"https:\/\/verdadeon.com.br\/portal\/2022\/08\/29\/nao-abandonem-ele-diz-mae-de-wesley-pires-desaparecido-ha-dois-anos\/#primaryimage"},"image":{"@id":"https:\/\/verdadeon.com.br\/portal\/2022\/08\/29\/nao-abandonem-ele-diz-mae-de-wesley-pires-desaparecido-ha-dois-anos\/#primaryimage"},"thumbnailUrl":"https:\/\/i0.wp.com\/verdadeon.com.br\/portal\/wp-content\/uploads\/2021\/12\/WESLEY-01-e1639605628156.png?fit=999%2C669&ssl=1","datePublished":"2022-08-29T19:21:21+00:00","author":{"@id":"https:\/\/verdadeon.com.br\/portal\/#\/schema\/person\/cc32be22b8e8599387c480bc83e1d11a"},"breadcrumb":{"@id":"https:\/\/verdadeon.com.br\/portal\/2022\/08\/29\/nao-abandonem-ele-diz-mae-de-wesley-pires-desaparecido-ha-dois-anos\/#breadcrumb"},"inLanguage":"pt-BR","potentialAction":[{"@type":"ReadAction","target":["https:\/\/verdadeon.com.br\/portal\/2022\/08\/29\/nao-abandonem-ele-diz-mae-de-wesley-pires-desaparecido-ha-dois-anos\/"]}]},{"@type":"ImageObject","inLanguage":"pt-BR","@id":"https:\/\/verdadeon.com.br\/portal\/2022\/08\/29\/nao-abandonem-ele-diz-mae-de-wesley-pires-desaparecido-ha-dois-anos\/#primaryimage","url":"https:\/\/i0.wp.com\/verdadeon.com.br\/portal\/wp-content\/uploads\/2021\/12\/WESLEY-01-e1639605628156.png?fit=999%2C669&ssl=1","contentUrl":"https:\/\/i0.wp.com\/verdadeon.com.br\/portal\/wp-content\/uploads\/2021\/12\/WESLEY-01-e1639605628156.png?fit=999%2C669&ssl=1","width":999,"height":669,"caption":"Retrato atualizado foi divulgado pela DIG. Wesley est\u00e1 h\u00e1 dois anos desaparecido ap\u00f3s sair de casa dizendo que iria a um varej\u00e3o | Foto: Divulga\u00e7\u00e3o"},{"@type":"BreadcrumbList","@id":"https:\/\/verdadeon.com.br\/portal\/2022\/08\/29\/nao-abandonem-ele-diz-mae-de-wesley-pires-desaparecido-ha-dois-anos\/#breadcrumb","itemListElement":[{"@type":"ListItem","position":1,"name":"In\u00edcio","item":"https:\/\/verdadeon.com.br\/portal\/"},{"@type":"ListItem","position":2,"name":"&#8216;N\u00e3o abandonem ele\u2019, diz m\u00e3e de Wesley Pires desaparecido h\u00e1 dois anos"}]},{"@type":"WebSite","@id":"https:\/\/verdadeon.com.br\/portal\/#website","url":"https:\/\/verdadeon.com.br\/portal\/","name":"VerdadeOn","description":"Not\u00edcias di\u00e1rias sobre Franca, Regi\u00e3o, Esporte, Cultura, Cotidiano, Colunas. Cobertura nos principais eventos da cidade \u00e9 aqui - Verdadeon Franca","potentialAction":[{"@type":"SearchAction","target":{"@type":"EntryPoint","urlTemplate":"https:\/\/verdadeon.com.br\/portal\/?s={search_term_string}"},"query-input":{"@type":"PropertyValueSpecification","valueRequired":true,"valueName":"search_term_string"}}],"inLanguage":"pt-BR"},{"@type":"Person","@id":"https:\/\/verdadeon.com.br\/portal\/#\/schema\/person\/cc32be22b8e8599387c480bc83e1d11a","name":"Fernando Lima","image":{"@type":"ImageObject","inLanguage":"pt-BR","@id":"https:\/\/verdadeon.com.br\/portal\/#\/schema\/person\/image\/","url":"https:\/\/secure.gravatar.com\/avatar\/df4c8e132080d2b3a4841d5d232045464e0eed11a1d6e43115ca0843d48768d3?s=96&d=mm&r=g","contentUrl":"https:\/\/secure.gravatar.com\/avatar\/df4c8e132080d2b3a4841d5d232045464e0eed11a1d6e43115ca0843d48768d3?s=96&d=mm&r=g","caption":"Fernando Lima"},"sameAs":["http:\/\/verdadeon.com.br\/"],"url":"https:\/\/verdadeon.com.br\/portal\/author\/fernando-lima\/"}]}},"jetpack_publicize_connections":[],"jetpack_featured_media_url":"https:\/\/i0.wp.com\/verdadeon.com.br\/portal\/wp-content\/uploads\/2021\/12\/WESLEY-01-e1639605628156.png?fit=999%2C669&ssl=1","jetpack_sharing_enabled":true,"_links":{"self":[{"href":"https:\/\/verdadeon.com.br\/portal\/wp-json\/wp\/v2\/posts\/27560","targetHints":{"allow":["GET"]}}],"collection":[{"href":"https:\/\/verdadeon.com.br\/portal\/wp-json\/wp\/v2\/posts"}],"about":[{"href":"https:\/\/verdadeon.com.br\/portal\/wp-json\/wp\/v2\/types\/post"}],"author":[{"embeddable":true,"href":"https:\/\/verdadeon.com.br\/portal\/wp-json\/wp\/v2\/users\/7"}],"replies":[{"embeddable":true,"href":"https:\/\/verdadeon.com.br\/portal\/wp-json\/wp\/v2\/comments?post=27560"}],"version-history":[{"count":1,"href":"https:\/\/verdadeon.com.br\/portal\/wp-json\/wp\/v2\/posts\/27560\/revisions"}],"predecessor-version":[{"id":27561,"href":"https:\/\/verdadeon.com.br\/portal\/wp-json\/wp\/v2\/posts\/27560\/revisions\/27561"}],"wp:featuredmedia":[{"embeddable":true,"href":"https:\/\/verdadeon.com.br\/portal\/wp-json\/wp\/v2\/media\/21677"}],"wp:attachment":[{"href":"https:\/\/verdadeon.com.br\/portal\/wp-json\/wp\/v2\/media?parent=27560"}],"wp:term":[{"taxonomy":"category","embeddable":true,"href":"https:\/\/verdadeon.com.br\/portal\/wp-json\/wp\/v2\/categories?post=27560"},{"taxonomy":"post_tag","embeddable":true,"href":"https:\/\/verdadeon.com.br\/portal\/wp-json\/wp\/v2\/tags?post=27560"}],"curies":[{"name":"wp","href":"https:\/\/api.w.org\/{rel}","templated":true}]}}