{"id":27494,"date":"2022-08-26T16:17:39","date_gmt":"2022-08-26T19:17:39","guid":{"rendered":"https:\/\/verdadeon.com.br\/portal\/?p=27494"},"modified":"2022-08-26T16:17:39","modified_gmt":"2022-08-26T19:17:39","slug":"hemocentro-busca-doacoes-coletivas-para-manter-estoque-em-dia","status":"publish","type":"post","link":"https:\/\/verdadeon.com.br\/portal\/2022\/08\/26\/hemocentro-busca-doacoes-coletivas-para-manter-estoque-em-dia\/","title":{"rendered":"Hemocentro busca doa\u00e7\u00f5es coletivas para manter estoque em dia"},"content":{"rendered":"<h2>Unidade precisa de 50 doadores por dia para atender com seguran\u00e7a institui\u00e7\u00f5es de sa\u00fade de Franca e regi\u00e3o<\/h2>\n<p>&nbsp;<\/p>\n<p><span style=\"font-weight: 400;\">O Hemocentro de Franca continua empenhado em mobilizar a comunidade para manter o estoque de bolsas de sangue no n\u00edvel de seguran\u00e7a para atender nove institui\u00e7\u00f5es de sa\u00fade na cidade e munic\u00edpios da regi\u00e3o. O n\u00facleo francano tem como meta receber 50 doadores por dia para manter o banco de sangue regular, mas n\u00e3o \u00e9 sempre que a m\u00e9dia di\u00e1ria \u00e9 alcan\u00e7ada.<\/span><\/p>\n<p><span style=\"font-weight: 400;\">Entre as iniciativas que t\u00eam ajudado o Hemocentro est\u00e3o as campanhas de doa\u00e7\u00e3o de sangue promovidas em grupo. Empresas, cooperativas, igrejas, equipes esportivas, faculdades e outras institui\u00e7\u00f5es podem se organizar para doa\u00e7\u00f5es coletivas. Basta entrar em contato com o setor de capta\u00e7\u00e3o de doadores do Hemocentro para alinhar a melhor data e hor\u00e1rios de doa\u00e7\u00e3o e receber material de apoio, como folders e pe\u00e7as para divulga\u00e7\u00e3o nas redes sociais.<\/span><\/p>\n<p><span style=\"font-weight: 400;\">\u201cExistem muitas maneiras de colaborar com o Hemocentro e precisamos desse apoio porque o nosso estoque oscila muito. \u00c0s vezes estamos com o n\u00famero ideal de bolsas hoje e amanh\u00e3 o cen\u00e1rio muda completamente\u201d, explicou Elaine Dias Gimenes, agente de capta\u00e7\u00e3o e comunica\u00e7\u00e3o social do Hemocentro de Franca.<\/span><\/p>\n<p><span style=\"font-weight: 400;\">As empresas e demais grupos dispostos a se engajar na causa e promover campanhas para incentivar a doa\u00e7\u00e3o de sangue devem entrar em contato pelo telefone (16) 98215-1564, de segunda a sexta-feira, das 8h \u00e0s 16h, e aos s\u00e1bados, das 7h \u00e0s 11h.<\/span><\/p>\n<h4><span style=\"font-weight: 400;\">Quem pode doar<\/span><\/h4>\n<p><span style=\"font-weight: 400;\">Depois de doado, o sangue \u00e9 fracionado em tr\u00eas partes &#8211; plasma, hem\u00e1cias e plaquetas &#8211; e pode salvar at\u00e9 quatro vidas. Para doar, a pessoa deve comparecer ao Hemocentro, apresentar documento com foto (RG ou CNH) e, ap\u00f3s passar por uma entrevista e avalia\u00e7\u00e3o cl\u00ednica, pode doar. O processo todo dura em torno de uma hora.<\/span><\/p>\n<p><span style=\"font-weight: 400;\">Para ser doador \u00e9 preciso ter entre 16 e 69 anos &#8211; menores de idade devem estar acompanhados do pai\/m\u00e3e ou respons\u00e1vel -, ter boa sa\u00fade, n\u00e3o estar com tosse ou gripe, por exemplo, sem uso de antibi\u00f3ticos ou antiinflamat\u00f3rios e ter peso m\u00ednimo de 51 kg, no caso das mulheres, e 50 kg, homens.<\/span><\/p>\n<p><span style=\"font-weight: 400;\">As pessoas que tiveram Covid-19, influenza ou dengue precisam aguardar um intervalo de 30 dias ap\u00f3s se recuperar das doen\u00e7as.<\/span><\/p>\n<p><span style=\"font-weight: 400;\">O Hemocentro de Franca fica na <\/span><span style=\"font-weight: 400;\">Avenida Dr. H\u00e9lio Palermo, n\u00ba 4181.\u00a0<\/span><\/p>\n","protected":false},"excerpt":{"rendered":"<p>Unidade precisa de 50 doadores por dia para atender com seguran\u00e7a institui\u00e7\u00f5es de sa\u00fade de Franca e regi\u00e3o &nbsp; O Hemocentro de Franca continua empenhado em<span class=\"excerpt-hellip\"> [\u2026]<\/span><\/p>\n","protected":false},"author":12,"featured_media":4899,"comment_status":"open","ping_status":"open","sticky":false,"template":"","format":"standard","meta":{"_jetpack_memberships_contains_paid_content":false,"footnotes":"","jetpack_publicize_message":"","jetpack_publicize_feature_enabled":true,"jetpack_social_post_already_shared":false,"jetpack_social_options":{"image_generator_settings":{"template":"highway","default_image_id":0,"enabled":false},"version":2}},"categories":[28,81],"tags":[],"class_list":["post-27494","post","type-post","status-publish","format-standard","has-post-thumbnail","hentry","category-cotidiano","category-manchete"],"yoast_head":"<!-- This site is optimized with the Yoast SEO plugin v25.6 - https:\/\/yoast.com\/wordpress\/plugins\/seo\/ -->\n<title>Hemocentro busca doa\u00e7\u00f5es coletivas para manter estoque em dia - VerdadeOn<\/title>\n<meta name=\"robots\" content=\"index, follow, max-snippet:-1, max-image-preview:large, max-video-preview:-1\" \/>\n<link rel=\"canonical\" href=\"https:\/\/verdadeon.com.br\/portal\/2022\/08\/26\/hemocentro-busca-doacoes-coletivas-para-manter-estoque-em-dia\/\" \/>\n<meta property=\"og:locale\" content=\"pt_BR\" \/>\n<meta property=\"og:type\" content=\"article\" \/>\n<meta property=\"og:title\" content=\"Hemocentro busca doa\u00e7\u00f5es coletivas para manter estoque em dia - VerdadeOn\" \/>\n<meta property=\"og:description\" content=\"Unidade precisa de 50 doadores por dia para atender com seguran\u00e7a institui\u00e7\u00f5es de sa\u00fade de Franca e regi\u00e3o &nbsp; O Hemocentro de Franca continua empenhado em [\u2026]\" \/>\n<meta property=\"og:url\" content=\"https:\/\/verdadeon.com.br\/portal\/2022\/08\/26\/hemocentro-busca-doacoes-coletivas-para-manter-estoque-em-dia\/\" \/>\n<meta property=\"og:site_name\" content=\"VerdadeOn\" \/>\n<meta property=\"article:published_time\" content=\"2022-08-26T19:17:39+00:00\" \/>\n<meta property=\"og:image\" content=\"https:\/\/verdadeon.com.br\/portal\/wp-content\/uploads\/2020\/03\/Hemocentro-Franca-Elaine-Gimenez-foto-Lindomar-Cailton-1.jpg\" \/>\n\t<meta property=\"og:image:width\" content=\"1000\" \/>\n\t<meta property=\"og:image:height\" content=\"668\" \/>\n\t<meta property=\"og:image:type\" content=\"image\/jpeg\" \/>\n<meta name=\"author\" content=\"Nelise Luques\" \/>\n<meta name=\"twitter:card\" content=\"summary_large_image\" \/>\n<meta name=\"twitter:label1\" content=\"Escrito por\" \/>\n\t<meta name=\"twitter:data1\" content=\"Nelise Luques\" \/>\n\t<meta name=\"twitter:label2\" content=\"Est. tempo de leitura\" \/>\n\t<meta name=\"twitter:data2\" content=\"3 minutos\" \/>\n<script type=\"application\/ld+json\" class=\"yoast-schema-graph\">{\"@context\":\"https:\/\/schema.org\",\"@graph\":[{\"@type\":\"WebPage\",\"@id\":\"https:\/\/verdadeon.com.br\/portal\/2022\/08\/26\/hemocentro-busca-doacoes-coletivas-para-manter-estoque-em-dia\/\",\"url\":\"https:\/\/verdadeon.com.br\/portal\/2022\/08\/26\/hemocentro-busca-doacoes-coletivas-para-manter-estoque-em-dia\/\",\"name\":\"Hemocentro busca doa\u00e7\u00f5es coletivas para manter estoque em dia - VerdadeOn\",\"isPartOf\":{\"@id\":\"https:\/\/verdadeon.com.br\/portal\/#website\"},\"primaryImageOfPage\":{\"@id\":\"https:\/\/verdadeon.com.br\/portal\/2022\/08\/26\/hemocentro-busca-doacoes-coletivas-para-manter-estoque-em-dia\/#primaryimage\"},\"image\":{\"@id\":\"https:\/\/verdadeon.com.br\/portal\/2022\/08\/26\/hemocentro-busca-doacoes-coletivas-para-manter-estoque-em-dia\/#primaryimage\"},\"thumbnailUrl\":\"https:\/\/i0.wp.com\/verdadeon.com.br\/portal\/wp-content\/uploads\/2020\/03\/Hemocentro-Franca-Elaine-Gimenez-foto-Lindomar-Cailton-1.jpg?fit=1000%2C668&ssl=1\",\"datePublished\":\"2022-08-26T19:17:39+00:00\",\"author\":{\"@id\":\"https:\/\/verdadeon.com.br\/portal\/#\/schema\/person\/8248726d36015c1916636fabb175d972\"},\"breadcrumb\":{\"@id\":\"https:\/\/verdadeon.com.br\/portal\/2022\/08\/26\/hemocentro-busca-doacoes-coletivas-para-manter-estoque-em-dia\/#breadcrumb\"},\"inLanguage\":\"pt-BR\",\"potentialAction\":[{\"@type\":\"ReadAction\",\"target\":[\"https:\/\/verdadeon.com.br\/portal\/2022\/08\/26\/hemocentro-busca-doacoes-coletivas-para-manter-estoque-em-dia\/\"]}]},{\"@type\":\"ImageObject\",\"inLanguage\":\"pt-BR\",\"@id\":\"https:\/\/verdadeon.com.br\/portal\/2022\/08\/26\/hemocentro-busca-doacoes-coletivas-para-manter-estoque-em-dia\/#primaryimage\",\"url\":\"https:\/\/i0.wp.com\/verdadeon.com.br\/portal\/wp-content\/uploads\/2020\/03\/Hemocentro-Franca-Elaine-Gimenez-foto-Lindomar-Cailton-1.jpg?fit=1000%2C668&ssl=1\",\"contentUrl\":\"https:\/\/i0.wp.com\/verdadeon.com.br\/portal\/wp-content\/uploads\/2020\/03\/Hemocentro-Franca-Elaine-Gimenez-foto-Lindomar-Cailton-1.jpg?fit=1000%2C668&ssl=1\",\"width\":1000,\"height\":668,\"caption\":\"Doa\u00e7\u00f5es podem ser realizadas diretamente no Hemocentro de Franca (\u00a9Divulga\u00e7\u00e3o)\"},{\"@type\":\"BreadcrumbList\",\"@id\":\"https:\/\/verdadeon.com.br\/portal\/2022\/08\/26\/hemocentro-busca-doacoes-coletivas-para-manter-estoque-em-dia\/#breadcrumb\",\"itemListElement\":[{\"@type\":\"ListItem\",\"position\":1,\"name\":\"In\u00edcio\",\"item\":\"https:\/\/verdadeon.com.br\/portal\/\"},{\"@type\":\"ListItem\",\"position\":2,\"name\":\"Hemocentro busca doa\u00e7\u00f5es coletivas para manter estoque em dia\"}]},{\"@type\":\"WebSite\",\"@id\":\"https:\/\/verdadeon.com.br\/portal\/#website\",\"url\":\"https:\/\/verdadeon.com.br\/portal\/\",\"name\":\"VerdadeOn\",\"description\":\"Not\u00edcias di\u00e1rias sobre Franca, Regi\u00e3o, Esporte, Cultura, Cotidiano, Colunas. Cobertura nos principais eventos da cidade \u00e9 aqui - Verdadeon Franca\",\"potentialAction\":[{\"@type\":\"SearchAction\",\"target\":{\"@type\":\"EntryPoint\",\"urlTemplate\":\"https:\/\/verdadeon.com.br\/portal\/?s={search_term_string}\"},\"query-input\":{\"@type\":\"PropertyValueSpecification\",\"valueRequired\":true,\"valueName\":\"search_term_string\"}}],\"inLanguage\":\"pt-BR\"},{\"@type\":\"Person\",\"@id\":\"https:\/\/verdadeon.com.br\/portal\/#\/schema\/person\/8248726d36015c1916636fabb175d972\",\"name\":\"Nelise Luques\",\"image\":{\"@type\":\"ImageObject\",\"inLanguage\":\"pt-BR\",\"@id\":\"https:\/\/verdadeon.com.br\/portal\/#\/schema\/person\/image\/\",\"url\":\"https:\/\/secure.gravatar.com\/avatar\/29b2a17f5bcadeb827411b66f48ac13c3e0ecaf5906c0f5745ecc5d41c24eada?s=96&d=mm&r=g\",\"contentUrl\":\"https:\/\/secure.gravatar.com\/avatar\/29b2a17f5bcadeb827411b66f48ac13c3e0ecaf5906c0f5745ecc5d41c24eada?s=96&d=mm&r=g\",\"caption\":\"Nelise Luques\"},\"url\":\"https:\/\/verdadeon.com.br\/portal\/author\/verdade\/\"}]}<\/script>\n<!-- \/ Yoast SEO plugin. -->","yoast_head_json":{"title":"Hemocentro busca doa\u00e7\u00f5es coletivas para manter estoque em dia - VerdadeOn","robots":{"index":"index","follow":"follow","max-snippet":"max-snippet:-1","max-image-preview":"max-image-preview:large","max-video-preview":"max-video-preview:-1"},"canonical":"https:\/\/verdadeon.com.br\/portal\/2022\/08\/26\/hemocentro-busca-doacoes-coletivas-para-manter-estoque-em-dia\/","og_locale":"pt_BR","og_type":"article","og_title":"Hemocentro busca doa\u00e7\u00f5es coletivas para manter estoque em dia - VerdadeOn","og_description":"Unidade precisa de 50 doadores por dia para atender com seguran\u00e7a institui\u00e7\u00f5es de sa\u00fade de Franca e regi\u00e3o &nbsp; O Hemocentro de Franca continua empenhado em [\u2026]","og_url":"https:\/\/verdadeon.com.br\/portal\/2022\/08\/26\/hemocentro-busca-doacoes-coletivas-para-manter-estoque-em-dia\/","og_site_name":"VerdadeOn","article_published_time":"2022-08-26T19:17:39+00:00","og_image":[{"width":1000,"height":668,"url":"https:\/\/verdadeon.com.br\/portal\/wp-content\/uploads\/2020\/03\/Hemocentro-Franca-Elaine-Gimenez-foto-Lindomar-Cailton-1.jpg","type":"image\/jpeg"}],"author":"Nelise Luques","twitter_card":"summary_large_image","twitter_misc":{"Escrito por":"Nelise Luques","Est. tempo de leitura":"3 minutos"},"schema":{"@context":"https:\/\/schema.org","@graph":[{"@type":"WebPage","@id":"https:\/\/verdadeon.com.br\/portal\/2022\/08\/26\/hemocentro-busca-doacoes-coletivas-para-manter-estoque-em-dia\/","url":"https:\/\/verdadeon.com.br\/portal\/2022\/08\/26\/hemocentro-busca-doacoes-coletivas-para-manter-estoque-em-dia\/","name":"Hemocentro busca doa\u00e7\u00f5es coletivas para manter estoque em dia - VerdadeOn","isPartOf":{"@id":"https:\/\/verdadeon.com.br\/portal\/#website"},"primaryImageOfPage":{"@id":"https:\/\/verdadeon.com.br\/portal\/2022\/08\/26\/hemocentro-busca-doacoes-coletivas-para-manter-estoque-em-dia\/#primaryimage"},"image":{"@id":"https:\/\/verdadeon.com.br\/portal\/2022\/08\/26\/hemocentro-busca-doacoes-coletivas-para-manter-estoque-em-dia\/#primaryimage"},"thumbnailUrl":"https:\/\/i0.wp.com\/verdadeon.com.br\/portal\/wp-content\/uploads\/2020\/03\/Hemocentro-Franca-Elaine-Gimenez-foto-Lindomar-Cailton-1.jpg?fit=1000%2C668&ssl=1","datePublished":"2022-08-26T19:17:39+00:00","author":{"@id":"https:\/\/verdadeon.com.br\/portal\/#\/schema\/person\/8248726d36015c1916636fabb175d972"},"breadcrumb":{"@id":"https:\/\/verdadeon.com.br\/portal\/2022\/08\/26\/hemocentro-busca-doacoes-coletivas-para-manter-estoque-em-dia\/#breadcrumb"},"inLanguage":"pt-BR","potentialAction":[{"@type":"ReadAction","target":["https:\/\/verdadeon.com.br\/portal\/2022\/08\/26\/hemocentro-busca-doacoes-coletivas-para-manter-estoque-em-dia\/"]}]},{"@type":"ImageObject","inLanguage":"pt-BR","@id":"https:\/\/verdadeon.com.br\/portal\/2022\/08\/26\/hemocentro-busca-doacoes-coletivas-para-manter-estoque-em-dia\/#primaryimage","url":"https:\/\/i0.wp.com\/verdadeon.com.br\/portal\/wp-content\/uploads\/2020\/03\/Hemocentro-Franca-Elaine-Gimenez-foto-Lindomar-Cailton-1.jpg?fit=1000%2C668&ssl=1","contentUrl":"https:\/\/i0.wp.com\/verdadeon.com.br\/portal\/wp-content\/uploads\/2020\/03\/Hemocentro-Franca-Elaine-Gimenez-foto-Lindomar-Cailton-1.jpg?fit=1000%2C668&ssl=1","width":1000,"height":668,"caption":"Doa\u00e7\u00f5es podem ser realizadas diretamente no Hemocentro de Franca (\u00a9Divulga\u00e7\u00e3o)"},{"@type":"BreadcrumbList","@id":"https:\/\/verdadeon.com.br\/portal\/2022\/08\/26\/hemocentro-busca-doacoes-coletivas-para-manter-estoque-em-dia\/#breadcrumb","itemListElement":[{"@type":"ListItem","position":1,"name":"In\u00edcio","item":"https:\/\/verdadeon.com.br\/portal\/"},{"@type":"ListItem","position":2,"name":"Hemocentro busca doa\u00e7\u00f5es coletivas para manter estoque em dia"}]},{"@type":"WebSite","@id":"https:\/\/verdadeon.com.br\/portal\/#website","url":"https:\/\/verdadeon.com.br\/portal\/","name":"VerdadeOn","description":"Not\u00edcias di\u00e1rias sobre Franca, Regi\u00e3o, Esporte, Cultura, Cotidiano, Colunas. Cobertura nos principais eventos da cidade \u00e9 aqui - Verdadeon Franca","potentialAction":[{"@type":"SearchAction","target":{"@type":"EntryPoint","urlTemplate":"https:\/\/verdadeon.com.br\/portal\/?s={search_term_string}"},"query-input":{"@type":"PropertyValueSpecification","valueRequired":true,"valueName":"search_term_string"}}],"inLanguage":"pt-BR"},{"@type":"Person","@id":"https:\/\/verdadeon.com.br\/portal\/#\/schema\/person\/8248726d36015c1916636fabb175d972","name":"Nelise Luques","image":{"@type":"ImageObject","inLanguage":"pt-BR","@id":"https:\/\/verdadeon.com.br\/portal\/#\/schema\/person\/image\/","url":"https:\/\/secure.gravatar.com\/avatar\/29b2a17f5bcadeb827411b66f48ac13c3e0ecaf5906c0f5745ecc5d41c24eada?s=96&d=mm&r=g","contentUrl":"https:\/\/secure.gravatar.com\/avatar\/29b2a17f5bcadeb827411b66f48ac13c3e0ecaf5906c0f5745ecc5d41c24eada?s=96&d=mm&r=g","caption":"Nelise Luques"},"url":"https:\/\/verdadeon.com.br\/portal\/author\/verdade\/"}]}},"jetpack_publicize_connections":[],"jetpack_featured_media_url":"https:\/\/i0.wp.com\/verdadeon.com.br\/portal\/wp-content\/uploads\/2020\/03\/Hemocentro-Franca-Elaine-Gimenez-foto-Lindomar-Cailton-1.jpg?fit=1000%2C668&ssl=1","jetpack_sharing_enabled":true,"_links":{"self":[{"href":"https:\/\/verdadeon.com.br\/portal\/wp-json\/wp\/v2\/posts\/27494","targetHints":{"allow":["GET"]}}],"collection":[{"href":"https:\/\/verdadeon.com.br\/portal\/wp-json\/wp\/v2\/posts"}],"about":[{"href":"https:\/\/verdadeon.com.br\/portal\/wp-json\/wp\/v2\/types\/post"}],"author":[{"embeddable":true,"href":"https:\/\/verdadeon.com.br\/portal\/wp-json\/wp\/v2\/users\/12"}],"replies":[{"embeddable":true,"href":"https:\/\/verdadeon.com.br\/portal\/wp-json\/wp\/v2\/comments?post=27494"}],"version-history":[{"count":1,"href":"https:\/\/verdadeon.com.br\/portal\/wp-json\/wp\/v2\/posts\/27494\/revisions"}],"predecessor-version":[{"id":27495,"href":"https:\/\/verdadeon.com.br\/portal\/wp-json\/wp\/v2\/posts\/27494\/revisions\/27495"}],"wp:featuredmedia":[{"embeddable":true,"href":"https:\/\/verdadeon.com.br\/portal\/wp-json\/wp\/v2\/media\/4899"}],"wp:attachment":[{"href":"https:\/\/verdadeon.com.br\/portal\/wp-json\/wp\/v2\/media?parent=27494"}],"wp:term":[{"taxonomy":"category","embeddable":true,"href":"https:\/\/verdadeon.com.br\/portal\/wp-json\/wp\/v2\/categories?post=27494"},{"taxonomy":"post_tag","embeddable":true,"href":"https:\/\/verdadeon.com.br\/portal\/wp-json\/wp\/v2\/tags?post=27494"}],"curies":[{"name":"wp","href":"https:\/\/api.w.org\/{rel}","templated":true}]}}