{"id":27459,"date":"2022-08-24T18:02:06","date_gmt":"2022-08-24T21:02:06","guid":{"rendered":"https:\/\/verdadeon.com.br\/portal\/?p=27459"},"modified":"2022-08-24T18:02:06","modified_gmt":"2022-08-24T21:02:06","slug":"ipca-15-tem-deflacao-de-073-em-agosto","status":"publish","type":"post","link":"https:\/\/verdadeon.com.br\/portal\/2022\/08\/24\/ipca-15-tem-deflacao-de-073-em-agosto\/","title":{"rendered":"IPCA-15 tem defla\u00e7\u00e3o de 0,73% em agosto"},"content":{"rendered":"<div class=\"col-lg-12 mb-3\">\n<div class=\"row\">\n<h3 class=\"col-10 offset-1 animated fadeInDown dealy-900 display-8 display-md-8 alt-font font-italic my-1 text-center\">\u00c9 a menor taxa da s\u00e9rie hist\u00f3rica do \u00edndice, iniciada em 1991<\/h3>\n<\/div>\n<div class=\"row\">\n<div id=\"tts-container\" class=\"col-xl-7 offset-xl-1 col-lg-8 offset-lg-0 col-md-10 offset-md-1 mb-3\">\n<h4 class=\"alt-font font-italic small text-info text-left\"><span style=\"font-size: 14px;\">O \u00cdndice Nacional de Pre\u00e7os ao Consumidor Amplo 15 (IPCA-15), a pr\u00e9via da infla\u00e7\u00e3o oficial, registrou defla\u00e7\u00e3o (queda de pre\u00e7os) de 0,73% em agosto deste ano. \u00c9 a menor taxa da s\u00e9rie hist\u00f3rica do IPCA-15, iniciada em 1991, segundo o Instituto Brasileiro de Geografia e Estat\u00edstica (IBGE).<\/span><img data-recalc-dims=\"1\" decoding=\"async\" style=\"font-size: 14px;\" src=\"https:\/\/i0.wp.com\/agenciabrasil.ebc.com.br\/ebc.png?w=1220&#038;ssl=1\" \/><img data-recalc-dims=\"1\" decoding=\"async\" style=\"font-size: 14px;\" src=\"https:\/\/i0.wp.com\/agenciabrasil.ebc.com.br\/ebc.gif?w=1220&#038;ssl=1\" \/><\/h4>\n<\/div>\n<\/div>\n<\/div>\n<div class=\"col-xl-7 offset-xl-1 col-lg-8 offset-lg-0 col-md-10 offset-md-1 mb-3\">\n<div class=\"post-item alt-font\">\n<div class=\"post-item-wrap\">\n<p align=\"left\">O IPCA-15 havia registrado taxas de infla\u00e7\u00e3o de 0,13% em julho deste ano e de 0,89% em agosto do ano passado. Com o resultado deste m\u00eas, o IPCA-15 acumula taxas de infla\u00e7\u00e3o de 5,02% no ano e de 9,60% em 12 meses.<\/p>\n<p align=\"left\">A queda de pre\u00e7os observada na pr\u00e9via<span id=\"OBJ_PREFIX_DWT135_com_zimbra_date\" role=\"link\">\u00a0de agosto<\/span>\u00a0foi puxada principalmente pelos transportes, que registraram defla\u00e7\u00e3o de que 5,24%. O comportamento deste grupo de despesas foi influenciado pelo recuo dos pre\u00e7os dos combust\u00edveis (-15,33%).<\/p>\n<p align=\"left\">Entre os combust\u00edveis, foram observadas quedas de 16,80% na gasolina, de 10,78% no etanol, de 5,40% no g\u00e1s veicular e de 0,56% no \u00f3leo diesel.<\/p>\n<p align=\"left\">Outros grupos de despesa com defla\u00e7\u00e3o foram habita\u00e7\u00e3o (-0,37%), com destaque para o recuo nos pre\u00e7os da energia el\u00e9trica residencial (-3,29%); e comunica\u00e7\u00e3o (-0,30%).<\/p>\n<p align=\"left\">Por outro lado, os alimentos apresentaram a maior alta de pre\u00e7os do IPCA-15 no per\u00edodo (1,12%), taxa semelhante \u00e0 observada no m\u00eas anterior (1,16%), devido a produtos como o leite longa vida (14,21%), frutas (2,99%), queijo (4,18%) e frango em peda\u00e7os (3,08%).<\/p>\n<p>Tamb\u00e9m tiveram infla\u00e7\u00e3o os grupos de despesa sa\u00fade e cuidados pessoais (0,81%), despesas pessoais (0,81%), vestu\u00e1rio (0,76%), educa\u00e7\u00e3o (0,61%) e artigos de resid\u00eancia (0,08%).<\/p>\n<\/div>\n<p class=\"alt-font font-italic my-2 small text-info\">Ag\u00eancia Brasil<\/p>\n<\/div>\n<\/div>\n","protected":false},"excerpt":{"rendered":"<p>\u00c9 a menor taxa da s\u00e9rie hist\u00f3rica do \u00edndice, iniciada em 1991 O \u00cdndice Nacional de Pre\u00e7os ao Consumidor Amplo 15 (IPCA-15), a pr\u00e9via da infla\u00e7\u00e3o<span class=\"excerpt-hellip\"> [\u2026]<\/span><\/p>\n","protected":false},"author":4,"featured_media":27460,"comment_status":"open","ping_status":"open","sticky":false,"template":"","format":"standard","meta":{"_jetpack_memberships_contains_paid_content":false,"footnotes":"","jetpack_publicize_message":"","jetpack_publicize_feature_enabled":true,"jetpack_social_post_already_shared":false,"jetpack_social_options":{"image_generator_settings":{"template":"highway","default_image_id":0,"enabled":false},"version":2}},"categories":[28,81],"tags":[],"class_list":["post-27459","post","type-post","status-publish","format-standard","has-post-thumbnail","hentry","category-cotidiano","category-manchete"],"yoast_head":"<!-- This site is optimized with the Yoast SEO plugin v25.6 - https:\/\/yoast.com\/wordpress\/plugins\/seo\/ -->\n<title>IPCA-15 tem defla\u00e7\u00e3o de 0,73% em agosto - VerdadeOn<\/title>\n<meta name=\"robots\" content=\"index, follow, max-snippet:-1, max-image-preview:large, max-video-preview:-1\" \/>\n<link rel=\"canonical\" href=\"https:\/\/verdadeon.com.br\/portal\/2022\/08\/24\/ipca-15-tem-deflacao-de-073-em-agosto\/\" \/>\n<meta property=\"og:locale\" content=\"pt_BR\" \/>\n<meta property=\"og:type\" content=\"article\" \/>\n<meta property=\"og:title\" content=\"IPCA-15 tem defla\u00e7\u00e3o de 0,73% em agosto - VerdadeOn\" \/>\n<meta property=\"og:description\" content=\"\u00c9 a menor taxa da s\u00e9rie hist\u00f3rica do \u00edndice, iniciada em 1991 O \u00cdndice Nacional de Pre\u00e7os ao Consumidor Amplo 15 (IPCA-15), a pr\u00e9via da infla\u00e7\u00e3o [\u2026]\" \/>\n<meta property=\"og:url\" content=\"https:\/\/verdadeon.com.br\/portal\/2022\/08\/24\/ipca-15-tem-deflacao-de-073-em-agosto\/\" \/>\n<meta property=\"og:site_name\" content=\"VerdadeOn\" \/>\n<meta property=\"article:published_time\" content=\"2022-08-24T21:02:06+00:00\" \/>\n<meta property=\"og:image\" content=\"https:\/\/verdadeon.com.br\/portal\/wp-content\/uploads\/2022\/08\/economia_1609210416_0.jpg\" \/>\n\t<meta property=\"og:image:width\" content=\"1000\" \/>\n\t<meta property=\"og:image:height\" content=\"670\" \/>\n\t<meta property=\"og:image:type\" content=\"image\/jpeg\" \/>\n<meta name=\"author\" content=\"Fernando Calixto\" \/>\n<meta name=\"twitter:card\" content=\"summary_large_image\" \/>\n<meta name=\"twitter:label1\" content=\"Escrito por\" \/>\n\t<meta name=\"twitter:data1\" content=\"Fernando Calixto\" \/>\n\t<meta name=\"twitter:label2\" content=\"Est. tempo de leitura\" \/>\n\t<meta name=\"twitter:data2\" content=\"2 minutos\" \/>\n<script type=\"application\/ld+json\" class=\"yoast-schema-graph\">{\"@context\":\"https:\/\/schema.org\",\"@graph\":[{\"@type\":\"WebPage\",\"@id\":\"https:\/\/verdadeon.com.br\/portal\/2022\/08\/24\/ipca-15-tem-deflacao-de-073-em-agosto\/\",\"url\":\"https:\/\/verdadeon.com.br\/portal\/2022\/08\/24\/ipca-15-tem-deflacao-de-073-em-agosto\/\",\"name\":\"IPCA-15 tem defla\u00e7\u00e3o de 0,73% em agosto - VerdadeOn\",\"isPartOf\":{\"@id\":\"https:\/\/verdadeon.com.br\/portal\/#website\"},\"primaryImageOfPage\":{\"@id\":\"https:\/\/verdadeon.com.br\/portal\/2022\/08\/24\/ipca-15-tem-deflacao-de-073-em-agosto\/#primaryimage\"},\"image\":{\"@id\":\"https:\/\/verdadeon.com.br\/portal\/2022\/08\/24\/ipca-15-tem-deflacao-de-073-em-agosto\/#primaryimage\"},\"thumbnailUrl\":\"https:\/\/i0.wp.com\/verdadeon.com.br\/portal\/wp-content\/uploads\/2022\/08\/economia_1609210416_0.jpg?fit=1000%2C670&ssl=1\",\"datePublished\":\"2022-08-24T21:02:06+00:00\",\"author\":{\"@id\":\"https:\/\/verdadeon.com.br\/portal\/#\/schema\/person\/8994718f49ee62ba5610471e29ca1f62\"},\"breadcrumb\":{\"@id\":\"https:\/\/verdadeon.com.br\/portal\/2022\/08\/24\/ipca-15-tem-deflacao-de-073-em-agosto\/#breadcrumb\"},\"inLanguage\":\"pt-BR\",\"potentialAction\":[{\"@type\":\"ReadAction\",\"target\":[\"https:\/\/verdadeon.com.br\/portal\/2022\/08\/24\/ipca-15-tem-deflacao-de-073-em-agosto\/\"]}]},{\"@type\":\"ImageObject\",\"inLanguage\":\"pt-BR\",\"@id\":\"https:\/\/verdadeon.com.br\/portal\/2022\/08\/24\/ipca-15-tem-deflacao-de-073-em-agosto\/#primaryimage\",\"url\":\"https:\/\/i0.wp.com\/verdadeon.com.br\/portal\/wp-content\/uploads\/2022\/08\/economia_1609210416_0.jpg?fit=1000%2C670&ssl=1\",\"contentUrl\":\"https:\/\/i0.wp.com\/verdadeon.com.br\/portal\/wp-content\/uploads\/2022\/08\/economia_1609210416_0.jpg?fit=1000%2C670&ssl=1\",\"width\":1000,\"height\":670,\"caption\":\"Economia, Moeda Real,Dinheiro, Calculadora\"},{\"@type\":\"BreadcrumbList\",\"@id\":\"https:\/\/verdadeon.com.br\/portal\/2022\/08\/24\/ipca-15-tem-deflacao-de-073-em-agosto\/#breadcrumb\",\"itemListElement\":[{\"@type\":\"ListItem\",\"position\":1,\"name\":\"In\u00edcio\",\"item\":\"https:\/\/verdadeon.com.br\/portal\/\"},{\"@type\":\"ListItem\",\"position\":2,\"name\":\"IPCA-15 tem defla\u00e7\u00e3o de 0,73% em agosto\"}]},{\"@type\":\"WebSite\",\"@id\":\"https:\/\/verdadeon.com.br\/portal\/#website\",\"url\":\"https:\/\/verdadeon.com.br\/portal\/\",\"name\":\"VerdadeOn\",\"description\":\"Not\u00edcias di\u00e1rias sobre Franca, Regi\u00e3o, Esporte, Cultura, Cotidiano, Colunas. Cobertura nos principais eventos da cidade \u00e9 aqui - Verdadeon Franca\",\"potentialAction\":[{\"@type\":\"SearchAction\",\"target\":{\"@type\":\"EntryPoint\",\"urlTemplate\":\"https:\/\/verdadeon.com.br\/portal\/?s={search_term_string}\"},\"query-input\":{\"@type\":\"PropertyValueSpecification\",\"valueRequired\":true,\"valueName\":\"search_term_string\"}}],\"inLanguage\":\"pt-BR\"},{\"@type\":\"Person\",\"@id\":\"https:\/\/verdadeon.com.br\/portal\/#\/schema\/person\/8994718f49ee62ba5610471e29ca1f62\",\"name\":\"Fernando Calixto\",\"image\":{\"@type\":\"ImageObject\",\"inLanguage\":\"pt-BR\",\"@id\":\"https:\/\/verdadeon.com.br\/portal\/#\/schema\/person\/image\/\",\"url\":\"https:\/\/secure.gravatar.com\/avatar\/7578910c24966c0316c340f9dbd601e93ee9f9212e1033968b367af9306bd9fb?s=96&d=mm&r=g\",\"contentUrl\":\"https:\/\/secure.gravatar.com\/avatar\/7578910c24966c0316c340f9dbd601e93ee9f9212e1033968b367af9306bd9fb?s=96&d=mm&r=g\",\"caption\":\"Fernando Calixto\"},\"url\":\"https:\/\/verdadeon.com.br\/portal\/author\/fernando-calixto\/\"}]}<\/script>\n<!-- \/ Yoast SEO plugin. -->","yoast_head_json":{"title":"IPCA-15 tem defla\u00e7\u00e3o de 0,73% em agosto - VerdadeOn","robots":{"index":"index","follow":"follow","max-snippet":"max-snippet:-1","max-image-preview":"max-image-preview:large","max-video-preview":"max-video-preview:-1"},"canonical":"https:\/\/verdadeon.com.br\/portal\/2022\/08\/24\/ipca-15-tem-deflacao-de-073-em-agosto\/","og_locale":"pt_BR","og_type":"article","og_title":"IPCA-15 tem defla\u00e7\u00e3o de 0,73% em agosto - VerdadeOn","og_description":"\u00c9 a menor taxa da s\u00e9rie hist\u00f3rica do \u00edndice, iniciada em 1991 O \u00cdndice Nacional de Pre\u00e7os ao Consumidor Amplo 15 (IPCA-15), a pr\u00e9via da infla\u00e7\u00e3o [\u2026]","og_url":"https:\/\/verdadeon.com.br\/portal\/2022\/08\/24\/ipca-15-tem-deflacao-de-073-em-agosto\/","og_site_name":"VerdadeOn","article_published_time":"2022-08-24T21:02:06+00:00","og_image":[{"width":1000,"height":670,"url":"https:\/\/verdadeon.com.br\/portal\/wp-content\/uploads\/2022\/08\/economia_1609210416_0.jpg","type":"image\/jpeg"}],"author":"Fernando Calixto","twitter_card":"summary_large_image","twitter_misc":{"Escrito por":"Fernando Calixto","Est. tempo de leitura":"2 minutos"},"schema":{"@context":"https:\/\/schema.org","@graph":[{"@type":"WebPage","@id":"https:\/\/verdadeon.com.br\/portal\/2022\/08\/24\/ipca-15-tem-deflacao-de-073-em-agosto\/","url":"https:\/\/verdadeon.com.br\/portal\/2022\/08\/24\/ipca-15-tem-deflacao-de-073-em-agosto\/","name":"IPCA-15 tem defla\u00e7\u00e3o de 0,73% em agosto - VerdadeOn","isPartOf":{"@id":"https:\/\/verdadeon.com.br\/portal\/#website"},"primaryImageOfPage":{"@id":"https:\/\/verdadeon.com.br\/portal\/2022\/08\/24\/ipca-15-tem-deflacao-de-073-em-agosto\/#primaryimage"},"image":{"@id":"https:\/\/verdadeon.com.br\/portal\/2022\/08\/24\/ipca-15-tem-deflacao-de-073-em-agosto\/#primaryimage"},"thumbnailUrl":"https:\/\/i0.wp.com\/verdadeon.com.br\/portal\/wp-content\/uploads\/2022\/08\/economia_1609210416_0.jpg?fit=1000%2C670&ssl=1","datePublished":"2022-08-24T21:02:06+00:00","author":{"@id":"https:\/\/verdadeon.com.br\/portal\/#\/schema\/person\/8994718f49ee62ba5610471e29ca1f62"},"breadcrumb":{"@id":"https:\/\/verdadeon.com.br\/portal\/2022\/08\/24\/ipca-15-tem-deflacao-de-073-em-agosto\/#breadcrumb"},"inLanguage":"pt-BR","potentialAction":[{"@type":"ReadAction","target":["https:\/\/verdadeon.com.br\/portal\/2022\/08\/24\/ipca-15-tem-deflacao-de-073-em-agosto\/"]}]},{"@type":"ImageObject","inLanguage":"pt-BR","@id":"https:\/\/verdadeon.com.br\/portal\/2022\/08\/24\/ipca-15-tem-deflacao-de-073-em-agosto\/#primaryimage","url":"https:\/\/i0.wp.com\/verdadeon.com.br\/portal\/wp-content\/uploads\/2022\/08\/economia_1609210416_0.jpg?fit=1000%2C670&ssl=1","contentUrl":"https:\/\/i0.wp.com\/verdadeon.com.br\/portal\/wp-content\/uploads\/2022\/08\/economia_1609210416_0.jpg?fit=1000%2C670&ssl=1","width":1000,"height":670,"caption":"Economia, Moeda Real,Dinheiro, Calculadora"},{"@type":"BreadcrumbList","@id":"https:\/\/verdadeon.com.br\/portal\/2022\/08\/24\/ipca-15-tem-deflacao-de-073-em-agosto\/#breadcrumb","itemListElement":[{"@type":"ListItem","position":1,"name":"In\u00edcio","item":"https:\/\/verdadeon.com.br\/portal\/"},{"@type":"ListItem","position":2,"name":"IPCA-15 tem defla\u00e7\u00e3o de 0,73% em agosto"}]},{"@type":"WebSite","@id":"https:\/\/verdadeon.com.br\/portal\/#website","url":"https:\/\/verdadeon.com.br\/portal\/","name":"VerdadeOn","description":"Not\u00edcias di\u00e1rias sobre Franca, Regi\u00e3o, Esporte, Cultura, Cotidiano, Colunas. Cobertura nos principais eventos da cidade \u00e9 aqui - Verdadeon Franca","potentialAction":[{"@type":"SearchAction","target":{"@type":"EntryPoint","urlTemplate":"https:\/\/verdadeon.com.br\/portal\/?s={search_term_string}"},"query-input":{"@type":"PropertyValueSpecification","valueRequired":true,"valueName":"search_term_string"}}],"inLanguage":"pt-BR"},{"@type":"Person","@id":"https:\/\/verdadeon.com.br\/portal\/#\/schema\/person\/8994718f49ee62ba5610471e29ca1f62","name":"Fernando Calixto","image":{"@type":"ImageObject","inLanguage":"pt-BR","@id":"https:\/\/verdadeon.com.br\/portal\/#\/schema\/person\/image\/","url":"https:\/\/secure.gravatar.com\/avatar\/7578910c24966c0316c340f9dbd601e93ee9f9212e1033968b367af9306bd9fb?s=96&d=mm&r=g","contentUrl":"https:\/\/secure.gravatar.com\/avatar\/7578910c24966c0316c340f9dbd601e93ee9f9212e1033968b367af9306bd9fb?s=96&d=mm&r=g","caption":"Fernando Calixto"},"url":"https:\/\/verdadeon.com.br\/portal\/author\/fernando-calixto\/"}]}},"jetpack_publicize_connections":[],"jetpack_featured_media_url":"https:\/\/i0.wp.com\/verdadeon.com.br\/portal\/wp-content\/uploads\/2022\/08\/economia_1609210416_0.jpg?fit=1000%2C670&ssl=1","jetpack_sharing_enabled":true,"_links":{"self":[{"href":"https:\/\/verdadeon.com.br\/portal\/wp-json\/wp\/v2\/posts\/27459","targetHints":{"allow":["GET"]}}],"collection":[{"href":"https:\/\/verdadeon.com.br\/portal\/wp-json\/wp\/v2\/posts"}],"about":[{"href":"https:\/\/verdadeon.com.br\/portal\/wp-json\/wp\/v2\/types\/post"}],"author":[{"embeddable":true,"href":"https:\/\/verdadeon.com.br\/portal\/wp-json\/wp\/v2\/users\/4"}],"replies":[{"embeddable":true,"href":"https:\/\/verdadeon.com.br\/portal\/wp-json\/wp\/v2\/comments?post=27459"}],"version-history":[{"count":1,"href":"https:\/\/verdadeon.com.br\/portal\/wp-json\/wp\/v2\/posts\/27459\/revisions"}],"predecessor-version":[{"id":27461,"href":"https:\/\/verdadeon.com.br\/portal\/wp-json\/wp\/v2\/posts\/27459\/revisions\/27461"}],"wp:featuredmedia":[{"embeddable":true,"href":"https:\/\/verdadeon.com.br\/portal\/wp-json\/wp\/v2\/media\/27460"}],"wp:attachment":[{"href":"https:\/\/verdadeon.com.br\/portal\/wp-json\/wp\/v2\/media?parent=27459"}],"wp:term":[{"taxonomy":"category","embeddable":true,"href":"https:\/\/verdadeon.com.br\/portal\/wp-json\/wp\/v2\/categories?post=27459"},{"taxonomy":"post_tag","embeddable":true,"href":"https:\/\/verdadeon.com.br\/portal\/wp-json\/wp\/v2\/tags?post=27459"}],"curies":[{"name":"wp","href":"https:\/\/api.w.org\/{rel}","templated":true}]}}