{"id":27443,"date":"2022-08-24T12:00:20","date_gmt":"2022-08-24T15:00:20","guid":{"rendered":"https:\/\/verdadeon.com.br\/portal\/?p=27443"},"modified":"2022-08-24T12:53:00","modified_gmt":"2022-08-24T15:53:00","slug":"em-um-ano-e-meio-canil-leiloa-118-animais-de-grande-porte-e-anuncia-novo-leilao","status":"publish","type":"post","link":"https:\/\/verdadeon.com.br\/portal\/2022\/08\/24\/em-um-ano-e-meio-canil-leiloa-118-animais-de-grande-porte-e-anuncia-novo-leilao\/","title":{"rendered":"Em um ano e meio, Canil leiloa 118 animais de grande porte e anuncia novo leil\u00e3o"},"content":{"rendered":"<h2><span style=\"font-weight: 400;\">Treze animais ser\u00e3o colocados \u00e0 venda na pr\u00f3xima ter\u00e7a-feira (30), a partir das 9h30<\/span><\/h2>\n<p><span style=\"font-weight: 400;\">O Canil Municipal realizar\u00e1 na pr\u00f3xima ter\u00e7a-feira (30) o 5\u00ba Leil\u00e3o deste ano, com 13 animais de grande porte colocados \u00e0 venda.<\/span><\/p>\n<p><span style=\"font-weight: 400;\">As pessoas interessadas em participar poder\u00e3o comparecer ao local, \u00e0s 9h30 e, caso tenham interesse em arrematar um animal, dever\u00e3o apresentar os documentos pessoais, como CPF, RG e comprovante de endere\u00e7o.<\/span><\/p>\n<p><span style=\"font-weight: 400;\">Os animais encaminhados para o leil\u00e3o foram acolhidos pelo Canil Municipal ap\u00f3s a captura dos mesmos soltos e abandonados em vias e \u00e1reas p\u00fablicas ou em raz\u00e3o de maus tratos. Como os propriet\u00e1rios n\u00e3o foram retir\u00e1-los no prazo previsto pela legisla\u00e7\u00e3o, ser\u00e3o leiloados.\u00a0<\/span><\/p>\n<p><span style=\"font-weight: 400;\">Somente neste ano, segundo o Canil Municipal, foram recolhidos 90 animais de grande porte. Desde o ano passado at\u00e9 o momento, 118 animais foram vendidos em 11 leil\u00f5es realizados no local. O dinheiro arrecadado com a venda \u00e9 revertido aos cofres municipais.<\/span><\/p>\n<p><span style=\"font-weight: 400;\">As den\u00fancias de animais de grande porte, soltos em vias p\u00fablicas, poder\u00e3o ser feitas \u00e0 Guarda Civil, pelos telefones 153 e (16) 3724-1033 ou para o Canil Municipal pelo n\u00famero (16) 3703-9389.\u00a0\u00a0<\/span><\/p>\n<p>&nbsp;<\/p>\n<p><b>Servi\u00e7o<\/b><\/p>\n<p><b>Leil\u00e3o de Animais de Grande Porte<\/b><\/p>\n<p><span style=\"font-weight: 400;\">Data: 30\/08\/2022<\/span><\/p>\n<p><span style=\"font-weight: 400;\">Hor\u00e1rio: 9h30<\/span><\/p>\n<p><span style=\"font-weight: 400;\">Local: Canil Municipal &#8211; Rua Jos\u00e9 Gianesella, 415, City Petr\u00f3polis<\/span><\/p>\n<p><span style=\"font-weight: 400;\">Entrada Gratuita<\/span><\/p>\n","protected":false},"excerpt":{"rendered":"<p>Treze animais ser\u00e3o colocados \u00e0 venda na pr\u00f3xima ter\u00e7a-feira (30), a partir das 9h30 O Canil Municipal realizar\u00e1 na pr\u00f3xima ter\u00e7a-feira (30) o 5\u00ba Leil\u00e3o deste<span class=\"excerpt-hellip\"> [\u2026]<\/span><\/p>\n","protected":false},"author":12,"featured_media":20340,"comment_status":"open","ping_status":"open","sticky":false,"template":"","format":"standard","meta":{"_jetpack_memberships_contains_paid_content":false,"footnotes":"","jetpack_publicize_message":"","jetpack_publicize_feature_enabled":true,"jetpack_social_post_already_shared":false,"jetpack_social_options":{"image_generator_settings":{"template":"highway","default_image_id":0,"enabled":false},"version":2}},"categories":[28,81],"tags":[],"class_list":["post-27443","post","type-post","status-publish","format-standard","has-post-thumbnail","hentry","category-cotidiano","category-manchete"],"yoast_head":"<!-- This site is optimized with the Yoast SEO plugin v25.6 - https:\/\/yoast.com\/wordpress\/plugins\/seo\/ -->\n<title>Em um ano e meio, Canil leiloa 118 animais de grande porte e anuncia novo leil\u00e3o - VerdadeOn<\/title>\n<meta name=\"robots\" content=\"index, follow, max-snippet:-1, max-image-preview:large, max-video-preview:-1\" \/>\n<link rel=\"canonical\" href=\"https:\/\/verdadeon.com.br\/portal\/2022\/08\/24\/em-um-ano-e-meio-canil-leiloa-118-animais-de-grande-porte-e-anuncia-novo-leilao\/\" \/>\n<meta property=\"og:locale\" content=\"pt_BR\" \/>\n<meta property=\"og:type\" content=\"article\" \/>\n<meta property=\"og:title\" content=\"Em um ano e meio, Canil leiloa 118 animais de grande porte e anuncia novo leil\u00e3o - VerdadeOn\" \/>\n<meta property=\"og:description\" content=\"Treze animais ser\u00e3o colocados \u00e0 venda na pr\u00f3xima ter\u00e7a-feira (30), a partir das 9h30 O Canil Municipal realizar\u00e1 na pr\u00f3xima ter\u00e7a-feira (30) o 5\u00ba Leil\u00e3o deste [\u2026]\" \/>\n<meta property=\"og:url\" content=\"https:\/\/verdadeon.com.br\/portal\/2022\/08\/24\/em-um-ano-e-meio-canil-leiloa-118-animais-de-grande-porte-e-anuncia-novo-leilao\/\" \/>\n<meta property=\"og:site_name\" content=\"VerdadeOn\" \/>\n<meta property=\"article:published_time\" content=\"2022-08-24T15:00:20+00:00\" \/>\n<meta property=\"article:modified_time\" content=\"2022-08-24T15:53:00+00:00\" \/>\n<meta property=\"og:image\" content=\"https:\/\/verdadeon.com.br\/portal\/wp-content\/uploads\/2021\/10\/6o-LEILAO-DE-ANIMAIS-DE-GRANDE-PORTE-DO-CANIL-MUNICIPAL-EM-OUTUBRO-DE-2021-FOTO-DIVULGACAO-e1634333440483.jpeg\" \/>\n\t<meta property=\"og:image:width\" content=\"1000\" \/>\n\t<meta property=\"og:image:height\" content=\"672\" \/>\n\t<meta property=\"og:image:type\" content=\"image\/jpeg\" \/>\n<meta name=\"author\" content=\"Nelise Luques\" \/>\n<meta name=\"twitter:card\" content=\"summary_large_image\" \/>\n<meta name=\"twitter:label1\" content=\"Escrito por\" \/>\n\t<meta name=\"twitter:data1\" content=\"Nelise Luques\" \/>\n\t<meta name=\"twitter:label2\" content=\"Est. tempo de leitura\" \/>\n\t<meta name=\"twitter:data2\" content=\"2 minutos\" \/>\n<script type=\"application\/ld+json\" class=\"yoast-schema-graph\">{\"@context\":\"https:\/\/schema.org\",\"@graph\":[{\"@type\":\"WebPage\",\"@id\":\"https:\/\/verdadeon.com.br\/portal\/2022\/08\/24\/em-um-ano-e-meio-canil-leiloa-118-animais-de-grande-porte-e-anuncia-novo-leilao\/\",\"url\":\"https:\/\/verdadeon.com.br\/portal\/2022\/08\/24\/em-um-ano-e-meio-canil-leiloa-118-animais-de-grande-porte-e-anuncia-novo-leilao\/\",\"name\":\"Em um ano e meio, Canil leiloa 118 animais de grande porte e anuncia novo leil\u00e3o - VerdadeOn\",\"isPartOf\":{\"@id\":\"https:\/\/verdadeon.com.br\/portal\/#website\"},\"primaryImageOfPage\":{\"@id\":\"https:\/\/verdadeon.com.br\/portal\/2022\/08\/24\/em-um-ano-e-meio-canil-leiloa-118-animais-de-grande-porte-e-anuncia-novo-leilao\/#primaryimage\"},\"image\":{\"@id\":\"https:\/\/verdadeon.com.br\/portal\/2022\/08\/24\/em-um-ano-e-meio-canil-leiloa-118-animais-de-grande-porte-e-anuncia-novo-leilao\/#primaryimage\"},\"thumbnailUrl\":\"https:\/\/i0.wp.com\/verdadeon.com.br\/portal\/wp-content\/uploads\/2021\/10\/6o-LEILAO-DE-ANIMAIS-DE-GRANDE-PORTE-DO-CANIL-MUNICIPAL-EM-OUTUBRO-DE-2021-FOTO-DIVULGACAO-e1634333440483.jpeg?fit=1000%2C672&ssl=1\",\"datePublished\":\"2022-08-24T15:00:20+00:00\",\"dateModified\":\"2022-08-24T15:53:00+00:00\",\"author\":{\"@id\":\"https:\/\/verdadeon.com.br\/portal\/#\/schema\/person\/8248726d36015c1916636fabb175d972\"},\"breadcrumb\":{\"@id\":\"https:\/\/verdadeon.com.br\/portal\/2022\/08\/24\/em-um-ano-e-meio-canil-leiloa-118-animais-de-grande-porte-e-anuncia-novo-leilao\/#breadcrumb\"},\"inLanguage\":\"pt-BR\",\"potentialAction\":[{\"@type\":\"ReadAction\",\"target\":[\"https:\/\/verdadeon.com.br\/portal\/2022\/08\/24\/em-um-ano-e-meio-canil-leiloa-118-animais-de-grande-porte-e-anuncia-novo-leilao\/\"]}]},{\"@type\":\"ImageObject\",\"inLanguage\":\"pt-BR\",\"@id\":\"https:\/\/verdadeon.com.br\/portal\/2022\/08\/24\/em-um-ano-e-meio-canil-leiloa-118-animais-de-grande-porte-e-anuncia-novo-leilao\/#primaryimage\",\"url\":\"https:\/\/i0.wp.com\/verdadeon.com.br\/portal\/wp-content\/uploads\/2021\/10\/6o-LEILAO-DE-ANIMAIS-DE-GRANDE-PORTE-DO-CANIL-MUNICIPAL-EM-OUTUBRO-DE-2021-FOTO-DIVULGACAO-e1634333440483.jpeg?fit=1000%2C672&ssl=1\",\"contentUrl\":\"https:\/\/i0.wp.com\/verdadeon.com.br\/portal\/wp-content\/uploads\/2021\/10\/6o-LEILAO-DE-ANIMAIS-DE-GRANDE-PORTE-DO-CANIL-MUNICIPAL-EM-OUTUBRO-DE-2021-FOTO-DIVULGACAO-e1634333440483.jpeg?fit=1000%2C672&ssl=1\",\"width\":1000,\"height\":672,\"caption\":\"Foto de arquivo mostra alguns dos animais colocados \u00e0 venda nos Leil\u00f5es de equinos e muares realizados pelo Canil Municipal | Foto: Divulga\u00e7\u00e3o\"},{\"@type\":\"BreadcrumbList\",\"@id\":\"https:\/\/verdadeon.com.br\/portal\/2022\/08\/24\/em-um-ano-e-meio-canil-leiloa-118-animais-de-grande-porte-e-anuncia-novo-leilao\/#breadcrumb\",\"itemListElement\":[{\"@type\":\"ListItem\",\"position\":1,\"name\":\"In\u00edcio\",\"item\":\"https:\/\/verdadeon.com.br\/portal\/\"},{\"@type\":\"ListItem\",\"position\":2,\"name\":\"Em um ano e meio, Canil leiloa 118 animais de grande porte e anuncia novo leil\u00e3o\"}]},{\"@type\":\"WebSite\",\"@id\":\"https:\/\/verdadeon.com.br\/portal\/#website\",\"url\":\"https:\/\/verdadeon.com.br\/portal\/\",\"name\":\"VerdadeOn\",\"description\":\"Not\u00edcias di\u00e1rias sobre Franca, Regi\u00e3o, Esporte, Cultura, Cotidiano, Colunas. Cobertura nos principais eventos da cidade \u00e9 aqui - Verdadeon Franca\",\"potentialAction\":[{\"@type\":\"SearchAction\",\"target\":{\"@type\":\"EntryPoint\",\"urlTemplate\":\"https:\/\/verdadeon.com.br\/portal\/?s={search_term_string}\"},\"query-input\":{\"@type\":\"PropertyValueSpecification\",\"valueRequired\":true,\"valueName\":\"search_term_string\"}}],\"inLanguage\":\"pt-BR\"},{\"@type\":\"Person\",\"@id\":\"https:\/\/verdadeon.com.br\/portal\/#\/schema\/person\/8248726d36015c1916636fabb175d972\",\"name\":\"Nelise Luques\",\"image\":{\"@type\":\"ImageObject\",\"inLanguage\":\"pt-BR\",\"@id\":\"https:\/\/verdadeon.com.br\/portal\/#\/schema\/person\/image\/\",\"url\":\"https:\/\/secure.gravatar.com\/avatar\/29b2a17f5bcadeb827411b66f48ac13c3e0ecaf5906c0f5745ecc5d41c24eada?s=96&d=mm&r=g\",\"contentUrl\":\"https:\/\/secure.gravatar.com\/avatar\/29b2a17f5bcadeb827411b66f48ac13c3e0ecaf5906c0f5745ecc5d41c24eada?s=96&d=mm&r=g\",\"caption\":\"Nelise Luques\"},\"url\":\"https:\/\/verdadeon.com.br\/portal\/author\/verdade\/\"}]}<\/script>\n<!-- \/ Yoast SEO plugin. -->","yoast_head_json":{"title":"Em um ano e meio, Canil leiloa 118 animais de grande porte e anuncia novo leil\u00e3o - VerdadeOn","robots":{"index":"index","follow":"follow","max-snippet":"max-snippet:-1","max-image-preview":"max-image-preview:large","max-video-preview":"max-video-preview:-1"},"canonical":"https:\/\/verdadeon.com.br\/portal\/2022\/08\/24\/em-um-ano-e-meio-canil-leiloa-118-animais-de-grande-porte-e-anuncia-novo-leilao\/","og_locale":"pt_BR","og_type":"article","og_title":"Em um ano e meio, Canil leiloa 118 animais de grande porte e anuncia novo leil\u00e3o - VerdadeOn","og_description":"Treze animais ser\u00e3o colocados \u00e0 venda na pr\u00f3xima ter\u00e7a-feira (30), a partir das 9h30 O Canil Municipal realizar\u00e1 na pr\u00f3xima ter\u00e7a-feira (30) o 5\u00ba Leil\u00e3o deste [\u2026]","og_url":"https:\/\/verdadeon.com.br\/portal\/2022\/08\/24\/em-um-ano-e-meio-canil-leiloa-118-animais-de-grande-porte-e-anuncia-novo-leilao\/","og_site_name":"VerdadeOn","article_published_time":"2022-08-24T15:00:20+00:00","article_modified_time":"2022-08-24T15:53:00+00:00","og_image":[{"width":1000,"height":672,"url":"https:\/\/verdadeon.com.br\/portal\/wp-content\/uploads\/2021\/10\/6o-LEILAO-DE-ANIMAIS-DE-GRANDE-PORTE-DO-CANIL-MUNICIPAL-EM-OUTUBRO-DE-2021-FOTO-DIVULGACAO-e1634333440483.jpeg","type":"image\/jpeg"}],"author":"Nelise Luques","twitter_card":"summary_large_image","twitter_misc":{"Escrito por":"Nelise Luques","Est. tempo de leitura":"2 minutos"},"schema":{"@context":"https:\/\/schema.org","@graph":[{"@type":"WebPage","@id":"https:\/\/verdadeon.com.br\/portal\/2022\/08\/24\/em-um-ano-e-meio-canil-leiloa-118-animais-de-grande-porte-e-anuncia-novo-leilao\/","url":"https:\/\/verdadeon.com.br\/portal\/2022\/08\/24\/em-um-ano-e-meio-canil-leiloa-118-animais-de-grande-porte-e-anuncia-novo-leilao\/","name":"Em um ano e meio, Canil leiloa 118 animais de grande porte e anuncia novo leil\u00e3o - VerdadeOn","isPartOf":{"@id":"https:\/\/verdadeon.com.br\/portal\/#website"},"primaryImageOfPage":{"@id":"https:\/\/verdadeon.com.br\/portal\/2022\/08\/24\/em-um-ano-e-meio-canil-leiloa-118-animais-de-grande-porte-e-anuncia-novo-leilao\/#primaryimage"},"image":{"@id":"https:\/\/verdadeon.com.br\/portal\/2022\/08\/24\/em-um-ano-e-meio-canil-leiloa-118-animais-de-grande-porte-e-anuncia-novo-leilao\/#primaryimage"},"thumbnailUrl":"https:\/\/i0.wp.com\/verdadeon.com.br\/portal\/wp-content\/uploads\/2021\/10\/6o-LEILAO-DE-ANIMAIS-DE-GRANDE-PORTE-DO-CANIL-MUNICIPAL-EM-OUTUBRO-DE-2021-FOTO-DIVULGACAO-e1634333440483.jpeg?fit=1000%2C672&ssl=1","datePublished":"2022-08-24T15:00:20+00:00","dateModified":"2022-08-24T15:53:00+00:00","author":{"@id":"https:\/\/verdadeon.com.br\/portal\/#\/schema\/person\/8248726d36015c1916636fabb175d972"},"breadcrumb":{"@id":"https:\/\/verdadeon.com.br\/portal\/2022\/08\/24\/em-um-ano-e-meio-canil-leiloa-118-animais-de-grande-porte-e-anuncia-novo-leilao\/#breadcrumb"},"inLanguage":"pt-BR","potentialAction":[{"@type":"ReadAction","target":["https:\/\/verdadeon.com.br\/portal\/2022\/08\/24\/em-um-ano-e-meio-canil-leiloa-118-animais-de-grande-porte-e-anuncia-novo-leilao\/"]}]},{"@type":"ImageObject","inLanguage":"pt-BR","@id":"https:\/\/verdadeon.com.br\/portal\/2022\/08\/24\/em-um-ano-e-meio-canil-leiloa-118-animais-de-grande-porte-e-anuncia-novo-leilao\/#primaryimage","url":"https:\/\/i0.wp.com\/verdadeon.com.br\/portal\/wp-content\/uploads\/2021\/10\/6o-LEILAO-DE-ANIMAIS-DE-GRANDE-PORTE-DO-CANIL-MUNICIPAL-EM-OUTUBRO-DE-2021-FOTO-DIVULGACAO-e1634333440483.jpeg?fit=1000%2C672&ssl=1","contentUrl":"https:\/\/i0.wp.com\/verdadeon.com.br\/portal\/wp-content\/uploads\/2021\/10\/6o-LEILAO-DE-ANIMAIS-DE-GRANDE-PORTE-DO-CANIL-MUNICIPAL-EM-OUTUBRO-DE-2021-FOTO-DIVULGACAO-e1634333440483.jpeg?fit=1000%2C672&ssl=1","width":1000,"height":672,"caption":"Foto de arquivo mostra alguns dos animais colocados \u00e0 venda nos Leil\u00f5es de equinos e muares realizados pelo Canil Municipal | Foto: Divulga\u00e7\u00e3o"},{"@type":"BreadcrumbList","@id":"https:\/\/verdadeon.com.br\/portal\/2022\/08\/24\/em-um-ano-e-meio-canil-leiloa-118-animais-de-grande-porte-e-anuncia-novo-leilao\/#breadcrumb","itemListElement":[{"@type":"ListItem","position":1,"name":"In\u00edcio","item":"https:\/\/verdadeon.com.br\/portal\/"},{"@type":"ListItem","position":2,"name":"Em um ano e meio, Canil leiloa 118 animais de grande porte e anuncia novo leil\u00e3o"}]},{"@type":"WebSite","@id":"https:\/\/verdadeon.com.br\/portal\/#website","url":"https:\/\/verdadeon.com.br\/portal\/","name":"VerdadeOn","description":"Not\u00edcias di\u00e1rias sobre Franca, Regi\u00e3o, Esporte, Cultura, Cotidiano, Colunas. Cobertura nos principais eventos da cidade \u00e9 aqui - Verdadeon Franca","potentialAction":[{"@type":"SearchAction","target":{"@type":"EntryPoint","urlTemplate":"https:\/\/verdadeon.com.br\/portal\/?s={search_term_string}"},"query-input":{"@type":"PropertyValueSpecification","valueRequired":true,"valueName":"search_term_string"}}],"inLanguage":"pt-BR"},{"@type":"Person","@id":"https:\/\/verdadeon.com.br\/portal\/#\/schema\/person\/8248726d36015c1916636fabb175d972","name":"Nelise Luques","image":{"@type":"ImageObject","inLanguage":"pt-BR","@id":"https:\/\/verdadeon.com.br\/portal\/#\/schema\/person\/image\/","url":"https:\/\/secure.gravatar.com\/avatar\/29b2a17f5bcadeb827411b66f48ac13c3e0ecaf5906c0f5745ecc5d41c24eada?s=96&d=mm&r=g","contentUrl":"https:\/\/secure.gravatar.com\/avatar\/29b2a17f5bcadeb827411b66f48ac13c3e0ecaf5906c0f5745ecc5d41c24eada?s=96&d=mm&r=g","caption":"Nelise Luques"},"url":"https:\/\/verdadeon.com.br\/portal\/author\/verdade\/"}]}},"jetpack_publicize_connections":[],"jetpack_featured_media_url":"https:\/\/i0.wp.com\/verdadeon.com.br\/portal\/wp-content\/uploads\/2021\/10\/6o-LEILAO-DE-ANIMAIS-DE-GRANDE-PORTE-DO-CANIL-MUNICIPAL-EM-OUTUBRO-DE-2021-FOTO-DIVULGACAO-e1634333440483.jpeg?fit=1000%2C672&ssl=1","jetpack_sharing_enabled":true,"_links":{"self":[{"href":"https:\/\/verdadeon.com.br\/portal\/wp-json\/wp\/v2\/posts\/27443","targetHints":{"allow":["GET"]}}],"collection":[{"href":"https:\/\/verdadeon.com.br\/portal\/wp-json\/wp\/v2\/posts"}],"about":[{"href":"https:\/\/verdadeon.com.br\/portal\/wp-json\/wp\/v2\/types\/post"}],"author":[{"embeddable":true,"href":"https:\/\/verdadeon.com.br\/portal\/wp-json\/wp\/v2\/users\/12"}],"replies":[{"embeddable":true,"href":"https:\/\/verdadeon.com.br\/portal\/wp-json\/wp\/v2\/comments?post=27443"}],"version-history":[{"count":1,"href":"https:\/\/verdadeon.com.br\/portal\/wp-json\/wp\/v2\/posts\/27443\/revisions"}],"predecessor-version":[{"id":27444,"href":"https:\/\/verdadeon.com.br\/portal\/wp-json\/wp\/v2\/posts\/27443\/revisions\/27444"}],"wp:featuredmedia":[{"embeddable":true,"href":"https:\/\/verdadeon.com.br\/portal\/wp-json\/wp\/v2\/media\/20340"}],"wp:attachment":[{"href":"https:\/\/verdadeon.com.br\/portal\/wp-json\/wp\/v2\/media?parent=27443"}],"wp:term":[{"taxonomy":"category","embeddable":true,"href":"https:\/\/verdadeon.com.br\/portal\/wp-json\/wp\/v2\/categories?post=27443"},{"taxonomy":"post_tag","embeddable":true,"href":"https:\/\/verdadeon.com.br\/portal\/wp-json\/wp\/v2\/tags?post=27443"}],"curies":[{"name":"wp","href":"https:\/\/api.w.org\/{rel}","templated":true}]}}