{"id":27431,"date":"2022-08-23T17:27:00","date_gmt":"2022-08-23T20:27:00","guid":{"rendered":"https:\/\/verdadeon.com.br\/portal\/?p=27431"},"modified":"2022-08-23T17:25:40","modified_gmt":"2022-08-23T20:25:40","slug":"programa-educacional-do-sesi-atende-mais-de-515-mil-alunos-das-escolas-publicas","status":"publish","type":"post","link":"https:\/\/verdadeon.com.br\/portal\/2022\/08\/23\/programa-educacional-do-sesi-atende-mais-de-515-mil-alunos-das-escolas-publicas\/","title":{"rendered":"Programa\u00a0educacional do Sesi atende mais de 515 mil alunos das escolas p\u00fablicas \u00a0\u00a0"},"content":{"rendered":"<h2><span style=\"font-weight: 400;\">Com o objetivo de apoiar a recupera\u00e7\u00e3o do processo de alfabetiza\u00e7\u00e3o, foram firmadas 479 parcerias com os munic\u00edpios<\/span><span style=\"font-weight: 400;\"><br \/>\n<\/span><\/h2>\n<p>&nbsp;<\/p>\n<p><span style=\"font-weight: 400;\">\u00a0\u00a0<\/span><\/p>\n<p><span style=\"font-weight: 400;\"><br \/>\n<\/span><span style=\"font-weight: 400;\">Desde o in\u00edcio de agosto, 2.429 escolas p\u00fablicas de S\u00e3o Paulo est\u00e3o sendo atendidas pelo\u00a0Programa\u00a0Emergencial de Educa\u00e7\u00e3o P\u00f3s-Pandemia, oferecido gratuitamente pelo Sesi-SP, por meio de 479 contratos de parceria fechados com as prefeituras, que representam 54% de todos os munic\u00edpios do estado.\u00a0\u00a0<\/span><\/p>\n<p><span style=\"font-weight: 400;\">Somente na regi\u00e3o de Barretos, Franca, Ribeir\u00e3o Preto e Sert\u00e3ozinho, s\u00e3o 42 acordos assinados, que est\u00e3o beneficiando 180<\/span><b>\u00a0<\/b><span style=\"font-weight: 400;\">escolas nas cidades de Altair, Aramina, Barretos, Barrinha, Batatais, Bebedouro, C\u00e1ssia dos Coqueiros, Col\u00f4mbia, Dumont, Emba\u00faba, Gua\u00edra, Guar\u00e1, Guaraci, Guatapar\u00e1, Ic\u00e9m, Igarapava, Itirapu\u00e3, Ituverava, Jaborandi, Jardin\u00f3polis, Miguel\u00f3polis, Monte Azul Paulista, Nova Granada,<\/span><span style=\"font-weight: 400;\">\u00a0<\/span><span style=\"font-weight: 400;\">Orindi\u00fava, Para\u00edso, Patroc\u00ednio Paulista, Paulo de Faria, Pedregulho, Pitangueiras, Pontal, Restinga, Ribeir\u00e3o Corrente, Santa Rosa de Viterbo, Santo Ant\u00f4nio da Alegria, S\u00e3o Jos\u00e9 da Bela Vista, S\u00e3o Sim\u00e3o, Serra Azul, Serrana, Taquaral, Terra Roxa, Viradouro, Vista Alegre do Alto.<\/span><span style=\"font-weight: 400;\"><br \/>\n<\/span><span style=\"font-weight: 400;\">\u00a0\u201cA ades\u00e3o dos munic\u00edpios demonstra que estamos no caminho certo, ao oferecer uma solu\u00e7\u00e3o que auxiliar\u00e1 nas dificuldades e desafios que os professores t\u00eam que lidar diariamente e que foram ampliados por conta da pandemia\u201d, explica Herman Renato Assump\u00e7\u00e3o, supervisor t\u00e9cnico educacional do Sesi-SP, respons\u00e1vel pelo\u00a0programa.\u00a0<\/span><\/p>\n<p><span style=\"font-weight: 400;\">Os analistas t\u00e9cnicos educacionais, contratados pelo Sesi-SP especialmente para o\u00a0programa, atuam em diferentes polos espalhados pelo estado, dando suporte a 20.772 professores, de 515.796 alunos do Ensino Fundamental.\u00a0\u00a0<\/span><\/p>\n<p><span style=\"font-weight: 400;\">Segundo Assump\u00e7\u00e3o, o\u00a0programa\u00a0vem ao encontro dos anseios desses grupos de professores que buscam fazer a diferen\u00e7a junto aos seus alunos, ao dar acesso a ferramentas e promover reflex\u00f5es sobre as solu\u00e7\u00f5es dos problemas que j\u00e1 est\u00e3o enfrentando. \u201cOu seja, visa aliviar e n\u00e3o sobrecarregar ainda mais o fundamental papel do professor em sala de aula\u201d.\u00a0<\/span><\/p>\n<p><span style=\"font-weight: 400;\">As solu\u00e7\u00f5es educacionais j\u00e1 testadas e aprovadas na rede Sesi-SP ser\u00e3o adequadas \u00e0s necessidades e realidades espec\u00edficas, com o mesmo padr\u00e3o de qualidade, dentro da pr\u00f3pria estrutura das escolas p\u00fablicas das cidades e do estado. O apoio aos professores da escola p\u00fablica, respons\u00e1veis pela educa\u00e7\u00e3o de 80% das crian\u00e7as e adolescentes, s\u00e3o o foco principal do\u00a0programa, com a oportunidade de troca de conhecimento e aprendizados.\u00a0<\/span><\/p>\n<h4><span style=\"font-weight: 400;\">Forma\u00e7\u00e3o<\/span><\/h4>\n<p><span style=\"font-weight: 400;\">Com dura\u00e7\u00e3o de um semestre letivo, o\u00a0programa\u00a0consiste na forma\u00e7\u00e3o de professores da rede p\u00fablica para uma atua\u00e7\u00e3o personalizada junto aos estudantes, dividido em duas frentes: professores do 1\u00ba ao 5\u00ba ano, para consolida\u00e7\u00e3o da alfabetiza\u00e7\u00e3o; e professores do 6\u00ba ao 9\u00ba ano, com foco na eleva\u00e7\u00e3o dos \u00edndices de profici\u00eancia em L\u00edngua Portuguesa e Matem\u00e1tica.\u00a0<\/span><\/p>\n<p><span style=\"font-weight: 400;\">Os contratos firmados se dividiram em 341 de alfabetiza\u00e7\u00e3o (314 presencial e 27 remoto) e 138 de profici\u00eancia em Portugu\u00eas e Matem\u00e1tica (24 presencial e 114 remoto).\u00a0<\/span><\/p>\n<p><span style=\"font-weight: 400;\">Ao todo ser\u00e3o 80h de forma\u00e7\u00e3o com acompanhamento de resultados, no atendimento presencial, direcionado \u00e0s escolas de cidades com at\u00e9 100 mil habitantes, que \u00e9 a maioria. Os munic\u00edpios maiores participar\u00e3o do\u00a0programa\u00a0na modalidade remota, com carga hor\u00e1ria de 40h.\u00a0\u00a0<\/span><\/p>\n<p><span style=\"font-weight: 400;\">Al\u00e9m da forma\u00e7\u00e3o, os professores ter\u00e3o acesso a material did\u00e1tico, f\u00f3rum de d\u00favidas, confer\u00eancias\u00a0e certificado ao final do\u00a0programa.\u00a0\u00a0<\/span><\/p>\n<p><span style=\"font-weight: 400;\">No pr\u00f3ximo ano, novas parcerias ser\u00e3o realizadas, com capacidade para atender a totalidade dos 645 munic\u00edpios paulistas.\u00a0<\/span><\/p>\n<p><span style=\"font-weight: 400;\">O Sesi-SP acredita que uma educa\u00e7\u00e3o de qualidade, significativa e equitativa \u00e9 fundamental para o desenvolvimento social e econ\u00f4mico. O\u00a0Programa\u00a0Emergencial P\u00f3s-Pandemia \u00e9 parte de uma iniciativa com v\u00e1rias frentes, o Sesi Senai para Todos, pelo desenvolvimento do pa\u00eds.<\/span><\/p>\n<p>&nbsp;<\/p>\n","protected":false},"excerpt":{"rendered":"<p>Com o objetivo de apoiar a recupera\u00e7\u00e3o do processo de alfabetiza\u00e7\u00e3o, foram firmadas 479 parcerias com os munic\u00edpios &nbsp; \u00a0\u00a0 Desde o in\u00edcio de agosto, 2.429<span class=\"excerpt-hellip\"> [\u2026]<\/span><\/p>\n","protected":false},"author":10,"featured_media":27432,"comment_status":"open","ping_status":"open","sticky":false,"template":"","format":"standard","meta":{"_jetpack_memberships_contains_paid_content":false,"footnotes":"","jetpack_publicize_message":"","jetpack_publicize_feature_enabled":true,"jetpack_social_post_already_shared":false,"jetpack_social_options":{"image_generator_settings":{"template":"highway","default_image_id":0,"enabled":false},"version":2}},"categories":[28,44],"tags":[],"class_list":["post-27431","post","type-post","status-publish","format-standard","has-post-thumbnail","hentry","category-cotidiano","category-noticias"],"yoast_head":"<!-- This site is optimized with the Yoast SEO plugin v25.6 - https:\/\/yoast.com\/wordpress\/plugins\/seo\/ -->\n<title>Programa\u00a0educacional do Sesi atende mais de 515 mil alunos das escolas p\u00fablicas \u00a0\u00a0 - VerdadeOn<\/title>\n<meta name=\"robots\" content=\"index, follow, max-snippet:-1, max-image-preview:large, max-video-preview:-1\" \/>\n<link rel=\"canonical\" href=\"https:\/\/verdadeon.com.br\/portal\/2022\/08\/23\/programa-educacional-do-sesi-atende-mais-de-515-mil-alunos-das-escolas-publicas\/\" \/>\n<meta property=\"og:locale\" content=\"pt_BR\" \/>\n<meta property=\"og:type\" content=\"article\" \/>\n<meta property=\"og:title\" content=\"Programa\u00a0educacional do Sesi atende mais de 515 mil alunos das escolas p\u00fablicas \u00a0\u00a0 - VerdadeOn\" \/>\n<meta property=\"og:description\" content=\"Com o objetivo de apoiar a recupera\u00e7\u00e3o do processo de alfabetiza\u00e7\u00e3o, foram firmadas 479 parcerias com os munic\u00edpios &nbsp; \u00a0\u00a0 Desde o in\u00edcio de agosto, 2.429 [\u2026]\" \/>\n<meta property=\"og:url\" content=\"https:\/\/verdadeon.com.br\/portal\/2022\/08\/23\/programa-educacional-do-sesi-atende-mais-de-515-mil-alunos-das-escolas-publicas\/\" \/>\n<meta property=\"og:site_name\" content=\"VerdadeOn\" \/>\n<meta property=\"article:published_time\" content=\"2022-08-23T20:27:00+00:00\" \/>\n<meta property=\"og:image\" content=\"https:\/\/verdadeon.com.br\/portal\/wp-content\/uploads\/2022\/08\/WhatsApp-Image-2022-08-23-at-14.57.09.jpeg\" \/>\n\t<meta property=\"og:image:width\" content=\"1024\" \/>\n\t<meta property=\"og:image:height\" content=\"683\" \/>\n\t<meta property=\"og:image:type\" content=\"image\/jpeg\" \/>\n<meta name=\"author\" content=\"Redacao VerdadeOn\" \/>\n<meta name=\"twitter:card\" content=\"summary_large_image\" \/>\n<meta name=\"twitter:label1\" content=\"Escrito por\" \/>\n\t<meta name=\"twitter:data1\" content=\"Redacao VerdadeOn\" \/>\n\t<meta name=\"twitter:label2\" content=\"Est. tempo de leitura\" \/>\n\t<meta name=\"twitter:data2\" content=\"4 minutos\" \/>\n<script type=\"application\/ld+json\" class=\"yoast-schema-graph\">{\"@context\":\"https:\/\/schema.org\",\"@graph\":[{\"@type\":\"WebPage\",\"@id\":\"https:\/\/verdadeon.com.br\/portal\/2022\/08\/23\/programa-educacional-do-sesi-atende-mais-de-515-mil-alunos-das-escolas-publicas\/\",\"url\":\"https:\/\/verdadeon.com.br\/portal\/2022\/08\/23\/programa-educacional-do-sesi-atende-mais-de-515-mil-alunos-das-escolas-publicas\/\",\"name\":\"Programa\u00a0educacional do Sesi atende mais de 515 mil alunos das escolas p\u00fablicas \u00a0\u00a0 - VerdadeOn\",\"isPartOf\":{\"@id\":\"https:\/\/verdadeon.com.br\/portal\/#website\"},\"primaryImageOfPage\":{\"@id\":\"https:\/\/verdadeon.com.br\/portal\/2022\/08\/23\/programa-educacional-do-sesi-atende-mais-de-515-mil-alunos-das-escolas-publicas\/#primaryimage\"},\"image\":{\"@id\":\"https:\/\/verdadeon.com.br\/portal\/2022\/08\/23\/programa-educacional-do-sesi-atende-mais-de-515-mil-alunos-das-escolas-publicas\/#primaryimage\"},\"thumbnailUrl\":\"https:\/\/i0.wp.com\/verdadeon.com.br\/portal\/wp-content\/uploads\/2022\/08\/WhatsApp-Image-2022-08-23-at-14.57.09.jpeg?fit=1024%2C683&ssl=1\",\"datePublished\":\"2022-08-23T20:27:00+00:00\",\"author\":{\"@id\":\"https:\/\/verdadeon.com.br\/portal\/#\/schema\/person\/a5060ad1e9ea3df545188fc93ce43d2f\"},\"breadcrumb\":{\"@id\":\"https:\/\/verdadeon.com.br\/portal\/2022\/08\/23\/programa-educacional-do-sesi-atende-mais-de-515-mil-alunos-das-escolas-publicas\/#breadcrumb\"},\"inLanguage\":\"pt-BR\",\"potentialAction\":[{\"@type\":\"ReadAction\",\"target\":[\"https:\/\/verdadeon.com.br\/portal\/2022\/08\/23\/programa-educacional-do-sesi-atende-mais-de-515-mil-alunos-das-escolas-publicas\/\"]}]},{\"@type\":\"ImageObject\",\"inLanguage\":\"pt-BR\",\"@id\":\"https:\/\/verdadeon.com.br\/portal\/2022\/08\/23\/programa-educacional-do-sesi-atende-mais-de-515-mil-alunos-das-escolas-publicas\/#primaryimage\",\"url\":\"https:\/\/i0.wp.com\/verdadeon.com.br\/portal\/wp-content\/uploads\/2022\/08\/WhatsApp-Image-2022-08-23-at-14.57.09.jpeg?fit=1024%2C683&ssl=1\",\"contentUrl\":\"https:\/\/i0.wp.com\/verdadeon.com.br\/portal\/wp-content\/uploads\/2022\/08\/WhatsApp-Image-2022-08-23-at-14.57.09.jpeg?fit=1024%2C683&ssl=1\",\"width\":1024,\"height\":683,\"caption\":\"Mais de 2,4 mil escolas p\u00fablicas de S\u00e3o Paulo est\u00e3o sendo atendidas pelo Programa Emergencial de Educa\u00e7\u00e3o P\u00f3s-Pandemia, oferecido gratuitamente pelo Sesi-SP, desde o in\u00edcio do m\u00eas de agosto\"},{\"@type\":\"BreadcrumbList\",\"@id\":\"https:\/\/verdadeon.com.br\/portal\/2022\/08\/23\/programa-educacional-do-sesi-atende-mais-de-515-mil-alunos-das-escolas-publicas\/#breadcrumb\",\"itemListElement\":[{\"@type\":\"ListItem\",\"position\":1,\"name\":\"In\u00edcio\",\"item\":\"https:\/\/verdadeon.com.br\/portal\/\"},{\"@type\":\"ListItem\",\"position\":2,\"name\":\"Programa\u00a0educacional do Sesi atende mais de 515 mil alunos das escolas p\u00fablicas \u00a0\u00a0\"}]},{\"@type\":\"WebSite\",\"@id\":\"https:\/\/verdadeon.com.br\/portal\/#website\",\"url\":\"https:\/\/verdadeon.com.br\/portal\/\",\"name\":\"VerdadeOn\",\"description\":\"Not\u00edcias di\u00e1rias sobre Franca, Regi\u00e3o, Esporte, Cultura, Cotidiano, Colunas. Cobertura nos principais eventos da cidade \u00e9 aqui - Verdadeon Franca\",\"potentialAction\":[{\"@type\":\"SearchAction\",\"target\":{\"@type\":\"EntryPoint\",\"urlTemplate\":\"https:\/\/verdadeon.com.br\/portal\/?s={search_term_string}\"},\"query-input\":{\"@type\":\"PropertyValueSpecification\",\"valueRequired\":true,\"valueName\":\"search_term_string\"}}],\"inLanguage\":\"pt-BR\"},{\"@type\":\"Person\",\"@id\":\"https:\/\/verdadeon.com.br\/portal\/#\/schema\/person\/a5060ad1e9ea3df545188fc93ce43d2f\",\"name\":\"Redacao VerdadeOn\",\"image\":{\"@type\":\"ImageObject\",\"inLanguage\":\"pt-BR\",\"@id\":\"https:\/\/verdadeon.com.br\/portal\/#\/schema\/person\/image\/\",\"url\":\"https:\/\/secure.gravatar.com\/avatar\/459a9613caaaf07f582c3d0841eea68bdd66f533e465e6ba8b9cb45619572cf4?s=96&d=mm&r=g\",\"contentUrl\":\"https:\/\/secure.gravatar.com\/avatar\/459a9613caaaf07f582c3d0841eea68bdd66f533e465e6ba8b9cb45619572cf4?s=96&d=mm&r=g\",\"caption\":\"Redacao VerdadeOn\"},\"url\":\"https:\/\/verdadeon.com.br\/portal\/author\/redacao\/\"}]}<\/script>\n<!-- \/ Yoast SEO plugin. -->","yoast_head_json":{"title":"Programa\u00a0educacional do Sesi atende mais de 515 mil alunos das escolas p\u00fablicas \u00a0\u00a0 - VerdadeOn","robots":{"index":"index","follow":"follow","max-snippet":"max-snippet:-1","max-image-preview":"max-image-preview:large","max-video-preview":"max-video-preview:-1"},"canonical":"https:\/\/verdadeon.com.br\/portal\/2022\/08\/23\/programa-educacional-do-sesi-atende-mais-de-515-mil-alunos-das-escolas-publicas\/","og_locale":"pt_BR","og_type":"article","og_title":"Programa\u00a0educacional do Sesi atende mais de 515 mil alunos das escolas p\u00fablicas \u00a0\u00a0 - VerdadeOn","og_description":"Com o objetivo de apoiar a recupera\u00e7\u00e3o do processo de alfabetiza\u00e7\u00e3o, foram firmadas 479 parcerias com os munic\u00edpios &nbsp; \u00a0\u00a0 Desde o in\u00edcio de agosto, 2.429 [\u2026]","og_url":"https:\/\/verdadeon.com.br\/portal\/2022\/08\/23\/programa-educacional-do-sesi-atende-mais-de-515-mil-alunos-das-escolas-publicas\/","og_site_name":"VerdadeOn","article_published_time":"2022-08-23T20:27:00+00:00","og_image":[{"width":1024,"height":683,"url":"https:\/\/verdadeon.com.br\/portal\/wp-content\/uploads\/2022\/08\/WhatsApp-Image-2022-08-23-at-14.57.09.jpeg","type":"image\/jpeg"}],"author":"Redacao VerdadeOn","twitter_card":"summary_large_image","twitter_misc":{"Escrito por":"Redacao VerdadeOn","Est. tempo de leitura":"4 minutos"},"schema":{"@context":"https:\/\/schema.org","@graph":[{"@type":"WebPage","@id":"https:\/\/verdadeon.com.br\/portal\/2022\/08\/23\/programa-educacional-do-sesi-atende-mais-de-515-mil-alunos-das-escolas-publicas\/","url":"https:\/\/verdadeon.com.br\/portal\/2022\/08\/23\/programa-educacional-do-sesi-atende-mais-de-515-mil-alunos-das-escolas-publicas\/","name":"Programa\u00a0educacional do Sesi atende mais de 515 mil alunos das escolas p\u00fablicas \u00a0\u00a0 - VerdadeOn","isPartOf":{"@id":"https:\/\/verdadeon.com.br\/portal\/#website"},"primaryImageOfPage":{"@id":"https:\/\/verdadeon.com.br\/portal\/2022\/08\/23\/programa-educacional-do-sesi-atende-mais-de-515-mil-alunos-das-escolas-publicas\/#primaryimage"},"image":{"@id":"https:\/\/verdadeon.com.br\/portal\/2022\/08\/23\/programa-educacional-do-sesi-atende-mais-de-515-mil-alunos-das-escolas-publicas\/#primaryimage"},"thumbnailUrl":"https:\/\/i0.wp.com\/verdadeon.com.br\/portal\/wp-content\/uploads\/2022\/08\/WhatsApp-Image-2022-08-23-at-14.57.09.jpeg?fit=1024%2C683&ssl=1","datePublished":"2022-08-23T20:27:00+00:00","author":{"@id":"https:\/\/verdadeon.com.br\/portal\/#\/schema\/person\/a5060ad1e9ea3df545188fc93ce43d2f"},"breadcrumb":{"@id":"https:\/\/verdadeon.com.br\/portal\/2022\/08\/23\/programa-educacional-do-sesi-atende-mais-de-515-mil-alunos-das-escolas-publicas\/#breadcrumb"},"inLanguage":"pt-BR","potentialAction":[{"@type":"ReadAction","target":["https:\/\/verdadeon.com.br\/portal\/2022\/08\/23\/programa-educacional-do-sesi-atende-mais-de-515-mil-alunos-das-escolas-publicas\/"]}]},{"@type":"ImageObject","inLanguage":"pt-BR","@id":"https:\/\/verdadeon.com.br\/portal\/2022\/08\/23\/programa-educacional-do-sesi-atende-mais-de-515-mil-alunos-das-escolas-publicas\/#primaryimage","url":"https:\/\/i0.wp.com\/verdadeon.com.br\/portal\/wp-content\/uploads\/2022\/08\/WhatsApp-Image-2022-08-23-at-14.57.09.jpeg?fit=1024%2C683&ssl=1","contentUrl":"https:\/\/i0.wp.com\/verdadeon.com.br\/portal\/wp-content\/uploads\/2022\/08\/WhatsApp-Image-2022-08-23-at-14.57.09.jpeg?fit=1024%2C683&ssl=1","width":1024,"height":683,"caption":"Mais de 2,4 mil escolas p\u00fablicas de S\u00e3o Paulo est\u00e3o sendo atendidas pelo Programa Emergencial de Educa\u00e7\u00e3o P\u00f3s-Pandemia, oferecido gratuitamente pelo Sesi-SP, desde o in\u00edcio do m\u00eas de agosto"},{"@type":"BreadcrumbList","@id":"https:\/\/verdadeon.com.br\/portal\/2022\/08\/23\/programa-educacional-do-sesi-atende-mais-de-515-mil-alunos-das-escolas-publicas\/#breadcrumb","itemListElement":[{"@type":"ListItem","position":1,"name":"In\u00edcio","item":"https:\/\/verdadeon.com.br\/portal\/"},{"@type":"ListItem","position":2,"name":"Programa\u00a0educacional do Sesi atende mais de 515 mil alunos das escolas p\u00fablicas \u00a0\u00a0"}]},{"@type":"WebSite","@id":"https:\/\/verdadeon.com.br\/portal\/#website","url":"https:\/\/verdadeon.com.br\/portal\/","name":"VerdadeOn","description":"Not\u00edcias di\u00e1rias sobre Franca, Regi\u00e3o, Esporte, Cultura, Cotidiano, Colunas. Cobertura nos principais eventos da cidade \u00e9 aqui - Verdadeon Franca","potentialAction":[{"@type":"SearchAction","target":{"@type":"EntryPoint","urlTemplate":"https:\/\/verdadeon.com.br\/portal\/?s={search_term_string}"},"query-input":{"@type":"PropertyValueSpecification","valueRequired":true,"valueName":"search_term_string"}}],"inLanguage":"pt-BR"},{"@type":"Person","@id":"https:\/\/verdadeon.com.br\/portal\/#\/schema\/person\/a5060ad1e9ea3df545188fc93ce43d2f","name":"Redacao VerdadeOn","image":{"@type":"ImageObject","inLanguage":"pt-BR","@id":"https:\/\/verdadeon.com.br\/portal\/#\/schema\/person\/image\/","url":"https:\/\/secure.gravatar.com\/avatar\/459a9613caaaf07f582c3d0841eea68bdd66f533e465e6ba8b9cb45619572cf4?s=96&d=mm&r=g","contentUrl":"https:\/\/secure.gravatar.com\/avatar\/459a9613caaaf07f582c3d0841eea68bdd66f533e465e6ba8b9cb45619572cf4?s=96&d=mm&r=g","caption":"Redacao VerdadeOn"},"url":"https:\/\/verdadeon.com.br\/portal\/author\/redacao\/"}]}},"jetpack_publicize_connections":[],"jetpack_featured_media_url":"https:\/\/i0.wp.com\/verdadeon.com.br\/portal\/wp-content\/uploads\/2022\/08\/WhatsApp-Image-2022-08-23-at-14.57.09.jpeg?fit=1024%2C683&ssl=1","jetpack_sharing_enabled":true,"_links":{"self":[{"href":"https:\/\/verdadeon.com.br\/portal\/wp-json\/wp\/v2\/posts\/27431","targetHints":{"allow":["GET"]}}],"collection":[{"href":"https:\/\/verdadeon.com.br\/portal\/wp-json\/wp\/v2\/posts"}],"about":[{"href":"https:\/\/verdadeon.com.br\/portal\/wp-json\/wp\/v2\/types\/post"}],"author":[{"embeddable":true,"href":"https:\/\/verdadeon.com.br\/portal\/wp-json\/wp\/v2\/users\/10"}],"replies":[{"embeddable":true,"href":"https:\/\/verdadeon.com.br\/portal\/wp-json\/wp\/v2\/comments?post=27431"}],"version-history":[{"count":1,"href":"https:\/\/verdadeon.com.br\/portal\/wp-json\/wp\/v2\/posts\/27431\/revisions"}],"predecessor-version":[{"id":27433,"href":"https:\/\/verdadeon.com.br\/portal\/wp-json\/wp\/v2\/posts\/27431\/revisions\/27433"}],"wp:featuredmedia":[{"embeddable":true,"href":"https:\/\/verdadeon.com.br\/portal\/wp-json\/wp\/v2\/media\/27432"}],"wp:attachment":[{"href":"https:\/\/verdadeon.com.br\/portal\/wp-json\/wp\/v2\/media?parent=27431"}],"wp:term":[{"taxonomy":"category","embeddable":true,"href":"https:\/\/verdadeon.com.br\/portal\/wp-json\/wp\/v2\/categories?post=27431"},{"taxonomy":"post_tag","embeddable":true,"href":"https:\/\/verdadeon.com.br\/portal\/wp-json\/wp\/v2\/tags?post=27431"}],"curies":[{"name":"wp","href":"https:\/\/api.w.org\/{rel}","templated":true}]}}