{"id":27411,"date":"2022-08-22T17:59:18","date_gmt":"2022-08-22T20:59:18","guid":{"rendered":"https:\/\/verdadeon.com.br\/portal\/?p=27411"},"modified":"2022-08-22T17:58:01","modified_gmt":"2022-08-22T20:58:01","slug":"como-fazer-o-curriculo-que-vai-te-levar-para-a-entrevista-de-emprego-e-tema-de-oficina-pratica-e-gratuita-na-impera","status":"publish","type":"post","link":"https:\/\/verdadeon.com.br\/portal\/2022\/08\/22\/como-fazer-o-curriculo-que-vai-te-levar-para-a-entrevista-de-emprego-e-tema-de-oficina-pratica-e-gratuita-na-impera\/","title":{"rendered":"\u2018Como fazer o curr\u00edculo que vai te levar para a entrevista de emprego\u2019 \u00e9 tema de oficina pr\u00e1tica e gratuita na IMPERA"},"content":{"rendered":"<p>&nbsp;<\/p>\n<h2><span style=\"font-weight: 400;\">Encontro do projeto \u2018Mentoria Coletiva\u2019 ser\u00e1 nesta ter\u00e7a (23), \u00e0s 19h, na sede da Incubadora; qualquer pessoa pode participar<\/span><\/h2>\n<p><i><span style=\"font-weight: 400;\">\u00a0<\/span><\/i><\/p>\n<p><span style=\"font-weight: 400;\">A IMPERA (Incubadora de Empresas de Base Tecnol\u00f3gica de Franca), que atua com o apoio da Prefeitura de Franca, junto ao Instituto Cidade do Cal\u00e7ado, promove nesta semana mais um encontro do projeto \u201cMentoria Coletiva\u201d. Com o tema \u201cComo fazer o curr\u00edculo que vai te levar para a entrevista de emprego\u201d, a oficina pr\u00e1tica ser\u00e1 nesta ter\u00e7a-feira (23), \u00e0s 19h, ministrada pelo psic\u00f3logo Douglas Vin\u00edcius de Morais Oliveira, especializado em forma\u00e7\u00e3o de grupos e desenvolvimento de pessoas e fundador da DMO Gest\u00e3o de Pessoas. A entrada \u00e9 gratuita e n\u00e3o precisa fazer inscri\u00e7\u00e3o.<\/span><\/p>\n<p><span style=\"font-weight: 400;\">Segundo Jean Dunkl, gestor da IMPERA, a oficina tem como objetivo ajudar pessoas de todas as idades, que est\u00e3o em busca de emprego e renda, a fazer ou melhorar seus curr\u00edculos aumentando assim as chances de conquistar uma vaga no mercado de trabalho.\u00a0<\/span><\/p>\n<p><span style=\"font-weight: 400;\">\u201cO mercado est\u00e1 aquecido, com muita oportunidade em todos os segmentos, desde presta\u00e7\u00e3o de servi\u00e7os at\u00e9 administrativos, produ\u00e7\u00e3o e comercial. Al\u00e9m disso, o segundo semestre tem um cen\u00e1rio favor\u00e1vel, com importantes datas comemorativas &#8211; Dia das Crian\u00e7as, Black Friday e Natal, e logo come\u00e7am as contrata\u00e7\u00f5es. Sai na frente quem estiver preparado e o pontap\u00e9 \u00e9 apresentar um curr\u00edculo impec\u00e1vel, que chame a aten\u00e7\u00e3o do recrutador\u201d, avalia Jean.<\/span><\/p>\n<p><span style=\"font-weight: 400;\">\u201cA hora \u00e9 agora de aproveitar mais esta oportunidade, que o governo municipal est\u00e1 proporcionando, atrav\u00e9s da IMPERA\u201d, completa Lucimara Prado, secret\u00e1ria de Desenvolvimento.<\/span><\/p>\n<p><span style=\"font-weight: 400;\">O psic\u00f3logo Douglas Vin\u00edcius de Morais Oliveira refor\u00e7a ainda que as vagas oferecidas neste segundo semestre s\u00e3o para tempor\u00e1rios, efetivos e freelancers, com perfis diversos. \u201cVoc\u00ea sabia que pode n\u00e3o estar sendo chamado para processos seletivos por falta de informa\u00e7\u00f5es no seu curr\u00edculo? Nesta oficina pr\u00e1tica vamos ensinar quais s\u00e3o as informa\u00e7\u00f5es imprescind\u00edveis que necessitam conter em um bom curr\u00edculo, para ent\u00e3o aumentar as chances de ser chamado para um processo seletivo\u201d, explica Douglas.<\/span><\/p>\n<p><span style=\"font-weight: 400;\">Segundo o psic\u00f3logo, atualmente muitas pessoas est\u00e3o buscando recoloca\u00e7\u00e3o no mercado de trabalho ou querem altera\u00e7\u00e3o de cargo dentro da pr\u00f3pria empresa, al\u00e9m dos jovens que procuram o primeiro emprego. \u201cDiariamente encontramos muitos erros nos curr\u00edculos como telefone de contato, falta de informa\u00e7\u00f5es sobre os outros locais de trabalho e descri\u00e7\u00e3o do cargo preenchido, e at\u00e9 relacionados \u00e0 idade e endere\u00e7o\u201d, diz Douglas.<\/span><\/p>\n<p><span style=\"font-weight: 400;\">Empresas, entidades, institui\u00e7\u00f5es e profissionais que estejam dispostos a compartilhar conhecimento e boas pr\u00e1ticas no projeto \u201cMentoria Coletiva\u201d podem procurar a IMPERA para parceria.<\/span><\/p>\n<p>&nbsp;<\/p>\n<p><b>Servi\u00e7o<\/b><\/p>\n<p><b>Mentoria Coletiva &#8211; \u201cComo fazer o curr\u00edculo que vai te levar para a entrevista de emprego\u201d<\/b><\/p>\n<p><b>Convidado: <\/b><span style=\"font-weight: 400;\">Douglas Vin\u00edcius de Morais Oliveira, psic\u00f3logo especializado em forma\u00e7\u00e3o de grupos e desenvolvimento de pessoas e fundador da DMO Gest\u00e3o de Pessoas<\/span><\/p>\n<p><b>Dia: <\/b><span style=\"font-weight: 400;\">ter\u00e7a-feira (23\/08)<\/span><\/p>\n<p><b>Hor\u00e1rio:<\/b><span style=\"font-weight: 400;\"> 19 horas<\/span><\/p>\n<p><span style=\"font-weight: 400;\">Gratuito<\/span><\/p>\n<p><b>Endere\u00e7o:<\/b><span style=\"font-weight: 400;\"> Rua Major Mendon\u00e7a, 1659 &#8211; Cidade Nova \u2013 Franca\/SP<\/span><\/p>\n<p><b>Informa\u00e7\u00f5es:<\/b><span style=\"font-weight: 400;\"> (16) 99974-5209 \/ Instagram: @impera.franca<\/span><\/p>\n<p><span style=\"font-weight: 400;\">\u00a0<\/span><\/p>\n<p>&nbsp;<\/p>\n","protected":false},"excerpt":{"rendered":"<p>&nbsp; Encontro do projeto \u2018Mentoria Coletiva\u2019 ser\u00e1 nesta ter\u00e7a (23), \u00e0s 19h, na sede da Incubadora; qualquer pessoa pode participar \u00a0 A IMPERA (Incubadora de Empresas<span class=\"excerpt-hellip\"> [\u2026]<\/span><\/p>\n","protected":false},"author":10,"featured_media":27412,"comment_status":"open","ping_status":"open","sticky":false,"template":"","format":"standard","meta":{"_jetpack_memberships_contains_paid_content":false,"footnotes":"","jetpack_publicize_message":"","jetpack_publicize_feature_enabled":true,"jetpack_social_post_already_shared":false,"jetpack_social_options":{"image_generator_settings":{"template":"highway","default_image_id":0,"enabled":false},"version":2}},"categories":[28,44],"tags":[],"class_list":["post-27411","post","type-post","status-publish","format-standard","has-post-thumbnail","hentry","category-cotidiano","category-noticias"],"yoast_head":"<!-- This site is optimized with the Yoast SEO plugin v25.6 - https:\/\/yoast.com\/wordpress\/plugins\/seo\/ -->\n<title>\u2018Como fazer o curr\u00edculo que vai te levar para a entrevista de emprego\u2019 \u00e9 tema de oficina pr\u00e1tica e gratuita na IMPERA - VerdadeOn<\/title>\n<meta name=\"robots\" content=\"index, follow, max-snippet:-1, max-image-preview:large, max-video-preview:-1\" \/>\n<link rel=\"canonical\" href=\"https:\/\/verdadeon.com.br\/portal\/2022\/08\/22\/como-fazer-o-curriculo-que-vai-te-levar-para-a-entrevista-de-emprego-e-tema-de-oficina-pratica-e-gratuita-na-impera\/\" \/>\n<meta property=\"og:locale\" content=\"pt_BR\" \/>\n<meta property=\"og:type\" content=\"article\" \/>\n<meta property=\"og:title\" content=\"\u2018Como fazer o curr\u00edculo que vai te levar para a entrevista de emprego\u2019 \u00e9 tema de oficina pr\u00e1tica e gratuita na IMPERA - VerdadeOn\" \/>\n<meta property=\"og:description\" content=\"&nbsp; Encontro do projeto \u2018Mentoria Coletiva\u2019 ser\u00e1 nesta ter\u00e7a (23), \u00e0s 19h, na sede da Incubadora; qualquer pessoa pode participar \u00a0 A IMPERA (Incubadora de Empresas [\u2026]\" \/>\n<meta property=\"og:url\" content=\"https:\/\/verdadeon.com.br\/portal\/2022\/08\/22\/como-fazer-o-curriculo-que-vai-te-levar-para-a-entrevista-de-emprego-e-tema-de-oficina-pratica-e-gratuita-na-impera\/\" \/>\n<meta property=\"og:site_name\" content=\"VerdadeOn\" \/>\n<meta property=\"article:published_time\" content=\"2022-08-22T20:59:18+00:00\" \/>\n<meta property=\"og:image\" content=\"https:\/\/verdadeon.com.br\/portal\/wp-content\/uploads\/2022\/08\/WhatsApp-Image-2022-08-22-at-17.15.48.jpeg\" \/>\n\t<meta property=\"og:image:width\" content=\"1000\" \/>\n\t<meta property=\"og:image:height\" content=\"670\" \/>\n\t<meta property=\"og:image:type\" content=\"image\/jpeg\" \/>\n<meta name=\"author\" content=\"Redacao VerdadeOn\" \/>\n<meta name=\"twitter:card\" content=\"summary_large_image\" \/>\n<meta name=\"twitter:label1\" content=\"Escrito por\" \/>\n\t<meta name=\"twitter:data1\" content=\"Redacao VerdadeOn\" \/>\n\t<meta name=\"twitter:label2\" content=\"Est. tempo de leitura\" \/>\n\t<meta name=\"twitter:data2\" content=\"3 minutos\" \/>\n<script type=\"application\/ld+json\" class=\"yoast-schema-graph\">{\"@context\":\"https:\/\/schema.org\",\"@graph\":[{\"@type\":\"WebPage\",\"@id\":\"https:\/\/verdadeon.com.br\/portal\/2022\/08\/22\/como-fazer-o-curriculo-que-vai-te-levar-para-a-entrevista-de-emprego-e-tema-de-oficina-pratica-e-gratuita-na-impera\/\",\"url\":\"https:\/\/verdadeon.com.br\/portal\/2022\/08\/22\/como-fazer-o-curriculo-que-vai-te-levar-para-a-entrevista-de-emprego-e-tema-de-oficina-pratica-e-gratuita-na-impera\/\",\"name\":\"\u2018Como fazer o curr\u00edculo que vai te levar para a entrevista de emprego\u2019 \u00e9 tema de oficina pr\u00e1tica e gratuita na IMPERA - VerdadeOn\",\"isPartOf\":{\"@id\":\"https:\/\/verdadeon.com.br\/portal\/#website\"},\"primaryImageOfPage\":{\"@id\":\"https:\/\/verdadeon.com.br\/portal\/2022\/08\/22\/como-fazer-o-curriculo-que-vai-te-levar-para-a-entrevista-de-emprego-e-tema-de-oficina-pratica-e-gratuita-na-impera\/#primaryimage\"},\"image\":{\"@id\":\"https:\/\/verdadeon.com.br\/portal\/2022\/08\/22\/como-fazer-o-curriculo-que-vai-te-levar-para-a-entrevista-de-emprego-e-tema-de-oficina-pratica-e-gratuita-na-impera\/#primaryimage\"},\"thumbnailUrl\":\"https:\/\/i0.wp.com\/verdadeon.com.br\/portal\/wp-content\/uploads\/2022\/08\/WhatsApp-Image-2022-08-22-at-17.15.48.jpeg?fit=1000%2C670&ssl=1\",\"datePublished\":\"2022-08-22T20:59:18+00:00\",\"author\":{\"@id\":\"https:\/\/verdadeon.com.br\/portal\/#\/schema\/person\/a5060ad1e9ea3df545188fc93ce43d2f\"},\"breadcrumb\":{\"@id\":\"https:\/\/verdadeon.com.br\/portal\/2022\/08\/22\/como-fazer-o-curriculo-que-vai-te-levar-para-a-entrevista-de-emprego-e-tema-de-oficina-pratica-e-gratuita-na-impera\/#breadcrumb\"},\"inLanguage\":\"pt-BR\",\"potentialAction\":[{\"@type\":\"ReadAction\",\"target\":[\"https:\/\/verdadeon.com.br\/portal\/2022\/08\/22\/como-fazer-o-curriculo-que-vai-te-levar-para-a-entrevista-de-emprego-e-tema-de-oficina-pratica-e-gratuita-na-impera\/\"]}]},{\"@type\":\"ImageObject\",\"inLanguage\":\"pt-BR\",\"@id\":\"https:\/\/verdadeon.com.br\/portal\/2022\/08\/22\/como-fazer-o-curriculo-que-vai-te-levar-para-a-entrevista-de-emprego-e-tema-de-oficina-pratica-e-gratuita-na-impera\/#primaryimage\",\"url\":\"https:\/\/i0.wp.com\/verdadeon.com.br\/portal\/wp-content\/uploads\/2022\/08\/WhatsApp-Image-2022-08-22-at-17.15.48.jpeg?fit=1000%2C670&ssl=1\",\"contentUrl\":\"https:\/\/i0.wp.com\/verdadeon.com.br\/portal\/wp-content\/uploads\/2022\/08\/WhatsApp-Image-2022-08-22-at-17.15.48.jpeg?fit=1000%2C670&ssl=1\",\"width\":1000,\"height\":670,\"caption\":\"A oficina pr\u00e1tica ser\u00e1 nesta ter\u00e7a-feira (23), \u00e0s 19h, com o psic\u00f3logo Douglas Vin\u00edcius de Morais Oliveira | Foto: Divulga\u00e7\u00e3o\"},{\"@type\":\"BreadcrumbList\",\"@id\":\"https:\/\/verdadeon.com.br\/portal\/2022\/08\/22\/como-fazer-o-curriculo-que-vai-te-levar-para-a-entrevista-de-emprego-e-tema-de-oficina-pratica-e-gratuita-na-impera\/#breadcrumb\",\"itemListElement\":[{\"@type\":\"ListItem\",\"position\":1,\"name\":\"In\u00edcio\",\"item\":\"https:\/\/verdadeon.com.br\/portal\/\"},{\"@type\":\"ListItem\",\"position\":2,\"name\":\"\u2018Como fazer o curr\u00edculo que vai te levar para a entrevista de emprego\u2019 \u00e9 tema de oficina pr\u00e1tica e gratuita na IMPERA\"}]},{\"@type\":\"WebSite\",\"@id\":\"https:\/\/verdadeon.com.br\/portal\/#website\",\"url\":\"https:\/\/verdadeon.com.br\/portal\/\",\"name\":\"VerdadeOn\",\"description\":\"Not\u00edcias di\u00e1rias sobre Franca, Regi\u00e3o, Esporte, Cultura, Cotidiano, Colunas. Cobertura nos principais eventos da cidade \u00e9 aqui - Verdadeon Franca\",\"potentialAction\":[{\"@type\":\"SearchAction\",\"target\":{\"@type\":\"EntryPoint\",\"urlTemplate\":\"https:\/\/verdadeon.com.br\/portal\/?s={search_term_string}\"},\"query-input\":{\"@type\":\"PropertyValueSpecification\",\"valueRequired\":true,\"valueName\":\"search_term_string\"}}],\"inLanguage\":\"pt-BR\"},{\"@type\":\"Person\",\"@id\":\"https:\/\/verdadeon.com.br\/portal\/#\/schema\/person\/a5060ad1e9ea3df545188fc93ce43d2f\",\"name\":\"Redacao VerdadeOn\",\"image\":{\"@type\":\"ImageObject\",\"inLanguage\":\"pt-BR\",\"@id\":\"https:\/\/verdadeon.com.br\/portal\/#\/schema\/person\/image\/\",\"url\":\"https:\/\/secure.gravatar.com\/avatar\/459a9613caaaf07f582c3d0841eea68bdd66f533e465e6ba8b9cb45619572cf4?s=96&d=mm&r=g\",\"contentUrl\":\"https:\/\/secure.gravatar.com\/avatar\/459a9613caaaf07f582c3d0841eea68bdd66f533e465e6ba8b9cb45619572cf4?s=96&d=mm&r=g\",\"caption\":\"Redacao VerdadeOn\"},\"url\":\"https:\/\/verdadeon.com.br\/portal\/author\/redacao\/\"}]}<\/script>\n<!-- \/ Yoast SEO plugin. -->","yoast_head_json":{"title":"\u2018Como fazer o curr\u00edculo que vai te levar para a entrevista de emprego\u2019 \u00e9 tema de oficina pr\u00e1tica e gratuita na IMPERA - VerdadeOn","robots":{"index":"index","follow":"follow","max-snippet":"max-snippet:-1","max-image-preview":"max-image-preview:large","max-video-preview":"max-video-preview:-1"},"canonical":"https:\/\/verdadeon.com.br\/portal\/2022\/08\/22\/como-fazer-o-curriculo-que-vai-te-levar-para-a-entrevista-de-emprego-e-tema-de-oficina-pratica-e-gratuita-na-impera\/","og_locale":"pt_BR","og_type":"article","og_title":"\u2018Como fazer o curr\u00edculo que vai te levar para a entrevista de emprego\u2019 \u00e9 tema de oficina pr\u00e1tica e gratuita na IMPERA - VerdadeOn","og_description":"&nbsp; Encontro do projeto \u2018Mentoria Coletiva\u2019 ser\u00e1 nesta ter\u00e7a (23), \u00e0s 19h, na sede da Incubadora; qualquer pessoa pode participar \u00a0 A IMPERA (Incubadora de Empresas [\u2026]","og_url":"https:\/\/verdadeon.com.br\/portal\/2022\/08\/22\/como-fazer-o-curriculo-que-vai-te-levar-para-a-entrevista-de-emprego-e-tema-de-oficina-pratica-e-gratuita-na-impera\/","og_site_name":"VerdadeOn","article_published_time":"2022-08-22T20:59:18+00:00","og_image":[{"width":1000,"height":670,"url":"https:\/\/verdadeon.com.br\/portal\/wp-content\/uploads\/2022\/08\/WhatsApp-Image-2022-08-22-at-17.15.48.jpeg","type":"image\/jpeg"}],"author":"Redacao VerdadeOn","twitter_card":"summary_large_image","twitter_misc":{"Escrito por":"Redacao VerdadeOn","Est. tempo de leitura":"3 minutos"},"schema":{"@context":"https:\/\/schema.org","@graph":[{"@type":"WebPage","@id":"https:\/\/verdadeon.com.br\/portal\/2022\/08\/22\/como-fazer-o-curriculo-que-vai-te-levar-para-a-entrevista-de-emprego-e-tema-de-oficina-pratica-e-gratuita-na-impera\/","url":"https:\/\/verdadeon.com.br\/portal\/2022\/08\/22\/como-fazer-o-curriculo-que-vai-te-levar-para-a-entrevista-de-emprego-e-tema-de-oficina-pratica-e-gratuita-na-impera\/","name":"\u2018Como fazer o curr\u00edculo que vai te levar para a entrevista de emprego\u2019 \u00e9 tema de oficina pr\u00e1tica e gratuita na IMPERA - VerdadeOn","isPartOf":{"@id":"https:\/\/verdadeon.com.br\/portal\/#website"},"primaryImageOfPage":{"@id":"https:\/\/verdadeon.com.br\/portal\/2022\/08\/22\/como-fazer-o-curriculo-que-vai-te-levar-para-a-entrevista-de-emprego-e-tema-de-oficina-pratica-e-gratuita-na-impera\/#primaryimage"},"image":{"@id":"https:\/\/verdadeon.com.br\/portal\/2022\/08\/22\/como-fazer-o-curriculo-que-vai-te-levar-para-a-entrevista-de-emprego-e-tema-de-oficina-pratica-e-gratuita-na-impera\/#primaryimage"},"thumbnailUrl":"https:\/\/i0.wp.com\/verdadeon.com.br\/portal\/wp-content\/uploads\/2022\/08\/WhatsApp-Image-2022-08-22-at-17.15.48.jpeg?fit=1000%2C670&ssl=1","datePublished":"2022-08-22T20:59:18+00:00","author":{"@id":"https:\/\/verdadeon.com.br\/portal\/#\/schema\/person\/a5060ad1e9ea3df545188fc93ce43d2f"},"breadcrumb":{"@id":"https:\/\/verdadeon.com.br\/portal\/2022\/08\/22\/como-fazer-o-curriculo-que-vai-te-levar-para-a-entrevista-de-emprego-e-tema-de-oficina-pratica-e-gratuita-na-impera\/#breadcrumb"},"inLanguage":"pt-BR","potentialAction":[{"@type":"ReadAction","target":["https:\/\/verdadeon.com.br\/portal\/2022\/08\/22\/como-fazer-o-curriculo-que-vai-te-levar-para-a-entrevista-de-emprego-e-tema-de-oficina-pratica-e-gratuita-na-impera\/"]}]},{"@type":"ImageObject","inLanguage":"pt-BR","@id":"https:\/\/verdadeon.com.br\/portal\/2022\/08\/22\/como-fazer-o-curriculo-que-vai-te-levar-para-a-entrevista-de-emprego-e-tema-de-oficina-pratica-e-gratuita-na-impera\/#primaryimage","url":"https:\/\/i0.wp.com\/verdadeon.com.br\/portal\/wp-content\/uploads\/2022\/08\/WhatsApp-Image-2022-08-22-at-17.15.48.jpeg?fit=1000%2C670&ssl=1","contentUrl":"https:\/\/i0.wp.com\/verdadeon.com.br\/portal\/wp-content\/uploads\/2022\/08\/WhatsApp-Image-2022-08-22-at-17.15.48.jpeg?fit=1000%2C670&ssl=1","width":1000,"height":670,"caption":"A oficina pr\u00e1tica ser\u00e1 nesta ter\u00e7a-feira (23), \u00e0s 19h, com o psic\u00f3logo Douglas Vin\u00edcius de Morais Oliveira | Foto: Divulga\u00e7\u00e3o"},{"@type":"BreadcrumbList","@id":"https:\/\/verdadeon.com.br\/portal\/2022\/08\/22\/como-fazer-o-curriculo-que-vai-te-levar-para-a-entrevista-de-emprego-e-tema-de-oficina-pratica-e-gratuita-na-impera\/#breadcrumb","itemListElement":[{"@type":"ListItem","position":1,"name":"In\u00edcio","item":"https:\/\/verdadeon.com.br\/portal\/"},{"@type":"ListItem","position":2,"name":"\u2018Como fazer o curr\u00edculo que vai te levar para a entrevista de emprego\u2019 \u00e9 tema de oficina pr\u00e1tica e gratuita na IMPERA"}]},{"@type":"WebSite","@id":"https:\/\/verdadeon.com.br\/portal\/#website","url":"https:\/\/verdadeon.com.br\/portal\/","name":"VerdadeOn","description":"Not\u00edcias di\u00e1rias sobre Franca, Regi\u00e3o, Esporte, Cultura, Cotidiano, Colunas. Cobertura nos principais eventos da cidade \u00e9 aqui - Verdadeon Franca","potentialAction":[{"@type":"SearchAction","target":{"@type":"EntryPoint","urlTemplate":"https:\/\/verdadeon.com.br\/portal\/?s={search_term_string}"},"query-input":{"@type":"PropertyValueSpecification","valueRequired":true,"valueName":"search_term_string"}}],"inLanguage":"pt-BR"},{"@type":"Person","@id":"https:\/\/verdadeon.com.br\/portal\/#\/schema\/person\/a5060ad1e9ea3df545188fc93ce43d2f","name":"Redacao VerdadeOn","image":{"@type":"ImageObject","inLanguage":"pt-BR","@id":"https:\/\/verdadeon.com.br\/portal\/#\/schema\/person\/image\/","url":"https:\/\/secure.gravatar.com\/avatar\/459a9613caaaf07f582c3d0841eea68bdd66f533e465e6ba8b9cb45619572cf4?s=96&d=mm&r=g","contentUrl":"https:\/\/secure.gravatar.com\/avatar\/459a9613caaaf07f582c3d0841eea68bdd66f533e465e6ba8b9cb45619572cf4?s=96&d=mm&r=g","caption":"Redacao VerdadeOn"},"url":"https:\/\/verdadeon.com.br\/portal\/author\/redacao\/"}]}},"jetpack_publicize_connections":[],"jetpack_featured_media_url":"https:\/\/i0.wp.com\/verdadeon.com.br\/portal\/wp-content\/uploads\/2022\/08\/WhatsApp-Image-2022-08-22-at-17.15.48.jpeg?fit=1000%2C670&ssl=1","jetpack_sharing_enabled":true,"_links":{"self":[{"href":"https:\/\/verdadeon.com.br\/portal\/wp-json\/wp\/v2\/posts\/27411","targetHints":{"allow":["GET"]}}],"collection":[{"href":"https:\/\/verdadeon.com.br\/portal\/wp-json\/wp\/v2\/posts"}],"about":[{"href":"https:\/\/verdadeon.com.br\/portal\/wp-json\/wp\/v2\/types\/post"}],"author":[{"embeddable":true,"href":"https:\/\/verdadeon.com.br\/portal\/wp-json\/wp\/v2\/users\/10"}],"replies":[{"embeddable":true,"href":"https:\/\/verdadeon.com.br\/portal\/wp-json\/wp\/v2\/comments?post=27411"}],"version-history":[{"count":1,"href":"https:\/\/verdadeon.com.br\/portal\/wp-json\/wp\/v2\/posts\/27411\/revisions"}],"predecessor-version":[{"id":27413,"href":"https:\/\/verdadeon.com.br\/portal\/wp-json\/wp\/v2\/posts\/27411\/revisions\/27413"}],"wp:featuredmedia":[{"embeddable":true,"href":"https:\/\/verdadeon.com.br\/portal\/wp-json\/wp\/v2\/media\/27412"}],"wp:attachment":[{"href":"https:\/\/verdadeon.com.br\/portal\/wp-json\/wp\/v2\/media?parent=27411"}],"wp:term":[{"taxonomy":"category","embeddable":true,"href":"https:\/\/verdadeon.com.br\/portal\/wp-json\/wp\/v2\/categories?post=27411"},{"taxonomy":"post_tag","embeddable":true,"href":"https:\/\/verdadeon.com.br\/portal\/wp-json\/wp\/v2\/tags?post=27411"}],"curies":[{"name":"wp","href":"https:\/\/api.w.org\/{rel}","templated":true}]}}