{"id":27408,"date":"2022-08-22T17:57:49","date_gmt":"2022-08-22T20:57:49","guid":{"rendered":"https:\/\/verdadeon.com.br\/portal\/?p=27408"},"modified":"2022-08-22T17:54:54","modified_gmt":"2022-08-22T20:54:54","slug":"emdef-recebe-inscricoes-para-concurso-publico","status":"publish","type":"post","link":"https:\/\/verdadeon.com.br\/portal\/2022\/08\/22\/emdef-recebe-inscricoes-para-concurso-publico\/","title":{"rendered":"Emdef recebe inscri\u00e7\u00f5es para concurso p\u00fablico"},"content":{"rendered":"<h2>Certame ser\u00e1 para cadastro de reserva, com vagas que exigem desde ensino fundamental incompleto a superior<\/h2>\n<p>&nbsp;<\/p>\n<p><span style=\"font-weight: 400;\">A Emdef (Empresa Municipal para o Desenvolvimento de Franca) est\u00e1 com as inscri\u00e7\u00f5es abertas desde o \u00faltimo s\u00e1bado (20)\u00a0 para o Concurso P\u00fablico, destinado para a forma\u00e7\u00e3o de cadastro reserva para os empregos de Motorista, Pedreiro, Escritur\u00e1rio, T\u00e9cnico em Seguran\u00e7a do Trabalho e Engenheiro Civil. O edital completo foi publicado na edi\u00e7\u00e3o de s\u00e1bado do Di\u00e1rio Oficial do Munic\u00edpio e poder\u00e1 ser consultado pelo site da Prefeitura, no link <\/span><a href=\"https:\/\/www.franca.sp.gov.br\/arquivos\/diario-oficial\/documentos\/2106-20082022.pdf\"><span style=\"font-weight: 400;\">https:\/\/www.franca.sp.gov.br\/arquivos\/diario-oficial\/documentos\/2106-20082022.pdf<\/span><\/a><span style=\"font-weight: 400;\">.<\/span><\/p>\n<p><span style=\"font-weight: 400;\">As inscri\u00e7\u00f5es poder\u00e3o ser feitas, exclusivamente, pelo site da Empresa MSCONCURSOS &#8211; <\/span><a href=\"http:\/\/www.msconcursos.com.br\/\"><span style=\"font-weight: 400;\">www.msconcursos.com.br<\/span><\/a><span style=\"font-weight: 400;\">, at\u00e9 as 18h, do dia 4 de setembro.\u00a0<\/span><\/p>\n<p><span style=\"font-weight: 400;\">O n\u00edvel de escolaridade exigido para os empregos abrange do Ensino Fundamental incompleto e completo ao Superior, com jornada de trabalho de 40 horas semanais e sal\u00e1rios de R$ 1.935,85 a R$ 4.870,82, de acordo com a fun\u00e7\u00e3o escolhida. As taxas de inscri\u00e7\u00e3o oscilam entre R$ 70 e R$ 100 e dever\u00e3o ser pagas at\u00e9 o dia 5 de setembro.<\/span><\/p>\n<p><span style=\"font-weight: 400;\">As provas objetivas para todos os empregos est\u00e3o previstas para o dia 25 de setembro, cujos hor\u00e1rios e locais ser\u00e3o divulgados, por meio de publica\u00e7\u00e3o no Di\u00e1rio Oficial e pelo site da empresa.\u00a0<\/span><\/p>\n<p><span style=\"font-weight: 400;\">A contrata\u00e7\u00e3o dos candidatos aprovados obedecer\u00e1 \u00e0 ordem de classifica\u00e7\u00e3o no concurso p\u00fablico, devendo ser iniciada pela lista de pontua\u00e7\u00e3o geral, observados os crit\u00e9rios de altern\u00e2ncia e de proporcionalidade entre a classifica\u00e7\u00e3o de ampla concorr\u00eancia e as vagas para candidatos com defici\u00eancia e candidatos negros.<\/span><\/p>\n<p>&nbsp;<\/p>\n","protected":false},"excerpt":{"rendered":"<p>Certame ser\u00e1 para cadastro de reserva, com vagas que exigem desde ensino fundamental incompleto a superior &nbsp; A Emdef (Empresa Municipal para o Desenvolvimento de Franca)<span class=\"excerpt-hellip\"> [\u2026]<\/span><\/p>\n","protected":false},"author":10,"featured_media":27409,"comment_status":"open","ping_status":"open","sticky":false,"template":"","format":"standard","meta":{"_jetpack_memberships_contains_paid_content":false,"footnotes":"","jetpack_publicize_message":"","jetpack_publicize_feature_enabled":true,"jetpack_social_post_already_shared":false,"jetpack_social_options":{"image_generator_settings":{"template":"highway","default_image_id":0,"enabled":false},"version":2}},"categories":[28,44],"tags":[],"class_list":["post-27408","post","type-post","status-publish","format-standard","has-post-thumbnail","hentry","category-cotidiano","category-noticias"],"yoast_head":"<!-- This site is optimized with the Yoast SEO plugin v25.6 - https:\/\/yoast.com\/wordpress\/plugins\/seo\/ -->\n<title>Emdef recebe inscri\u00e7\u00f5es para concurso p\u00fablico - VerdadeOn<\/title>\n<meta name=\"robots\" content=\"index, follow, max-snippet:-1, max-image-preview:large, max-video-preview:-1\" \/>\n<link rel=\"canonical\" href=\"https:\/\/verdadeon.com.br\/portal\/2022\/08\/22\/emdef-recebe-inscricoes-para-concurso-publico\/\" \/>\n<meta property=\"og:locale\" content=\"pt_BR\" \/>\n<meta property=\"og:type\" content=\"article\" \/>\n<meta property=\"og:title\" content=\"Emdef recebe inscri\u00e7\u00f5es para concurso p\u00fablico - VerdadeOn\" \/>\n<meta property=\"og:description\" content=\"Certame ser\u00e1 para cadastro de reserva, com vagas que exigem desde ensino fundamental incompleto a superior &nbsp; A Emdef (Empresa Municipal para o Desenvolvimento de Franca) [\u2026]\" \/>\n<meta property=\"og:url\" content=\"https:\/\/verdadeon.com.br\/portal\/2022\/08\/22\/emdef-recebe-inscricoes-para-concurso-publico\/\" \/>\n<meta property=\"og:site_name\" content=\"VerdadeOn\" \/>\n<meta property=\"article:published_time\" content=\"2022-08-22T20:57:49+00:00\" \/>\n<meta property=\"og:image\" content=\"https:\/\/verdadeon.com.br\/portal\/wp-content\/uploads\/2022\/08\/WhatsApp-Image-2022-08-22-at-17.43.40.jpeg\" \/>\n\t<meta property=\"og:image:width\" content=\"1280\" \/>\n\t<meta property=\"og:image:height\" content=\"857\" \/>\n\t<meta property=\"og:image:type\" content=\"image\/jpeg\" \/>\n<meta name=\"author\" content=\"Redacao VerdadeOn\" \/>\n<meta name=\"twitter:card\" content=\"summary_large_image\" \/>\n<meta name=\"twitter:label1\" content=\"Escrito por\" \/>\n\t<meta name=\"twitter:data1\" content=\"Redacao VerdadeOn\" \/>\n\t<meta name=\"twitter:label2\" content=\"Est. tempo de leitura\" \/>\n\t<meta name=\"twitter:data2\" content=\"2 minutos\" \/>\n<script type=\"application\/ld+json\" class=\"yoast-schema-graph\">{\"@context\":\"https:\/\/schema.org\",\"@graph\":[{\"@type\":\"WebPage\",\"@id\":\"https:\/\/verdadeon.com.br\/portal\/2022\/08\/22\/emdef-recebe-inscricoes-para-concurso-publico\/\",\"url\":\"https:\/\/verdadeon.com.br\/portal\/2022\/08\/22\/emdef-recebe-inscricoes-para-concurso-publico\/\",\"name\":\"Emdef recebe inscri\u00e7\u00f5es para concurso p\u00fablico - VerdadeOn\",\"isPartOf\":{\"@id\":\"https:\/\/verdadeon.com.br\/portal\/#website\"},\"primaryImageOfPage\":{\"@id\":\"https:\/\/verdadeon.com.br\/portal\/2022\/08\/22\/emdef-recebe-inscricoes-para-concurso-publico\/#primaryimage\"},\"image\":{\"@id\":\"https:\/\/verdadeon.com.br\/portal\/2022\/08\/22\/emdef-recebe-inscricoes-para-concurso-publico\/#primaryimage\"},\"thumbnailUrl\":\"https:\/\/i0.wp.com\/verdadeon.com.br\/portal\/wp-content\/uploads\/2022\/08\/WhatsApp-Image-2022-08-22-at-17.43.40.jpeg?fit=1280%2C857&ssl=1\",\"datePublished\":\"2022-08-22T20:57:49+00:00\",\"author\":{\"@id\":\"https:\/\/verdadeon.com.br\/portal\/#\/schema\/person\/a5060ad1e9ea3df545188fc93ce43d2f\"},\"breadcrumb\":{\"@id\":\"https:\/\/verdadeon.com.br\/portal\/2022\/08\/22\/emdef-recebe-inscricoes-para-concurso-publico\/#breadcrumb\"},\"inLanguage\":\"pt-BR\",\"potentialAction\":[{\"@type\":\"ReadAction\",\"target\":[\"https:\/\/verdadeon.com.br\/portal\/2022\/08\/22\/emdef-recebe-inscricoes-para-concurso-publico\/\"]}]},{\"@type\":\"ImageObject\",\"inLanguage\":\"pt-BR\",\"@id\":\"https:\/\/verdadeon.com.br\/portal\/2022\/08\/22\/emdef-recebe-inscricoes-para-concurso-publico\/#primaryimage\",\"url\":\"https:\/\/i0.wp.com\/verdadeon.com.br\/portal\/wp-content\/uploads\/2022\/08\/WhatsApp-Image-2022-08-22-at-17.43.40.jpeg?fit=1280%2C857&ssl=1\",\"contentUrl\":\"https:\/\/i0.wp.com\/verdadeon.com.br\/portal\/wp-content\/uploads\/2022\/08\/WhatsApp-Image-2022-08-22-at-17.43.40.jpeg?fit=1280%2C857&ssl=1\",\"width\":1280,\"height\":857,\"caption\":\"Os cargos abertos no Concurso P\u00fablico da Emdef s\u00e3o Engenheiro Civil, Motorista, Pedreiro, Escritur\u00e1rio e T\u00e9cnico em Seguran\u00e7a do Trabalho\"},{\"@type\":\"BreadcrumbList\",\"@id\":\"https:\/\/verdadeon.com.br\/portal\/2022\/08\/22\/emdef-recebe-inscricoes-para-concurso-publico\/#breadcrumb\",\"itemListElement\":[{\"@type\":\"ListItem\",\"position\":1,\"name\":\"In\u00edcio\",\"item\":\"https:\/\/verdadeon.com.br\/portal\/\"},{\"@type\":\"ListItem\",\"position\":2,\"name\":\"Emdef recebe inscri\u00e7\u00f5es para concurso p\u00fablico\"}]},{\"@type\":\"WebSite\",\"@id\":\"https:\/\/verdadeon.com.br\/portal\/#website\",\"url\":\"https:\/\/verdadeon.com.br\/portal\/\",\"name\":\"VerdadeOn\",\"description\":\"Not\u00edcias di\u00e1rias sobre Franca, Regi\u00e3o, Esporte, Cultura, Cotidiano, Colunas. Cobertura nos principais eventos da cidade \u00e9 aqui - Verdadeon Franca\",\"potentialAction\":[{\"@type\":\"SearchAction\",\"target\":{\"@type\":\"EntryPoint\",\"urlTemplate\":\"https:\/\/verdadeon.com.br\/portal\/?s={search_term_string}\"},\"query-input\":{\"@type\":\"PropertyValueSpecification\",\"valueRequired\":true,\"valueName\":\"search_term_string\"}}],\"inLanguage\":\"pt-BR\"},{\"@type\":\"Person\",\"@id\":\"https:\/\/verdadeon.com.br\/portal\/#\/schema\/person\/a5060ad1e9ea3df545188fc93ce43d2f\",\"name\":\"Redacao VerdadeOn\",\"image\":{\"@type\":\"ImageObject\",\"inLanguage\":\"pt-BR\",\"@id\":\"https:\/\/verdadeon.com.br\/portal\/#\/schema\/person\/image\/\",\"url\":\"https:\/\/secure.gravatar.com\/avatar\/459a9613caaaf07f582c3d0841eea68bdd66f533e465e6ba8b9cb45619572cf4?s=96&d=mm&r=g\",\"contentUrl\":\"https:\/\/secure.gravatar.com\/avatar\/459a9613caaaf07f582c3d0841eea68bdd66f533e465e6ba8b9cb45619572cf4?s=96&d=mm&r=g\",\"caption\":\"Redacao VerdadeOn\"},\"url\":\"https:\/\/verdadeon.com.br\/portal\/author\/redacao\/\"}]}<\/script>\n<!-- \/ Yoast SEO plugin. -->","yoast_head_json":{"title":"Emdef recebe inscri\u00e7\u00f5es para concurso p\u00fablico - VerdadeOn","robots":{"index":"index","follow":"follow","max-snippet":"max-snippet:-1","max-image-preview":"max-image-preview:large","max-video-preview":"max-video-preview:-1"},"canonical":"https:\/\/verdadeon.com.br\/portal\/2022\/08\/22\/emdef-recebe-inscricoes-para-concurso-publico\/","og_locale":"pt_BR","og_type":"article","og_title":"Emdef recebe inscri\u00e7\u00f5es para concurso p\u00fablico - VerdadeOn","og_description":"Certame ser\u00e1 para cadastro de reserva, com vagas que exigem desde ensino fundamental incompleto a superior &nbsp; A Emdef (Empresa Municipal para o Desenvolvimento de Franca) [\u2026]","og_url":"https:\/\/verdadeon.com.br\/portal\/2022\/08\/22\/emdef-recebe-inscricoes-para-concurso-publico\/","og_site_name":"VerdadeOn","article_published_time":"2022-08-22T20:57:49+00:00","og_image":[{"width":1280,"height":857,"url":"https:\/\/verdadeon.com.br\/portal\/wp-content\/uploads\/2022\/08\/WhatsApp-Image-2022-08-22-at-17.43.40.jpeg","type":"image\/jpeg"}],"author":"Redacao VerdadeOn","twitter_card":"summary_large_image","twitter_misc":{"Escrito por":"Redacao VerdadeOn","Est. tempo de leitura":"2 minutos"},"schema":{"@context":"https:\/\/schema.org","@graph":[{"@type":"WebPage","@id":"https:\/\/verdadeon.com.br\/portal\/2022\/08\/22\/emdef-recebe-inscricoes-para-concurso-publico\/","url":"https:\/\/verdadeon.com.br\/portal\/2022\/08\/22\/emdef-recebe-inscricoes-para-concurso-publico\/","name":"Emdef recebe inscri\u00e7\u00f5es para concurso p\u00fablico - VerdadeOn","isPartOf":{"@id":"https:\/\/verdadeon.com.br\/portal\/#website"},"primaryImageOfPage":{"@id":"https:\/\/verdadeon.com.br\/portal\/2022\/08\/22\/emdef-recebe-inscricoes-para-concurso-publico\/#primaryimage"},"image":{"@id":"https:\/\/verdadeon.com.br\/portal\/2022\/08\/22\/emdef-recebe-inscricoes-para-concurso-publico\/#primaryimage"},"thumbnailUrl":"https:\/\/i0.wp.com\/verdadeon.com.br\/portal\/wp-content\/uploads\/2022\/08\/WhatsApp-Image-2022-08-22-at-17.43.40.jpeg?fit=1280%2C857&ssl=1","datePublished":"2022-08-22T20:57:49+00:00","author":{"@id":"https:\/\/verdadeon.com.br\/portal\/#\/schema\/person\/a5060ad1e9ea3df545188fc93ce43d2f"},"breadcrumb":{"@id":"https:\/\/verdadeon.com.br\/portal\/2022\/08\/22\/emdef-recebe-inscricoes-para-concurso-publico\/#breadcrumb"},"inLanguage":"pt-BR","potentialAction":[{"@type":"ReadAction","target":["https:\/\/verdadeon.com.br\/portal\/2022\/08\/22\/emdef-recebe-inscricoes-para-concurso-publico\/"]}]},{"@type":"ImageObject","inLanguage":"pt-BR","@id":"https:\/\/verdadeon.com.br\/portal\/2022\/08\/22\/emdef-recebe-inscricoes-para-concurso-publico\/#primaryimage","url":"https:\/\/i0.wp.com\/verdadeon.com.br\/portal\/wp-content\/uploads\/2022\/08\/WhatsApp-Image-2022-08-22-at-17.43.40.jpeg?fit=1280%2C857&ssl=1","contentUrl":"https:\/\/i0.wp.com\/verdadeon.com.br\/portal\/wp-content\/uploads\/2022\/08\/WhatsApp-Image-2022-08-22-at-17.43.40.jpeg?fit=1280%2C857&ssl=1","width":1280,"height":857,"caption":"Os cargos abertos no Concurso P\u00fablico da Emdef s\u00e3o Engenheiro Civil, Motorista, Pedreiro, Escritur\u00e1rio e T\u00e9cnico em Seguran\u00e7a do Trabalho"},{"@type":"BreadcrumbList","@id":"https:\/\/verdadeon.com.br\/portal\/2022\/08\/22\/emdef-recebe-inscricoes-para-concurso-publico\/#breadcrumb","itemListElement":[{"@type":"ListItem","position":1,"name":"In\u00edcio","item":"https:\/\/verdadeon.com.br\/portal\/"},{"@type":"ListItem","position":2,"name":"Emdef recebe inscri\u00e7\u00f5es para concurso p\u00fablico"}]},{"@type":"WebSite","@id":"https:\/\/verdadeon.com.br\/portal\/#website","url":"https:\/\/verdadeon.com.br\/portal\/","name":"VerdadeOn","description":"Not\u00edcias di\u00e1rias sobre Franca, Regi\u00e3o, Esporte, Cultura, Cotidiano, Colunas. Cobertura nos principais eventos da cidade \u00e9 aqui - Verdadeon Franca","potentialAction":[{"@type":"SearchAction","target":{"@type":"EntryPoint","urlTemplate":"https:\/\/verdadeon.com.br\/portal\/?s={search_term_string}"},"query-input":{"@type":"PropertyValueSpecification","valueRequired":true,"valueName":"search_term_string"}}],"inLanguage":"pt-BR"},{"@type":"Person","@id":"https:\/\/verdadeon.com.br\/portal\/#\/schema\/person\/a5060ad1e9ea3df545188fc93ce43d2f","name":"Redacao VerdadeOn","image":{"@type":"ImageObject","inLanguage":"pt-BR","@id":"https:\/\/verdadeon.com.br\/portal\/#\/schema\/person\/image\/","url":"https:\/\/secure.gravatar.com\/avatar\/459a9613caaaf07f582c3d0841eea68bdd66f533e465e6ba8b9cb45619572cf4?s=96&d=mm&r=g","contentUrl":"https:\/\/secure.gravatar.com\/avatar\/459a9613caaaf07f582c3d0841eea68bdd66f533e465e6ba8b9cb45619572cf4?s=96&d=mm&r=g","caption":"Redacao VerdadeOn"},"url":"https:\/\/verdadeon.com.br\/portal\/author\/redacao\/"}]}},"jetpack_publicize_connections":[],"jetpack_featured_media_url":"https:\/\/i0.wp.com\/verdadeon.com.br\/portal\/wp-content\/uploads\/2022\/08\/WhatsApp-Image-2022-08-22-at-17.43.40.jpeg?fit=1280%2C857&ssl=1","jetpack_sharing_enabled":true,"_links":{"self":[{"href":"https:\/\/verdadeon.com.br\/portal\/wp-json\/wp\/v2\/posts\/27408","targetHints":{"allow":["GET"]}}],"collection":[{"href":"https:\/\/verdadeon.com.br\/portal\/wp-json\/wp\/v2\/posts"}],"about":[{"href":"https:\/\/verdadeon.com.br\/portal\/wp-json\/wp\/v2\/types\/post"}],"author":[{"embeddable":true,"href":"https:\/\/verdadeon.com.br\/portal\/wp-json\/wp\/v2\/users\/10"}],"replies":[{"embeddable":true,"href":"https:\/\/verdadeon.com.br\/portal\/wp-json\/wp\/v2\/comments?post=27408"}],"version-history":[{"count":1,"href":"https:\/\/verdadeon.com.br\/portal\/wp-json\/wp\/v2\/posts\/27408\/revisions"}],"predecessor-version":[{"id":27410,"href":"https:\/\/verdadeon.com.br\/portal\/wp-json\/wp\/v2\/posts\/27408\/revisions\/27410"}],"wp:featuredmedia":[{"embeddable":true,"href":"https:\/\/verdadeon.com.br\/portal\/wp-json\/wp\/v2\/media\/27409"}],"wp:attachment":[{"href":"https:\/\/verdadeon.com.br\/portal\/wp-json\/wp\/v2\/media?parent=27408"}],"wp:term":[{"taxonomy":"category","embeddable":true,"href":"https:\/\/verdadeon.com.br\/portal\/wp-json\/wp\/v2\/categories?post=27408"},{"taxonomy":"post_tag","embeddable":true,"href":"https:\/\/verdadeon.com.br\/portal\/wp-json\/wp\/v2\/tags?post=27408"}],"curies":[{"name":"wp","href":"https:\/\/api.w.org\/{rel}","templated":true}]}}