{"id":27404,"date":"2022-08-22T17:14:19","date_gmt":"2022-08-22T20:14:19","guid":{"rendered":"https:\/\/verdadeon.com.br\/portal\/?p=27404"},"modified":"2022-08-22T17:12:13","modified_gmt":"2022-08-22T20:12:13","slug":"franca-inicia-vacinacao-para-criancas-de-3-e-4-anos-contra-covid-19","status":"publish","type":"post","link":"https:\/\/verdadeon.com.br\/portal\/2022\/08\/22\/franca-inicia-vacinacao-para-criancas-de-3-e-4-anos-contra-covid-19\/","title":{"rendered":"Franca inicia vacina\u00e7\u00e3o para crian\u00e7as de 3 e 4 anos contra Covid-19"},"content":{"rendered":"<h2>Pais devem apresentar Termo de Assentimento assinado, que pode ser acessado no site da Prefeitura<\/h2>\n<p>&nbsp;<\/p>\n<p><span style=\"font-weight: 400;\">A Secretaria de Sa\u00fade inicia nesta ter\u00e7a-feira (23) a aplica\u00e7\u00e3o da primeira dose da vacina Coronavac para crian\u00e7as de 3 e 4 anos, que apresentam comorbidades e defici\u00eancias.<\/span><\/p>\n<p><span style=\"font-weight: 400;\">Wal\u00e9ria Mascarenhas, secret\u00e1ria de Sa\u00fade, explicou que, neste primeiro momento, conforme ocorreu com os demais p\u00fablicos, ser\u00e3o priorizadas as crian\u00e7as com doen\u00e7as pr\u00e9-existentes e PCD (Pessoas com Defici\u00eancia), conforme recomenda\u00e7\u00e3o do Minist\u00e9rio da Sa\u00fade, e posteriormente a imuniza\u00e7\u00e3o se estender\u00e1 \u00e0 popula\u00e7\u00e3o geral nesta faixa et\u00e1ria.<\/span><\/p>\n<p><span style=\"font-weight: 400;\">Os pais e respons\u00e1veis poder\u00e3o levar os seus filhos na UBS Planalto, no hor\u00e1rio das 8h \u00e0s 19h, para receberem o imunizante, apresentando o CPF da crian\u00e7a, o Termo de Assentimento assinado, que estar\u00e1 dispon\u00edvel no site da Prefeitura, receitas e laudos para a comprova\u00e7\u00e3o das comorbidades e defici\u00eancia. O intervalo entre a primeira e a segunda dose da Coronavac dever\u00e1 ser de 28 dias.\u00a0<\/span><\/p>\n<p><span style=\"font-weight: 400;\">Segundo a Secretaria de Sa\u00fade, a popula\u00e7\u00e3o total estimada na faixa et\u00e1ria de 3 e 4 anos \u00e9 de 9.478 crian\u00e7as, incluindo as que apresentam comorbidades e defici\u00eancias.<\/span><\/p>\n<p><span style=\"font-weight: 400;\">At\u00e9 a \u00faltima sexta-feira (19), a Secretaria de Sa\u00fade contabilizou a aplica\u00e7\u00e3o total de 841.242 doses das vacinas contra a Covid-19, sendo 320.105 para a primeira dose, 289.340 da segunda aplica\u00e7\u00e3o, 174.180 para a terceira dose e 57.609 referentes a quarta aplica\u00e7\u00e3o.<\/span><\/p>\n<p><b>1\u00aa E 2\u00aa DOSES (5 A 11 ANOS) &#8211; PFIZER PEDI\u00c1TRICA<\/b><span style=\"font-weight: 400;\"> &#8211; Na UBS Aeroporto 3, estar\u00e3o dispon\u00edveis a primeira e a segunda doses para crian\u00e7as de 5 a 11 anos (Pfizer Pedi\u00e1trica), a popula\u00e7\u00e3o em geral, com comorbidades, PCD e Imunossuprimidos, no hor\u00e1rio das 8h \u00e0s 19h. As crian\u00e7as dever\u00e3o estar acompanhadas dos pais ou respons\u00e1veis.<\/span><\/p>\n<p><b>1\u00aa, 2\u00aa e 3\u00aa DOSES (12 ANOS OU MAIS) \/ 1\u00aa, 2\u00aa , 3\u00aa DOSES &#8211; GESTANTES \/ 4\u00aa DOSE (40 ANOS OU MAIS) &#8211; PROFISSIONAIS DE SA\u00daDE \/ 5\u00aa DOSE IMUNOSSUPRIMIDOS (18 ANOS OU MAIS) &#8211; PFIZER<\/b><span style=\"font-weight: 400;\"> &#8211; A primeira, segunda e terceira doses para 12 anos ou mais, primeira, segunda e terceira doses para gestantes, quarta dose para pessoas, que tenham 40 anos ou mais e 5\u00aa dose para imunossuprimidos, com 18 anos ou mais da vacina Pfizer, poder\u00e3o ser recebidas na UBS Paulista, no hor\u00e1rio das 8h \u00e0s 19h.<\/span><\/p>\n<p><b>1\u00aa E 3\u00aa DOSES (18 ANOS OU MAIS) \/ 4\u00aa DOSE\u00a0 (40 ANOS OU MAIS) &#8211; PROFISSIONAIS DE SA\u00daDE \/ 5\u00aa DOSE IMUNOSSUPRIMIDOS (18 ANOS OU MAIS) &#8211; JANSSEN<\/b><span style=\"font-weight: 400;\"> &#8211; A primeira e a terceira doses estar\u00e3o dispon\u00edveis para pessoas com 18 anos ou mais, al\u00e9m da quarta dose para a popula\u00e7\u00e3o com 40 anos ou mais, profissionais de sa\u00fade e quinta dose para imunossuprimidos, com 18 anos ou mais, da vacina Janssen, na UBS \u00c2ngela Rosa, com atendimento das 8h \u00e0s 19h.\u00a0<\/span><\/p>\n<p><b>1\u00aa, 2\u00aa e 3\u00aa DOSES (18 ANOS OU MAIS)\u00a0 \/ 4\u00aa DOSE\u00a0 (40 ANOS OU MAIS) &#8211; PROFISSIONAIS DE SA\u00daDE\u00a0 \/ 5\u00aa DOSE IMUNOSSUPRIMIDOS (18 ANOS OU MAIS) &#8211; ASTRAZENECA<\/b><span style=\"font-weight: 400;\"> &#8211; A primeira, segunda e terceira doses para 18 anos ou mais, a 4\u00aa dose para pessoas, com 40 anos ou mais, profissionais de sa\u00fade e 5\u00aa dose para imunossuprimidos, com 18 anos ou mais da vacina Astrazeneca, poder\u00e3o ser recebidas na UBS Leporace, entre 8h e 19h.<\/span><\/p>\n<h4>Influenza<\/h4>\n<p><span style=\"font-weight: 400;\">A Secretaria de Sa\u00fade disponibiliza a vacina contra a Influenza para a popula\u00e7\u00e3o em geral, com idade a partir de 5 anos, nas UBSs Paulista, Leporace, Aeroporto 3 e \u00c2ngela Rosa, das 8h \u00e0s 19h.<\/span><\/p>\n<p><span style=\"font-weight: 400;\">Para as crian\u00e7as de 6 meses a 4 anos, a vacina Influenza estar\u00e1 dispon\u00edvel nas UBSs Planalto, Aeroporto 1, Santa Clara, Guanabara, Santa Terezinha, Horto e Brasil\u00e2ndia, no hor\u00e1rio das 8h \u00e0s 19h. Dever\u00e1 ser apresentada a carteira de vacina\u00e7\u00e3o e documentos pessoais.<\/span><\/p>\n<h4>Vacinas de Rotina<\/h4>\n<p><span style=\"font-weight: 400;\">A Secretaria de Sa\u00fade mant\u00e9m a programa\u00e7\u00e3o da Campanha Nacional de Multivacina\u00e7\u00e3o (Vacinas de Rotina) para a atualiza\u00e7\u00e3o da caderneta de vacina\u00e7\u00e3o de crian\u00e7as e adolescentes.<\/span><\/p>\n<p><span style=\"font-weight: 400;\">Nesta ter\u00e7a-feira (23), os atendimentos ser\u00e3o prestados nas UBSs Aeroporto 1, Santa Clara, Guanabara, Santa Terezinha, Horto e Brasil\u00e2ndia, das 8h \u00e0s 19h, al\u00e9m das unidades de ESF (Estrat\u00e9gia de Sa\u00fade da Fam\u00edlia) Palma, Paineiras e Esmeralda, com hor\u00e1rios das 10h \u00e0s 12h e das 13 \u00e0s 16h.<\/span><\/p>\n<p>&nbsp;<\/p>\n","protected":false},"excerpt":{"rendered":"<p>Pais devem apresentar Termo de Assentimento assinado, que pode ser acessado no site da Prefeitura &nbsp; A Secretaria de Sa\u00fade inicia nesta ter\u00e7a-feira (23) a aplica\u00e7\u00e3o<span class=\"excerpt-hellip\"> [\u2026]<\/span><\/p>\n","protected":false},"author":10,"featured_media":22833,"comment_status":"open","ping_status":"open","sticky":false,"template":"","format":"standard","meta":{"_jetpack_memberships_contains_paid_content":false,"footnotes":"","jetpack_publicize_message":"","jetpack_publicize_feature_enabled":true,"jetpack_social_post_already_shared":false,"jetpack_social_options":{"image_generator_settings":{"template":"highway","default_image_id":0,"enabled":false},"version":2}},"categories":[28,44],"tags":[],"class_list":["post-27404","post","type-post","status-publish","format-standard","has-post-thumbnail","hentry","category-cotidiano","category-noticias"],"yoast_head":"<!-- This site is optimized with the Yoast SEO plugin v25.6 - https:\/\/yoast.com\/wordpress\/plugins\/seo\/ -->\n<title>Franca inicia vacina\u00e7\u00e3o para crian\u00e7as de 3 e 4 anos contra Covid-19 - VerdadeOn<\/title>\n<meta name=\"robots\" content=\"index, follow, max-snippet:-1, max-image-preview:large, max-video-preview:-1\" \/>\n<link rel=\"canonical\" href=\"https:\/\/verdadeon.com.br\/portal\/2022\/08\/22\/franca-inicia-vacinacao-para-criancas-de-3-e-4-anos-contra-covid-19\/\" \/>\n<meta property=\"og:locale\" content=\"pt_BR\" \/>\n<meta property=\"og:type\" content=\"article\" \/>\n<meta property=\"og:title\" content=\"Franca inicia vacina\u00e7\u00e3o para crian\u00e7as de 3 e 4 anos contra Covid-19 - VerdadeOn\" \/>\n<meta property=\"og:description\" content=\"Pais devem apresentar Termo de Assentimento assinado, que pode ser acessado no site da Prefeitura &nbsp; A Secretaria de Sa\u00fade inicia nesta ter\u00e7a-feira (23) a aplica\u00e7\u00e3o [\u2026]\" \/>\n<meta property=\"og:url\" content=\"https:\/\/verdadeon.com.br\/portal\/2022\/08\/22\/franca-inicia-vacinacao-para-criancas-de-3-e-4-anos-contra-covid-19\/\" \/>\n<meta property=\"og:site_name\" content=\"VerdadeOn\" \/>\n<meta property=\"article:published_time\" content=\"2022-08-22T20:14:19+00:00\" \/>\n<meta property=\"og:image\" content=\"https:\/\/verdadeon.com.br\/portal\/wp-content\/uploads\/2022\/02\/close-up-boy-getting-vaccine.jpg\" \/>\n\t<meta property=\"og:image:width\" content=\"1000\" \/>\n\t<meta property=\"og:image:height\" content=\"670\" \/>\n\t<meta property=\"og:image:type\" content=\"image\/jpeg\" \/>\n<meta name=\"author\" content=\"Redacao VerdadeOn\" \/>\n<meta name=\"twitter:card\" content=\"summary_large_image\" \/>\n<meta name=\"twitter:label1\" content=\"Escrito por\" \/>\n\t<meta name=\"twitter:data1\" content=\"Redacao VerdadeOn\" \/>\n\t<meta name=\"twitter:label2\" content=\"Est. tempo de leitura\" \/>\n\t<meta name=\"twitter:data2\" content=\"4 minutos\" \/>\n<script type=\"application\/ld+json\" class=\"yoast-schema-graph\">{\"@context\":\"https:\/\/schema.org\",\"@graph\":[{\"@type\":\"WebPage\",\"@id\":\"https:\/\/verdadeon.com.br\/portal\/2022\/08\/22\/franca-inicia-vacinacao-para-criancas-de-3-e-4-anos-contra-covid-19\/\",\"url\":\"https:\/\/verdadeon.com.br\/portal\/2022\/08\/22\/franca-inicia-vacinacao-para-criancas-de-3-e-4-anos-contra-covid-19\/\",\"name\":\"Franca inicia vacina\u00e7\u00e3o para crian\u00e7as de 3 e 4 anos contra Covid-19 - VerdadeOn\",\"isPartOf\":{\"@id\":\"https:\/\/verdadeon.com.br\/portal\/#website\"},\"primaryImageOfPage\":{\"@id\":\"https:\/\/verdadeon.com.br\/portal\/2022\/08\/22\/franca-inicia-vacinacao-para-criancas-de-3-e-4-anos-contra-covid-19\/#primaryimage\"},\"image\":{\"@id\":\"https:\/\/verdadeon.com.br\/portal\/2022\/08\/22\/franca-inicia-vacinacao-para-criancas-de-3-e-4-anos-contra-covid-19\/#primaryimage\"},\"thumbnailUrl\":\"https:\/\/i0.wp.com\/verdadeon.com.br\/portal\/wp-content\/uploads\/2022\/02\/close-up-boy-getting-vaccine.jpg?fit=1000%2C670&ssl=1\",\"datePublished\":\"2022-08-22T20:14:19+00:00\",\"author\":{\"@id\":\"https:\/\/verdadeon.com.br\/portal\/#\/schema\/person\/a5060ad1e9ea3df545188fc93ce43d2f\"},\"breadcrumb\":{\"@id\":\"https:\/\/verdadeon.com.br\/portal\/2022\/08\/22\/franca-inicia-vacinacao-para-criancas-de-3-e-4-anos-contra-covid-19\/#breadcrumb\"},\"inLanguage\":\"pt-BR\",\"potentialAction\":[{\"@type\":\"ReadAction\",\"target\":[\"https:\/\/verdadeon.com.br\/portal\/2022\/08\/22\/franca-inicia-vacinacao-para-criancas-de-3-e-4-anos-contra-covid-19\/\"]}]},{\"@type\":\"ImageObject\",\"inLanguage\":\"pt-BR\",\"@id\":\"https:\/\/verdadeon.com.br\/portal\/2022\/08\/22\/franca-inicia-vacinacao-para-criancas-de-3-e-4-anos-contra-covid-19\/#primaryimage\",\"url\":\"https:\/\/i0.wp.com\/verdadeon.com.br\/portal\/wp-content\/uploads\/2022\/02\/close-up-boy-getting-vaccine.jpg?fit=1000%2C670&ssl=1\",\"contentUrl\":\"https:\/\/i0.wp.com\/verdadeon.com.br\/portal\/wp-content\/uploads\/2022\/02\/close-up-boy-getting-vaccine.jpg?fit=1000%2C670&ssl=1\",\"width\":1000,\"height\":670,\"caption\":\"Campanha seria encerrada nesta sexta-feira, mas prazo foi prorrogado por mais 21 dias | Foto: Divulga\u00e7\u00e3o\"},{\"@type\":\"BreadcrumbList\",\"@id\":\"https:\/\/verdadeon.com.br\/portal\/2022\/08\/22\/franca-inicia-vacinacao-para-criancas-de-3-e-4-anos-contra-covid-19\/#breadcrumb\",\"itemListElement\":[{\"@type\":\"ListItem\",\"position\":1,\"name\":\"In\u00edcio\",\"item\":\"https:\/\/verdadeon.com.br\/portal\/\"},{\"@type\":\"ListItem\",\"position\":2,\"name\":\"Franca inicia vacina\u00e7\u00e3o para crian\u00e7as de 3 e 4 anos contra Covid-19\"}]},{\"@type\":\"WebSite\",\"@id\":\"https:\/\/verdadeon.com.br\/portal\/#website\",\"url\":\"https:\/\/verdadeon.com.br\/portal\/\",\"name\":\"VerdadeOn\",\"description\":\"Not\u00edcias di\u00e1rias sobre Franca, Regi\u00e3o, Esporte, Cultura, Cotidiano, Colunas. Cobertura nos principais eventos da cidade \u00e9 aqui - Verdadeon Franca\",\"potentialAction\":[{\"@type\":\"SearchAction\",\"target\":{\"@type\":\"EntryPoint\",\"urlTemplate\":\"https:\/\/verdadeon.com.br\/portal\/?s={search_term_string}\"},\"query-input\":{\"@type\":\"PropertyValueSpecification\",\"valueRequired\":true,\"valueName\":\"search_term_string\"}}],\"inLanguage\":\"pt-BR\"},{\"@type\":\"Person\",\"@id\":\"https:\/\/verdadeon.com.br\/portal\/#\/schema\/person\/a5060ad1e9ea3df545188fc93ce43d2f\",\"name\":\"Redacao VerdadeOn\",\"image\":{\"@type\":\"ImageObject\",\"inLanguage\":\"pt-BR\",\"@id\":\"https:\/\/verdadeon.com.br\/portal\/#\/schema\/person\/image\/\",\"url\":\"https:\/\/secure.gravatar.com\/avatar\/459a9613caaaf07f582c3d0841eea68bdd66f533e465e6ba8b9cb45619572cf4?s=96&d=mm&r=g\",\"contentUrl\":\"https:\/\/secure.gravatar.com\/avatar\/459a9613caaaf07f582c3d0841eea68bdd66f533e465e6ba8b9cb45619572cf4?s=96&d=mm&r=g\",\"caption\":\"Redacao VerdadeOn\"},\"url\":\"https:\/\/verdadeon.com.br\/portal\/author\/redacao\/\"}]}<\/script>\n<!-- \/ Yoast SEO plugin. -->","yoast_head_json":{"title":"Franca inicia vacina\u00e7\u00e3o para crian\u00e7as de 3 e 4 anos contra Covid-19 - VerdadeOn","robots":{"index":"index","follow":"follow","max-snippet":"max-snippet:-1","max-image-preview":"max-image-preview:large","max-video-preview":"max-video-preview:-1"},"canonical":"https:\/\/verdadeon.com.br\/portal\/2022\/08\/22\/franca-inicia-vacinacao-para-criancas-de-3-e-4-anos-contra-covid-19\/","og_locale":"pt_BR","og_type":"article","og_title":"Franca inicia vacina\u00e7\u00e3o para crian\u00e7as de 3 e 4 anos contra Covid-19 - VerdadeOn","og_description":"Pais devem apresentar Termo de Assentimento assinado, que pode ser acessado no site da Prefeitura &nbsp; A Secretaria de Sa\u00fade inicia nesta ter\u00e7a-feira (23) a aplica\u00e7\u00e3o [\u2026]","og_url":"https:\/\/verdadeon.com.br\/portal\/2022\/08\/22\/franca-inicia-vacinacao-para-criancas-de-3-e-4-anos-contra-covid-19\/","og_site_name":"VerdadeOn","article_published_time":"2022-08-22T20:14:19+00:00","og_image":[{"width":1000,"height":670,"url":"https:\/\/verdadeon.com.br\/portal\/wp-content\/uploads\/2022\/02\/close-up-boy-getting-vaccine.jpg","type":"image\/jpeg"}],"author":"Redacao VerdadeOn","twitter_card":"summary_large_image","twitter_misc":{"Escrito por":"Redacao VerdadeOn","Est. tempo de leitura":"4 minutos"},"schema":{"@context":"https:\/\/schema.org","@graph":[{"@type":"WebPage","@id":"https:\/\/verdadeon.com.br\/portal\/2022\/08\/22\/franca-inicia-vacinacao-para-criancas-de-3-e-4-anos-contra-covid-19\/","url":"https:\/\/verdadeon.com.br\/portal\/2022\/08\/22\/franca-inicia-vacinacao-para-criancas-de-3-e-4-anos-contra-covid-19\/","name":"Franca inicia vacina\u00e7\u00e3o para crian\u00e7as de 3 e 4 anos contra Covid-19 - VerdadeOn","isPartOf":{"@id":"https:\/\/verdadeon.com.br\/portal\/#website"},"primaryImageOfPage":{"@id":"https:\/\/verdadeon.com.br\/portal\/2022\/08\/22\/franca-inicia-vacinacao-para-criancas-de-3-e-4-anos-contra-covid-19\/#primaryimage"},"image":{"@id":"https:\/\/verdadeon.com.br\/portal\/2022\/08\/22\/franca-inicia-vacinacao-para-criancas-de-3-e-4-anos-contra-covid-19\/#primaryimage"},"thumbnailUrl":"https:\/\/i0.wp.com\/verdadeon.com.br\/portal\/wp-content\/uploads\/2022\/02\/close-up-boy-getting-vaccine.jpg?fit=1000%2C670&ssl=1","datePublished":"2022-08-22T20:14:19+00:00","author":{"@id":"https:\/\/verdadeon.com.br\/portal\/#\/schema\/person\/a5060ad1e9ea3df545188fc93ce43d2f"},"breadcrumb":{"@id":"https:\/\/verdadeon.com.br\/portal\/2022\/08\/22\/franca-inicia-vacinacao-para-criancas-de-3-e-4-anos-contra-covid-19\/#breadcrumb"},"inLanguage":"pt-BR","potentialAction":[{"@type":"ReadAction","target":["https:\/\/verdadeon.com.br\/portal\/2022\/08\/22\/franca-inicia-vacinacao-para-criancas-de-3-e-4-anos-contra-covid-19\/"]}]},{"@type":"ImageObject","inLanguage":"pt-BR","@id":"https:\/\/verdadeon.com.br\/portal\/2022\/08\/22\/franca-inicia-vacinacao-para-criancas-de-3-e-4-anos-contra-covid-19\/#primaryimage","url":"https:\/\/i0.wp.com\/verdadeon.com.br\/portal\/wp-content\/uploads\/2022\/02\/close-up-boy-getting-vaccine.jpg?fit=1000%2C670&ssl=1","contentUrl":"https:\/\/i0.wp.com\/verdadeon.com.br\/portal\/wp-content\/uploads\/2022\/02\/close-up-boy-getting-vaccine.jpg?fit=1000%2C670&ssl=1","width":1000,"height":670,"caption":"Campanha seria encerrada nesta sexta-feira, mas prazo foi prorrogado por mais 21 dias | Foto: Divulga\u00e7\u00e3o"},{"@type":"BreadcrumbList","@id":"https:\/\/verdadeon.com.br\/portal\/2022\/08\/22\/franca-inicia-vacinacao-para-criancas-de-3-e-4-anos-contra-covid-19\/#breadcrumb","itemListElement":[{"@type":"ListItem","position":1,"name":"In\u00edcio","item":"https:\/\/verdadeon.com.br\/portal\/"},{"@type":"ListItem","position":2,"name":"Franca inicia vacina\u00e7\u00e3o para crian\u00e7as de 3 e 4 anos contra Covid-19"}]},{"@type":"WebSite","@id":"https:\/\/verdadeon.com.br\/portal\/#website","url":"https:\/\/verdadeon.com.br\/portal\/","name":"VerdadeOn","description":"Not\u00edcias di\u00e1rias sobre Franca, Regi\u00e3o, Esporte, Cultura, Cotidiano, Colunas. Cobertura nos principais eventos da cidade \u00e9 aqui - Verdadeon Franca","potentialAction":[{"@type":"SearchAction","target":{"@type":"EntryPoint","urlTemplate":"https:\/\/verdadeon.com.br\/portal\/?s={search_term_string}"},"query-input":{"@type":"PropertyValueSpecification","valueRequired":true,"valueName":"search_term_string"}}],"inLanguage":"pt-BR"},{"@type":"Person","@id":"https:\/\/verdadeon.com.br\/portal\/#\/schema\/person\/a5060ad1e9ea3df545188fc93ce43d2f","name":"Redacao VerdadeOn","image":{"@type":"ImageObject","inLanguage":"pt-BR","@id":"https:\/\/verdadeon.com.br\/portal\/#\/schema\/person\/image\/","url":"https:\/\/secure.gravatar.com\/avatar\/459a9613caaaf07f582c3d0841eea68bdd66f533e465e6ba8b9cb45619572cf4?s=96&d=mm&r=g","contentUrl":"https:\/\/secure.gravatar.com\/avatar\/459a9613caaaf07f582c3d0841eea68bdd66f533e465e6ba8b9cb45619572cf4?s=96&d=mm&r=g","caption":"Redacao VerdadeOn"},"url":"https:\/\/verdadeon.com.br\/portal\/author\/redacao\/"}]}},"jetpack_publicize_connections":[],"jetpack_featured_media_url":"https:\/\/i0.wp.com\/verdadeon.com.br\/portal\/wp-content\/uploads\/2022\/02\/close-up-boy-getting-vaccine.jpg?fit=1000%2C670&ssl=1","jetpack_sharing_enabled":true,"_links":{"self":[{"href":"https:\/\/verdadeon.com.br\/portal\/wp-json\/wp\/v2\/posts\/27404","targetHints":{"allow":["GET"]}}],"collection":[{"href":"https:\/\/verdadeon.com.br\/portal\/wp-json\/wp\/v2\/posts"}],"about":[{"href":"https:\/\/verdadeon.com.br\/portal\/wp-json\/wp\/v2\/types\/post"}],"author":[{"embeddable":true,"href":"https:\/\/verdadeon.com.br\/portal\/wp-json\/wp\/v2\/users\/10"}],"replies":[{"embeddable":true,"href":"https:\/\/verdadeon.com.br\/portal\/wp-json\/wp\/v2\/comments?post=27404"}],"version-history":[{"count":1,"href":"https:\/\/verdadeon.com.br\/portal\/wp-json\/wp\/v2\/posts\/27404\/revisions"}],"predecessor-version":[{"id":27405,"href":"https:\/\/verdadeon.com.br\/portal\/wp-json\/wp\/v2\/posts\/27404\/revisions\/27405"}],"wp:featuredmedia":[{"embeddable":true,"href":"https:\/\/verdadeon.com.br\/portal\/wp-json\/wp\/v2\/media\/22833"}],"wp:attachment":[{"href":"https:\/\/verdadeon.com.br\/portal\/wp-json\/wp\/v2\/media?parent=27404"}],"wp:term":[{"taxonomy":"category","embeddable":true,"href":"https:\/\/verdadeon.com.br\/portal\/wp-json\/wp\/v2\/categories?post=27404"},{"taxonomy":"post_tag","embeddable":true,"href":"https:\/\/verdadeon.com.br\/portal\/wp-json\/wp\/v2\/tags?post=27404"}],"curies":[{"name":"wp","href":"https:\/\/api.w.org\/{rel}","templated":true}]}}