{"id":27389,"date":"2022-08-22T16:04:28","date_gmt":"2022-08-22T19:04:28","guid":{"rendered":"https:\/\/verdadeon.com.br\/portal\/?p=27389"},"modified":"2022-08-22T16:00:52","modified_gmt":"2022-08-22T19:00:52","slug":"apae-franca-participa-da-semana-nacional-da-pessoa-com-deficiencia-intelectual-e-multipla","status":"publish","type":"post","link":"https:\/\/verdadeon.com.br\/portal\/2022\/08\/22\/apae-franca-participa-da-semana-nacional-da-pessoa-com-deficiencia-intelectual-e-multipla\/","title":{"rendered":"APAE Franca participa da Semana Nacional da Pessoa com Defici\u00eancia Intelectual e M\u00faltipla"},"content":{"rendered":"<h2><span style=\"font-weight: 400;\">Com o tema \u201cSuperar barreiras para garantir inclus\u00e3o\u201d, a\u00e7\u00e3o prop\u00f5e debates e reflex\u00f5es\u00a0<\/span><\/h2>\n<p>&nbsp;<\/p>\n<p><span style=\"font-weight: 400;\">Come\u00e7ou neste domingo (21) a Semana Nacional da Pessoa com Defici\u00eancia Intelectual e M\u00faltipla. Refer\u00eancia em atendimento de excel\u00eancia nas \u00e1reas de sa\u00fade, educa\u00e7\u00e3o e assist\u00eancia social, a APAE (Associa\u00e7\u00e3o dos Pais e Amigos e Excepcionais) de Franca participa da a\u00e7\u00e3o, que tem como objetivo chamar aten\u00e7\u00e3o para o tema e promover a inclus\u00e3o social.<\/span><\/p>\n<p><span style=\"font-weight: 400;\">Criada nos anos de 1960, a Semana Nacional da Pessoa com Defici\u00eancia Intelectual 2022 \u00e9 realizada pela Fenapaes (Federa\u00e7\u00e3o Nacional das APAES) e realizar\u00e1 atividades at\u00e9 o dia 28 de agosto, com o tema \u201cSuperar barreiras para garantir inclus\u00e3o\u201d.\u00a0<\/span><\/p>\n<p><span style=\"font-weight: 400;\">Em Franca, a APAE preparou uma programa\u00e7\u00e3o especial para seus colaboradores, com o intuito de estimular, cada vez mais, a independ\u00eancia das pessoas acolhidas na institui\u00e7\u00e3o e, assim, garantir sua inclus\u00e3o na sociedade.<\/span><\/p>\n<p><span style=\"font-weight: 400;\">Na quarta-feira (24) a m\u00e9dica Dra. Margherita Midea Cuccovia ministrar\u00e1 a palestra \u201cEducando com a vida rumo \u00e0 cidadania \u2013 Curr\u00edculo Funcional Natural\u201d. O p\u00fablico-alvo s\u00e3o professores da Educa\u00e7\u00e3o Infantil, Ensino Fundamental, Socioeducacional e do N\u00facleo de Atendimento Especializado ao Autismo da APAE Franca.<\/span><\/p>\n<p><span style=\"font-weight: 400;\">A psiquiatra, que \u00e9 coordenadora-geral do Programa Educacional do Centro Ann Sullivan do Brasil, em Ribeir\u00e3o Preto, abordar\u00e1 aspectos gerais sobre o curr\u00edculo funcional natural, sua forma de abordagem e a\u00e7\u00f5es destinadas \u00e0s pessoas com defici\u00eancia intelectual e transtornos do desenvolvimento.<\/span><\/p>\n<p><span style=\"font-weight: 400;\">\u201cA proposta de educar com a vida rumo \u00e0 cidadania \u00e9 pensar que a crian\u00e7a ser\u00e1 um adulto, e que os programas precisam, para esse desenvolvimento, tratar de acordo com a idade cronol\u00f3gica as pessoas com defici\u00eancia; e oferecer atividades reais, que tamb\u00e9m possam ser desenvolvidas al\u00e9m dos muros da institui\u00e7\u00e3o, para que haja contexto para ela funcionar\u201d, explicou a m\u00e9dica.<\/span><\/p>\n<p><span style=\"font-weight: 400;\">Segundo ela, \u00e9 preciso respeitar a individualidade de cada aluno. \u201cO que n\u00f3s precisamos fazer para investir na inclus\u00e3o das pessoas com defici\u00eancia \u00e9 entender que elas para serem inclu\u00eddas \u2013 e aqui eu incluo pessoas com autismo \u2013, elas devem ser tratadas como todas as pessoas\u201d, completou.<\/span><\/p>\n<p><span style=\"font-weight: 400;\">\u201cAssim, nosso compromisso \u00e9 refletir sobre as transi\u00e7\u00f5es de vida da pessoa com defici\u00eancia, buscar e garantir oportunidades na comunidade, para que esse desenvolvimento ocorra.\u201d<\/span><\/p>\n<p>&nbsp;<\/p>\n<p>&nbsp;<\/p>\n","protected":false},"excerpt":{"rendered":"<p>Com o tema \u201cSuperar barreiras para garantir inclus\u00e3o\u201d, a\u00e7\u00e3o prop\u00f5e debates e reflex\u00f5es\u00a0 &nbsp; Come\u00e7ou neste domingo (21) a Semana Nacional da Pessoa com Defici\u00eancia Intelectual<span class=\"excerpt-hellip\"> [\u2026]<\/span><\/p>\n","protected":false},"author":10,"featured_media":27390,"comment_status":"open","ping_status":"open","sticky":false,"template":"","format":"standard","meta":{"_jetpack_memberships_contains_paid_content":false,"footnotes":"","jetpack_publicize_message":"","jetpack_publicize_feature_enabled":true,"jetpack_social_post_already_shared":false,"jetpack_social_options":{"image_generator_settings":{"template":"highway","default_image_id":0,"enabled":false},"version":2}},"categories":[28,44],"tags":[],"class_list":["post-27389","post","type-post","status-publish","format-standard","has-post-thumbnail","hentry","category-cotidiano","category-noticias"],"yoast_head":"<!-- This site is optimized with the Yoast SEO plugin v25.6 - https:\/\/yoast.com\/wordpress\/plugins\/seo\/ -->\n<title>APAE Franca participa da Semana Nacional da Pessoa com Defici\u00eancia Intelectual e M\u00faltipla - VerdadeOn<\/title>\n<meta name=\"robots\" content=\"index, follow, max-snippet:-1, max-image-preview:large, max-video-preview:-1\" \/>\n<link rel=\"canonical\" href=\"https:\/\/verdadeon.com.br\/portal\/2022\/08\/22\/apae-franca-participa-da-semana-nacional-da-pessoa-com-deficiencia-intelectual-e-multipla\/\" \/>\n<meta property=\"og:locale\" content=\"pt_BR\" \/>\n<meta property=\"og:type\" content=\"article\" \/>\n<meta property=\"og:title\" content=\"APAE Franca participa da Semana Nacional da Pessoa com Defici\u00eancia Intelectual e M\u00faltipla - VerdadeOn\" \/>\n<meta property=\"og:description\" content=\"Com o tema \u201cSuperar barreiras para garantir inclus\u00e3o\u201d, a\u00e7\u00e3o prop\u00f5e debates e reflex\u00f5es\u00a0 &nbsp; Come\u00e7ou neste domingo (21) a Semana Nacional da Pessoa com Defici\u00eancia Intelectual [\u2026]\" \/>\n<meta property=\"og:url\" content=\"https:\/\/verdadeon.com.br\/portal\/2022\/08\/22\/apae-franca-participa-da-semana-nacional-da-pessoa-com-deficiencia-intelectual-e-multipla\/\" \/>\n<meta property=\"og:site_name\" content=\"VerdadeOn\" \/>\n<meta property=\"article:published_time\" content=\"2022-08-22T19:04:28+00:00\" \/>\n<meta property=\"og:image\" content=\"https:\/\/verdadeon.com.br\/portal\/wp-content\/uploads\/2022\/08\/WhatsApp-Image-2022-08-22-at-10.15.32.jpeg\" \/>\n\t<meta property=\"og:image:width\" content=\"1000\" \/>\n\t<meta property=\"og:image:height\" content=\"670\" \/>\n\t<meta property=\"og:image:type\" content=\"image\/jpeg\" \/>\n<meta name=\"author\" content=\"Redacao VerdadeOn\" \/>\n<meta name=\"twitter:card\" content=\"summary_large_image\" \/>\n<meta name=\"twitter:label1\" content=\"Escrito por\" \/>\n\t<meta name=\"twitter:data1\" content=\"Redacao VerdadeOn\" \/>\n\t<meta name=\"twitter:label2\" content=\"Est. tempo de leitura\" \/>\n\t<meta name=\"twitter:data2\" content=\"2 minutos\" \/>\n<script type=\"application\/ld+json\" class=\"yoast-schema-graph\">{\"@context\":\"https:\/\/schema.org\",\"@graph\":[{\"@type\":\"WebPage\",\"@id\":\"https:\/\/verdadeon.com.br\/portal\/2022\/08\/22\/apae-franca-participa-da-semana-nacional-da-pessoa-com-deficiencia-intelectual-e-multipla\/\",\"url\":\"https:\/\/verdadeon.com.br\/portal\/2022\/08\/22\/apae-franca-participa-da-semana-nacional-da-pessoa-com-deficiencia-intelectual-e-multipla\/\",\"name\":\"APAE Franca participa da Semana Nacional da Pessoa com Defici\u00eancia Intelectual e M\u00faltipla - VerdadeOn\",\"isPartOf\":{\"@id\":\"https:\/\/verdadeon.com.br\/portal\/#website\"},\"primaryImageOfPage\":{\"@id\":\"https:\/\/verdadeon.com.br\/portal\/2022\/08\/22\/apae-franca-participa-da-semana-nacional-da-pessoa-com-deficiencia-intelectual-e-multipla\/#primaryimage\"},\"image\":{\"@id\":\"https:\/\/verdadeon.com.br\/portal\/2022\/08\/22\/apae-franca-participa-da-semana-nacional-da-pessoa-com-deficiencia-intelectual-e-multipla\/#primaryimage\"},\"thumbnailUrl\":\"https:\/\/i0.wp.com\/verdadeon.com.br\/portal\/wp-content\/uploads\/2022\/08\/WhatsApp-Image-2022-08-22-at-10.15.32.jpeg?fit=1000%2C670&ssl=1\",\"datePublished\":\"2022-08-22T19:04:28+00:00\",\"author\":{\"@id\":\"https:\/\/verdadeon.com.br\/portal\/#\/schema\/person\/a5060ad1e9ea3df545188fc93ce43d2f\"},\"breadcrumb\":{\"@id\":\"https:\/\/verdadeon.com.br\/portal\/2022\/08\/22\/apae-franca-participa-da-semana-nacional-da-pessoa-com-deficiencia-intelectual-e-multipla\/#breadcrumb\"},\"inLanguage\":\"pt-BR\",\"potentialAction\":[{\"@type\":\"ReadAction\",\"target\":[\"https:\/\/verdadeon.com.br\/portal\/2022\/08\/22\/apae-franca-participa-da-semana-nacional-da-pessoa-com-deficiencia-intelectual-e-multipla\/\"]}]},{\"@type\":\"ImageObject\",\"inLanguage\":\"pt-BR\",\"@id\":\"https:\/\/verdadeon.com.br\/portal\/2022\/08\/22\/apae-franca-participa-da-semana-nacional-da-pessoa-com-deficiencia-intelectual-e-multipla\/#primaryimage\",\"url\":\"https:\/\/i0.wp.com\/verdadeon.com.br\/portal\/wp-content\/uploads\/2022\/08\/WhatsApp-Image-2022-08-22-at-10.15.32.jpeg?fit=1000%2C670&ssl=1\",\"contentUrl\":\"https:\/\/i0.wp.com\/verdadeon.com.br\/portal\/wp-content\/uploads\/2022\/08\/WhatsApp-Image-2022-08-22-at-10.15.32.jpeg?fit=1000%2C670&ssl=1\",\"width\":1000,\"height\":670,\"caption\":\"A m\u00e9dica Margherita Midea Cucc\u00f3via participar\u00e1 da Semana Nacional da Pessoa com Defici\u00eancia Intelectual e M\u00faltipla da Apae de Franca | Foto: Arquivo Pessoal\"},{\"@type\":\"BreadcrumbList\",\"@id\":\"https:\/\/verdadeon.com.br\/portal\/2022\/08\/22\/apae-franca-participa-da-semana-nacional-da-pessoa-com-deficiencia-intelectual-e-multipla\/#breadcrumb\",\"itemListElement\":[{\"@type\":\"ListItem\",\"position\":1,\"name\":\"In\u00edcio\",\"item\":\"https:\/\/verdadeon.com.br\/portal\/\"},{\"@type\":\"ListItem\",\"position\":2,\"name\":\"APAE Franca participa da Semana Nacional da Pessoa com Defici\u00eancia Intelectual e M\u00faltipla\"}]},{\"@type\":\"WebSite\",\"@id\":\"https:\/\/verdadeon.com.br\/portal\/#website\",\"url\":\"https:\/\/verdadeon.com.br\/portal\/\",\"name\":\"VerdadeOn\",\"description\":\"Not\u00edcias di\u00e1rias sobre Franca, Regi\u00e3o, Esporte, Cultura, Cotidiano, Colunas. Cobertura nos principais eventos da cidade \u00e9 aqui - Verdadeon Franca\",\"potentialAction\":[{\"@type\":\"SearchAction\",\"target\":{\"@type\":\"EntryPoint\",\"urlTemplate\":\"https:\/\/verdadeon.com.br\/portal\/?s={search_term_string}\"},\"query-input\":{\"@type\":\"PropertyValueSpecification\",\"valueRequired\":true,\"valueName\":\"search_term_string\"}}],\"inLanguage\":\"pt-BR\"},{\"@type\":\"Person\",\"@id\":\"https:\/\/verdadeon.com.br\/portal\/#\/schema\/person\/a5060ad1e9ea3df545188fc93ce43d2f\",\"name\":\"Redacao VerdadeOn\",\"image\":{\"@type\":\"ImageObject\",\"inLanguage\":\"pt-BR\",\"@id\":\"https:\/\/verdadeon.com.br\/portal\/#\/schema\/person\/image\/\",\"url\":\"https:\/\/secure.gravatar.com\/avatar\/459a9613caaaf07f582c3d0841eea68bdd66f533e465e6ba8b9cb45619572cf4?s=96&d=mm&r=g\",\"contentUrl\":\"https:\/\/secure.gravatar.com\/avatar\/459a9613caaaf07f582c3d0841eea68bdd66f533e465e6ba8b9cb45619572cf4?s=96&d=mm&r=g\",\"caption\":\"Redacao VerdadeOn\"},\"url\":\"https:\/\/verdadeon.com.br\/portal\/author\/redacao\/\"}]}<\/script>\n<!-- \/ Yoast SEO plugin. -->","yoast_head_json":{"title":"APAE Franca participa da Semana Nacional da Pessoa com Defici\u00eancia Intelectual e M\u00faltipla - VerdadeOn","robots":{"index":"index","follow":"follow","max-snippet":"max-snippet:-1","max-image-preview":"max-image-preview:large","max-video-preview":"max-video-preview:-1"},"canonical":"https:\/\/verdadeon.com.br\/portal\/2022\/08\/22\/apae-franca-participa-da-semana-nacional-da-pessoa-com-deficiencia-intelectual-e-multipla\/","og_locale":"pt_BR","og_type":"article","og_title":"APAE Franca participa da Semana Nacional da Pessoa com Defici\u00eancia Intelectual e M\u00faltipla - VerdadeOn","og_description":"Com o tema \u201cSuperar barreiras para garantir inclus\u00e3o\u201d, a\u00e7\u00e3o prop\u00f5e debates e reflex\u00f5es\u00a0 &nbsp; Come\u00e7ou neste domingo (21) a Semana Nacional da Pessoa com Defici\u00eancia Intelectual [\u2026]","og_url":"https:\/\/verdadeon.com.br\/portal\/2022\/08\/22\/apae-franca-participa-da-semana-nacional-da-pessoa-com-deficiencia-intelectual-e-multipla\/","og_site_name":"VerdadeOn","article_published_time":"2022-08-22T19:04:28+00:00","og_image":[{"width":1000,"height":670,"url":"https:\/\/verdadeon.com.br\/portal\/wp-content\/uploads\/2022\/08\/WhatsApp-Image-2022-08-22-at-10.15.32.jpeg","type":"image\/jpeg"}],"author":"Redacao VerdadeOn","twitter_card":"summary_large_image","twitter_misc":{"Escrito por":"Redacao VerdadeOn","Est. tempo de leitura":"2 minutos"},"schema":{"@context":"https:\/\/schema.org","@graph":[{"@type":"WebPage","@id":"https:\/\/verdadeon.com.br\/portal\/2022\/08\/22\/apae-franca-participa-da-semana-nacional-da-pessoa-com-deficiencia-intelectual-e-multipla\/","url":"https:\/\/verdadeon.com.br\/portal\/2022\/08\/22\/apae-franca-participa-da-semana-nacional-da-pessoa-com-deficiencia-intelectual-e-multipla\/","name":"APAE Franca participa da Semana Nacional da Pessoa com Defici\u00eancia Intelectual e M\u00faltipla - VerdadeOn","isPartOf":{"@id":"https:\/\/verdadeon.com.br\/portal\/#website"},"primaryImageOfPage":{"@id":"https:\/\/verdadeon.com.br\/portal\/2022\/08\/22\/apae-franca-participa-da-semana-nacional-da-pessoa-com-deficiencia-intelectual-e-multipla\/#primaryimage"},"image":{"@id":"https:\/\/verdadeon.com.br\/portal\/2022\/08\/22\/apae-franca-participa-da-semana-nacional-da-pessoa-com-deficiencia-intelectual-e-multipla\/#primaryimage"},"thumbnailUrl":"https:\/\/i0.wp.com\/verdadeon.com.br\/portal\/wp-content\/uploads\/2022\/08\/WhatsApp-Image-2022-08-22-at-10.15.32.jpeg?fit=1000%2C670&ssl=1","datePublished":"2022-08-22T19:04:28+00:00","author":{"@id":"https:\/\/verdadeon.com.br\/portal\/#\/schema\/person\/a5060ad1e9ea3df545188fc93ce43d2f"},"breadcrumb":{"@id":"https:\/\/verdadeon.com.br\/portal\/2022\/08\/22\/apae-franca-participa-da-semana-nacional-da-pessoa-com-deficiencia-intelectual-e-multipla\/#breadcrumb"},"inLanguage":"pt-BR","potentialAction":[{"@type":"ReadAction","target":["https:\/\/verdadeon.com.br\/portal\/2022\/08\/22\/apae-franca-participa-da-semana-nacional-da-pessoa-com-deficiencia-intelectual-e-multipla\/"]}]},{"@type":"ImageObject","inLanguage":"pt-BR","@id":"https:\/\/verdadeon.com.br\/portal\/2022\/08\/22\/apae-franca-participa-da-semana-nacional-da-pessoa-com-deficiencia-intelectual-e-multipla\/#primaryimage","url":"https:\/\/i0.wp.com\/verdadeon.com.br\/portal\/wp-content\/uploads\/2022\/08\/WhatsApp-Image-2022-08-22-at-10.15.32.jpeg?fit=1000%2C670&ssl=1","contentUrl":"https:\/\/i0.wp.com\/verdadeon.com.br\/portal\/wp-content\/uploads\/2022\/08\/WhatsApp-Image-2022-08-22-at-10.15.32.jpeg?fit=1000%2C670&ssl=1","width":1000,"height":670,"caption":"A m\u00e9dica Margherita Midea Cucc\u00f3via participar\u00e1 da Semana Nacional da Pessoa com Defici\u00eancia Intelectual e M\u00faltipla da Apae de Franca | Foto: Arquivo Pessoal"},{"@type":"BreadcrumbList","@id":"https:\/\/verdadeon.com.br\/portal\/2022\/08\/22\/apae-franca-participa-da-semana-nacional-da-pessoa-com-deficiencia-intelectual-e-multipla\/#breadcrumb","itemListElement":[{"@type":"ListItem","position":1,"name":"In\u00edcio","item":"https:\/\/verdadeon.com.br\/portal\/"},{"@type":"ListItem","position":2,"name":"APAE Franca participa da Semana Nacional da Pessoa com Defici\u00eancia Intelectual e M\u00faltipla"}]},{"@type":"WebSite","@id":"https:\/\/verdadeon.com.br\/portal\/#website","url":"https:\/\/verdadeon.com.br\/portal\/","name":"VerdadeOn","description":"Not\u00edcias di\u00e1rias sobre Franca, Regi\u00e3o, Esporte, Cultura, Cotidiano, Colunas. Cobertura nos principais eventos da cidade \u00e9 aqui - Verdadeon Franca","potentialAction":[{"@type":"SearchAction","target":{"@type":"EntryPoint","urlTemplate":"https:\/\/verdadeon.com.br\/portal\/?s={search_term_string}"},"query-input":{"@type":"PropertyValueSpecification","valueRequired":true,"valueName":"search_term_string"}}],"inLanguage":"pt-BR"},{"@type":"Person","@id":"https:\/\/verdadeon.com.br\/portal\/#\/schema\/person\/a5060ad1e9ea3df545188fc93ce43d2f","name":"Redacao VerdadeOn","image":{"@type":"ImageObject","inLanguage":"pt-BR","@id":"https:\/\/verdadeon.com.br\/portal\/#\/schema\/person\/image\/","url":"https:\/\/secure.gravatar.com\/avatar\/459a9613caaaf07f582c3d0841eea68bdd66f533e465e6ba8b9cb45619572cf4?s=96&d=mm&r=g","contentUrl":"https:\/\/secure.gravatar.com\/avatar\/459a9613caaaf07f582c3d0841eea68bdd66f533e465e6ba8b9cb45619572cf4?s=96&d=mm&r=g","caption":"Redacao VerdadeOn"},"url":"https:\/\/verdadeon.com.br\/portal\/author\/redacao\/"}]}},"jetpack_publicize_connections":[],"jetpack_featured_media_url":"https:\/\/i0.wp.com\/verdadeon.com.br\/portal\/wp-content\/uploads\/2022\/08\/WhatsApp-Image-2022-08-22-at-10.15.32.jpeg?fit=1000%2C670&ssl=1","jetpack_sharing_enabled":true,"_links":{"self":[{"href":"https:\/\/verdadeon.com.br\/portal\/wp-json\/wp\/v2\/posts\/27389","targetHints":{"allow":["GET"]}}],"collection":[{"href":"https:\/\/verdadeon.com.br\/portal\/wp-json\/wp\/v2\/posts"}],"about":[{"href":"https:\/\/verdadeon.com.br\/portal\/wp-json\/wp\/v2\/types\/post"}],"author":[{"embeddable":true,"href":"https:\/\/verdadeon.com.br\/portal\/wp-json\/wp\/v2\/users\/10"}],"replies":[{"embeddable":true,"href":"https:\/\/verdadeon.com.br\/portal\/wp-json\/wp\/v2\/comments?post=27389"}],"version-history":[{"count":1,"href":"https:\/\/verdadeon.com.br\/portal\/wp-json\/wp\/v2\/posts\/27389\/revisions"}],"predecessor-version":[{"id":27391,"href":"https:\/\/verdadeon.com.br\/portal\/wp-json\/wp\/v2\/posts\/27389\/revisions\/27391"}],"wp:featuredmedia":[{"embeddable":true,"href":"https:\/\/verdadeon.com.br\/portal\/wp-json\/wp\/v2\/media\/27390"}],"wp:attachment":[{"href":"https:\/\/verdadeon.com.br\/portal\/wp-json\/wp\/v2\/media?parent=27389"}],"wp:term":[{"taxonomy":"category","embeddable":true,"href":"https:\/\/verdadeon.com.br\/portal\/wp-json\/wp\/v2\/categories?post=27389"},{"taxonomy":"post_tag","embeddable":true,"href":"https:\/\/verdadeon.com.br\/portal\/wp-json\/wp\/v2\/tags?post=27389"}],"curies":[{"name":"wp","href":"https:\/\/api.w.org\/{rel}","templated":true}]}}