{"id":27382,"date":"2022-08-20T15:28:26","date_gmt":"2022-08-20T18:28:26","guid":{"rendered":"https:\/\/verdadeon.com.br\/portal\/?p=27382"},"modified":"2022-08-20T16:27:19","modified_gmt":"2022-08-20T19:27:19","slug":"economista-abordara-gastos-familiar-e-individual-em-novo-encontro-eu-sei-fazer-financas","status":"publish","type":"post","link":"https:\/\/verdadeon.com.br\/portal\/2022\/08\/20\/economista-abordara-gastos-familiar-e-individual-em-novo-encontro-eu-sei-fazer-financas\/","title":{"rendered":"Economista abordar\u00e1 dicas sobre gastos familiar e individual em novo &#8216;Encontro Eu Sei Fazer Finan\u00e7as&#8217;\u00a0"},"content":{"rendered":"<p>&nbsp;<\/p>\n<h2>Projeto \u00e9 voltado para pessoas acima de 50 anos que buscam recoloca\u00e7\u00e3o no mercado de trabalho. Encontro ser\u00e1 dia 30<\/h2>\n<p>&nbsp;<\/p>\n<p>&nbsp;<\/p>\n<p><span style=\"font-weight: 400;\">Ap\u00f3s boa receptividade ao \u201cEncontro Eu Sei Fazer\u201d, a Secretaria Municipal de Desenvolvimento promover\u00e1 mais uma edi\u00e7\u00e3o do projeto, voltado para pessoas com 50 anos ou mais, que buscam recoloca\u00e7\u00e3o no mercado de trabalho. Os interessados poder\u00e3o compartilhar informa\u00e7\u00f5es no final deste m\u00eas.<\/span><\/p>\n<p><span style=\"font-weight: 400;\">O foco dessa vez ser\u00e1 a tem\u00e1tica finan\u00e7as pessoais \u201c&#8217;Or\u00e7amento Individual e Familiar\u201d, com informa\u00e7\u00f5es e dicas \u00fateis sobre como conciliar a receita e as contas rotineiras de casa.<\/span><\/p>\n<p><span style=\"font-weight: 400;\">Esse segundo encontro da proposta \u201cEncontro Eu Sei Fazer\u201d ocorrer\u00e1 no dia 30 de agosto, das 8h30 \u00e0s 11h, no audit\u00f3rio do Parque Fernando Costa, onde o p\u00fablico presente no primeiro evento foi convidado e confirmou participa\u00e7\u00e3o, mas a iniciativa \u00e9 aberta tamb\u00e9m a outras pessoas interessadas, que n\u00e3o estiveram no primeiro evento. Para tanto, basta que estejam presentes.\u00a0<\/span><\/p>\n<p><span style=\"font-weight: 400;\">Dentre os objetivos buscados pela Prefeitura com a iniciativa est\u00e1 o de oferecer subs\u00eddios para que os participantes melhorem a gest\u00e3o dos recursos financeiros, sejam eles individuais ou em fam\u00edlia.\u00a0<\/span><\/p>\n<p><span style=\"font-weight: 400;\">O economista da Prefeitura Deyvid Alves da Silveira \u00e9 o convidado a compartilhar dicas sobre como se equilibrar, num cen\u00e1rio de tantas incertezas, infla\u00e7\u00e3o impactando lojas, supermercados, no dia a dia das pessoas e as cautelas que podem e devem ser observadas, priorizando o essencial.<\/span><\/p>\n<p>&nbsp;<\/p>\n","protected":false},"excerpt":{"rendered":"<p>&nbsp; Projeto \u00e9 voltado para pessoas acima de 50 anos que buscam recoloca\u00e7\u00e3o no mercado de trabalho. Encontro ser\u00e1 dia 30 &nbsp; &nbsp; Ap\u00f3s boa receptividade<span class=\"excerpt-hellip\"> [\u2026]<\/span><\/p>\n","protected":false},"author":10,"featured_media":27383,"comment_status":"open","ping_status":"open","sticky":false,"template":"","format":"standard","meta":{"_jetpack_memberships_contains_paid_content":false,"footnotes":"","jetpack_publicize_message":"","jetpack_publicize_feature_enabled":true,"jetpack_social_post_already_shared":false,"jetpack_social_options":{"image_generator_settings":{"template":"highway","default_image_id":0,"enabled":false},"version":2}},"categories":[28,44],"tags":[],"class_list":["post-27382","post","type-post","status-publish","format-standard","has-post-thumbnail","hentry","category-cotidiano","category-noticias"],"yoast_head":"<!-- This site is optimized with the Yoast SEO plugin v25.6 - https:\/\/yoast.com\/wordpress\/plugins\/seo\/ -->\n<title>Economista abordar\u00e1 dicas sobre gastos familiar e individual em novo &#039;Encontro Eu Sei Fazer Finan\u00e7as&#039;\u00a0 - VerdadeOn<\/title>\n<meta name=\"robots\" content=\"index, follow, max-snippet:-1, max-image-preview:large, max-video-preview:-1\" \/>\n<link rel=\"canonical\" href=\"https:\/\/verdadeon.com.br\/portal\/2022\/08\/20\/economista-abordara-gastos-familiar-e-individual-em-novo-encontro-eu-sei-fazer-financas\/\" \/>\n<meta property=\"og:locale\" content=\"pt_BR\" \/>\n<meta property=\"og:type\" content=\"article\" \/>\n<meta property=\"og:title\" content=\"Economista abordar\u00e1 dicas sobre gastos familiar e individual em novo &#039;Encontro Eu Sei Fazer Finan\u00e7as&#039;\u00a0 - VerdadeOn\" \/>\n<meta property=\"og:description\" content=\"&nbsp; Projeto \u00e9 voltado para pessoas acima de 50 anos que buscam recoloca\u00e7\u00e3o no mercado de trabalho. Encontro ser\u00e1 dia 30 &nbsp; &nbsp; Ap\u00f3s boa receptividade [\u2026]\" \/>\n<meta property=\"og:url\" content=\"https:\/\/verdadeon.com.br\/portal\/2022\/08\/20\/economista-abordara-gastos-familiar-e-individual-em-novo-encontro-eu-sei-fazer-financas\/\" \/>\n<meta property=\"og:site_name\" content=\"VerdadeOn\" \/>\n<meta property=\"article:published_time\" content=\"2022-08-20T18:28:26+00:00\" \/>\n<meta property=\"article:modified_time\" content=\"2022-08-20T19:27:19+00:00\" \/>\n<meta property=\"og:image\" content=\"https:\/\/verdadeon.com.br\/portal\/wp-content\/uploads\/2022\/08\/finance-accounting-paper-desk-using-1-scaled.jpg\" \/>\n\t<meta property=\"og:image:width\" content=\"2560\" \/>\n\t<meta property=\"og:image:height\" content=\"1707\" \/>\n\t<meta property=\"og:image:type\" content=\"image\/jpeg\" \/>\n<meta name=\"author\" content=\"Redacao VerdadeOn\" \/>\n<meta name=\"twitter:card\" content=\"summary_large_image\" \/>\n<meta name=\"twitter:label1\" content=\"Escrito por\" \/>\n\t<meta name=\"twitter:data1\" content=\"Redacao VerdadeOn\" \/>\n\t<meta name=\"twitter:label2\" content=\"Est. tempo de leitura\" \/>\n\t<meta name=\"twitter:data2\" content=\"2 minutos\" \/>\n<script type=\"application\/ld+json\" class=\"yoast-schema-graph\">{\"@context\":\"https:\/\/schema.org\",\"@graph\":[{\"@type\":\"WebPage\",\"@id\":\"https:\/\/verdadeon.com.br\/portal\/2022\/08\/20\/economista-abordara-gastos-familiar-e-individual-em-novo-encontro-eu-sei-fazer-financas\/\",\"url\":\"https:\/\/verdadeon.com.br\/portal\/2022\/08\/20\/economista-abordara-gastos-familiar-e-individual-em-novo-encontro-eu-sei-fazer-financas\/\",\"name\":\"Economista abordar\u00e1 dicas sobre gastos familiar e individual em novo 'Encontro Eu Sei Fazer Finan\u00e7as'\u00a0 - VerdadeOn\",\"isPartOf\":{\"@id\":\"https:\/\/verdadeon.com.br\/portal\/#website\"},\"primaryImageOfPage\":{\"@id\":\"https:\/\/verdadeon.com.br\/portal\/2022\/08\/20\/economista-abordara-gastos-familiar-e-individual-em-novo-encontro-eu-sei-fazer-financas\/#primaryimage\"},\"image\":{\"@id\":\"https:\/\/verdadeon.com.br\/portal\/2022\/08\/20\/economista-abordara-gastos-familiar-e-individual-em-novo-encontro-eu-sei-fazer-financas\/#primaryimage\"},\"thumbnailUrl\":\"https:\/\/i0.wp.com\/verdadeon.com.br\/portal\/wp-content\/uploads\/2022\/08\/finance-accounting-paper-desk-using-1-scaled.jpg?fit=2560%2C1707&ssl=1\",\"datePublished\":\"2022-08-20T18:28:26+00:00\",\"dateModified\":\"2022-08-20T19:27:19+00:00\",\"author\":{\"@id\":\"https:\/\/verdadeon.com.br\/portal\/#\/schema\/person\/a5060ad1e9ea3df545188fc93ce43d2f\"},\"breadcrumb\":{\"@id\":\"https:\/\/verdadeon.com.br\/portal\/2022\/08\/20\/economista-abordara-gastos-familiar-e-individual-em-novo-encontro-eu-sei-fazer-financas\/#breadcrumb\"},\"inLanguage\":\"pt-BR\",\"potentialAction\":[{\"@type\":\"ReadAction\",\"target\":[\"https:\/\/verdadeon.com.br\/portal\/2022\/08\/20\/economista-abordara-gastos-familiar-e-individual-em-novo-encontro-eu-sei-fazer-financas\/\"]}]},{\"@type\":\"ImageObject\",\"inLanguage\":\"pt-BR\",\"@id\":\"https:\/\/verdadeon.com.br\/portal\/2022\/08\/20\/economista-abordara-gastos-familiar-e-individual-em-novo-encontro-eu-sei-fazer-financas\/#primaryimage\",\"url\":\"https:\/\/i0.wp.com\/verdadeon.com.br\/portal\/wp-content\/uploads\/2022\/08\/finance-accounting-paper-desk-using-1-scaled.jpg?fit=2560%2C1707&ssl=1\",\"contentUrl\":\"https:\/\/i0.wp.com\/verdadeon.com.br\/portal\/wp-content\/uploads\/2022\/08\/finance-accounting-paper-desk-using-1-scaled.jpg?fit=2560%2C1707&ssl=1\",\"width\":2560,\"height\":1707,\"caption\":\"Em S\u00e3o Paulo, os jovens s\u00e3o apenas 10,1% dos inadimplentes (\u00a9Divulga\u00e7\u00e3o)\"},{\"@type\":\"BreadcrumbList\",\"@id\":\"https:\/\/verdadeon.com.br\/portal\/2022\/08\/20\/economista-abordara-gastos-familiar-e-individual-em-novo-encontro-eu-sei-fazer-financas\/#breadcrumb\",\"itemListElement\":[{\"@type\":\"ListItem\",\"position\":1,\"name\":\"In\u00edcio\",\"item\":\"https:\/\/verdadeon.com.br\/portal\/\"},{\"@type\":\"ListItem\",\"position\":2,\"name\":\"Economista abordar\u00e1 dicas sobre gastos familiar e individual em novo &#8216;Encontro Eu Sei Fazer Finan\u00e7as&#8217;\u00a0\"}]},{\"@type\":\"WebSite\",\"@id\":\"https:\/\/verdadeon.com.br\/portal\/#website\",\"url\":\"https:\/\/verdadeon.com.br\/portal\/\",\"name\":\"VerdadeOn\",\"description\":\"Not\u00edcias di\u00e1rias sobre Franca, Regi\u00e3o, Esporte, Cultura, Cotidiano, Colunas. Cobertura nos principais eventos da cidade \u00e9 aqui - Verdadeon Franca\",\"potentialAction\":[{\"@type\":\"SearchAction\",\"target\":{\"@type\":\"EntryPoint\",\"urlTemplate\":\"https:\/\/verdadeon.com.br\/portal\/?s={search_term_string}\"},\"query-input\":{\"@type\":\"PropertyValueSpecification\",\"valueRequired\":true,\"valueName\":\"search_term_string\"}}],\"inLanguage\":\"pt-BR\"},{\"@type\":\"Person\",\"@id\":\"https:\/\/verdadeon.com.br\/portal\/#\/schema\/person\/a5060ad1e9ea3df545188fc93ce43d2f\",\"name\":\"Redacao VerdadeOn\",\"image\":{\"@type\":\"ImageObject\",\"inLanguage\":\"pt-BR\",\"@id\":\"https:\/\/verdadeon.com.br\/portal\/#\/schema\/person\/image\/\",\"url\":\"https:\/\/secure.gravatar.com\/avatar\/459a9613caaaf07f582c3d0841eea68bdd66f533e465e6ba8b9cb45619572cf4?s=96&d=mm&r=g\",\"contentUrl\":\"https:\/\/secure.gravatar.com\/avatar\/459a9613caaaf07f582c3d0841eea68bdd66f533e465e6ba8b9cb45619572cf4?s=96&d=mm&r=g\",\"caption\":\"Redacao VerdadeOn\"},\"url\":\"https:\/\/verdadeon.com.br\/portal\/author\/redacao\/\"}]}<\/script>\n<!-- \/ Yoast SEO plugin. -->","yoast_head_json":{"title":"Economista abordar\u00e1 dicas sobre gastos familiar e individual em novo 'Encontro Eu Sei Fazer Finan\u00e7as'\u00a0 - VerdadeOn","robots":{"index":"index","follow":"follow","max-snippet":"max-snippet:-1","max-image-preview":"max-image-preview:large","max-video-preview":"max-video-preview:-1"},"canonical":"https:\/\/verdadeon.com.br\/portal\/2022\/08\/20\/economista-abordara-gastos-familiar-e-individual-em-novo-encontro-eu-sei-fazer-financas\/","og_locale":"pt_BR","og_type":"article","og_title":"Economista abordar\u00e1 dicas sobre gastos familiar e individual em novo 'Encontro Eu Sei Fazer Finan\u00e7as'\u00a0 - VerdadeOn","og_description":"&nbsp; Projeto \u00e9 voltado para pessoas acima de 50 anos que buscam recoloca\u00e7\u00e3o no mercado de trabalho. Encontro ser\u00e1 dia 30 &nbsp; &nbsp; Ap\u00f3s boa receptividade [\u2026]","og_url":"https:\/\/verdadeon.com.br\/portal\/2022\/08\/20\/economista-abordara-gastos-familiar-e-individual-em-novo-encontro-eu-sei-fazer-financas\/","og_site_name":"VerdadeOn","article_published_time":"2022-08-20T18:28:26+00:00","article_modified_time":"2022-08-20T19:27:19+00:00","og_image":[{"width":2560,"height":1707,"url":"https:\/\/verdadeon.com.br\/portal\/wp-content\/uploads\/2022\/08\/finance-accounting-paper-desk-using-1-scaled.jpg","type":"image\/jpeg"}],"author":"Redacao VerdadeOn","twitter_card":"summary_large_image","twitter_misc":{"Escrito por":"Redacao VerdadeOn","Est. tempo de leitura":"2 minutos"},"schema":{"@context":"https:\/\/schema.org","@graph":[{"@type":"WebPage","@id":"https:\/\/verdadeon.com.br\/portal\/2022\/08\/20\/economista-abordara-gastos-familiar-e-individual-em-novo-encontro-eu-sei-fazer-financas\/","url":"https:\/\/verdadeon.com.br\/portal\/2022\/08\/20\/economista-abordara-gastos-familiar-e-individual-em-novo-encontro-eu-sei-fazer-financas\/","name":"Economista abordar\u00e1 dicas sobre gastos familiar e individual em novo 'Encontro Eu Sei Fazer Finan\u00e7as'\u00a0 - VerdadeOn","isPartOf":{"@id":"https:\/\/verdadeon.com.br\/portal\/#website"},"primaryImageOfPage":{"@id":"https:\/\/verdadeon.com.br\/portal\/2022\/08\/20\/economista-abordara-gastos-familiar-e-individual-em-novo-encontro-eu-sei-fazer-financas\/#primaryimage"},"image":{"@id":"https:\/\/verdadeon.com.br\/portal\/2022\/08\/20\/economista-abordara-gastos-familiar-e-individual-em-novo-encontro-eu-sei-fazer-financas\/#primaryimage"},"thumbnailUrl":"https:\/\/i0.wp.com\/verdadeon.com.br\/portal\/wp-content\/uploads\/2022\/08\/finance-accounting-paper-desk-using-1-scaled.jpg?fit=2560%2C1707&ssl=1","datePublished":"2022-08-20T18:28:26+00:00","dateModified":"2022-08-20T19:27:19+00:00","author":{"@id":"https:\/\/verdadeon.com.br\/portal\/#\/schema\/person\/a5060ad1e9ea3df545188fc93ce43d2f"},"breadcrumb":{"@id":"https:\/\/verdadeon.com.br\/portal\/2022\/08\/20\/economista-abordara-gastos-familiar-e-individual-em-novo-encontro-eu-sei-fazer-financas\/#breadcrumb"},"inLanguage":"pt-BR","potentialAction":[{"@type":"ReadAction","target":["https:\/\/verdadeon.com.br\/portal\/2022\/08\/20\/economista-abordara-gastos-familiar-e-individual-em-novo-encontro-eu-sei-fazer-financas\/"]}]},{"@type":"ImageObject","inLanguage":"pt-BR","@id":"https:\/\/verdadeon.com.br\/portal\/2022\/08\/20\/economista-abordara-gastos-familiar-e-individual-em-novo-encontro-eu-sei-fazer-financas\/#primaryimage","url":"https:\/\/i0.wp.com\/verdadeon.com.br\/portal\/wp-content\/uploads\/2022\/08\/finance-accounting-paper-desk-using-1-scaled.jpg?fit=2560%2C1707&ssl=1","contentUrl":"https:\/\/i0.wp.com\/verdadeon.com.br\/portal\/wp-content\/uploads\/2022\/08\/finance-accounting-paper-desk-using-1-scaled.jpg?fit=2560%2C1707&ssl=1","width":2560,"height":1707,"caption":"Em S\u00e3o Paulo, os jovens s\u00e3o apenas 10,1% dos inadimplentes (\u00a9Divulga\u00e7\u00e3o)"},{"@type":"BreadcrumbList","@id":"https:\/\/verdadeon.com.br\/portal\/2022\/08\/20\/economista-abordara-gastos-familiar-e-individual-em-novo-encontro-eu-sei-fazer-financas\/#breadcrumb","itemListElement":[{"@type":"ListItem","position":1,"name":"In\u00edcio","item":"https:\/\/verdadeon.com.br\/portal\/"},{"@type":"ListItem","position":2,"name":"Economista abordar\u00e1 dicas sobre gastos familiar e individual em novo &#8216;Encontro Eu Sei Fazer Finan\u00e7as&#8217;\u00a0"}]},{"@type":"WebSite","@id":"https:\/\/verdadeon.com.br\/portal\/#website","url":"https:\/\/verdadeon.com.br\/portal\/","name":"VerdadeOn","description":"Not\u00edcias di\u00e1rias sobre Franca, Regi\u00e3o, Esporte, Cultura, Cotidiano, Colunas. Cobertura nos principais eventos da cidade \u00e9 aqui - Verdadeon Franca","potentialAction":[{"@type":"SearchAction","target":{"@type":"EntryPoint","urlTemplate":"https:\/\/verdadeon.com.br\/portal\/?s={search_term_string}"},"query-input":{"@type":"PropertyValueSpecification","valueRequired":true,"valueName":"search_term_string"}}],"inLanguage":"pt-BR"},{"@type":"Person","@id":"https:\/\/verdadeon.com.br\/portal\/#\/schema\/person\/a5060ad1e9ea3df545188fc93ce43d2f","name":"Redacao VerdadeOn","image":{"@type":"ImageObject","inLanguage":"pt-BR","@id":"https:\/\/verdadeon.com.br\/portal\/#\/schema\/person\/image\/","url":"https:\/\/secure.gravatar.com\/avatar\/459a9613caaaf07f582c3d0841eea68bdd66f533e465e6ba8b9cb45619572cf4?s=96&d=mm&r=g","contentUrl":"https:\/\/secure.gravatar.com\/avatar\/459a9613caaaf07f582c3d0841eea68bdd66f533e465e6ba8b9cb45619572cf4?s=96&d=mm&r=g","caption":"Redacao VerdadeOn"},"url":"https:\/\/verdadeon.com.br\/portal\/author\/redacao\/"}]}},"jetpack_publicize_connections":[],"jetpack_featured_media_url":"https:\/\/i0.wp.com\/verdadeon.com.br\/portal\/wp-content\/uploads\/2022\/08\/finance-accounting-paper-desk-using-1-scaled.jpg?fit=2560%2C1707&ssl=1","jetpack_sharing_enabled":true,"_links":{"self":[{"href":"https:\/\/verdadeon.com.br\/portal\/wp-json\/wp\/v2\/posts\/27382","targetHints":{"allow":["GET"]}}],"collection":[{"href":"https:\/\/verdadeon.com.br\/portal\/wp-json\/wp\/v2\/posts"}],"about":[{"href":"https:\/\/verdadeon.com.br\/portal\/wp-json\/wp\/v2\/types\/post"}],"author":[{"embeddable":true,"href":"https:\/\/verdadeon.com.br\/portal\/wp-json\/wp\/v2\/users\/10"}],"replies":[{"embeddable":true,"href":"https:\/\/verdadeon.com.br\/portal\/wp-json\/wp\/v2\/comments?post=27382"}],"version-history":[{"count":2,"href":"https:\/\/verdadeon.com.br\/portal\/wp-json\/wp\/v2\/posts\/27382\/revisions"}],"predecessor-version":[{"id":27385,"href":"https:\/\/verdadeon.com.br\/portal\/wp-json\/wp\/v2\/posts\/27382\/revisions\/27385"}],"wp:featuredmedia":[{"embeddable":true,"href":"https:\/\/verdadeon.com.br\/portal\/wp-json\/wp\/v2\/media\/27383"}],"wp:attachment":[{"href":"https:\/\/verdadeon.com.br\/portal\/wp-json\/wp\/v2\/media?parent=27382"}],"wp:term":[{"taxonomy":"category","embeddable":true,"href":"https:\/\/verdadeon.com.br\/portal\/wp-json\/wp\/v2\/categories?post=27382"},{"taxonomy":"post_tag","embeddable":true,"href":"https:\/\/verdadeon.com.br\/portal\/wp-json\/wp\/v2\/tags?post=27382"}],"curies":[{"name":"wp","href":"https:\/\/api.w.org\/{rel}","templated":true}]}}