{"id":27354,"date":"2022-08-19T18:55:07","date_gmt":"2022-08-19T21:55:07","guid":{"rendered":"https:\/\/verdadeon.com.br\/portal\/?p=27354"},"modified":"2022-08-19T18:52:31","modified_gmt":"2022-08-19T21:52:31","slug":"equipes-intensificam-limpeza-e-manutencao-no-corrego-dos-bagres","status":"publish","type":"post","link":"https:\/\/verdadeon.com.br\/portal\/2022\/08\/19\/equipes-intensificam-limpeza-e-manutencao-no-corrego-dos-bagres\/","title":{"rendered":"Equipes intensificam limpeza e manuten\u00e7\u00e3o no C\u00f3rrego dos Bagres\u00a0"},"content":{"rendered":"<h2>Servi\u00e7os t\u00eam objetivo de fazer reparos par evitar problemas durante a temporada de chuvas<\/h2>\n<p>&nbsp;<\/p>\n<p>&nbsp;<\/p>\n<p><span style=\"font-weight: 400;\">A Prefeitura de Franca segue com o trabalho preventivo de manuten\u00e7\u00e3o nos c\u00f3rregos da cidade e esteve trabalhando na limpeza e realiza\u00e7\u00e3o de reparos no interior do canal do C\u00f3rrego dos Bagres, na Avenida H\u00e9lio Palermo. Em diversos trechos, as equipes da Secretaria de Meio Ambiente, em vistorias peri\u00f3dicas, identificaram problemas nas bases do c\u00f3rrego e tamb\u00e9m nas paredes laterais.<\/span><\/p>\n<p><span style=\"font-weight: 400;\">Aproveitando o per\u00edodo de estiagem, em que \u00e1gua est\u00e1 em n\u00edvel m\u00ednimo, foram feitas conten\u00e7\u00f5es e desvios com a utiliza\u00e7\u00e3o de sacos de areia e efetuados os reparos, com aplica\u00e7\u00e3o de concreto, tanto nas bases, como nos locais com rachaduras nas paredes.\u00a0<\/span><\/p>\n<p><span style=\"font-weight: 400;\">Esse tipo de trabalho \u00e9 importante porque previne estragos maiores no per\u00edodo de chuvas, pois com o volume maior de \u00e1gua, ela infiltra nas fendas abertas e causa danos maiores, muitas vezes at\u00e9 comprometendo a estrutura de prote\u00e7\u00e3o existente nas duas extremidades.<\/span><\/p>\n<p><span style=\"font-weight: 400;\">Junto com esses cuidados no interior do canal, outras equipes de podas continuaram nesta sexta-feira com o corte da grama e demais tipos de vegeta\u00e7\u00e3o. Os servi\u00e7os foram concentrados no trecho da Avenida H\u00e9lio Palermo, pr\u00f3ximo ao Hemocentro e atual Pronto-Socorro Infantil.\u00a0\u00a0<\/span><\/p>\n<p>&nbsp;<\/p>\n","protected":false},"excerpt":{"rendered":"<p>Servi\u00e7os t\u00eam objetivo de fazer reparos par evitar problemas durante a temporada de chuvas &nbsp; &nbsp; A Prefeitura de Franca segue com o trabalho preventivo de<span class=\"excerpt-hellip\"> [\u2026]<\/span><\/p>\n","protected":false},"author":10,"featured_media":27359,"comment_status":"open","ping_status":"open","sticky":false,"template":"","format":"standard","meta":{"_jetpack_memberships_contains_paid_content":false,"footnotes":"","jetpack_publicize_message":"","jetpack_publicize_feature_enabled":true,"jetpack_social_post_already_shared":false,"jetpack_social_options":{"image_generator_settings":{"template":"highway","default_image_id":0,"enabled":false},"version":2}},"categories":[28,44],"tags":[],"class_list":["post-27354","post","type-post","status-publish","format-standard","has-post-thumbnail","hentry","category-cotidiano","category-noticias"],"yoast_head":"<!-- This site is optimized with the Yoast SEO plugin v25.6 - https:\/\/yoast.com\/wordpress\/plugins\/seo\/ -->\n<title>Equipes intensificam limpeza e manuten\u00e7\u00e3o no C\u00f3rrego dos Bagres\u00a0 - VerdadeOn<\/title>\n<meta name=\"robots\" content=\"index, follow, max-snippet:-1, max-image-preview:large, max-video-preview:-1\" \/>\n<link rel=\"canonical\" href=\"https:\/\/verdadeon.com.br\/portal\/2022\/08\/19\/equipes-intensificam-limpeza-e-manutencao-no-corrego-dos-bagres\/\" \/>\n<meta property=\"og:locale\" content=\"pt_BR\" \/>\n<meta property=\"og:type\" content=\"article\" \/>\n<meta property=\"og:title\" content=\"Equipes intensificam limpeza e manuten\u00e7\u00e3o no C\u00f3rrego dos Bagres\u00a0 - VerdadeOn\" \/>\n<meta property=\"og:description\" content=\"Servi\u00e7os t\u00eam objetivo de fazer reparos par evitar problemas durante a temporada de chuvas &nbsp; &nbsp; A Prefeitura de Franca segue com o trabalho preventivo de [\u2026]\" \/>\n<meta property=\"og:url\" content=\"https:\/\/verdadeon.com.br\/portal\/2022\/08\/19\/equipes-intensificam-limpeza-e-manutencao-no-corrego-dos-bagres\/\" \/>\n<meta property=\"og:site_name\" content=\"VerdadeOn\" \/>\n<meta property=\"article:published_time\" content=\"2022-08-19T21:55:07+00:00\" \/>\n<meta property=\"og:image\" content=\"https:\/\/verdadeon.com.br\/portal\/wp-content\/uploads\/2022\/08\/WhatsApp-Image-2022-08-19-at-18.50.24.jpeg\" \/>\n\t<meta property=\"og:image:width\" content=\"1000\" \/>\n\t<meta property=\"og:image:height\" content=\"670\" \/>\n\t<meta property=\"og:image:type\" content=\"image\/jpeg\" \/>\n<meta name=\"author\" content=\"Redacao VerdadeOn\" \/>\n<meta name=\"twitter:card\" content=\"summary_large_image\" \/>\n<meta name=\"twitter:label1\" content=\"Escrito por\" \/>\n\t<meta name=\"twitter:data1\" content=\"Redacao VerdadeOn\" \/>\n\t<meta name=\"twitter:label2\" content=\"Est. tempo de leitura\" \/>\n\t<meta name=\"twitter:data2\" content=\"2 minutos\" \/>\n<script type=\"application\/ld+json\" class=\"yoast-schema-graph\">{\"@context\":\"https:\/\/schema.org\",\"@graph\":[{\"@type\":\"WebPage\",\"@id\":\"https:\/\/verdadeon.com.br\/portal\/2022\/08\/19\/equipes-intensificam-limpeza-e-manutencao-no-corrego-dos-bagres\/\",\"url\":\"https:\/\/verdadeon.com.br\/portal\/2022\/08\/19\/equipes-intensificam-limpeza-e-manutencao-no-corrego-dos-bagres\/\",\"name\":\"Equipes intensificam limpeza e manuten\u00e7\u00e3o no C\u00f3rrego dos Bagres\u00a0 - VerdadeOn\",\"isPartOf\":{\"@id\":\"https:\/\/verdadeon.com.br\/portal\/#website\"},\"primaryImageOfPage\":{\"@id\":\"https:\/\/verdadeon.com.br\/portal\/2022\/08\/19\/equipes-intensificam-limpeza-e-manutencao-no-corrego-dos-bagres\/#primaryimage\"},\"image\":{\"@id\":\"https:\/\/verdadeon.com.br\/portal\/2022\/08\/19\/equipes-intensificam-limpeza-e-manutencao-no-corrego-dos-bagres\/#primaryimage\"},\"thumbnailUrl\":\"https:\/\/i0.wp.com\/verdadeon.com.br\/portal\/wp-content\/uploads\/2022\/08\/WhatsApp-Image-2022-08-19-at-18.50.24.jpeg?fit=1000%2C670&ssl=1\",\"datePublished\":\"2022-08-19T21:55:07+00:00\",\"author\":{\"@id\":\"https:\/\/verdadeon.com.br\/portal\/#\/schema\/person\/a5060ad1e9ea3df545188fc93ce43d2f\"},\"breadcrumb\":{\"@id\":\"https:\/\/verdadeon.com.br\/portal\/2022\/08\/19\/equipes-intensificam-limpeza-e-manutencao-no-corrego-dos-bagres\/#breadcrumb\"},\"inLanguage\":\"pt-BR\",\"potentialAction\":[{\"@type\":\"ReadAction\",\"target\":[\"https:\/\/verdadeon.com.br\/portal\/2022\/08\/19\/equipes-intensificam-limpeza-e-manutencao-no-corrego-dos-bagres\/\"]}]},{\"@type\":\"ImageObject\",\"inLanguage\":\"pt-BR\",\"@id\":\"https:\/\/verdadeon.com.br\/portal\/2022\/08\/19\/equipes-intensificam-limpeza-e-manutencao-no-corrego-dos-bagres\/#primaryimage\",\"url\":\"https:\/\/i0.wp.com\/verdadeon.com.br\/portal\/wp-content\/uploads\/2022\/08\/WhatsApp-Image-2022-08-19-at-18.50.24.jpeg?fit=1000%2C670&ssl=1\",\"contentUrl\":\"https:\/\/i0.wp.com\/verdadeon.com.br\/portal\/wp-content\/uploads\/2022\/08\/WhatsApp-Image-2022-08-19-at-18.50.24.jpeg?fit=1000%2C670&ssl=1\",\"width\":1000,\"height\":670,\"caption\":\"Equipes seguem com reparos e limpeza nas encostas e canal do C\u00f3rrego dos Bagres, na Avenida H\u00e9lio Palermo, para evitar enchentes na \u00e9poca de chuvas | Fotos: Divulga\u00e7\u00e3o\"},{\"@type\":\"BreadcrumbList\",\"@id\":\"https:\/\/verdadeon.com.br\/portal\/2022\/08\/19\/equipes-intensificam-limpeza-e-manutencao-no-corrego-dos-bagres\/#breadcrumb\",\"itemListElement\":[{\"@type\":\"ListItem\",\"position\":1,\"name\":\"In\u00edcio\",\"item\":\"https:\/\/verdadeon.com.br\/portal\/\"},{\"@type\":\"ListItem\",\"position\":2,\"name\":\"Equipes intensificam limpeza e manuten\u00e7\u00e3o no C\u00f3rrego dos Bagres\u00a0\"}]},{\"@type\":\"WebSite\",\"@id\":\"https:\/\/verdadeon.com.br\/portal\/#website\",\"url\":\"https:\/\/verdadeon.com.br\/portal\/\",\"name\":\"VerdadeOn\",\"description\":\"Not\u00edcias di\u00e1rias sobre Franca, Regi\u00e3o, Esporte, Cultura, Cotidiano, Colunas. Cobertura nos principais eventos da cidade \u00e9 aqui - Verdadeon Franca\",\"potentialAction\":[{\"@type\":\"SearchAction\",\"target\":{\"@type\":\"EntryPoint\",\"urlTemplate\":\"https:\/\/verdadeon.com.br\/portal\/?s={search_term_string}\"},\"query-input\":{\"@type\":\"PropertyValueSpecification\",\"valueRequired\":true,\"valueName\":\"search_term_string\"}}],\"inLanguage\":\"pt-BR\"},{\"@type\":\"Person\",\"@id\":\"https:\/\/verdadeon.com.br\/portal\/#\/schema\/person\/a5060ad1e9ea3df545188fc93ce43d2f\",\"name\":\"Redacao VerdadeOn\",\"image\":{\"@type\":\"ImageObject\",\"inLanguage\":\"pt-BR\",\"@id\":\"https:\/\/verdadeon.com.br\/portal\/#\/schema\/person\/image\/\",\"url\":\"https:\/\/secure.gravatar.com\/avatar\/459a9613caaaf07f582c3d0841eea68bdd66f533e465e6ba8b9cb45619572cf4?s=96&d=mm&r=g\",\"contentUrl\":\"https:\/\/secure.gravatar.com\/avatar\/459a9613caaaf07f582c3d0841eea68bdd66f533e465e6ba8b9cb45619572cf4?s=96&d=mm&r=g\",\"caption\":\"Redacao VerdadeOn\"},\"url\":\"https:\/\/verdadeon.com.br\/portal\/author\/redacao\/\"}]}<\/script>\n<!-- \/ Yoast SEO plugin. -->","yoast_head_json":{"title":"Equipes intensificam limpeza e manuten\u00e7\u00e3o no C\u00f3rrego dos Bagres\u00a0 - VerdadeOn","robots":{"index":"index","follow":"follow","max-snippet":"max-snippet:-1","max-image-preview":"max-image-preview:large","max-video-preview":"max-video-preview:-1"},"canonical":"https:\/\/verdadeon.com.br\/portal\/2022\/08\/19\/equipes-intensificam-limpeza-e-manutencao-no-corrego-dos-bagres\/","og_locale":"pt_BR","og_type":"article","og_title":"Equipes intensificam limpeza e manuten\u00e7\u00e3o no C\u00f3rrego dos Bagres\u00a0 - VerdadeOn","og_description":"Servi\u00e7os t\u00eam objetivo de fazer reparos par evitar problemas durante a temporada de chuvas &nbsp; &nbsp; A Prefeitura de Franca segue com o trabalho preventivo de [\u2026]","og_url":"https:\/\/verdadeon.com.br\/portal\/2022\/08\/19\/equipes-intensificam-limpeza-e-manutencao-no-corrego-dos-bagres\/","og_site_name":"VerdadeOn","article_published_time":"2022-08-19T21:55:07+00:00","og_image":[{"width":1000,"height":670,"url":"https:\/\/verdadeon.com.br\/portal\/wp-content\/uploads\/2022\/08\/WhatsApp-Image-2022-08-19-at-18.50.24.jpeg","type":"image\/jpeg"}],"author":"Redacao VerdadeOn","twitter_card":"summary_large_image","twitter_misc":{"Escrito por":"Redacao VerdadeOn","Est. tempo de leitura":"2 minutos"},"schema":{"@context":"https:\/\/schema.org","@graph":[{"@type":"WebPage","@id":"https:\/\/verdadeon.com.br\/portal\/2022\/08\/19\/equipes-intensificam-limpeza-e-manutencao-no-corrego-dos-bagres\/","url":"https:\/\/verdadeon.com.br\/portal\/2022\/08\/19\/equipes-intensificam-limpeza-e-manutencao-no-corrego-dos-bagres\/","name":"Equipes intensificam limpeza e manuten\u00e7\u00e3o no C\u00f3rrego dos Bagres\u00a0 - VerdadeOn","isPartOf":{"@id":"https:\/\/verdadeon.com.br\/portal\/#website"},"primaryImageOfPage":{"@id":"https:\/\/verdadeon.com.br\/portal\/2022\/08\/19\/equipes-intensificam-limpeza-e-manutencao-no-corrego-dos-bagres\/#primaryimage"},"image":{"@id":"https:\/\/verdadeon.com.br\/portal\/2022\/08\/19\/equipes-intensificam-limpeza-e-manutencao-no-corrego-dos-bagres\/#primaryimage"},"thumbnailUrl":"https:\/\/i0.wp.com\/verdadeon.com.br\/portal\/wp-content\/uploads\/2022\/08\/WhatsApp-Image-2022-08-19-at-18.50.24.jpeg?fit=1000%2C670&ssl=1","datePublished":"2022-08-19T21:55:07+00:00","author":{"@id":"https:\/\/verdadeon.com.br\/portal\/#\/schema\/person\/a5060ad1e9ea3df545188fc93ce43d2f"},"breadcrumb":{"@id":"https:\/\/verdadeon.com.br\/portal\/2022\/08\/19\/equipes-intensificam-limpeza-e-manutencao-no-corrego-dos-bagres\/#breadcrumb"},"inLanguage":"pt-BR","potentialAction":[{"@type":"ReadAction","target":["https:\/\/verdadeon.com.br\/portal\/2022\/08\/19\/equipes-intensificam-limpeza-e-manutencao-no-corrego-dos-bagres\/"]}]},{"@type":"ImageObject","inLanguage":"pt-BR","@id":"https:\/\/verdadeon.com.br\/portal\/2022\/08\/19\/equipes-intensificam-limpeza-e-manutencao-no-corrego-dos-bagres\/#primaryimage","url":"https:\/\/i0.wp.com\/verdadeon.com.br\/portal\/wp-content\/uploads\/2022\/08\/WhatsApp-Image-2022-08-19-at-18.50.24.jpeg?fit=1000%2C670&ssl=1","contentUrl":"https:\/\/i0.wp.com\/verdadeon.com.br\/portal\/wp-content\/uploads\/2022\/08\/WhatsApp-Image-2022-08-19-at-18.50.24.jpeg?fit=1000%2C670&ssl=1","width":1000,"height":670,"caption":"Equipes seguem com reparos e limpeza nas encostas e canal do C\u00f3rrego dos Bagres, na Avenida H\u00e9lio Palermo, para evitar enchentes na \u00e9poca de chuvas | Fotos: Divulga\u00e7\u00e3o"},{"@type":"BreadcrumbList","@id":"https:\/\/verdadeon.com.br\/portal\/2022\/08\/19\/equipes-intensificam-limpeza-e-manutencao-no-corrego-dos-bagres\/#breadcrumb","itemListElement":[{"@type":"ListItem","position":1,"name":"In\u00edcio","item":"https:\/\/verdadeon.com.br\/portal\/"},{"@type":"ListItem","position":2,"name":"Equipes intensificam limpeza e manuten\u00e7\u00e3o no C\u00f3rrego dos Bagres\u00a0"}]},{"@type":"WebSite","@id":"https:\/\/verdadeon.com.br\/portal\/#website","url":"https:\/\/verdadeon.com.br\/portal\/","name":"VerdadeOn","description":"Not\u00edcias di\u00e1rias sobre Franca, Regi\u00e3o, Esporte, Cultura, Cotidiano, Colunas. Cobertura nos principais eventos da cidade \u00e9 aqui - Verdadeon Franca","potentialAction":[{"@type":"SearchAction","target":{"@type":"EntryPoint","urlTemplate":"https:\/\/verdadeon.com.br\/portal\/?s={search_term_string}"},"query-input":{"@type":"PropertyValueSpecification","valueRequired":true,"valueName":"search_term_string"}}],"inLanguage":"pt-BR"},{"@type":"Person","@id":"https:\/\/verdadeon.com.br\/portal\/#\/schema\/person\/a5060ad1e9ea3df545188fc93ce43d2f","name":"Redacao VerdadeOn","image":{"@type":"ImageObject","inLanguage":"pt-BR","@id":"https:\/\/verdadeon.com.br\/portal\/#\/schema\/person\/image\/","url":"https:\/\/secure.gravatar.com\/avatar\/459a9613caaaf07f582c3d0841eea68bdd66f533e465e6ba8b9cb45619572cf4?s=96&d=mm&r=g","contentUrl":"https:\/\/secure.gravatar.com\/avatar\/459a9613caaaf07f582c3d0841eea68bdd66f533e465e6ba8b9cb45619572cf4?s=96&d=mm&r=g","caption":"Redacao VerdadeOn"},"url":"https:\/\/verdadeon.com.br\/portal\/author\/redacao\/"}]}},"jetpack_publicize_connections":[],"jetpack_featured_media_url":"https:\/\/i0.wp.com\/verdadeon.com.br\/portal\/wp-content\/uploads\/2022\/08\/WhatsApp-Image-2022-08-19-at-18.50.24.jpeg?fit=1000%2C670&ssl=1","jetpack_sharing_enabled":true,"_links":{"self":[{"href":"https:\/\/verdadeon.com.br\/portal\/wp-json\/wp\/v2\/posts\/27354","targetHints":{"allow":["GET"]}}],"collection":[{"href":"https:\/\/verdadeon.com.br\/portal\/wp-json\/wp\/v2\/posts"}],"about":[{"href":"https:\/\/verdadeon.com.br\/portal\/wp-json\/wp\/v2\/types\/post"}],"author":[{"embeddable":true,"href":"https:\/\/verdadeon.com.br\/portal\/wp-json\/wp\/v2\/users\/10"}],"replies":[{"embeddable":true,"href":"https:\/\/verdadeon.com.br\/portal\/wp-json\/wp\/v2\/comments?post=27354"}],"version-history":[{"count":1,"href":"https:\/\/verdadeon.com.br\/portal\/wp-json\/wp\/v2\/posts\/27354\/revisions"}],"predecessor-version":[{"id":27355,"href":"https:\/\/verdadeon.com.br\/portal\/wp-json\/wp\/v2\/posts\/27354\/revisions\/27355"}],"wp:featuredmedia":[{"embeddable":true,"href":"https:\/\/verdadeon.com.br\/portal\/wp-json\/wp\/v2\/media\/27359"}],"wp:attachment":[{"href":"https:\/\/verdadeon.com.br\/portal\/wp-json\/wp\/v2\/media?parent=27354"}],"wp:term":[{"taxonomy":"category","embeddable":true,"href":"https:\/\/verdadeon.com.br\/portal\/wp-json\/wp\/v2\/categories?post=27354"},{"taxonomy":"post_tag","embeddable":true,"href":"https:\/\/verdadeon.com.br\/portal\/wp-json\/wp\/v2\/tags?post=27354"}],"curies":[{"name":"wp","href":"https:\/\/api.w.org\/{rel}","templated":true}]}}