{"id":27343,"date":"2022-08-19T17:06:15","date_gmt":"2022-08-19T20:06:15","guid":{"rendered":"https:\/\/verdadeon.com.br\/portal\/?p=27343"},"modified":"2022-08-19T17:11:49","modified_gmt":"2022-08-19T20:11:49","slug":"selecao-brasileira-fara-amistosos-contra-gana-e-tunisia-em-setembro","status":"publish","type":"post","link":"https:\/\/verdadeon.com.br\/portal\/2022\/08\/19\/selecao-brasileira-fara-amistosos-contra-gana-e-tunisia-em-setembro\/","title":{"rendered":"Sele\u00e7\u00e3o brasileira far\u00e1 amistosos contra Gana e Tun\u00edsia em setembro"},"content":{"rendered":"<h2><span style=\"font-weight: 400;\">Jogos preparat\u00f3rios para Copa do Catar ser\u00e3o nos dias 23 e 27; jogos foram anunciados nesta sexta-feira pela CBF<\/span><\/h2>\n<p>&nbsp;<\/p>\n<p>&nbsp;<\/p>\n<p>&nbsp;<\/p>\n<p><span style=\"font-weight: 400;\">O Brasil far\u00e1 os dois \u00faltimos amistosos antes da Copa do Mundo do Catar contra as sele\u00e7\u00f5es da Tun\u00edsia e Gana, tamb\u00e9m classificadas para o Mundial, nos dias 23 e 27 de setembro. Os jogos preparat\u00f3rios foram anunciados nesta sexta-feira (19) pela CBF. As cidades e os hor\u00e1rios ainda ser\u00e3o definidos.<\/span><\/p>\n<p><span style=\"font-weight: 400;\">O t\u00e9cnico Tite far\u00e1 a convoca\u00e7\u00e3o dos jogadores para os dois pr\u00f3ximos confrontos no dia 9 de setembro. O agendamento dos amistosos contra Tun\u00edsia e Gana se tornou poss\u00edvel ap\u00f3s o <\/span><a href=\"https:\/\/agenciabrasil.ebc.com.br\/esportes\/noticia\/2022-08\/cbf-confirma-cancelamento-de-brasil-x-argentina-pelas-eliminatorias#:~:text=Agora%20%C3%A9%20oficial%3A%20n%C3%A3o%20haver%C3%A1,sanit%C3%A1rias%20relacionadas%20%C3%A0%20covid%2D19.\"><b>cancelamento da reposi\u00e7\u00e3o do duelo Brasil x Argentina,<\/b><\/a><span style=\"font-weight: 400;\"> v\u00e1lido pelas Eliminat\u00f3rias, que ocorreria em 22 de setembro.<\/span><\/p>\n<p><span style=\"font-weight: 400;\">A sele\u00e7\u00e3o de Gana est\u00e1 no Grupo H, junto com Portugal, Uruguai e Coreia do Sul. J\u00e1 a Tun\u00edsia foi sorteada para\u00a0 o Grupo D, que inclui ainda Fran\u00e7a, Dinamarca e Austr\u00e1lia.<\/span><\/p>\n<p><span style=\"font-weight: 400;\">O Brasil estreia na Copa do Catar no dia 24 de novembro contra a S\u00e9rvia, pelo Grupo G (que tem ainda Su\u00ed\u00e7a e Camar\u00f5es).<\/span><\/p>\n<p><span style=\"font-weight: 400;\">Fonte: Ag\u00eancia Brasil<\/span><\/p>\n","protected":false},"excerpt":{"rendered":"<p>Jogos preparat\u00f3rios para Copa do Catar ser\u00e3o nos dias 23 e 27; jogos foram anunciados nesta sexta-feira pela CBF &nbsp; &nbsp; &nbsp; O Brasil far\u00e1 os<span class=\"excerpt-hellip\"> [\u2026]<\/span><\/p>\n","protected":false},"author":10,"featured_media":27344,"comment_status":"open","ping_status":"open","sticky":false,"template":"","format":"standard","meta":{"_jetpack_memberships_contains_paid_content":false,"footnotes":"","jetpack_publicize_message":"","jetpack_publicize_feature_enabled":true,"jetpack_social_post_already_shared":false,"jetpack_social_options":{"image_generator_settings":{"template":"highway","default_image_id":0,"enabled":false},"version":2}},"categories":[28,44],"tags":[],"class_list":["post-27343","post","type-post","status-publish","format-standard","has-post-thumbnail","hentry","category-cotidiano","category-noticias"],"yoast_head":"<!-- This site is optimized with the Yoast SEO plugin v25.6 - https:\/\/yoast.com\/wordpress\/plugins\/seo\/ -->\n<title>Sele\u00e7\u00e3o brasileira far\u00e1 amistosos contra Gana e Tun\u00edsia em setembro - VerdadeOn<\/title>\n<meta name=\"robots\" content=\"index, follow, max-snippet:-1, max-image-preview:large, max-video-preview:-1\" \/>\n<link rel=\"canonical\" href=\"https:\/\/verdadeon.com.br\/portal\/2022\/08\/19\/selecao-brasileira-fara-amistosos-contra-gana-e-tunisia-em-setembro\/\" \/>\n<meta property=\"og:locale\" content=\"pt_BR\" \/>\n<meta property=\"og:type\" content=\"article\" \/>\n<meta property=\"og:title\" content=\"Sele\u00e7\u00e3o brasileira far\u00e1 amistosos contra Gana e Tun\u00edsia em setembro - VerdadeOn\" \/>\n<meta property=\"og:description\" content=\"Jogos preparat\u00f3rios para Copa do Catar ser\u00e3o nos dias 23 e 27; jogos foram anunciados nesta sexta-feira pela CBF &nbsp; &nbsp; &nbsp; O Brasil far\u00e1 os [\u2026]\" \/>\n<meta property=\"og:url\" content=\"https:\/\/verdadeon.com.br\/portal\/2022\/08\/19\/selecao-brasileira-fara-amistosos-contra-gana-e-tunisia-em-setembro\/\" \/>\n<meta property=\"og:site_name\" content=\"VerdadeOn\" \/>\n<meta property=\"article:published_time\" content=\"2022-08-19T20:06:15+00:00\" \/>\n<meta property=\"article:modified_time\" content=\"2022-08-19T20:11:49+00:00\" \/>\n<meta property=\"og:image\" content=\"https:\/\/verdadeon.com.br\/portal\/wp-content\/uploads\/2022\/08\/selecao_brasileira_2022_pre_mundial-e1660939281604.jpg\" \/>\n\t<meta property=\"og:image:width\" content=\"1000\" \/>\n\t<meta property=\"og:image:height\" content=\"669\" \/>\n\t<meta property=\"og:image:type\" content=\"image\/jpeg\" \/>\n<meta name=\"author\" content=\"Redacao VerdadeOn\" \/>\n<meta name=\"twitter:card\" content=\"summary_large_image\" \/>\n<meta name=\"twitter:label1\" content=\"Escrito por\" \/>\n\t<meta name=\"twitter:data1\" content=\"Redacao VerdadeOn\" \/>\n\t<meta name=\"twitter:label2\" content=\"Est. tempo de leitura\" \/>\n\t<meta name=\"twitter:data2\" content=\"1 minuto\" \/>\n<script type=\"application\/ld+json\" class=\"yoast-schema-graph\">{\"@context\":\"https:\/\/schema.org\",\"@graph\":[{\"@type\":\"WebPage\",\"@id\":\"https:\/\/verdadeon.com.br\/portal\/2022\/08\/19\/selecao-brasileira-fara-amistosos-contra-gana-e-tunisia-em-setembro\/\",\"url\":\"https:\/\/verdadeon.com.br\/portal\/2022\/08\/19\/selecao-brasileira-fara-amistosos-contra-gana-e-tunisia-em-setembro\/\",\"name\":\"Sele\u00e7\u00e3o brasileira far\u00e1 amistosos contra Gana e Tun\u00edsia em setembro - VerdadeOn\",\"isPartOf\":{\"@id\":\"https:\/\/verdadeon.com.br\/portal\/#website\"},\"primaryImageOfPage\":{\"@id\":\"https:\/\/verdadeon.com.br\/portal\/2022\/08\/19\/selecao-brasileira-fara-amistosos-contra-gana-e-tunisia-em-setembro\/#primaryimage\"},\"image\":{\"@id\":\"https:\/\/verdadeon.com.br\/portal\/2022\/08\/19\/selecao-brasileira-fara-amistosos-contra-gana-e-tunisia-em-setembro\/#primaryimage\"},\"thumbnailUrl\":\"https:\/\/i0.wp.com\/verdadeon.com.br\/portal\/wp-content\/uploads\/2022\/08\/selecao_brasileira_2022_pre_mundial-e1660939281604.jpg?fit=1000%2C669&ssl=1\",\"datePublished\":\"2022-08-19T20:06:15+00:00\",\"dateModified\":\"2022-08-19T20:11:49+00:00\",\"author\":{\"@id\":\"https:\/\/verdadeon.com.br\/portal\/#\/schema\/person\/a5060ad1e9ea3df545188fc93ce43d2f\"},\"breadcrumb\":{\"@id\":\"https:\/\/verdadeon.com.br\/portal\/2022\/08\/19\/selecao-brasileira-fara-amistosos-contra-gana-e-tunisia-em-setembro\/#breadcrumb\"},\"inLanguage\":\"pt-BR\",\"potentialAction\":[{\"@type\":\"ReadAction\",\"target\":[\"https:\/\/verdadeon.com.br\/portal\/2022\/08\/19\/selecao-brasileira-fara-amistosos-contra-gana-e-tunisia-em-setembro\/\"]}]},{\"@type\":\"ImageObject\",\"inLanguage\":\"pt-BR\",\"@id\":\"https:\/\/verdadeon.com.br\/portal\/2022\/08\/19\/selecao-brasileira-fara-amistosos-contra-gana-e-tunisia-em-setembro\/#primaryimage\",\"url\":\"https:\/\/i0.wp.com\/verdadeon.com.br\/portal\/wp-content\/uploads\/2022\/08\/selecao_brasileira_2022_pre_mundial-e1660939281604.jpg?fit=1000%2C669&ssl=1\",\"contentUrl\":\"https:\/\/i0.wp.com\/verdadeon.com.br\/portal\/wp-content\/uploads\/2022\/08\/selecao_brasileira_2022_pre_mundial-e1660939281604.jpg?fit=1000%2C669&ssl=1\",\"width\":1000,\"height\":669,\"caption\":\"O t\u00e9cnico Tite far\u00e1 a convoca\u00e7\u00e3o dos jogadores da Sele\u00e7\u00e3o para os dois pr\u00f3ximos confrontos no dia 9 de setembro | Foto: Ag\u00eancia Brasil\"},{\"@type\":\"BreadcrumbList\",\"@id\":\"https:\/\/verdadeon.com.br\/portal\/2022\/08\/19\/selecao-brasileira-fara-amistosos-contra-gana-e-tunisia-em-setembro\/#breadcrumb\",\"itemListElement\":[{\"@type\":\"ListItem\",\"position\":1,\"name\":\"In\u00edcio\",\"item\":\"https:\/\/verdadeon.com.br\/portal\/\"},{\"@type\":\"ListItem\",\"position\":2,\"name\":\"Sele\u00e7\u00e3o brasileira far\u00e1 amistosos contra Gana e Tun\u00edsia em setembro\"}]},{\"@type\":\"WebSite\",\"@id\":\"https:\/\/verdadeon.com.br\/portal\/#website\",\"url\":\"https:\/\/verdadeon.com.br\/portal\/\",\"name\":\"VerdadeOn\",\"description\":\"Not\u00edcias di\u00e1rias sobre Franca, Regi\u00e3o, Esporte, Cultura, Cotidiano, Colunas. Cobertura nos principais eventos da cidade \u00e9 aqui - Verdadeon Franca\",\"potentialAction\":[{\"@type\":\"SearchAction\",\"target\":{\"@type\":\"EntryPoint\",\"urlTemplate\":\"https:\/\/verdadeon.com.br\/portal\/?s={search_term_string}\"},\"query-input\":{\"@type\":\"PropertyValueSpecification\",\"valueRequired\":true,\"valueName\":\"search_term_string\"}}],\"inLanguage\":\"pt-BR\"},{\"@type\":\"Person\",\"@id\":\"https:\/\/verdadeon.com.br\/portal\/#\/schema\/person\/a5060ad1e9ea3df545188fc93ce43d2f\",\"name\":\"Redacao VerdadeOn\",\"image\":{\"@type\":\"ImageObject\",\"inLanguage\":\"pt-BR\",\"@id\":\"https:\/\/verdadeon.com.br\/portal\/#\/schema\/person\/image\/\",\"url\":\"https:\/\/secure.gravatar.com\/avatar\/459a9613caaaf07f582c3d0841eea68bdd66f533e465e6ba8b9cb45619572cf4?s=96&d=mm&r=g\",\"contentUrl\":\"https:\/\/secure.gravatar.com\/avatar\/459a9613caaaf07f582c3d0841eea68bdd66f533e465e6ba8b9cb45619572cf4?s=96&d=mm&r=g\",\"caption\":\"Redacao VerdadeOn\"},\"url\":\"https:\/\/verdadeon.com.br\/portal\/author\/redacao\/\"}]}<\/script>\n<!-- \/ Yoast SEO plugin. -->","yoast_head_json":{"title":"Sele\u00e7\u00e3o brasileira far\u00e1 amistosos contra Gana e Tun\u00edsia em setembro - VerdadeOn","robots":{"index":"index","follow":"follow","max-snippet":"max-snippet:-1","max-image-preview":"max-image-preview:large","max-video-preview":"max-video-preview:-1"},"canonical":"https:\/\/verdadeon.com.br\/portal\/2022\/08\/19\/selecao-brasileira-fara-amistosos-contra-gana-e-tunisia-em-setembro\/","og_locale":"pt_BR","og_type":"article","og_title":"Sele\u00e7\u00e3o brasileira far\u00e1 amistosos contra Gana e Tun\u00edsia em setembro - VerdadeOn","og_description":"Jogos preparat\u00f3rios para Copa do Catar ser\u00e3o nos dias 23 e 27; jogos foram anunciados nesta sexta-feira pela CBF &nbsp; &nbsp; &nbsp; O Brasil far\u00e1 os [\u2026]","og_url":"https:\/\/verdadeon.com.br\/portal\/2022\/08\/19\/selecao-brasileira-fara-amistosos-contra-gana-e-tunisia-em-setembro\/","og_site_name":"VerdadeOn","article_published_time":"2022-08-19T20:06:15+00:00","article_modified_time":"2022-08-19T20:11:49+00:00","og_image":[{"width":1000,"height":669,"url":"https:\/\/verdadeon.com.br\/portal\/wp-content\/uploads\/2022\/08\/selecao_brasileira_2022_pre_mundial-e1660939281604.jpg","type":"image\/jpeg"}],"author":"Redacao VerdadeOn","twitter_card":"summary_large_image","twitter_misc":{"Escrito por":"Redacao VerdadeOn","Est. tempo de leitura":"1 minuto"},"schema":{"@context":"https:\/\/schema.org","@graph":[{"@type":"WebPage","@id":"https:\/\/verdadeon.com.br\/portal\/2022\/08\/19\/selecao-brasileira-fara-amistosos-contra-gana-e-tunisia-em-setembro\/","url":"https:\/\/verdadeon.com.br\/portal\/2022\/08\/19\/selecao-brasileira-fara-amistosos-contra-gana-e-tunisia-em-setembro\/","name":"Sele\u00e7\u00e3o brasileira far\u00e1 amistosos contra Gana e Tun\u00edsia em setembro - VerdadeOn","isPartOf":{"@id":"https:\/\/verdadeon.com.br\/portal\/#website"},"primaryImageOfPage":{"@id":"https:\/\/verdadeon.com.br\/portal\/2022\/08\/19\/selecao-brasileira-fara-amistosos-contra-gana-e-tunisia-em-setembro\/#primaryimage"},"image":{"@id":"https:\/\/verdadeon.com.br\/portal\/2022\/08\/19\/selecao-brasileira-fara-amistosos-contra-gana-e-tunisia-em-setembro\/#primaryimage"},"thumbnailUrl":"https:\/\/i0.wp.com\/verdadeon.com.br\/portal\/wp-content\/uploads\/2022\/08\/selecao_brasileira_2022_pre_mundial-e1660939281604.jpg?fit=1000%2C669&ssl=1","datePublished":"2022-08-19T20:06:15+00:00","dateModified":"2022-08-19T20:11:49+00:00","author":{"@id":"https:\/\/verdadeon.com.br\/portal\/#\/schema\/person\/a5060ad1e9ea3df545188fc93ce43d2f"},"breadcrumb":{"@id":"https:\/\/verdadeon.com.br\/portal\/2022\/08\/19\/selecao-brasileira-fara-amistosos-contra-gana-e-tunisia-em-setembro\/#breadcrumb"},"inLanguage":"pt-BR","potentialAction":[{"@type":"ReadAction","target":["https:\/\/verdadeon.com.br\/portal\/2022\/08\/19\/selecao-brasileira-fara-amistosos-contra-gana-e-tunisia-em-setembro\/"]}]},{"@type":"ImageObject","inLanguage":"pt-BR","@id":"https:\/\/verdadeon.com.br\/portal\/2022\/08\/19\/selecao-brasileira-fara-amistosos-contra-gana-e-tunisia-em-setembro\/#primaryimage","url":"https:\/\/i0.wp.com\/verdadeon.com.br\/portal\/wp-content\/uploads\/2022\/08\/selecao_brasileira_2022_pre_mundial-e1660939281604.jpg?fit=1000%2C669&ssl=1","contentUrl":"https:\/\/i0.wp.com\/verdadeon.com.br\/portal\/wp-content\/uploads\/2022\/08\/selecao_brasileira_2022_pre_mundial-e1660939281604.jpg?fit=1000%2C669&ssl=1","width":1000,"height":669,"caption":"O t\u00e9cnico Tite far\u00e1 a convoca\u00e7\u00e3o dos jogadores da Sele\u00e7\u00e3o para os dois pr\u00f3ximos confrontos no dia 9 de setembro | Foto: Ag\u00eancia Brasil"},{"@type":"BreadcrumbList","@id":"https:\/\/verdadeon.com.br\/portal\/2022\/08\/19\/selecao-brasileira-fara-amistosos-contra-gana-e-tunisia-em-setembro\/#breadcrumb","itemListElement":[{"@type":"ListItem","position":1,"name":"In\u00edcio","item":"https:\/\/verdadeon.com.br\/portal\/"},{"@type":"ListItem","position":2,"name":"Sele\u00e7\u00e3o brasileira far\u00e1 amistosos contra Gana e Tun\u00edsia em setembro"}]},{"@type":"WebSite","@id":"https:\/\/verdadeon.com.br\/portal\/#website","url":"https:\/\/verdadeon.com.br\/portal\/","name":"VerdadeOn","description":"Not\u00edcias di\u00e1rias sobre Franca, Regi\u00e3o, Esporte, Cultura, Cotidiano, Colunas. Cobertura nos principais eventos da cidade \u00e9 aqui - Verdadeon Franca","potentialAction":[{"@type":"SearchAction","target":{"@type":"EntryPoint","urlTemplate":"https:\/\/verdadeon.com.br\/portal\/?s={search_term_string}"},"query-input":{"@type":"PropertyValueSpecification","valueRequired":true,"valueName":"search_term_string"}}],"inLanguage":"pt-BR"},{"@type":"Person","@id":"https:\/\/verdadeon.com.br\/portal\/#\/schema\/person\/a5060ad1e9ea3df545188fc93ce43d2f","name":"Redacao VerdadeOn","image":{"@type":"ImageObject","inLanguage":"pt-BR","@id":"https:\/\/verdadeon.com.br\/portal\/#\/schema\/person\/image\/","url":"https:\/\/secure.gravatar.com\/avatar\/459a9613caaaf07f582c3d0841eea68bdd66f533e465e6ba8b9cb45619572cf4?s=96&d=mm&r=g","contentUrl":"https:\/\/secure.gravatar.com\/avatar\/459a9613caaaf07f582c3d0841eea68bdd66f533e465e6ba8b9cb45619572cf4?s=96&d=mm&r=g","caption":"Redacao VerdadeOn"},"url":"https:\/\/verdadeon.com.br\/portal\/author\/redacao\/"}]}},"jetpack_publicize_connections":[],"jetpack_featured_media_url":"https:\/\/i0.wp.com\/verdadeon.com.br\/portal\/wp-content\/uploads\/2022\/08\/selecao_brasileira_2022_pre_mundial-e1660939281604.jpg?fit=1000%2C669&ssl=1","jetpack_sharing_enabled":true,"_links":{"self":[{"href":"https:\/\/verdadeon.com.br\/portal\/wp-json\/wp\/v2\/posts\/27343","targetHints":{"allow":["GET"]}}],"collection":[{"href":"https:\/\/verdadeon.com.br\/portal\/wp-json\/wp\/v2\/posts"}],"about":[{"href":"https:\/\/verdadeon.com.br\/portal\/wp-json\/wp\/v2\/types\/post"}],"author":[{"embeddable":true,"href":"https:\/\/verdadeon.com.br\/portal\/wp-json\/wp\/v2\/users\/10"}],"replies":[{"embeddable":true,"href":"https:\/\/verdadeon.com.br\/portal\/wp-json\/wp\/v2\/comments?post=27343"}],"version-history":[{"count":1,"href":"https:\/\/verdadeon.com.br\/portal\/wp-json\/wp\/v2\/posts\/27343\/revisions"}],"predecessor-version":[{"id":27345,"href":"https:\/\/verdadeon.com.br\/portal\/wp-json\/wp\/v2\/posts\/27343\/revisions\/27345"}],"wp:featuredmedia":[{"embeddable":true,"href":"https:\/\/verdadeon.com.br\/portal\/wp-json\/wp\/v2\/media\/27344"}],"wp:attachment":[{"href":"https:\/\/verdadeon.com.br\/portal\/wp-json\/wp\/v2\/media?parent=27343"}],"wp:term":[{"taxonomy":"category","embeddable":true,"href":"https:\/\/verdadeon.com.br\/portal\/wp-json\/wp\/v2\/categories?post=27343"},{"taxonomy":"post_tag","embeddable":true,"href":"https:\/\/verdadeon.com.br\/portal\/wp-json\/wp\/v2\/tags?post=27343"}],"curies":[{"name":"wp","href":"https:\/\/api.w.org\/{rel}","templated":true}]}}